{"id":3619,"date":"2020-06-08T09:27:11","date_gmt":"2020-06-08T07:27:11","guid":{"rendered":"http:\/\/cepronda.com\/blog\/?p=3619"},"modified":"2020-06-08T09:27:13","modified_gmt":"2020-06-08T07:27:13","slug":"admision-cursos-cuatrimestrales-de-perfeccionamiento-del-idioma-ingles-niveles-b1-y-b2-en-la-escuela-oficial-de-idiomas","status":"publish","type":"post","link":"https:\/\/cepronda.com\/blog\/admision-cursos-cuatrimestrales-de-perfeccionamiento-del-idioma-ingles-niveles-b1-y-b2-en-la-escuela-oficial-de-idiomas\/","title":{"rendered":"Admisi\u00f3n cursos cuatrimestrales de perfeccionamiento del idioma ingl\u00e9s niveles B1 y B2 en la Escuela Oficial de Idiomas"},"content":{"rendered":"\n<p class=\"wp-block-paragraph\">Del d\u00eda&nbsp;<strong>8 al 18 de junio<\/strong>, ambos inclusive, estar\u00e1 abierto el plazo de solicitud de admisi\u00f3n para los cursos de perfeccionamiento de B1 y B2. Ante la situaci\u00f3n creada por el covid-19 y seg\u00fan el decreto ley 12\/2020, de 11 de mayo, por el que se establecen medidas administrativas en el \u00e1mbito educativo y otras medidas complementarias, se potenciar\u00e1 la tramitaci\u00f3n telem\u00e1tica de las preinscripciones. As\u00ed pues, el centro permanecer\u00e1 abierto en los siguientes d\u00edas y horarios:<\/p>\n\n\n\n<ul class=\"wp-block-list\"><li><strong>martes y jueves:<\/strong>&nbsp;de 9:30 a 13:30h<\/li><li><strong>mi\u00e9rcoles:&nbsp;<\/strong>de 16:30 a 20:30h<\/li><\/ul>\n\n\n\n<p class=\"wp-block-paragraph\">Los lunes y viernes las preinscripciones se gestionar\u00e1n telem\u00e1ticamente, bien a trav\u00e9s de la plataforma virtual habilitada por la Junta de Andaluc\u00eda (<a href=\"https:\/\/www.juntadeandalucia.es\/educacion\/secretariavirtual\/solicitudes\/\" target=\"_blank\" rel=\"noreferrer noopener\">https:\/\/www.juntadeandalucia.es\/educacion\/secretariavirtual\/solicitudes\/<\/a>), bien a trav\u00e9s del correo de la escuela (29700667.edu@juntadeandalucia.es). Para ello, el centro estar\u00e1 disponible en el n\u00famero 671536270, en el siguiente horario:<\/p>\n\n\n\n<ul class=\"wp-block-list\"><li><strong>lunes y mi\u00e9rcoles:<\/strong>&nbsp;de 16:30 a 20:30h<\/li><li><strong>martes, jueves y viernes:<\/strong>&nbsp;de 9:30 a 13:30h<\/li><\/ul>\n\n\n\n<p class=\"wp-block-paragraph\">Aquellos solicitantes que opten por la formalizaci\u00f3n presencial de las preinscripciones, deber\u00e1n coger cita previa llamando al tel\u00e9fono indicado anteriormente.\u00a0<strong>NO SE ATENDER\u00c1 A NADIE SIN CITA PREVIA.<\/strong><\/p>\n\n\n\n<div class=\"wp-block-image\"><figure class=\"aligncenter size-large\"><a href=\"http:\/\/escueladeidiomasronda.com\/secretaria\/admision-cursos-cuatrimestrales-perfeccionamiento\/\" target=\"_blank\" rel=\"noopener noreferrer\"><img data-recalc-dims=\"1\" loading=\"lazy\" decoding=\"async\" width=\"300\" height=\"424\" src=\"https:\/\/i0.wp.com\/cepronda.com\/blog\/wp-content\/uploads\/2020\/06\/CURSOS-PERFECCIONAMIENTO.gif?resize=300%2C424\" alt=\"\" class=\"wp-image-3620\"\/><\/a><\/figure><\/div>\n","protected":false},"excerpt":{"rendered":"<p>Del d\u00eda&nbsp;8 al 18 de junio, ambos inclusive, estar\u00e1 abierto el plazo de solicitud de admisi\u00f3n para los cursos de perfeccionamiento de B1 y B2. Ante la situaci\u00f3n creada por el covid-19 y seg\u00fan el decreto ley 12\/2020, de 11 de mayo, por el que se establecen medidas administrativas en el \u00e1mbito educativo y otras [&hellip;]<\/p>\n","protected":false},"author":3,"featured_media":3620,"comment_status":"open","ping_status":"open","sticky":false,"template":"","format":"standard","meta":{"_crdt_document":"","advanced_seo_description":"","jetpack_seo_html_title":"","jetpack_seo_noindex":false,"jetpack_post_was_ever_published":false,"_jetpack_newsletter_access":"","_jetpack_dont_email_post_to_subs":false,"_jetpack_newsletter_tier_id":0,"_jetpack_memberships_contains_paywalled_content":false,"_jetpack_memberships_contains_paid_content":false,"footnotes":"","jetpack_publicize_message":"Admisi\u00f3n cursos cuatrimestrales de perfeccionamiento del idioma ingl\u00e9s niveles B1 y B2 en la Escuela Oficial de Idiomas de Ronda @EoiRonda","jetpack_publicize_feature_enabled":true,"jetpack_social_post_already_shared":true,"jetpack_social_options":{"image_generator_settings":{"template":"highway","default_image_id":0,"font":"","enabled":false},"version":2}},"categories":[5],"tags":[73],"class_list":{"0":"post-3619","1":"post","2":"type-post","3":"status-publish","4":"format-standard","5":"has-post-thumbnail","7":"category-noticias","8":"tag-idiomas","9":"czr-hentry"},"jetpack_publicize_connections":[],"jetpack_featured_media_url":"https:\/\/i0.wp.com\/cepronda.com\/blog\/wp-content\/uploads\/2020\/06\/CURSOS-PERFECCIONAMIENTO.gif?fit=300%2C424&ssl=1","jetpack_shortlink":"https:\/\/wp.me\/p8M4X7-Wn","jetpack-related-posts":[{"id":5683,"url":"https:\/\/cepronda.com\/blog\/cursos-de-competencia-digital-docente-niveles-a2-b1-y-b2\/","url_meta":{"origin":3619,"position":0},"title":"CURSOS DE COMPETENCIA DIGITAL DOCENTE. NIVELES A2, B1 Y B2.","author":"Inmaculada Garc\u00eda","date":"10 enero, 2023","format":false,"excerpt":"Est\u00e1 abierto el plazo para los siguientes cursos de Competencia Digital Docente: \u00a0 - COMPETENCIA DIGITAL DOCENTE NIVEL A2 (50 horas). Inscripciones: https:\/\/www.juntadeandalucia.es\/...\/actividad\/239923KPF426\/ \u00a0 - COMPETENCIA DIGITAL DOCENTE NIVEL B1 (60 horas). Inscripciones: https:\/\/www.juntadeandalucia.es\/...\/actividad\/239922KPF432\/ \u00a0 - COMPETENCIA DIGITAL DOCENTE NIVEL B2 (80 horas). Inscripciones: https:\/\/www.juntadeandalucia.es\/...\/actividad\/239926KPF429\/ \u00a0 Fecha actividad: 27\/01\/2023 hasta\u2026","rel":"","context":"En \u00abFormaciones\u00bb","block_context":{"text":"Formaciones","link":"https:\/\/cepronda.com\/blog\/category\/formaciones\/"},"img":{"alt_text":"","src":"https:\/\/i0.wp.com\/cepronda.com\/blog\/wp-content\/uploads\/2023\/01\/322102607_691638952677560_6394053168575758545_n.jpg?fit=960%2C540&ssl=1&resize=350%2C200","width":350,"height":200,"srcset":"https:\/\/i0.wp.com\/cepronda.com\/blog\/wp-content\/uploads\/2023\/01\/322102607_691638952677560_6394053168575758545_n.jpg?fit=960%2C540&ssl=1&resize=350%2C200 1x, https:\/\/i0.wp.com\/cepronda.com\/blog\/wp-content\/uploads\/2023\/01\/322102607_691638952677560_6394053168575758545_n.jpg?fit=960%2C540&ssl=1&resize=525%2C300 1.5x, https:\/\/i0.wp.com\/cepronda.com\/blog\/wp-content\/uploads\/2023\/01\/322102607_691638952677560_6394053168575758545_n.jpg?fit=960%2C540&ssl=1&resize=700%2C400 2x"},"classes":[]},{"id":2879,"url":"https:\/\/cepronda.com\/blog\/cursos-en-abierto-en-el-aula-virtual-del-profesorado\/","url_meta":{"origin":3619,"position":1},"title":"Cursos en abierto en el Aula Virtual del Profesorado","author":"V\u00edctor Caballero","date":"18 junio, 2019","format":false,"excerpt":"Muy buenas familia, Os comentamos que se ha actualizado el cat\u00e1logo de cursos en abierto del Aula Virtual de Formaci\u00f3n del Profesorado. Para acceder a ellos no es necesario registrarse ni identificarse con el usuario habitual.\u00a0 Puedes ver todo el cat\u00e1logo de cursos en el siguiente enlace.","rel":"","context":"En \u00abNoticias\u00bb","block_context":{"text":"Noticias","link":"https:\/\/cepronda.com\/blog\/category\/noticias\/"},"img":{"alt_text":"","src":"https:\/\/i0.wp.com\/cepronda.com\/blog\/wp-content\/uploads\/2016\/09\/AVFP.jpg?resize=350%2C200","width":350,"height":200},"classes":[]},{"id":7932,"url":"https:\/\/cepronda.com\/blog\/actividad-regional-proceso-de-admision-ensenanzas-de-regimen-general-andalucia-oriental-y-occidental\/","url_meta":{"origin":3619,"position":2},"title":"ACTIVIDAD REGIONAL: PROCESO DE ADMISI\u00d3N ENSE\u00d1ANZAS DE R\u00c9GIMEN GENERAL (ANDALUC\u00cdA ORIENTAL y OCCIDENTAL)","author":"Mamen Moreno","date":"13 diciembre, 2024","format":false,"excerpt":"Abierto el plazo de solicitudes para la\u00a0 ACTIVIDAD REGIONAL:\u00a0 PROCESO DE ADMISI\u00d3N ENSE\u00d1ANZAS DE R\u00c9GIMEN GENERAL (ANDALUC\u00cdA ORIENTAL y OCCIDENTAL) DIRIGIDO A: Destinado a equipos directivos, as\u00ed como aquel personal docente encargado de la gesti\u00f3n del proceso de admisi\u00f3n desde el 2\u00ba ciclo de E. Infantil a Bachillerato y Educaci\u00f3n\u2026","rel":"","context":"En \u00abFormaciones\u00bb","block_context":{"text":"Formaciones","link":"https:\/\/cepronda.com\/blog\/category\/formaciones\/"},"img":{"alt_text":"","src":"https:\/\/i0.wp.com\/cepronda.com\/blog\/wp-content\/uploads\/2024\/12\/PROCESO-DE-ADMISION-ENSENANZAS-DE-REGIMEN-GENERAL-Andalucia-GENERAL-1.jpg?fit=1200%2C675&ssl=1&resize=350%2C200","width":350,"height":200,"srcset":"https:\/\/i0.wp.com\/cepronda.com\/blog\/wp-content\/uploads\/2024\/12\/PROCESO-DE-ADMISION-ENSENANZAS-DE-REGIMEN-GENERAL-Andalucia-GENERAL-1.jpg?fit=1200%2C675&ssl=1&resize=350%2C200 1x, https:\/\/i0.wp.com\/cepronda.com\/blog\/wp-content\/uploads\/2024\/12\/PROCESO-DE-ADMISION-ENSENANZAS-DE-REGIMEN-GENERAL-Andalucia-GENERAL-1.jpg?fit=1200%2C675&ssl=1&resize=525%2C300 1.5x, https:\/\/i0.wp.com\/cepronda.com\/blog\/wp-content\/uploads\/2024\/12\/PROCESO-DE-ADMISION-ENSENANZAS-DE-REGIMEN-GENERAL-Andalucia-GENERAL-1.jpg?fit=1200%2C675&ssl=1&resize=700%2C400 2x, https:\/\/i0.wp.com\/cepronda.com\/blog\/wp-content\/uploads\/2024\/12\/PROCESO-DE-ADMISION-ENSENANZAS-DE-REGIMEN-GENERAL-Andalucia-GENERAL-1.jpg?fit=1200%2C675&ssl=1&resize=1050%2C600 3x"},"classes":[]},{"id":8050,"url":"https:\/\/cepronda.com\/blog\/neurocoaching-en-la-ensenanza-de-idiomas-con-codigo-252922ge100\/","url_meta":{"origin":3619,"position":3},"title":"NEUROCOACHING EN LA ENSE\u00d1ANZA DE IDIOMAS, con c\u00f3digo 252922GE100.","author":"Inmaculada Garc\u00eda","date":"20 enero, 2025","format":false,"excerpt":"Se encuentra abierto el plazo de inscripci\u00f3n al curso provincial: NEUROCOACHING EN LA ENSE\u00d1ANZA DE IDIOMAS (252922GE100). Duraci\u00f3n:15 HORAS presenciales. Fechas de inscripci\u00f3n 17\/1\/25 al 17\/2\/25. FECHAS SESIONES (Horario de ma\u00f1ana de 9:30h a 13:30h): 6,13,20 y 27 de MARZO. LUGAR: AULA 7 CEP M\u00c1LAGA. MODALIDAD: PRESENCIAL. \u00c1MBITO: provincial M\u00e1s\u2026","rel":"","context":"En \u00abFormaciones\u00bb","block_context":{"text":"Formaciones","link":"https:\/\/cepronda.com\/blog\/category\/formaciones\/"},"img":{"alt_text":"","src":"https:\/\/i0.wp.com\/cepronda.com\/blog\/wp-content\/uploads\/2025\/01\/WhatsApp-Image-2025-01-20-at-09.44.12.jpeg?fit=940%2C788&ssl=1&resize=350%2C200","width":350,"height":200,"srcset":"https:\/\/i0.wp.com\/cepronda.com\/blog\/wp-content\/uploads\/2025\/01\/WhatsApp-Image-2025-01-20-at-09.44.12.jpeg?fit=940%2C788&ssl=1&resize=350%2C200 1x, https:\/\/i0.wp.com\/cepronda.com\/blog\/wp-content\/uploads\/2025\/01\/WhatsApp-Image-2025-01-20-at-09.44.12.jpeg?fit=940%2C788&ssl=1&resize=525%2C300 1.5x, https:\/\/i0.wp.com\/cepronda.com\/blog\/wp-content\/uploads\/2025\/01\/WhatsApp-Image-2025-01-20-at-09.44.12.jpeg?fit=940%2C788&ssl=1&resize=700%2C400 2x"},"classes":[]},{"id":7350,"url":"https:\/\/cepronda.com\/blog\/formaciones-en-competencia-digital-docente-niveles-a2-0-a-6-anos-b1-y-b2\/","url_meta":{"origin":3619,"position":4},"title":"FORMACIONES EN COMPETENCIA DIGITAL DOCENTE. NIVELES A2 (0 a 6 a\u00f1os), B1 Y B2.","author":"Inmaculada Garc\u00eda","date":"17 enero, 2024","format":false,"excerpt":"Est\u00e1 abierto el plazo de inscripci\u00f3n en los siguientes cursos de Competencia Digital Docente: Nivel A2 de Competencia Digital Docente para Educaci\u00f3n infantil de 0 a 6 a\u00f1os. (50 horas). C\u00f3digo: 242924KPF448\u00a0\u00a0 \u00a0 \u00a0 \u00a0 \u00a0 \u00a0 \u00a0 \u00a0Fecha actividad: 04\/03\/2024 hasta 06\/05\/2024 Fecha inscripci\u00f3n: 15\/01\/2024 hasta 15\/02\/2024. Nivel B1\u2026","rel":"","context":"En \u00abFormaciones\u00bb","block_context":{"text":"Formaciones","link":"https:\/\/cepronda.com\/blog\/category\/formaciones\/"},"img":{"alt_text":"","src":"https:\/\/i0.wp.com\/cepronda.com\/blog\/wp-content\/uploads\/2024\/01\/Cartel-CDD.jpg?fit=1200%2C1200&ssl=1&resize=350%2C200","width":350,"height":200,"srcset":"https:\/\/i0.wp.com\/cepronda.com\/blog\/wp-content\/uploads\/2024\/01\/Cartel-CDD.jpg?fit=1200%2C1200&ssl=1&resize=350%2C200 1x, https:\/\/i0.wp.com\/cepronda.com\/blog\/wp-content\/uploads\/2024\/01\/Cartel-CDD.jpg?fit=1200%2C1200&ssl=1&resize=525%2C300 1.5x, https:\/\/i0.wp.com\/cepronda.com\/blog\/wp-content\/uploads\/2024\/01\/Cartel-CDD.jpg?fit=1200%2C1200&ssl=1&resize=700%2C400 2x, https:\/\/i0.wp.com\/cepronda.com\/blog\/wp-content\/uploads\/2024\/01\/Cartel-CDD.jpg?fit=1200%2C1200&ssl=1&resize=1050%2C600 3x"},"classes":[]},{"id":9346,"url":"https:\/\/cepronda.com\/blog\/mejora-tu-competencia-digital-docente-convocatoria-marzo-2026\/","url_meta":{"origin":3619,"position":5},"title":"MEJORA TU COMPETENCIA DIGITAL DOCENTE. Convocatoria Marzo 2026.","author":"Inmaculada Garc\u00eda","date":"9 febrero, 2026","format":false,"excerpt":"Os informamos que se encuentra abierto el plazo de inscripci\u00f3n en los cursos para la mejora de la Competencia Digital Docente. COMPETENCIA\u00a0DIGITAL\u00a0DOCENTE\u00a0NIVEL A2, 50 horas, con c\u00f3digo 269923KPF426. COMPETENCIA\u00a0DIGITAL\u00a0DOCENTE\u00a0NIVEL B1, 60 horas, con c\u00f3digo 269925KPF432. COMPETENCIA\u00a0DIGITAL\u00a0DOCENTE\u00a0NIVEL B2, 70 horas, con c\u00f3digo 262924KPF429. \u00a0 \u00a0 \u00a0 \u00a0 Plazo de Inscripci\u00f3n del\u2026","rel":"","context":"En \u00abFormaciones\u00bb","block_context":{"text":"Formaciones","link":"https:\/\/cepronda.com\/blog\/category\/formaciones\/"},"img":{"alt_text":"","src":"https:\/\/i0.wp.com\/cepronda.com\/blog\/wp-content\/uploads\/2026\/02\/Copia-de-Copia-de-CEP-MOTOR-INTERNACIONALIZACION-PRIMEROS-PASOS.pptx.jpg?fit=960%2C1200&ssl=1&resize=350%2C200","width":350,"height":200,"srcset":"https:\/\/i0.wp.com\/cepronda.com\/blog\/wp-content\/uploads\/2026\/02\/Copia-de-Copia-de-CEP-MOTOR-INTERNACIONALIZACION-PRIMEROS-PASOS.pptx.jpg?fit=960%2C1200&ssl=1&resize=350%2C200 1x, https:\/\/i0.wp.com\/cepronda.com\/blog\/wp-content\/uploads\/2026\/02\/Copia-de-Copia-de-CEP-MOTOR-INTERNACIONALIZACION-PRIMEROS-PASOS.pptx.jpg?fit=960%2C1200&ssl=1&resize=525%2C300 1.5x, https:\/\/i0.wp.com\/cepronda.com\/blog\/wp-content\/uploads\/2026\/02\/Copia-de-Copia-de-CEP-MOTOR-INTERNACIONALIZACION-PRIMEROS-PASOS.pptx.jpg?fit=960%2C1200&ssl=1&resize=700%2C400 2x"},"classes":[]}],"jetpack_sharing_enabled":true,"_links":{"self":[{"href":"https:\/\/cepronda.com\/blog\/wp-json\/wp\/v2\/posts\/3619","targetHints":{"allow":["GET"]}}],"collection":[{"href":"https:\/\/cepronda.com\/blog\/wp-json\/wp\/v2\/posts"}],"about":[{"href":"https:\/\/cepronda.com\/blog\/wp-json\/wp\/v2\/types\/post"}],"author":[{"embeddable":true,"href":"https:\/\/cepronda.com\/blog\/wp-json\/wp\/v2\/users\/3"}],"replies":[{"embeddable":true,"href":"https:\/\/cepronda.com\/blog\/wp-json\/wp\/v2\/comments?post=3619"}],"version-history":[{"count":1,"href":"https:\/\/cepronda.com\/blog\/wp-json\/wp\/v2\/posts\/3619\/revisions"}],"predecessor-version":[{"id":3621,"href":"https:\/\/cepronda.com\/blog\/wp-json\/wp\/v2\/posts\/3619\/revisions\/3621"}],"wp:featuredmedia":[{"embeddable":true,"href":"https:\/\/cepronda.com\/blog\/wp-json\/wp\/v2\/media\/3620"}],"wp:attachment":[{"href":"https:\/\/cepronda.com\/blog\/wp-json\/wp\/v2\/media?parent=3619"}],"wp:term":[{"taxonomy":"category","embeddable":true,"href":"https:\/\/cepronda.com\/blog\/wp-json\/wp\/v2\/categories?post=3619"},{"taxonomy":"post_tag","embeddable":true,"href":"https:\/\/cepronda.com\/blog\/wp-json\/wp\/v2\/tags?post=3619"}],"curies":[{"name":"wp","href":"https:\/\/api.w.org\/{rel}","templated":true}]}}