{"id":3616,"date":"2020-06-04T09:18:43","date_gmt":"2020-06-04T07:18:43","guid":{"rendered":"http:\/\/cepronda.com\/blog\/?p=3616"},"modified":"2020-06-04T09:18:50","modified_gmt":"2020-06-04T07:18:50","slug":"feria-virtual-de-formacion-profesional","status":"publish","type":"post","link":"https:\/\/cepronda.com\/blog\/feria-virtual-de-formacion-profesional\/","title":{"rendered":"Feria virtual de Formaci\u00f3n Profesional"},"content":{"rendered":"\n<p class=\"wp-block-paragraph\">En Junio se abre el procedimiento para solicitar ciclos formativos. Desde el \u00e1rea de Orientaci\u00f3n vocacional y profesional del Servicio de Ordenaci\u00f3n educativa de esta Delegaci\u00f3n Territorial se est\u00e1 organizando una Feria Virtual de Formaci\u00f3n Profesional de M\u00e1laga, con el apoyo de todo el Servicio. Este importante evento tiene dos objetivos principales:<\/p>\n\n\n\n<ul class=\"wp-block-list\"><li>Favorecer la orientaci\u00f3n profesional del alumnado y adultos que a\u00fan no hayan decidido qu\u00e9 estudiar el curso que viene, permiti\u00e9ndoles conocer toda la oferta educativa de Formaci\u00f3n profesional inicial, de Artes Pl\u00e1sticas y Dise\u00f1o y Ense\u00f1anzas deportivas de r\u00e9gimen especial.<\/li><li>Favorecer la orientaci\u00f3n laboral del alumnado que finaliza sus estudios de Formaci\u00f3n Profesional<\/li><\/ul>\n\n\n\n<figure class=\"wp-block-embed-youtube wp-block-embed is-type-video is-provider-youtube wp-embed-aspect-16-9 wp-has-aspect-ratio\"><div class=\"wp-block-embed__wrapper\">\n<span class=\"embed-youtube\" style=\"text-align:center; display: block;\"><iframe loading=\"lazy\" class=\"youtube-player\" width=\"1170\" height=\"659\" src=\"https:\/\/www.youtube.com\/embed\/vjdmjfVEjdQ?version=3&#038;rel=1&#038;showsearch=0&#038;showinfo=1&#038;iv_load_policy=1&#038;fs=1&#038;hl=es-ES&#038;autohide=2&#038;wmode=transparent\" allowfullscreen=\"true\" style=\"border:0;\" sandbox=\"allow-scripts allow-same-origin allow-popups allow-presentation allow-popups-to-escape-sandbox\"><\/iframe><\/span>\n<\/div><\/figure>\n\n\n\n<p class=\"wp-block-paragraph\">Para inscribiros en la Feria s\u00f3lo ten\u00e9is que apuntar estos d\u00edas en vuestra agenda y completar <a href=\"https:\/\/docs.google.com\/forms\/d\/e\/1FAIpQLSdwoliLkGEapTBTeHf_DJMag6PjfvK23JuH_NSI3DkXZLKTjQ\/viewform\" target=\"_blank\" rel=\"noreferrer noopener\">este formulario<\/a>. <\/p>\n\n\n\n<figure class=\"wp-block-image size-large\"><a href=\"https:\/\/blogsaverroes.juntadeandalucia.es\/orientadelegacionmalaga\/files\/2020\/06\/Feria-V-FP-Malaga-1.pdf\" target=\"_blank\" rel=\"noopener noreferrer\"><img data-recalc-dims=\"1\" loading=\"lazy\" decoding=\"async\" width=\"789\" height=\"935\" src=\"https:\/\/i0.wp.com\/cepronda.com\/blog\/wp-content\/uploads\/2020\/06\/feria_virtaul_fp.png?resize=789%2C935\" alt=\"\" class=\"wp-image-3617\" srcset=\"https:\/\/i0.wp.com\/cepronda.com\/blog\/wp-content\/uploads\/2020\/06\/feria_virtaul_fp.png?w=789&amp;ssl=1 789w, https:\/\/i0.wp.com\/cepronda.com\/blog\/wp-content\/uploads\/2020\/06\/feria_virtaul_fp.png?resize=253%2C300&amp;ssl=1 253w, https:\/\/i0.wp.com\/cepronda.com\/blog\/wp-content\/uploads\/2020\/06\/feria_virtaul_fp.png?resize=768%2C910&amp;ssl=1 768w\" sizes=\"auto, (max-width: 789px) 100vw, 789px\" \/><\/a><\/figure>\n","protected":false},"excerpt":{"rendered":"<p>En Junio se abre el procedimiento para solicitar ciclos formativos. Desde el \u00e1rea de Orientaci\u00f3n vocacional y profesional del Servicio de Ordenaci\u00f3n educativa de esta Delegaci\u00f3n Territorial se est\u00e1 organizando una Feria Virtual de Formaci\u00f3n Profesional de M\u00e1laga, con el apoyo de todo el Servicio. Este importante evento tiene dos objetivos principales: Favorecer la orientaci\u00f3n [&hellip;]<\/p>\n","protected":false},"author":3,"featured_media":3617,"comment_status":"open","ping_status":"open","sticky":false,"template":"","format":"standard","meta":{"_crdt_document":"","advanced_seo_description":"","jetpack_seo_html_title":"","jetpack_seo_noindex":false,"jetpack_post_was_ever_published":false,"_jetpack_newsletter_access":"","_jetpack_dont_email_post_to_subs":false,"_jetpack_newsletter_tier_id":0,"_jetpack_memberships_contains_paywalled_content":false,"_jetpack_memberships_contains_paid_content":false,"footnotes":"","jetpack_publicize_message":"Feria virtual de Formaci\u00f3n Profesional @educacionenmlg\n @etpoepmalaga\n@FPAndaluza\n@FPinnovacion\n@EducaAnd @jmcriado","jetpack_publicize_feature_enabled":true,"jetpack_social_post_already_shared":true,"jetpack_social_options":{"image_generator_settings":{"template":"highway","default_image_id":0,"font":"","enabled":false},"version":2}},"categories":[5],"tags":[71],"class_list":{"0":"post-3616","1":"post","2":"type-post","3":"status-publish","4":"format-standard","5":"has-post-thumbnail","7":"category-noticias","8":"tag-formacion-profesional","9":"czr-hentry"},"jetpack_publicize_connections":[],"jetpack_featured_media_url":"https:\/\/i0.wp.com\/cepronda.com\/blog\/wp-content\/uploads\/2020\/06\/feria_virtaul_fp.png?fit=789%2C935&ssl=1","jetpack_shortlink":"https:\/\/wp.me\/p8M4X7-Wk","jetpack-related-posts":[{"id":5931,"url":"https:\/\/cepronda.com\/blog\/ii-feria-de-formacion-profesional-de-la-serrania-de-ronda\/","url_meta":{"origin":3616,"position":0},"title":"II FERIA DE FORMACI\u00d3N PROFESIONAL DE LA SERRAN\u00cdA DE RONDA","author":"Inmaculada Garc\u00eda","date":"12 abril, 2023","format":false,"excerpt":"Ya est\u00e1 aqu\u00ed la segunda edici\u00f3n de la Feria de Formaci\u00f3n Profesional de la Serran\u00eda de Ronda. Los d\u00edas 12 y 13 de abril, en el Convento de Santo Domingo, tenemos una cita con la Formaci\u00f3n Profesional de la Serran\u00eda de Ronda, para darle visibilidad a la formaci\u00f3n, el empleo\u2026","rel":"","context":"En \u00abNoticias\u00bb","block_context":{"text":"Noticias","link":"https:\/\/cepronda.com\/blog\/category\/noticias\/"},"img":{"alt_text":"","src":"https:\/\/i0.wp.com\/cepronda.com\/blog\/wp-content\/uploads\/2023\/04\/WhatsApp-Image-2023-04-11-at-11.20.09.jpeg?fit=848%2C1200&ssl=1&resize=350%2C200","width":350,"height":200,"srcset":"https:\/\/i0.wp.com\/cepronda.com\/blog\/wp-content\/uploads\/2023\/04\/WhatsApp-Image-2023-04-11-at-11.20.09.jpeg?fit=848%2C1200&ssl=1&resize=350%2C200 1x, https:\/\/i0.wp.com\/cepronda.com\/blog\/wp-content\/uploads\/2023\/04\/WhatsApp-Image-2023-04-11-at-11.20.09.jpeg?fit=848%2C1200&ssl=1&resize=525%2C300 1.5x, https:\/\/i0.wp.com\/cepronda.com\/blog\/wp-content\/uploads\/2023\/04\/WhatsApp-Image-2023-04-11-at-11.20.09.jpeg?fit=848%2C1200&ssl=1&resize=700%2C400 2x"},"classes":[]},{"id":8025,"url":"https:\/\/cepronda.com\/blog\/orientacion-vocacional-academica-y-profesional-en-orientacion-educativa-codigo-252922ge059\/","url_meta":{"origin":3616,"position":1},"title":"ORIENTACI\u00d3N VOCACIONAL, ACAD\u00c9MICA Y PROFESIONAL EN ORIENTACI\u00d3N EDUCATIVA. C\u00f3digo: 252922GE059.","author":"Inmaculada Garc\u00eda","date":"13 enero, 2025","format":false,"excerpt":"Abierto el plazo de solicitudes para la actividad formativa provincial a distancia: ORIENTACI\u00d3N VOCACIONAL, ACAD\u00c9MICA Y PROFESIONAL EN ORIENTACI\u00d3N EDUCATIVA. C\u00f3digo: 252922GE059. Curso a distancia de 30h. Dirigido preferentemente al Profesorado de la especialidad Orientaci\u00f3n Educativa de las distintas etapas educativas. Inscripci\u00f3n: 13\/01\/\/2025 al 26\/01\/2025. Fecha de actividad 10\/02\/2025 hasta\u2026","rel":"","context":"En \u00abFormaciones\u00bb","block_context":{"text":"Formaciones","link":"https:\/\/cepronda.com\/blog\/category\/formaciones\/"},"img":{"alt_text":"","src":"https:\/\/i0.wp.com\/cepronda.com\/blog\/wp-content\/uploads\/2025\/01\/WhatsApp-Image-2025-01-13-at-08.19.10.jpeg?fit=1080%2C1080&ssl=1&resize=350%2C200","width":350,"height":200,"srcset":"https:\/\/i0.wp.com\/cepronda.com\/blog\/wp-content\/uploads\/2025\/01\/WhatsApp-Image-2025-01-13-at-08.19.10.jpeg?fit=1080%2C1080&ssl=1&resize=350%2C200 1x, https:\/\/i0.wp.com\/cepronda.com\/blog\/wp-content\/uploads\/2025\/01\/WhatsApp-Image-2025-01-13-at-08.19.10.jpeg?fit=1080%2C1080&ssl=1&resize=525%2C300 1.5x, https:\/\/i0.wp.com\/cepronda.com\/blog\/wp-content\/uploads\/2025\/01\/WhatsApp-Image-2025-01-13-at-08.19.10.jpeg?fit=1080%2C1080&ssl=1&resize=700%2C400 2x, https:\/\/i0.wp.com\/cepronda.com\/blog\/wp-content\/uploads\/2025\/01\/WhatsApp-Image-2025-01-13-at-08.19.10.jpeg?fit=1080%2C1080&ssl=1&resize=1050%2C600 3x"},"classes":[]},{"id":5435,"url":"https:\/\/cepronda.com\/blog\/proyectos-destinados-a-fomentar-el-espiritu-emprendedor-y-el-autoempleo-en-el-alumnado-de-formacion-profesional\/","url_meta":{"origin":3616,"position":2},"title":"PROYECTOS DESTINADOS A FOMENTAR EL ESP\u00cdRITU EMPRENDEDOR Y EL AUTOEMPLEO EN EL ALUMNADO DE FORMACI\u00d3N PROFESIONAL.","author":"Inmaculada Garc\u00eda","date":"2 septiembre, 2022","format":false,"excerpt":"Se convocan, por la Resoluci\u00f3n de 24 de mayo de 2022, de la Direcci\u00f3n General de Formaci\u00f3n Profesional, proyectos destinados a fomentar el esp\u00edritu emprendedor y el autoempleo\u00a0en el alumnado de Formaci\u00f3n Profesional en el primer trimestre del Curso Escolar 2022-2023 en colaboraci\u00f3n con las empresas. Ver resoluci\u00f3n:\u00a0pinchar aqu\u00ed Presentaci\u00f3n\u2026","rel":"","context":"En \u00abFormaciones\u00bb","block_context":{"text":"Formaciones","link":"https:\/\/cepronda.com\/blog\/category\/formaciones\/"},"img":{"alt_text":"","src":"https:\/\/i0.wp.com\/cepronda.com\/blog\/wp-content\/uploads\/2022\/09\/Copia-de-ESTANCIAS-FORMATIVAS-EN-EMPRESAS-PARA-EL-PROFESORADO-DE-FORMACION-PROFESIONAL-6.png?fit=1080%2C1080&ssl=1&resize=350%2C200","width":350,"height":200,"srcset":"https:\/\/i0.wp.com\/cepronda.com\/blog\/wp-content\/uploads\/2022\/09\/Copia-de-ESTANCIAS-FORMATIVAS-EN-EMPRESAS-PARA-EL-PROFESORADO-DE-FORMACION-PROFESIONAL-6.png?fit=1080%2C1080&ssl=1&resize=350%2C200 1x, https:\/\/i0.wp.com\/cepronda.com\/blog\/wp-content\/uploads\/2022\/09\/Copia-de-ESTANCIAS-FORMATIVAS-EN-EMPRESAS-PARA-EL-PROFESORADO-DE-FORMACION-PROFESIONAL-6.png?fit=1080%2C1080&ssl=1&resize=525%2C300 1.5x, https:\/\/i0.wp.com\/cepronda.com\/blog\/wp-content\/uploads\/2022\/09\/Copia-de-ESTANCIAS-FORMATIVAS-EN-EMPRESAS-PARA-EL-PROFESORADO-DE-FORMACION-PROFESIONAL-6.png?fit=1080%2C1080&ssl=1&resize=700%2C400 2x, https:\/\/i0.wp.com\/cepronda.com\/blog\/wp-content\/uploads\/2022\/09\/Copia-de-ESTANCIAS-FORMATIVAS-EN-EMPRESAS-PARA-EL-PROFESORADO-DE-FORMACION-PROFESIONAL-6.png?fit=1080%2C1080&ssl=1&resize=1050%2C600 3x"},"classes":[]},{"id":3343,"url":"https:\/\/cepronda.com\/blog\/lanzamiento-feria-de-busqueda-de-socios-en-formacion-profesional-entre-espana-y-francia\/","url_meta":{"origin":3616,"position":3},"title":"Lanzamiento Feria de B\u00fasqueda de socios en Formaci\u00f3n Profesional entre Espa\u00f1a y Francia","author":"V\u00edctor Caballero","date":"15 enero, 2020","format":false,"excerpt":"Compartimos con nuestros centros que imparten Formaci\u00f3n Profesional esta informaci\u00f3n que puede ser de vuestro inter\u00e9s. Se est\u00e1 desarrollando en eTwinning una iniciativa para Formaci\u00f3n Profesional, uno de los temas prioritarios para 2020. Se ha abierto una\u00a0Feria de b\u00fasqueda de socios para docentes de Formaci\u00f3n profesional con el objetivo de\u2026","rel":"","context":"En \u00abNoticias\u00bb","block_context":{"text":"Noticias","link":"https:\/\/cepronda.com\/blog\/category\/noticias\/"},"img":{"alt_text":"","src":"https:\/\/i0.wp.com\/cepronda.com\/blog\/wp-content\/uploads\/2017\/12\/layout_icon-etwining.jpg?resize=350%2C200","width":350,"height":200},"classes":[]},{"id":5024,"url":"https:\/\/cepronda.com\/blog\/estancias-formativas-en-empresas-para-el-profesorado-de-formacion-profesional\/","url_meta":{"origin":3616,"position":4},"title":"ESTANCIAS FORMATIVAS EN EMPRESAS\u00a0PARA EL PROFESORADO DE FORMACI\u00d3N PROFESIONAL","author":"Maribel Mu\u00f1oz","date":"25 enero, 2022","format":false,"excerpt":"Buenos d\u00edas compa\u00f1eras y compa\u00f1eros Os informamos que se ha publicado la RESOLUCI\u00d3N DE 24 DE ENERO DE 2022, DE LA DIRECCI\u00d3N GENERAL DE FORMACI\u00d3N PROFESIONAL, POR LA QUE SE CONVOCAN\u00a0ESTANCIAS FORMATIVAS EN EMPRESAS\u00a0PARA EL PROFESORADO DE FORMACI\u00d3N PROFESIONAL, DESTINADOS A ACTUALIZAR SU FORMACI\u00d3N Y REFORZAR SUS COMPETENCIAS PROFESIONALES EN\u2026","rel":"","context":"En \u00abFormaciones\u00bb","block_context":{"text":"Formaciones","link":"https:\/\/cepronda.com\/blog\/category\/formaciones\/"},"img":{"alt_text":"","src":"https:\/\/i0.wp.com\/cepronda.com\/blog\/wp-content\/uploads\/2020\/03\/S%C2%B0mbolo-gen%C3%87rico-RRSS-redondo-negativo.png?fit=1200%2C1200&ssl=1&resize=350%2C200","width":350,"height":200,"srcset":"https:\/\/i0.wp.com\/cepronda.com\/blog\/wp-content\/uploads\/2020\/03\/S%C2%B0mbolo-gen%C3%87rico-RRSS-redondo-negativo.png?fit=1200%2C1200&ssl=1&resize=350%2C200 1x, https:\/\/i0.wp.com\/cepronda.com\/blog\/wp-content\/uploads\/2020\/03\/S%C2%B0mbolo-gen%C3%87rico-RRSS-redondo-negativo.png?fit=1200%2C1200&ssl=1&resize=525%2C300 1.5x, https:\/\/i0.wp.com\/cepronda.com\/blog\/wp-content\/uploads\/2020\/03\/S%C2%B0mbolo-gen%C3%87rico-RRSS-redondo-negativo.png?fit=1200%2C1200&ssl=1&resize=700%2C400 2x, https:\/\/i0.wp.com\/cepronda.com\/blog\/wp-content\/uploads\/2020\/03\/S%C2%B0mbolo-gen%C3%87rico-RRSS-redondo-negativo.png?fit=1200%2C1200&ssl=1&resize=1050%2C600 3x"},"classes":[]},{"id":5432,"url":"https:\/\/cepronda.com\/blog\/proyectos-especificos-destinados-a-reforzar-las-competencias-profesionales-y-la-empleabilidad-del-alumnado\/","url_meta":{"origin":3616,"position":5},"title":"PROYECTOS ESPEC\u00cdFICOS DESTINADOS A REFORZAR LAS COMPETENCIAS PROFESIONALES Y LA EMPLEABILIDAD DEL ALUMNADO .","author":"Inmaculada Garc\u00eda","date":"2 septiembre, 2022","format":false,"excerpt":"Se convocan, por la Resoluci\u00f3n de 24 de mayo de 2022 de la Direcci\u00f3n General de Formaci\u00f3n Profesional,\u00a0 proyectos espec\u00edficos destinados a reforzar las competencias profesionales y la empleabilidad del alumnado\u00a0que cursa proyectos de Formaci\u00f3n Profesional dual en el primer trimestre del curso escolar 2022-2023 mediante la colaboraci\u00f3n de los\u2026","rel":"","context":"En \u00abFormaciones\u00bb","block_context":{"text":"Formaciones","link":"https:\/\/cepronda.com\/blog\/category\/formaciones\/"},"img":{"alt_text":"","src":"https:\/\/i0.wp.com\/cepronda.com\/blog\/wp-content\/uploads\/2022\/09\/Copia-de-ESTANCIAS-FORMATIVAS-EN-EMPRESAS-PARA-EL-PROFESORADO-DE-FORMACION-PROFESIONAL-5.png?fit=1080%2C1080&ssl=1&resize=350%2C200","width":350,"height":200,"srcset":"https:\/\/i0.wp.com\/cepronda.com\/blog\/wp-content\/uploads\/2022\/09\/Copia-de-ESTANCIAS-FORMATIVAS-EN-EMPRESAS-PARA-EL-PROFESORADO-DE-FORMACION-PROFESIONAL-5.png?fit=1080%2C1080&ssl=1&resize=350%2C200 1x, https:\/\/i0.wp.com\/cepronda.com\/blog\/wp-content\/uploads\/2022\/09\/Copia-de-ESTANCIAS-FORMATIVAS-EN-EMPRESAS-PARA-EL-PROFESORADO-DE-FORMACION-PROFESIONAL-5.png?fit=1080%2C1080&ssl=1&resize=525%2C300 1.5x, https:\/\/i0.wp.com\/cepronda.com\/blog\/wp-content\/uploads\/2022\/09\/Copia-de-ESTANCIAS-FORMATIVAS-EN-EMPRESAS-PARA-EL-PROFESORADO-DE-FORMACION-PROFESIONAL-5.png?fit=1080%2C1080&ssl=1&resize=700%2C400 2x, https:\/\/i0.wp.com\/cepronda.com\/blog\/wp-content\/uploads\/2022\/09\/Copia-de-ESTANCIAS-FORMATIVAS-EN-EMPRESAS-PARA-EL-PROFESORADO-DE-FORMACION-PROFESIONAL-5.png?fit=1080%2C1080&ssl=1&resize=1050%2C600 3x"},"classes":[]}],"jetpack_sharing_enabled":true,"_links":{"self":[{"href":"https:\/\/cepronda.com\/blog\/wp-json\/wp\/v2\/posts\/3616","targetHints":{"allow":["GET"]}}],"collection":[{"href":"https:\/\/cepronda.com\/blog\/wp-json\/wp\/v2\/posts"}],"about":[{"href":"https:\/\/cepronda.com\/blog\/wp-json\/wp\/v2\/types\/post"}],"author":[{"embeddable":true,"href":"https:\/\/cepronda.com\/blog\/wp-json\/wp\/v2\/users\/3"}],"replies":[{"embeddable":true,"href":"https:\/\/cepronda.com\/blog\/wp-json\/wp\/v2\/comments?post=3616"}],"version-history":[{"count":1,"href":"https:\/\/cepronda.com\/blog\/wp-json\/wp\/v2\/posts\/3616\/revisions"}],"predecessor-version":[{"id":3618,"href":"https:\/\/cepronda.com\/blog\/wp-json\/wp\/v2\/posts\/3616\/revisions\/3618"}],"wp:featuredmedia":[{"embeddable":true,"href":"https:\/\/cepronda.com\/blog\/wp-json\/wp\/v2\/media\/3617"}],"wp:attachment":[{"href":"https:\/\/cepronda.com\/blog\/wp-json\/wp\/v2\/media?parent=3616"}],"wp:term":[{"taxonomy":"category","embeddable":true,"href":"https:\/\/cepronda.com\/blog\/wp-json\/wp\/v2\/categories?post=3616"},{"taxonomy":"post_tag","embeddable":true,"href":"https:\/\/cepronda.com\/blog\/wp-json\/wp\/v2\/tags?post=3616"}],"curies":[{"name":"wp","href":"https:\/\/api.w.org\/{rel}","templated":true}]}}