{"id":3605,"date":"2020-06-02T12:07:01","date_gmt":"2020-06-02T10:07:01","guid":{"rendered":"http:\/\/cepronda.com\/blog\/?p=3605"},"modified":"2020-06-02T12:07:06","modified_gmt":"2020-06-02T10:07:06","slug":"nuevo-canal-de-youtube-del-servicio-de-ordenacion-educativa-malaga","status":"publish","type":"post","link":"https:\/\/cepronda.com\/blog\/nuevo-canal-de-youtube-del-servicio-de-ordenacion-educativa-malaga\/","title":{"rendered":"Nuevo canal de Youtube del  Servicio de Ordenaci\u00f3n Educativa M\u00e1laga"},"content":{"rendered":"\n<figure class=\"wp-block-embed-youtube wp-block-embed is-type-video is-provider-youtube wp-embed-aspect-16-9 wp-has-aspect-ratio\"><div class=\"wp-block-embed__wrapper\">\n<span class=\"embed-youtube\" style=\"text-align:center; display: block;\"><iframe loading=\"lazy\" class=\"youtube-player\" width=\"1170\" height=\"659\" src=\"https:\/\/www.youtube.com\/embed\/Tn4aRe4zDXU?version=3&#038;rel=1&#038;showsearch=0&#038;showinfo=1&#038;iv_load_policy=1&#038;fs=1&#038;hl=es-ES&#038;autohide=2&#038;wmode=transparent\" allowfullscreen=\"true\" style=\"border:0;\" sandbox=\"allow-scripts allow-same-origin allow-popups allow-presentation allow-popups-to-escape-sandbox\"><\/iframe><\/span>\n<\/div><\/figure>\n","protected":false},"excerpt":{"rendered":"","protected":false},"author":3,"featured_media":0,"comment_status":"open","ping_status":"open","sticky":false,"template":"","format":"standard","meta":{"_crdt_document":"","advanced_seo_description":"","jetpack_seo_html_title":"","jetpack_seo_noindex":false,"jetpack_post_was_ever_published":false,"_jetpack_newsletter_access":"","_jetpack_dont_email_post_to_subs":false,"_jetpack_newsletter_tier_id":0,"_jetpack_memberships_contains_paywalled_content":false,"_jetpack_memberships_contains_paid_content":false,"footnotes":"","jetpack_publicize_message":"","jetpack_publicize_feature_enabled":true,"jetpack_social_post_already_shared":true,"jetpack_social_options":{"image_generator_settings":{"template":"highway","default_image_id":0,"font":"","enabled":false},"version":2}},"categories":[5],"tags":[43,78],"class_list":{"0":"post-3605","1":"post","2":"type-post","3":"status-publish","4":"format-standard","6":"category-noticias","7":"tag-junta-de-andalucia","8":"tag-noticias","9":"czr-hentry"},"jetpack_publicize_connections":[],"jetpack_featured_media_url":"","jetpack_shortlink":"https:\/\/wp.me\/p8M4X7-W9","jetpack-related-posts":[{"id":1417,"url":"https:\/\/cepronda.com\/blog\/noticias-erasmus\/","url_meta":{"origin":3605,"position":0},"title":"NOTICIAS ERASMUS +","author":"V\u00edctor Caballero","date":"10 noviembre, 2017","format":false,"excerpt":"Buenas tardes! Seguimos con noticias sobre Erasmus +. Ya est\u00e1 abierto el plazo de solicitudes para las JORNADAS DE DIFUSI\u00d3N ERASMUS+\u00a0que tendr\u00e1n lugar en el CEP de RONDA la tarde del 22 de Noviembre en horario de 16:30\u00a0 a 20:30 A todas las personas interesadas en informarse de c\u00f3mo salir\u2026","rel":"","context":"En \u00abNoticias\u00bb","block_context":{"text":"Noticias","link":"https:\/\/cepronda.com\/blog\/category\/noticias\/"},"img":{"alt_text":"","src":"https:\/\/i0.wp.com\/cepronda.com\/blog\/wp-content\/uploads\/2017\/11\/EU-flag-Erasmus-300x86.jpg?resize=350%2C200","width":350,"height":200},"classes":[]},{"id":3057,"url":"https:\/\/cepronda.com\/blog\/premiados-en-el-ies-martin-rivero\/","url_meta":{"origin":3605,"position":1},"title":"Premiados en el IES Mart\u00edn Rivero","author":"V\u00edctor Caballero","date":"27 septiembre, 2019","format":false,"excerpt":"Muy buenas, nos llegan dos magn\u00edficas noticias de premiados en el IES Mart\u00edn Rivero en distintos premios y cert\u00e1menes. Os dejamos con los enlaces a las noticias, y desde el CEP damos la enhorabuena al alumnado premiado. Fad y BBVA fallan los proyectos educativos ganadores del Premio a la Acci\u00f3n\u2026","rel":"","context":"En \u00abNoticias\u00bb","block_context":{"text":"Noticias","link":"https:\/\/cepronda.com\/blog\/category\/noticias\/"},"img":{"alt_text":"","src":"","width":0,"height":0},"classes":[]},{"id":3257,"url":"https:\/\/cepronda.com\/blog\/felices-fiestas-3\/","url_meta":{"origin":3605,"position":2},"title":"Felices fiestas","author":"V\u00edctor Caballero","date":"16 diciembre, 2019","format":false,"excerpt":"Desde el CEP de Ronda queremos desearos unas felices fiestas, donde pod\u00e1is descansar y pasar el mayor tiempo posible con las vuestros seres queridos. Nos vemos en el a\u00f1o 2020.","rel":"","context":"En \u00abNoticias\u00bb","block_context":{"text":"Noticias","link":"https:\/\/cepronda.com\/blog\/category\/noticias\/"},"img":{"alt_text":"","src":"https:\/\/i0.wp.com\/cepronda.com\/blog\/wp-content\/uploads\/2019\/12\/felicitaci%C3%B3n-navidad.jpeg?fit=1200%2C852&ssl=1&resize=350%2C200","width":350,"height":200,"srcset":"https:\/\/i0.wp.com\/cepronda.com\/blog\/wp-content\/uploads\/2019\/12\/felicitaci%C3%B3n-navidad.jpeg?fit=1200%2C852&ssl=1&resize=350%2C200 1x, https:\/\/i0.wp.com\/cepronda.com\/blog\/wp-content\/uploads\/2019\/12\/felicitaci%C3%B3n-navidad.jpeg?fit=1200%2C852&ssl=1&resize=525%2C300 1.5x, https:\/\/i0.wp.com\/cepronda.com\/blog\/wp-content\/uploads\/2019\/12\/felicitaci%C3%B3n-navidad.jpeg?fit=1200%2C852&ssl=1&resize=700%2C400 2x, https:\/\/i0.wp.com\/cepronda.com\/blog\/wp-content\/uploads\/2019\/12\/felicitaci%C3%B3n-navidad.jpeg?fit=1200%2C852&ssl=1&resize=1050%2C600 3x"},"classes":[]},{"id":3489,"url":"https:\/\/cepronda.com\/blog\/informacion-sobre-la-delegacion-provincial-de-educacion-de-malaga\/","url_meta":{"origin":3605,"position":3},"title":"Informaci\u00f3n sobre la delegaci\u00f3n provincial de Educaci\u00f3n de M\u00e1laga","author":"V\u00edctor Caballero","date":"19 marzo, 2020","format":false,"excerpt":"Hola de nuevo familia, Os dejamos con informaci\u00f3n sobre la Delegaci\u00f3n Provincial de Educaci\u00f3n, informaci\u00f3n que pod\u00e9is consultar en las siguientes im\u00e1genes.","rel":"","context":"En \u00abNoticias\u00bb","block_context":{"text":"Noticias","link":"https:\/\/cepronda.com\/blog\/category\/noticias\/"},"img":{"alt_text":"","src":"https:\/\/i0.wp.com\/cepronda.com\/blog\/wp-content\/uploads\/2020\/03\/WhatsApp-Image-2020-03-18-at-19.44.42-2.jpeg?fit=480%2C1200&ssl=1&resize=350%2C200","width":350,"height":200},"classes":[]},{"id":5653,"url":"https:\/\/cepronda.com\/blog\/movilidad-bobbio\/","url_meta":{"origin":3605,"position":4},"title":"Movilidad Bobbio","author":"V\u00edctor Caballero","date":"12 diciembre, 2022","format":false,"excerpt":"\u00a0 \u00a0 \u00a0 \u00a0 \u00a0 \u00a0 \u00a0 \u00a0 \u00a0 \u00a0 \u00a0 \u00a0 \u00a0 \u00a0 \u00a0 \u00a0 \u00a0 \u00a0 \u00a0 \u00a0 \u00a0 \u00a0 \u00a0 \u00a0 \u00a0 \u00a0 \u00a0 \u00a0 \u00a0 \u00a0 \u00a0 \u00a0 \u00a0 \u00a0 \u00a0 \u00a0 \u00a0 \u00a0 \u00a0 \u00a0 \u00a0 \u00a0 \u00a0 \u00a0 \u00a0 \u00a0 \u00a0 \u00a0 \u00a0 \u00a0\u2026","rel":"","context":"En \u00abNoticias\u00bb","block_context":{"text":"Noticias","link":"https:\/\/cepronda.com\/blog\/category\/noticias\/"},"img":{"alt_text":"","src":"https:\/\/i0.wp.com\/cepronda.com\/blog\/wp-content\/uploads\/2022\/12\/Sin-titulo.png?fit=1200%2C673&ssl=1&resize=350%2C200","width":350,"height":200,"srcset":"https:\/\/i0.wp.com\/cepronda.com\/blog\/wp-content\/uploads\/2022\/12\/Sin-titulo.png?fit=1200%2C673&ssl=1&resize=350%2C200 1x, https:\/\/i0.wp.com\/cepronda.com\/blog\/wp-content\/uploads\/2022\/12\/Sin-titulo.png?fit=1200%2C673&ssl=1&resize=525%2C300 1.5x, https:\/\/i0.wp.com\/cepronda.com\/blog\/wp-content\/uploads\/2022\/12\/Sin-titulo.png?fit=1200%2C673&ssl=1&resize=700%2C400 2x, https:\/\/i0.wp.com\/cepronda.com\/blog\/wp-content\/uploads\/2022\/12\/Sin-titulo.png?fit=1200%2C673&ssl=1&resize=1050%2C600 3x"},"classes":[]},{"id":3478,"url":"https:\/\/cepronda.com\/blog\/informacion-importante-sobre-acceso-a-seneca\/","url_meta":{"origin":3605,"position":5},"title":"INFORMACI\u00d3N IMPORTANTE SOBRE ACCESO A S\u00c9NECA","author":"V\u00edctor Caballero","date":"16 marzo, 2020","format":false,"excerpt":"NO ACCED\u00c1IS A SENECA NI A MOODLE DE CENTROS debido al trabajo de adecuaci\u00f3n y puesta a punto. El acceso provocar\u00e1 retrasos importante en el despliegue de los mismos. No sabemos a\u00fan hasta que d\u00eda nos aconsejan no entrar, os tendremos informados. \u00a1Mucho \u00e1nimo! Y ya sab\u00e9is que pod\u00e9is contar\u2026","rel":"","context":"En \u00abNoticias\u00bb","block_context":{"text":"Noticias","link":"https:\/\/cepronda.com\/blog\/category\/noticias\/"},"img":{"alt_text":"","src":"https:\/\/i0.wp.com\/cepronda.com\/blog\/wp-content\/uploads\/2020\/02\/logo_twitter_cep_ronda.jpg?fit=592%2C595&ssl=1&resize=350%2C200","width":350,"height":200,"srcset":"https:\/\/i0.wp.com\/cepronda.com\/blog\/wp-content\/uploads\/2020\/02\/logo_twitter_cep_ronda.jpg?fit=592%2C595&ssl=1&resize=350%2C200 1x, https:\/\/i0.wp.com\/cepronda.com\/blog\/wp-content\/uploads\/2020\/02\/logo_twitter_cep_ronda.jpg?fit=592%2C595&ssl=1&resize=525%2C300 1.5x"},"classes":[]}],"jetpack_sharing_enabled":true,"_links":{"self":[{"href":"https:\/\/cepronda.com\/blog\/wp-json\/wp\/v2\/posts\/3605","targetHints":{"allow":["GET"]}}],"collection":[{"href":"https:\/\/cepronda.com\/blog\/wp-json\/wp\/v2\/posts"}],"about":[{"href":"https:\/\/cepronda.com\/blog\/wp-json\/wp\/v2\/types\/post"}],"author":[{"embeddable":true,"href":"https:\/\/cepronda.com\/blog\/wp-json\/wp\/v2\/users\/3"}],"replies":[{"embeddable":true,"href":"https:\/\/cepronda.com\/blog\/wp-json\/wp\/v2\/comments?post=3605"}],"version-history":[{"count":1,"href":"https:\/\/cepronda.com\/blog\/wp-json\/wp\/v2\/posts\/3605\/revisions"}],"predecessor-version":[{"id":3606,"href":"https:\/\/cepronda.com\/blog\/wp-json\/wp\/v2\/posts\/3605\/revisions\/3606"}],"wp:attachment":[{"href":"https:\/\/cepronda.com\/blog\/wp-json\/wp\/v2\/media?parent=3605"}],"wp:term":[{"taxonomy":"category","embeddable":true,"href":"https:\/\/cepronda.com\/blog\/wp-json\/wp\/v2\/categories?post=3605"},{"taxonomy":"post_tag","embeddable":true,"href":"https:\/\/cepronda.com\/blog\/wp-json\/wp\/v2\/tags?post=3605"}],"curies":[{"name":"wp","href":"https:\/\/api.w.org\/{rel}","templated":true}]}}