{"id":3602,"date":"2020-06-02T11:57:15","date_gmt":"2020-06-02T09:57:15","guid":{"rendered":"http:\/\/cepronda.com\/blog\/?p=3602"},"modified":"2020-06-02T11:57:20","modified_gmt":"2020-06-02T09:57:20","slug":"impulso-y-difusion-de-la-ensenanza-on-line-nuestro-espacio-ideo","status":"publish","type":"post","link":"https:\/\/cepronda.com\/blog\/impulso-y-difusion-de-la-ensenanza-on-line-nuestro-espacio-ideo\/","title":{"rendered":"Impulso y difusi\u00f3n de la ense\u00f1anza on-line, nuestro espacio IDEO"},"content":{"rendered":"\n<p class=\"wp-block-paragraph\">Hola familia, <\/p>\n\n\n\n<p class=\"wp-block-paragraph\">Queremos compartir con todas y todos vosotros este portal elaborado con motivo y ocasi\u00f3n de toda esta nueva realidad que estamos viviendo. Os invitamos a conocerla, \u00abbichearla\u00bb y compartir vuestras pr\u00e1cticas docentes en estos tiempos de docencia on-line.<\/p>\n\n\n\n<figure class=\"wp-block-image size-large\"><a href=\"https:\/\/view.genial.ly\/5e7939080fcfb90d9faa65ea\/presentation-ideo-cepronda\" target=\"_blank\" rel=\"noopener noreferrer\"><img loading=\"lazy\" decoding=\"async\" width=\"1549\" height=\"869\" src=\"https:\/\/i0.wp.com\/cepronda.com\/blog\/wp-content\/uploads\/2020\/06\/ideo.png?fit=1024%2C574\" alt=\"\" class=\"wp-image-3603\" srcset=\"https:\/\/i0.wp.com\/cepronda.com\/blog\/wp-content\/uploads\/2020\/06\/ideo.png?w=1549&amp;ssl=1 1549w, https:\/\/i0.wp.com\/cepronda.com\/blog\/wp-content\/uploads\/2020\/06\/ideo.png?resize=300%2C168&amp;ssl=1 300w, https:\/\/i0.wp.com\/cepronda.com\/blog\/wp-content\/uploads\/2020\/06\/ideo.png?resize=1024%2C574&amp;ssl=1 1024w, https:\/\/i0.wp.com\/cepronda.com\/blog\/wp-content\/uploads\/2020\/06\/ideo.png?resize=768%2C431&amp;ssl=1 768w, https:\/\/i0.wp.com\/cepronda.com\/blog\/wp-content\/uploads\/2020\/06\/ideo.png?resize=1536%2C862&amp;ssl=1 1536w\" sizes=\"auto, (max-width: 1170px) 100vw, 1170px\" \/><\/a><\/figure>\n","protected":false},"excerpt":{"rendered":"<p>Hola familia, Queremos compartir con todas y todos vosotros este portal elaborado con motivo y ocasi\u00f3n de toda esta nueva realidad que estamos viviendo. Os invitamos a conocerla, \u00abbichearla\u00bb y compartir vuestras pr\u00e1cticas docentes en estos tiempos de docencia on-line.<\/p>\n","protected":false},"author":3,"featured_media":3603,"comment_status":"open","ping_status":"open","sticky":true,"template":"","format":"standard","meta":{"_crdt_document":"","advanced_seo_description":"","jetpack_seo_html_title":"","jetpack_seo_noindex":false,"jetpack_post_was_ever_published":false,"_jetpack_newsletter_access":"","_jetpack_dont_email_post_to_subs":false,"_jetpack_newsletter_tier_id":0,"_jetpack_memberships_contains_paywalled_content":false,"_jetpack_memberships_contains_paid_content":false,"footnotes":"","jetpack_publicize_message":"","jetpack_publicize_feature_enabled":true,"jetpack_social_post_already_shared":true,"jetpack_social_options":{"image_generator_settings":{"template":"highway","default_image_id":0,"font":"","enabled":false},"version":2}},"categories":[3,5],"tags":[182],"class_list":{"0":"post-3602","1":"post","2":"type-post","3":"status-publish","4":"format-standard","5":"has-post-thumbnail","7":"category-formaciones","8":"category-noticias","9":"tag-tic","10":"czr-hentry"},"jetpack_publicize_connections":[],"jetpack_featured_media_url":"https:\/\/i0.wp.com\/cepronda.com\/blog\/wp-content\/uploads\/2020\/06\/ideo.png?fit=1549%2C869&ssl=1","jetpack_shortlink":"https:\/\/wp.me\/p8M4X7-W6","jetpack-related-posts":[{"id":117,"url":"https:\/\/cepronda.com\/blog\/117-2\/","url_meta":{"origin":3602,"position":0},"title":"Nuevo blog","author":"V\u00edctor Caballero","date":"22 septiembre, 2016","format":"aside","excerpt":"Hola bienvenidos y bienvenidas a nuestro nuevo blog del CEP de Ronda. Desde aqu\u00ed queremos compartir con todo el profesorado de la comarca de Ronda aquellas noticias, enlaces, documentos, materiales,... que creamos interesantes. En primer lugar querr\u00edamos compartir las p\u00e1ginas dedicadas a la Autoformaci\u00f3n, donde podr\u00e9is encontrar diferentes enlaces que\u2026","rel":"","context":"En \u00abNoticias\u00bb","block_context":{"text":"Noticias","link":"https:\/\/cepronda.com\/blog\/category\/noticias\/"},"img":{"alt_text":"cropped-cropped-cropped-logocepronda.png","src":"https:\/\/i0.wp.com\/cepronda.com\/blog\/wp-content\/uploads\/2015\/01\/cropped-cropped-cropped-logocepronda-300x45.png?resize=350%2C200","width":350,"height":200},"classes":[]},{"id":1645,"url":"https:\/\/cepronda.com\/blog\/programa-formacion-profesorado-escuelas-mentoras\/","url_meta":{"origin":3602,"position":1},"title":"Programa Formaci\u00f3n Profesorado Escuelas Mentoras","author":"V\u00edctor Caballero","date":"13 marzo, 2018","format":false,"excerpt":"\u00a1Hola a todo el mundo! Compartimos con todos y todas vosotras este programa que acaba de publicarse y que creemos puede ser una idea muy interesante para compartir\u00a0 con el resto de profesorado nuestras experiencias, y aprender mutuamente. Se ha denominado Programa de escuelas mentoras y para acceder a toda\u2026","rel":"","context":"En \u00abNoticias\u00bb","block_context":{"text":"Noticias","link":"https:\/\/cepronda.com\/blog\/category\/noticias\/"},"img":{"alt_text":"","src":"https:\/\/i0.wp.com\/cepronda.com\/blog\/wp-content\/uploads\/2018\/03\/connect-316638_640.jpg?fit=640%2C426&ssl=1&resize=350%2C200","width":350,"height":200,"srcset":"https:\/\/i0.wp.com\/cepronda.com\/blog\/wp-content\/uploads\/2018\/03\/connect-316638_640.jpg?fit=640%2C426&ssl=1&resize=350%2C200 1x, https:\/\/i0.wp.com\/cepronda.com\/blog\/wp-content\/uploads\/2018\/03\/connect-316638_640.jpg?fit=640%2C426&ssl=1&resize=525%2C300 1.5x"},"classes":[]},{"id":2857,"url":"https:\/\/cepronda.com\/blog\/programa-aldea-en-el-cpr-valle-del-guadiaro\/","url_meta":{"origin":3602,"position":2},"title":"Programa ALDEA en el CPR Valle del Guadiaro","author":"V\u00edctor Caballero","date":"30 mayo, 2019","format":false,"excerpt":"Muy buenas queremos compartir con todas y todos vosotros este v\u00eddeo realizado por el CPR Valle del Guadiaro dentro del programa ALDEA. Seguro que os gusta. Enlace al v\u00eddeo","rel":"","context":"En \u00abNoticias\u00bb","block_context":{"text":"Noticias","link":"https:\/\/cepronda.com\/blog\/category\/noticias\/"},"img":{"alt_text":"","src":"https:\/\/i0.wp.com\/cepronda.com\/blog\/wp-content\/uploads\/2019\/05\/valle-del-guadiaro.png?fit=220%2C220&ssl=1&resize=350%2C200","width":350,"height":200},"classes":[]},{"id":731,"url":"https:\/\/cepronda.com\/blog\/buscamos-vuestras-buenas-practicas\/","url_meta":{"origin":3602,"position":3},"title":"Buscamos vuestras Buenas Pr\u00e1cticas","author":"V\u00edctor Caballero","date":"9 marzo, 2017","format":false,"excerpt":"\u00a1Hola familia! Queremos aprovechar esta entrada para recordaros que en el blog, en el apartado \"Formularios\" de la barra superior, pod\u00e9is tener acceso a este formulario que desde el CEP de Ronda se elabor\u00f3 para recoger todas vuestras buenas pr\u00e1cticas, que son bastantes y buenas. Muchas veces como profesorado pecamos\u2026","rel":"","context":"En \u00abNoticias\u00bb","block_context":{"text":"Noticias","link":"https:\/\/cepronda.com\/blog\/category\/noticias\/"},"img":{"alt_text":"","src":"https:\/\/i0.wp.com\/cepronda.com\/blog\/wp-content\/uploads\/2017\/03\/checklist-1622517_640-300x300.png?resize=350%2C200","width":350,"height":200},"classes":[]},{"id":4466,"url":"https:\/\/cepronda.com\/blog\/4466-2\/","url_meta":{"origin":3602,"position":4},"title":"CEP DE RONDA. ACREDITACI\u00d3N ERASMUS KA1 2021-2027","author":"Mar\u00eda Jos\u00e9 M\u00e1rquez","date":"21 abril, 2021","format":false,"excerpt":"Desde el CEP de Ronda queremos compartir con vosotros y vosotras nuestra alegr\u00eda porque se nos ha concedido la Acreditaci\u00f3n Erasmus en el \u00c1mbito de la Educaci\u00f3n Escolar para el per\u00edodo 2021-2027, lo que nos permitir\u00e1 continuar con nuestro objetivo de apoyar la internacionalizaci\u00f3n de los centros educativos de nuestro\u2026","rel":"","context":"En \u00abFormaciones\u00bb","block_context":{"text":"Formaciones","link":"https:\/\/cepronda.com\/blog\/category\/formaciones\/"},"img":{"alt_text":"","src":"https:\/\/i0.wp.com\/cepronda.com\/blog\/wp-content\/uploads\/2021\/04\/acreditacion-erasmus-cep-300x99.jpeg?resize=350%2C200","width":350,"height":200},"classes":[]},{"id":2613,"url":"https:\/\/cepronda.com\/blog\/blog-del-ceip-san-agustin\/","url_meta":{"origin":3602,"position":5},"title":"Blog del CEIP San Agust\u00edn","author":"V\u00edctor Caballero","date":"28 enero, 2019","format":false,"excerpt":"Muy buenas, Hoy queremos compartir tambi\u00e9n un nuevo blog de uno de nuestros centros. En este caso del trata del blog creado por el centro dentro del programa ALDEA. Os invitamos a conocerlo y ver todo lo que van publicando en el mismo.","rel":"","context":"En \u00abNoticias\u00bb","block_context":{"text":"Noticias","link":"https:\/\/cepronda.com\/blog\/category\/noticias\/"},"img":{"alt_text":"","src":"https:\/\/i0.wp.com\/cepronda.com\/blog\/wp-content\/uploads\/2019\/01\/Ecocole.png?resize=350%2C200&ssl=1","width":350,"height":200,"srcset":"https:\/\/i0.wp.com\/cepronda.com\/blog\/wp-content\/uploads\/2019\/01\/Ecocole.png?resize=350%2C200&ssl=1 1x, https:\/\/i0.wp.com\/cepronda.com\/blog\/wp-content\/uploads\/2019\/01\/Ecocole.png?resize=525%2C300&ssl=1 1.5x, https:\/\/i0.wp.com\/cepronda.com\/blog\/wp-content\/uploads\/2019\/01\/Ecocole.png?resize=700%2C400&ssl=1 2x, https:\/\/i0.wp.com\/cepronda.com\/blog\/wp-content\/uploads\/2019\/01\/Ecocole.png?resize=1050%2C600&ssl=1 3x"},"classes":[]}],"jetpack_sharing_enabled":true,"_links":{"self":[{"href":"https:\/\/cepronda.com\/blog\/wp-json\/wp\/v2\/posts\/3602","targetHints":{"allow":["GET"]}}],"collection":[{"href":"https:\/\/cepronda.com\/blog\/wp-json\/wp\/v2\/posts"}],"about":[{"href":"https:\/\/cepronda.com\/blog\/wp-json\/wp\/v2\/types\/post"}],"author":[{"embeddable":true,"href":"https:\/\/cepronda.com\/blog\/wp-json\/wp\/v2\/users\/3"}],"replies":[{"embeddable":true,"href":"https:\/\/cepronda.com\/blog\/wp-json\/wp\/v2\/comments?post=3602"}],"version-history":[{"count":1,"href":"https:\/\/cepronda.com\/blog\/wp-json\/wp\/v2\/posts\/3602\/revisions"}],"predecessor-version":[{"id":3604,"href":"https:\/\/cepronda.com\/blog\/wp-json\/wp\/v2\/posts\/3602\/revisions\/3604"}],"wp:featuredmedia":[{"embeddable":true,"href":"https:\/\/cepronda.com\/blog\/wp-json\/wp\/v2\/media\/3603"}],"wp:attachment":[{"href":"https:\/\/cepronda.com\/blog\/wp-json\/wp\/v2\/media?parent=3602"}],"wp:term":[{"taxonomy":"category","embeddable":true,"href":"https:\/\/cepronda.com\/blog\/wp-json\/wp\/v2\/categories?post=3602"},{"taxonomy":"post_tag","embeddable":true,"href":"https:\/\/cepronda.com\/blog\/wp-json\/wp\/v2\/tags?post=3602"}],"curies":[{"name":"wp","href":"https:\/\/api.w.org\/{rel}","templated":true}]}}