{"id":3599,"date":"2020-06-01T18:37:47","date_gmt":"2020-06-01T16:37:47","guid":{"rendered":"http:\/\/cepronda.com\/blog\/?p=3599"},"modified":"2020-06-01T18:37:51","modified_gmt":"2020-06-01T16:37:51","slug":"cfgm-de-tecnico-en-produccion-agroecologica-familia-agraria-en-el-ies-andres-perez-serrano","status":"publish","type":"post","link":"https:\/\/cepronda.com\/blog\/cfgm-de-tecnico-en-produccion-agroecologica-familia-agraria-en-el-ies-andres-perez-serrano\/","title":{"rendered":"CFGM de T\u00e9cnico en Producci\u00f3n Agroecol\u00f3gica, Familia Agraria, en el IES Andr\u00e9s P\u00e9rez Serrano"},"content":{"rendered":"\n<p class=\"wp-block-paragraph\">Muy buenas de nuevo familia,<\/p>\n\n\n\n<p class=\"wp-block-paragraph\">Al igual que en a\u00f1os anteriores ayudamos en la difusi\u00f3n del Ciclo Formativo de Grado Medio de T\u00e9cnico en producci\u00f3n agroecol\u00f3gica. Nos han mandado un v\u00eddeo de Youtube, as\u00ed como un tr\u00edptico, lo que compartimos con todas aquellas personas interesadas. Un fuerte abrazo y cuidaros mucho familia.<\/p>\n\n\n\n<figure class=\"wp-block-embed-youtube wp-block-embed is-type-video is-provider-youtube wp-embed-aspect-4-3 wp-has-aspect-ratio\"><div class=\"wp-block-embed__wrapper\">\n<span class=\"embed-youtube\" style=\"text-align:center; display: block;\"><iframe loading=\"lazy\" class=\"youtube-player\" width=\"1170\" height=\"659\" src=\"https:\/\/www.youtube.com\/embed\/Tudi_jSCBY8?version=3&#038;rel=1&#038;showsearch=0&#038;showinfo=1&#038;iv_load_policy=1&#038;fs=1&#038;hl=es-ES&#038;autohide=2&#038;wmode=transparent\" allowfullscreen=\"true\" style=\"border:0;\" sandbox=\"allow-scripts allow-same-origin allow-popups allow-presentation allow-popups-to-escape-sandbox\"><\/iframe><\/span>\n<\/div><\/figure>\n\n\n\n<div class=\"wp-block-file\"><a href=\"http:\/\/cepronda.com\/blog\/wp-content\/uploads\/2020\/06\/Tri\u0301ptico-Produccio\u0301n-Agroecolo\u0301gica-2020.pdf\">Tri\u0301ptico-Produccio\u0301n-Agroecolo\u0301gica-2020<\/a><a href=\"http:\/\/cepronda.com\/blog\/wp-content\/uploads\/2020\/06\/Tri\u0301ptico-Produccio\u0301n-Agroecolo\u0301gica-2020.pdf\" class=\"wp-block-file__button\" download>Descarga<\/a><\/div>\n","protected":false},"excerpt":{"rendered":"<p>Muy buenas de nuevo familia, Al igual que en a\u00f1os anteriores ayudamos en la difusi\u00f3n del Ciclo Formativo de Grado Medio de T\u00e9cnico en producci\u00f3n agroecol\u00f3gica. Nos han mandado un v\u00eddeo de Youtube, as\u00ed como un tr\u00edptico, lo que compartimos con todas aquellas personas interesadas. Un fuerte abrazo y cuidaros mucho familia.<\/p>\n","protected":false},"author":3,"featured_media":1093,"comment_status":"open","ping_status":"open","sticky":false,"template":"","format":"standard","meta":{"_crdt_document":"","advanced_seo_description":"","jetpack_seo_html_title":"","jetpack_seo_noindex":false,"jetpack_post_was_ever_published":false,"_jetpack_newsletter_access":"","_jetpack_dont_email_post_to_subs":false,"_jetpack_newsletter_tier_id":0,"_jetpack_memberships_contains_paywalled_content":false,"_jetpack_memberships_contains_paid_content":false,"footnotes":"","jetpack_publicize_message":"","jetpack_publicize_feature_enabled":true,"jetpack_social_post_already_shared":true,"jetpack_social_options":{"image_generator_settings":{"template":"highway","default_image_id":0,"font":"","enabled":false},"version":2}},"categories":[5],"tags":[133,71],"class_list":{"0":"post-3599","1":"post","2":"type-post","3":"status-publish","4":"format-standard","5":"has-post-thumbnail","7":"category-noticias","8":"tag-ciclo-formativo","9":"tag-formacion-profesional","10":"czr-hentry"},"jetpack_publicize_connections":[],"jetpack_featured_media_url":"https:\/\/i0.wp.com\/cepronda.com\/blog\/wp-content\/uploads\/2017\/05\/video_agricultura_ecol%C3%B3gica.png?fit=934%2C665&ssl=1","jetpack_shortlink":"https:\/\/wp.me\/p8M4X7-W3","jetpack-related-posts":[{"id":5848,"url":"https:\/\/cepronda.com\/blog\/ciclo-formativo-fp-tecnico-en-produccion-agroecologica\/","url_meta":{"origin":3599,"position":0},"title":"CICLO FORMATIVO FP \u00abT\u00c9CNICO EN PRODUCCI\u00d3N AGROECOL\u00d3GICA\u00bb","author":"Mamen Moreno","date":"20 marzo, 2023","format":false,"excerpt":"Conoce uno de nuestros\u00a0 Ciclo Formativos de FP\u00a0 \"T\u00e9cnico en Producci\u00f3n Agroecol\u00f3gica\",\u00a0 en el\u00a0 IES \"Andr\u00e9s P\u00e9rez Serrano\" de Cortes de la Frontera.\u00a0 Si quieres conocer lo que se imparte en este Ciclo Formativo de grado medio pincha en el siguiente enlace: https:\/\/drive.google.com\/file\/d\/1nO0T1SMuFKg0m5Zrc_k2Oo7ILI_cnVhR\/view?usp=drivesdk","rel":"","context":"En \u00abNoticias\u00bb","block_context":{"text":"Noticias","link":"https:\/\/cepronda.com\/blog\/category\/noticias\/"},"img":{"alt_text":"","src":"https:\/\/i0.wp.com\/cepronda.com\/blog\/wp-content\/uploads\/2023\/03\/CURSO-1.jpg?fit=1080%2C1080&ssl=1&resize=350%2C200","width":350,"height":200,"srcset":"https:\/\/i0.wp.com\/cepronda.com\/blog\/wp-content\/uploads\/2023\/03\/CURSO-1.jpg?fit=1080%2C1080&ssl=1&resize=350%2C200 1x, https:\/\/i0.wp.com\/cepronda.com\/blog\/wp-content\/uploads\/2023\/03\/CURSO-1.jpg?fit=1080%2C1080&ssl=1&resize=525%2C300 1.5x, https:\/\/i0.wp.com\/cepronda.com\/blog\/wp-content\/uploads\/2023\/03\/CURSO-1.jpg?fit=1080%2C1080&ssl=1&resize=700%2C400 2x, https:\/\/i0.wp.com\/cepronda.com\/blog\/wp-content\/uploads\/2023\/03\/CURSO-1.jpg?fit=1080%2C1080&ssl=1&resize=1050%2C600 3x"},"classes":[]},{"id":2064,"url":"https:\/\/cepronda.com\/blog\/aplazada-la-rueda-de-prensa-de-presentacion-del-ciclo-formativo-produccion-agroecologica\/","url_meta":{"origin":3599,"position":1},"title":"Aplazada la rueda de prensa de presentaci\u00f3n del ciclo formativo \u00abProducci\u00f3n agroecol\u00f3gica\u00bb","author":"V\u00edctor Caballero","date":"4 junio, 2018","format":false,"excerpt":"Muy buenas,\u00a0 La semana pasada os inform\u00e1bamos de la presentaci\u00f3n del ciclo formativo de \"Producci\u00f3n agroecol\u00f3gica\" del IES Andr\u00e9s P\u00e9rez Serrano que iba a tener el lugar el mi\u00e9rcoles a las 11'30.\u00a0 Pues bien, debido a diversos problemas \u00e9sta queda aplazada. Os informar\u00edamos de la nueva fecha en el caso\u2026","rel":"","context":"En \u00abNoticias\u00bb","block_context":{"text":"Noticias","link":"https:\/\/cepronda.com\/blog\/category\/noticias\/"},"img":{"alt_text":"","src":"https:\/\/i0.wp.com\/cepronda.com\/blog\/wp-content\/uploads\/2017\/05\/video_agricultura_ecol%C3%B3gica.png?fit=934%2C665&ssl=1&resize=350%2C200","width":350,"height":200,"srcset":"https:\/\/i0.wp.com\/cepronda.com\/blog\/wp-content\/uploads\/2017\/05\/video_agricultura_ecol%C3%B3gica.png?fit=934%2C665&ssl=1&resize=350%2C200 1x, https:\/\/i0.wp.com\/cepronda.com\/blog\/wp-content\/uploads\/2017\/05\/video_agricultura_ecol%C3%B3gica.png?fit=934%2C665&ssl=1&resize=525%2C300 1.5x, https:\/\/i0.wp.com\/cepronda.com\/blog\/wp-content\/uploads\/2017\/05\/video_agricultura_ecol%C3%B3gica.png?fit=934%2C665&ssl=1&resize=700%2C400 2x"},"classes":[]},{"id":1970,"url":"https:\/\/cepronda.com\/blog\/presentacion-del-ciclo-formativo-produccion-agroecologica-del-ies-andres-perez-serrano\/","url_meta":{"origin":3599,"position":2},"title":"Presentaci\u00f3n del ciclo formativo \u00abProducci\u00f3n agroecol\u00f3gica\u00bb del IES Andr\u00e9s P\u00e9rez Serrano","author":"V\u00edctor Caballero","date":"28 mayo, 2018","format":false,"excerpt":"\u00a1Hola! El pr\u00f3ximo 6 de junio a las 11\u00b430 de la ma\u00f1ana en nuestro Sal\u00f3n de Actos tendr\u00e1 lugar la presentaci\u00f3n del ciclo formativo de \"Producci\u00f3n agroecol\u00f3gica\" que ofrece desde el curso pasado el IES Andr\u00e9s P\u00e9rez Serrano de Cortes de la Frontera, y a la que queremos invitar a\u2026","rel":"","context":"En \u00abNoticias\u00bb","block_context":{"text":"Noticias","link":"https:\/\/cepronda.com\/blog\/category\/noticias\/"},"img":{"alt_text":"","src":"https:\/\/i0.wp.com\/cepronda.com\/blog\/wp-content\/uploads\/2017\/05\/video_agricultura_ecol%C3%B3gica.png?fit=934%2C665&ssl=1&resize=350%2C200","width":350,"height":200,"srcset":"https:\/\/i0.wp.com\/cepronda.com\/blog\/wp-content\/uploads\/2017\/05\/video_agricultura_ecol%C3%B3gica.png?fit=934%2C665&ssl=1&resize=350%2C200 1x, https:\/\/i0.wp.com\/cepronda.com\/blog\/wp-content\/uploads\/2017\/05\/video_agricultura_ecol%C3%B3gica.png?fit=934%2C665&ssl=1&resize=525%2C300 1.5x, https:\/\/i0.wp.com\/cepronda.com\/blog\/wp-content\/uploads\/2017\/05\/video_agricultura_ecol%C3%B3gica.png?fit=934%2C665&ssl=1&resize=700%2C400 2x"},"classes":[]},{"id":1091,"url":"https:\/\/cepronda.com\/blog\/nuevo-ciclo-formativo-de-grado-medio-en-el-ies-de-cortes\/","url_meta":{"origin":3599,"position":3},"title":"Nuevo ciclo formativo de grado medio en el IES de Cortes","author":"V\u00edctor Caballero","date":"29 mayo, 2017","format":false,"excerpt":"\u00a1Muy buenas! Comenzamos la semana con una buena noticia para nuestra zona, y es que se ampl\u00eda la oferta formativa de ciclos formativos de grado medio con uno muy caracter\u00edstico y propio de nuestra zona, el denominado \"T\u00e9cnico en producci\u00f3n agroecol\u00f3gica\". La informaci\u00f3n nos llega desde el IES Andr\u00e9s P\u00e9rez\u2026","rel":"","context":"En \u00abNoticias\u00bb","block_context":{"text":"Noticias","link":"https:\/\/cepronda.com\/blog\/category\/noticias\/"},"img":{"alt_text":"","src":"https:\/\/i0.wp.com\/cepronda.com\/blog\/wp-content\/uploads\/2017\/05\/video_agricultura_ecol%C3%B3gica.png?fit=934%2C665&ssl=1&resize=350%2C200","width":350,"height":200,"srcset":"https:\/\/i0.wp.com\/cepronda.com\/blog\/wp-content\/uploads\/2017\/05\/video_agricultura_ecol%C3%B3gica.png?fit=934%2C665&ssl=1&resize=350%2C200 1x, https:\/\/i0.wp.com\/cepronda.com\/blog\/wp-content\/uploads\/2017\/05\/video_agricultura_ecol%C3%B3gica.png?fit=934%2C665&ssl=1&resize=525%2C300 1.5x, https:\/\/i0.wp.com\/cepronda.com\/blog\/wp-content\/uploads\/2017\/05\/video_agricultura_ecol%C3%B3gica.png?fit=934%2C665&ssl=1&resize=700%2C400 2x"},"classes":[]},{"id":5378,"url":"https:\/\/cepronda.com\/blog\/fp-agraria-ies-andres-perez-serrano\/","url_meta":{"origin":3599,"position":4},"title":"FP AGRARIA  IES ANDR\u00c9S P\u00c9REZ SERRANO","author":"Maribel Mu\u00f1oz","date":"27 junio, 2022","format":false,"excerpt":"Buenas tardes compa\u00f1eras y compa\u00f1eros, Os recordamos que desde el IES Andr\u00e9s P\u00e9rez Serrano se ofertan, para el pr\u00f3ximo curso, los siguientes ciclos formativos: *CICLO FORMATIVO DE GRADO MEDIO EN APROVECHAMIENTO Y CONSERVACI\u00d3N DEL MEDIO NATURAL *FP DUAL DUAL EN APROVECHAMIENTO Y CONSERVACI\u00d3N DEL MEDIO NATURAL *CICLO FORMATIVO DE GRADO\u2026","rel":"","context":"En \u00abFormaciones\u00bb","block_context":{"text":"Formaciones","link":"https:\/\/cepronda.com\/blog\/category\/formaciones\/"},"img":{"alt_text":"","src":"https:\/\/i0.wp.com\/cepronda.com\/blog\/wp-content\/uploads\/2020\/03\/S%C2%B0mbolo-gen%C3%87rico-RRSS-redondo-negativo.png?fit=1200%2C1200&ssl=1&resize=350%2C200","width":350,"height":200,"srcset":"https:\/\/i0.wp.com\/cepronda.com\/blog\/wp-content\/uploads\/2020\/03\/S%C2%B0mbolo-gen%C3%87rico-RRSS-redondo-negativo.png?fit=1200%2C1200&ssl=1&resize=350%2C200 1x, https:\/\/i0.wp.com\/cepronda.com\/blog\/wp-content\/uploads\/2020\/03\/S%C2%B0mbolo-gen%C3%87rico-RRSS-redondo-negativo.png?fit=1200%2C1200&ssl=1&resize=525%2C300 1.5x, https:\/\/i0.wp.com\/cepronda.com\/blog\/wp-content\/uploads\/2020\/03\/S%C2%B0mbolo-gen%C3%87rico-RRSS-redondo-negativo.png?fit=1200%2C1200&ssl=1&resize=700%2C400 2x, https:\/\/i0.wp.com\/cepronda.com\/blog\/wp-content\/uploads\/2020\/03\/S%C2%B0mbolo-gen%C3%87rico-RRSS-redondo-negativo.png?fit=1200%2C1200&ssl=1&resize=1050%2C600 3x"},"classes":[]},{"id":2817,"url":"https:\/\/cepronda.com\/blog\/ciclos-formativos-en-el-ies-andres-perez-serrano-de-cortes-de-la-frontera\/","url_meta":{"origin":3599,"position":5},"title":"Ciclos Formativos en el IES Andr\u00e9s P\u00e9rez Serrano de Cortes de la Frontera","author":"V\u00edctor Caballero","date":"17 mayo, 2019","format":false,"excerpt":"Muy buenas familia, Compartimos con todos y todas vosotras la interesante oferta formativa de Ciclo Formativos de Formaci\u00f3n Profesional Dual Agraria ofrecidas por el IES Andr\u00e9s P\u00e9rez Serrano. Ademas de con los dos tr\u00edpticos informativos, os dejamos dos v\u00eddeos informando sobre los mismos, y os invitamos a visitar la p\u00e1gina\u2026","rel":"","context":"En \u00abNoticias\u00bb","block_context":{"text":"Noticias","link":"https:\/\/cepronda.com\/blog\/category\/noticias\/"},"img":{"alt_text":"","src":"https:\/\/i0.wp.com\/cepronda.com\/blog\/wp-content\/uploads\/2019\/05\/CFGM_Andres_P%C3%A9rez_Serrano.png?fit=635%2C904&ssl=1&resize=350%2C200","width":350,"height":200,"srcset":"https:\/\/i0.wp.com\/cepronda.com\/blog\/wp-content\/uploads\/2019\/05\/CFGM_Andres_P%C3%A9rez_Serrano.png?fit=635%2C904&ssl=1&resize=350%2C200 1x, https:\/\/i0.wp.com\/cepronda.com\/blog\/wp-content\/uploads\/2019\/05\/CFGM_Andres_P%C3%A9rez_Serrano.png?fit=635%2C904&ssl=1&resize=525%2C300 1.5x"},"classes":[]}],"jetpack_sharing_enabled":true,"_links":{"self":[{"href":"https:\/\/cepronda.com\/blog\/wp-json\/wp\/v2\/posts\/3599","targetHints":{"allow":["GET"]}}],"collection":[{"href":"https:\/\/cepronda.com\/blog\/wp-json\/wp\/v2\/posts"}],"about":[{"href":"https:\/\/cepronda.com\/blog\/wp-json\/wp\/v2\/types\/post"}],"author":[{"embeddable":true,"href":"https:\/\/cepronda.com\/blog\/wp-json\/wp\/v2\/users\/3"}],"replies":[{"embeddable":true,"href":"https:\/\/cepronda.com\/blog\/wp-json\/wp\/v2\/comments?post=3599"}],"version-history":[{"count":1,"href":"https:\/\/cepronda.com\/blog\/wp-json\/wp\/v2\/posts\/3599\/revisions"}],"predecessor-version":[{"id":3601,"href":"https:\/\/cepronda.com\/blog\/wp-json\/wp\/v2\/posts\/3599\/revisions\/3601"}],"wp:featuredmedia":[{"embeddable":true,"href":"https:\/\/cepronda.com\/blog\/wp-json\/wp\/v2\/media\/1093"}],"wp:attachment":[{"href":"https:\/\/cepronda.com\/blog\/wp-json\/wp\/v2\/media?parent=3599"}],"wp:term":[{"taxonomy":"category","embeddable":true,"href":"https:\/\/cepronda.com\/blog\/wp-json\/wp\/v2\/categories?post=3599"},{"taxonomy":"post_tag","embeddable":true,"href":"https:\/\/cepronda.com\/blog\/wp-json\/wp\/v2\/tags?post=3599"}],"curies":[{"name":"wp","href":"https:\/\/api.w.org\/{rel}","templated":true}]}}