{"id":3591,"date":"2020-05-27T12:23:36","date_gmt":"2020-05-27T10:23:36","guid":{"rendered":"http:\/\/cepronda.com\/blog\/?p=3591"},"modified":"2020-05-27T12:23:41","modified_gmt":"2020-05-27T10:23:41","slug":"proteccion-de-datos-y-ciberseguridad-en-entornos-educativos","status":"publish","type":"post","link":"https:\/\/cepronda.com\/blog\/proteccion-de-datos-y-ciberseguridad-en-entornos-educativos\/","title":{"rendered":"Protecci\u00f3n de datos y ciberseguridad en entornos educativos"},"content":{"rendered":"\n<p class=\"wp-block-paragraph\">Muy buenas de nuevo familia, <\/p>\n\n\n\n<p class=\"wp-block-paragraph\">Dado el inter\u00e9s de esta actividad, se ha decidido abrir esta actividad a todo el profesorado interesado. Os dejamos con el <a href=\"https:\/\/www.juntadeandalucia.es\/educacion\/secretariavirtual\/consultaCEP\/actividad\/202924GE083\/\" target=\"_blank\" aria-label=\" (opens in a new tab)\" rel=\"noreferrer noopener\" class=\"aioseop-link\">enlace a la actividad<\/a> donde pod\u00e9is ver los detalles e inscribiros en la misma. Un saludo.<\/p>\n\n\n\n<figure class=\"wp-block-image size-large\"><a href=\"https:\/\/www.juntadeandalucia.es\/educacion\/secretariavirtual\/consultaCEP\/actividad\/202924GE083\/\" target=\"_blank\" rel=\"noopener noreferrer\"><img loading=\"lazy\" decoding=\"async\" width=\"1131\" height=\"1600\" src=\"https:\/\/i0.wp.com\/cepronda.com\/blog\/wp-content\/uploads\/2020\/05\/WhatsApp-Image-2020-05-27-at-12.01.43.jpeg?fit=724%2C1024\" alt=\"\" class=\"wp-image-3592\" srcset=\"https:\/\/i0.wp.com\/cepronda.com\/blog\/wp-content\/uploads\/2020\/05\/WhatsApp-Image-2020-05-27-at-12.01.43.jpeg?w=1131&amp;ssl=1 1131w, https:\/\/i0.wp.com\/cepronda.com\/blog\/wp-content\/uploads\/2020\/05\/WhatsApp-Image-2020-05-27-at-12.01.43.jpeg?resize=212%2C300&amp;ssl=1 212w, https:\/\/i0.wp.com\/cepronda.com\/blog\/wp-content\/uploads\/2020\/05\/WhatsApp-Image-2020-05-27-at-12.01.43.jpeg?resize=724%2C1024&amp;ssl=1 724w, https:\/\/i0.wp.com\/cepronda.com\/blog\/wp-content\/uploads\/2020\/05\/WhatsApp-Image-2020-05-27-at-12.01.43.jpeg?resize=768%2C1086&amp;ssl=1 768w, https:\/\/i0.wp.com\/cepronda.com\/blog\/wp-content\/uploads\/2020\/05\/WhatsApp-Image-2020-05-27-at-12.01.43.jpeg?resize=1086%2C1536&amp;ssl=1 1086w\" sizes=\"auto, (max-width: 1131px) 100vw, 1131px\" \/><\/a><\/figure>\n","protected":false},"excerpt":{"rendered":"<p>Muy buenas de nuevo familia, Dado el inter\u00e9s de esta actividad, se ha decidido abrir esta actividad a todo el profesorado interesado. Os dejamos con el enlace a la actividad donde pod\u00e9is ver los detalles e inscribiros en la misma. Un saludo.<\/p>\n","protected":false},"author":3,"featured_media":3592,"comment_status":"open","ping_status":"open","sticky":false,"template":"","format":"standard","meta":{"_crdt_document":"","advanced_seo_description":"","jetpack_seo_html_title":"","jetpack_seo_noindex":false,"jetpack_post_was_ever_published":false,"_jetpack_newsletter_access":"","_jetpack_dont_email_post_to_subs":false,"_jetpack_newsletter_tier_id":0,"_jetpack_memberships_contains_paywalled_content":false,"_jetpack_memberships_contains_paid_content":false,"footnotes":"","jetpack_publicize_message":"","jetpack_publicize_feature_enabled":true,"jetpack_social_post_already_shared":true,"jetpack_social_options":{"image_generator_settings":{"template":"highway","default_image_id":0,"font":"","enabled":false},"version":2}},"categories":[3],"tags":[198,182],"class_list":{"0":"post-3591","1":"post","2":"type-post","3":"status-publish","4":"format-standard","5":"has-post-thumbnail","7":"category-formaciones","8":"tag-ciberseguridad","9":"tag-tic","10":"czr-hentry"},"jetpack_publicize_connections":[],"jetpack_featured_media_url":"https:\/\/i0.wp.com\/cepronda.com\/blog\/wp-content\/uploads\/2020\/05\/WhatsApp-Image-2020-05-27-at-12.01.43.jpeg?fit=1131%2C1600&ssl=1","jetpack_shortlink":"https:\/\/wp.me\/p8M4X7-VV","jetpack-related-posts":[{"id":7807,"url":"https:\/\/cepronda.com\/blog\/la-ciberseguridad-en-el-ambito-educativo-con-codigo-259922kpf484\/","url_meta":{"origin":3591,"position":0},"title":"\u00abLA CIBERSEGURIDAD EN EL \u00c1MBITO EDUCATIVO\u00bb, con c\u00f3digo\u00a0\u00a0259922KPF484","author":"Inmaculada Garc\u00eda","date":"21 octubre, 2024","format":false,"excerpt":"Abierta la inscripci\u00f3n en el curso provincial, \"LA CIBERSEGURIDAD EN EL \u00c1MBITO EDUCATIVO\", con c\u00f3digo\u00a0\u00a0259922KPF484. Curso a distancia 40 horas, que se desarrollar\u00e1 en el Aula Virtual de Formaci\u00f3n del Profesorado. Internivelar. Inscripci\u00f3n: Del 16 al 23 de octubre de 2024. Realizaci\u00f3n: Del 28\/10\/24 al 15\/01\/2025. Ficha de la actividad:\u2026","rel":"","context":"En \u00abNoticias\u00bb","block_context":{"text":"Noticias","link":"https:\/\/cepronda.com\/blog\/category\/noticias\/"},"img":{"alt_text":"","src":"https:\/\/i0.wp.com\/cepronda.com\/blog\/wp-content\/uploads\/2024\/10\/post_curso_ciberseguridad.jpeg?fit=680%2C680&ssl=1&resize=350%2C200","width":350,"height":200,"srcset":"https:\/\/i0.wp.com\/cepronda.com\/blog\/wp-content\/uploads\/2024\/10\/post_curso_ciberseguridad.jpeg?fit=680%2C680&ssl=1&resize=350%2C200 1x, https:\/\/i0.wp.com\/cepronda.com\/blog\/wp-content\/uploads\/2024\/10\/post_curso_ciberseguridad.jpeg?fit=680%2C680&ssl=1&resize=525%2C300 1.5x"},"classes":[]},{"id":8080,"url":"https:\/\/cepronda.com\/blog\/la-ciberceguridad-en-el-ambito-educativo\/","url_meta":{"origin":3591,"position":1},"title":"LA CIBERSEGURIDAD EN EL \u00c1MBITO EDUCATIVO","author":"Mamen Moreno","date":"27 enero, 2025","format":false,"excerpt":"Se abre el plazo de inscripci\u00f3n de la actividad formativa \"LA CIBERSEGURIDAD EN EL \u00c1MBITO EDUCATIVO\" con c\u00f3digo 259922QPF484 Curso a distancia de 40 horas internivelar Fecha inscripci\u00f3n: 24\/01\/2025 hasta 02\/02\/2025. Fecha actividad: 11\/02\/2025 hasta 10\/04\/2025. M\u00e1s informaci\u00f3n e inscripciones: https:\/\/www.juntadeandalucia.es\/educacion\/secretariavirtual\/consultaCEP\/actividad\/259922QPF484\/","rel":"","context":"En \u00abNoticias\u00bb","block_context":{"text":"Noticias","link":"https:\/\/cepronda.com\/blog\/category\/noticias\/"},"img":{"alt_text":"","src":"https:\/\/i0.wp.com\/cepronda.com\/blog\/wp-content\/uploads\/2025\/01\/image.png?fit=1080%2C1080&ssl=1&resize=350%2C200","width":350,"height":200,"srcset":"https:\/\/i0.wp.com\/cepronda.com\/blog\/wp-content\/uploads\/2025\/01\/image.png?fit=1080%2C1080&ssl=1&resize=350%2C200 1x, https:\/\/i0.wp.com\/cepronda.com\/blog\/wp-content\/uploads\/2025\/01\/image.png?fit=1080%2C1080&ssl=1&resize=525%2C300 1.5x, https:\/\/i0.wp.com\/cepronda.com\/blog\/wp-content\/uploads\/2025\/01\/image.png?fit=1080%2C1080&ssl=1&resize=700%2C400 2x, https:\/\/i0.wp.com\/cepronda.com\/blog\/wp-content\/uploads\/2025\/01\/image.png?fit=1080%2C1080&ssl=1&resize=1050%2C600 3x"},"classes":[]},{"id":3636,"url":"https:\/\/cepronda.com\/blog\/proteccion-de-datos-y-ciberseguridad-en-entornos-educativos-para-equipos-directivos-2\/","url_meta":{"origin":3591,"position":2},"title":"PROTECCI\u00d3N DE DATOS Y CIBERSEGURIDAD EN ENTORNOS EDUCATIVOS PARA EQUIPOS DIRECTIVOS","author":"V\u00edctor Caballero","date":"7 julio, 2020","format":false,"excerpt":"","rel":"","context":"En \u00abFormaciones\u00bb","block_context":{"text":"Formaciones","link":"https:\/\/cepronda.com\/blog\/category\/formaciones\/"},"img":{"alt_text":"","src":"https:\/\/i0.wp.com\/cepronda.com\/blog\/wp-content\/uploads\/2020\/07\/WhatsApp-Image-2020-07-06-at-09.55.13.jpeg?fit=848%2C1200&ssl=1&resize=350%2C200","width":350,"height":200,"srcset":"https:\/\/i0.wp.com\/cepronda.com\/blog\/wp-content\/uploads\/2020\/07\/WhatsApp-Image-2020-07-06-at-09.55.13.jpeg?fit=848%2C1200&ssl=1&resize=350%2C200 1x, https:\/\/i0.wp.com\/cepronda.com\/blog\/wp-content\/uploads\/2020\/07\/WhatsApp-Image-2020-07-06-at-09.55.13.jpeg?fit=848%2C1200&ssl=1&resize=525%2C300 1.5x, https:\/\/i0.wp.com\/cepronda.com\/blog\/wp-content\/uploads\/2020\/07\/WhatsApp-Image-2020-07-06-at-09.55.13.jpeg?fit=848%2C1200&ssl=1&resize=700%2C400 2x"},"classes":[]},{"id":4834,"url":"https:\/\/cepronda.com\/blog\/actividad-formativa-masculinidades-diversas-y-adolescencia-propuesta-practica-2\/","url_meta":{"origin":3591,"position":3},"title":"ACTIVIDAD FORMATIVA MASCULINIDADES DIVERSAS Y ADOLESCENCIA. PROPUESTA PR\u00c1CTICA.","author":"Inmaculada Garc\u00eda","date":"28 octubre, 2021","format":false,"excerpt":"Buenas tardes compa\u00f1eros y compa\u00f1eras, el pr\u00f3ximo 11 de Noviembre comenzar\u00e1 la actividad formativa \"MASCULINIDADES DIVERSAS Y ADOLECENCIA. PROPUESTA PR\u00c1CTICA\" Pod\u00e9is acceder a m\u00e1s informaci\u00f3n y realizar vuestra inscripci\u00f3n en ESTE ENLACE. Esta actividad forma parte de nuestro ITINERARIO FORMATIVO EN CONVIVENCIA E IGUALDAD.\u00a0 Esperamos que sea de vuestro inter\u00e9s.\u00a0\u2026","rel":"","context":"En \u00abNoticias\u00bb","block_context":{"text":"Noticias","link":"https:\/\/cepronda.com\/blog\/category\/noticias\/"},"img":{"alt_text":"","src":"https:\/\/i0.wp.com\/cepronda.com\/blog\/wp-content\/uploads\/2021\/10\/MASCULINIDADES-DIVERSAS-Y-ADOLESCENCIA-PROPUESTA-PRACTICA-1-212x300.jpg?resize=350%2C200","width":350,"height":200},"classes":[]},{"id":2729,"url":"https:\/\/cepronda.com\/blog\/aplazada-actividad-del-teatro-del-oprimido-y-las-oprimidas\/","url_meta":{"origin":3591,"position":4},"title":"Aplazada actividad del Teatro del oprimido y las oprimidas","author":"V\u00edctor Caballero","date":"9 abril, 2019","format":"aside","excerpt":"Os informamos que, por razones de fuerza mayor, se aplaza la actividad \"Teatro del oprimido y las oprimidas\" . Confiamos en poder realizarla a comienzos del pr\u00f3ximo curso. Rogamos disculp\u00e9is las molestias. Un saludo","rel":"","context":"En \u00abNoticias\u00bb","block_context":{"text":"Noticias","link":"https:\/\/cepronda.com\/blog\/category\/noticias\/"},"img":{"alt_text":"","src":"","width":0,"height":0},"classes":[]},{"id":7851,"url":"https:\/\/cepronda.com\/blog\/formaciones-para-ensenanzas-artisticas-danza\/","url_meta":{"origin":3591,"position":5},"title":"FORMACIONES PARA ENSE\u00d1ANZAS ART\u00cdSTICAS. DANZA.","author":"Mamen Moreno","date":"6 noviembre, 2024","format":false,"excerpt":"\u00a0III JORNADAS DE INVESTIGACI\u00d3N EN DANZA DEL CONSERVATORIO SUPERIOR \u00c1NGEL PERICET \u00a0Inscripci\u00f3n: hasta el 14\/11\/2024 \u00a0Actividad: 27\/11\/2024 - 28\/11\/2024 \u00a0Duraci\u00f3n: 10 horas presenciales \u00a0M\u00e1s informaci\u00f3n:\u00a0https:\/\/www.juntadeandalucia.es\/educacion\/secretariavirtual\/consultaCEP\/actividad\/252922GE080\/ \u00a0RECOPILACI\u00d3N DEL REPERTORIO DE LA DANZA ESPA\u00d1OLA \u00a0Inscripci\u00f3n: hasta el 11\/11\/2024 \u00a0Actividad: 19\/11\/2024 - 22\/11\/2024 \u00a0Duraci\u00f3n: 12 Presenciales \u00a0M\u00e1s informaci\u00f3n:\u00a0https:\/\/www.juntadeandalucia.es\/educacion\/secretariavirtual\/consultaCEP\/actividad\/252922GE081\/ \u00a0 \u00a0METODOLOG\u00cdA DE LA DANZA\u2026","rel":"","context":"En \u00abFormaciones\u00bb","block_context":{"text":"Formaciones","link":"https:\/\/cepronda.com\/blog\/category\/formaciones\/"},"img":{"alt_text":"","src":"https:\/\/i0.wp.com\/cepronda.com\/blog\/wp-content\/uploads\/2024\/11\/WhatsApp-Image-2024-10-31-at-12.46.27.jpeg?fit=1080%2C1080&ssl=1&resize=350%2C200","width":350,"height":200,"srcset":"https:\/\/i0.wp.com\/cepronda.com\/blog\/wp-content\/uploads\/2024\/11\/WhatsApp-Image-2024-10-31-at-12.46.27.jpeg?fit=1080%2C1080&ssl=1&resize=350%2C200 1x, https:\/\/i0.wp.com\/cepronda.com\/blog\/wp-content\/uploads\/2024\/11\/WhatsApp-Image-2024-10-31-at-12.46.27.jpeg?fit=1080%2C1080&ssl=1&resize=525%2C300 1.5x, https:\/\/i0.wp.com\/cepronda.com\/blog\/wp-content\/uploads\/2024\/11\/WhatsApp-Image-2024-10-31-at-12.46.27.jpeg?fit=1080%2C1080&ssl=1&resize=700%2C400 2x, https:\/\/i0.wp.com\/cepronda.com\/blog\/wp-content\/uploads\/2024\/11\/WhatsApp-Image-2024-10-31-at-12.46.27.jpeg?fit=1080%2C1080&ssl=1&resize=1050%2C600 3x"},"classes":[]}],"jetpack_sharing_enabled":true,"_links":{"self":[{"href":"https:\/\/cepronda.com\/blog\/wp-json\/wp\/v2\/posts\/3591","targetHints":{"allow":["GET"]}}],"collection":[{"href":"https:\/\/cepronda.com\/blog\/wp-json\/wp\/v2\/posts"}],"about":[{"href":"https:\/\/cepronda.com\/blog\/wp-json\/wp\/v2\/types\/post"}],"author":[{"embeddable":true,"href":"https:\/\/cepronda.com\/blog\/wp-json\/wp\/v2\/users\/3"}],"replies":[{"embeddable":true,"href":"https:\/\/cepronda.com\/blog\/wp-json\/wp\/v2\/comments?post=3591"}],"version-history":[{"count":1,"href":"https:\/\/cepronda.com\/blog\/wp-json\/wp\/v2\/posts\/3591\/revisions"}],"predecessor-version":[{"id":3593,"href":"https:\/\/cepronda.com\/blog\/wp-json\/wp\/v2\/posts\/3591\/revisions\/3593"}],"wp:featuredmedia":[{"embeddable":true,"href":"https:\/\/cepronda.com\/blog\/wp-json\/wp\/v2\/media\/3592"}],"wp:attachment":[{"href":"https:\/\/cepronda.com\/blog\/wp-json\/wp\/v2\/media?parent=3591"}],"wp:term":[{"taxonomy":"category","embeddable":true,"href":"https:\/\/cepronda.com\/blog\/wp-json\/wp\/v2\/categories?post=3591"},{"taxonomy":"post_tag","embeddable":true,"href":"https:\/\/cepronda.com\/blog\/wp-json\/wp\/v2\/tags?post=3591"}],"curies":[{"name":"wp","href":"https:\/\/api.w.org\/{rel}","templated":true}]}}