{"id":3583,"date":"2020-05-14T10:03:20","date_gmt":"2020-05-14T08:03:20","guid":{"rendered":"http:\/\/cepronda.com\/blog\/?p=3583"},"modified":"2020-05-14T10:03:26","modified_gmt":"2020-05-14T08:03:26","slug":"radio-escolar-del-ceip-virgen-de-la-aurora","status":"publish","type":"post","link":"https:\/\/cepronda.com\/blog\/radio-escolar-del-ceip-virgen-de-la-aurora\/","title":{"rendered":"Radio escolar del CEIP Virgen de la Aurora"},"content":{"rendered":"\n<p class=\"wp-block-paragraph\">\u00a1Buenos d\u00edas!<\/p>\n\n\n\n<p class=\"wp-block-paragraph\">El alumnado de 4\u00ba A del CEIP Virgen de la Aurora de Arriate, junto con su maestro Juan Antonio Moreno, inicia un proyecto de\u00a0 RADIO ESCOLAR durante este confinamiento para seguir trabajando de manera competencial bajo la metodolog\u00eda de\u00a0 Aprendizaje Basado en Proyectos, con el objetivo de afianzar el uso de la radio escolar como herramienta para potencia \u00a0el trabajo cooperativo, el uso de las\u00a0\u00a0TIC-TAC y la mejora de la expresi\u00f3n oral y escrita; adem\u00e1s de la realizaci\u00f3n de peque\u00f1as tareas y retos como manejar mesas de mezclas, aplicaciones digitales, montar equipos t\u00e9cnicos, ver programas informativos, preparar las grabaciones y audios, realizar los guiones&#8230;Todo ello con la participaci\u00f3n de un Claustro y un alumnado ilusionado con este fant\u00e1stico proyecto, que tendr\u00e1 su continuidad\u00a0y afianzamiento en los pr\u00f3ximos cursos.El enlace para poder escucharla es:<\/p>\n\n\n\n<p class=\"wp-block-paragraph\"><a rel=\"noreferrer noopener\" href=\"https:\/\/blogsaverroes.juntadeandalucia.es\/ceipvirgendelaaurora\/2020\/05\/13\/radio-escolar-arriadh\/\" target=\"_blank\">https:\/\/blogsaverroes.juntadeandalucia.es\/ceipvirgendelaaurora\/2020\/05\/13\/radio-escolar-arriadh\/<\/a><\/p>\n\n\n\n<figure class=\"wp-block-image size-large\"><a href=\"https:\/\/www.spreaker.com\/user\/9368013\/programa-radio-el-confinamiento\" target=\"_blank\" rel=\"noopener noreferrer\"><img loading=\"lazy\" decoding=\"async\" width=\"1920\" height=\"1280\" src=\"https:\/\/i2.wp.com\/cepronda.com\/blog\/wp-content\/uploads\/2020\/05\/radio-4333412_1920.jpg?fit=1024%2C683\" alt=\"\" class=\"wp-image-3584\" srcset=\"https:\/\/i0.wp.com\/cepronda.com\/blog\/wp-content\/uploads\/2020\/05\/radio-4333412_1920.jpg?w=1920&amp;ssl=1 1920w, https:\/\/i0.wp.com\/cepronda.com\/blog\/wp-content\/uploads\/2020\/05\/radio-4333412_1920.jpg?resize=300%2C200&amp;ssl=1 300w, https:\/\/i0.wp.com\/cepronda.com\/blog\/wp-content\/uploads\/2020\/05\/radio-4333412_1920.jpg?resize=1024%2C683&amp;ssl=1 1024w, https:\/\/i0.wp.com\/cepronda.com\/blog\/wp-content\/uploads\/2020\/05\/radio-4333412_1920.jpg?resize=768%2C512&amp;ssl=1 768w, https:\/\/i0.wp.com\/cepronda.com\/blog\/wp-content\/uploads\/2020\/05\/radio-4333412_1920.jpg?resize=1536%2C1024&amp;ssl=1 1536w\" sizes=\"auto, (max-width: 1170px) 100vw, 1170px\" \/><\/a><\/figure>\n","protected":false},"excerpt":{"rendered":"<p>\u00a1Buenos d\u00edas! El alumnado de 4\u00ba A del CEIP Virgen de la Aurora de Arriate, junto con su maestro Juan Antonio Moreno, inicia un proyecto de\u00a0 RADIO ESCOLAR durante este confinamiento para seguir trabajando de manera competencial bajo la metodolog\u00eda de\u00a0 Aprendizaje Basado en Proyectos, con el objetivo de afianzar el uso de la radio [&hellip;]<\/p>\n","protected":false},"author":3,"featured_media":3584,"comment_status":"open","ping_status":"open","sticky":false,"template":"","format":"standard","meta":{"_crdt_document":"","advanced_seo_description":"","jetpack_seo_html_title":"","jetpack_seo_noindex":false,"jetpack_post_was_ever_published":false,"_jetpack_newsletter_access":"","_jetpack_dont_email_post_to_subs":false,"_jetpack_newsletter_tier_id":0,"_jetpack_memberships_contains_paywalled_content":false,"_jetpack_memberships_contains_paid_content":false,"footnotes":"","jetpack_publicize_message":"Radio escolar del CEIP Virgen de la Aurora","jetpack_publicize_feature_enabled":true,"jetpack_social_post_already_shared":true,"jetpack_social_options":{"image_generator_settings":{"template":"highway","default_image_id":0,"font":"","enabled":false},"version":2}},"categories":[5],"tags":[197],"class_list":{"0":"post-3583","1":"post","2":"type-post","3":"status-publish","4":"format-standard","5":"has-post-thumbnail","7":"category-noticias","8":"tag-radio-escolar","9":"czr-hentry"},"jetpack_publicize_connections":[],"jetpack_featured_media_url":"https:\/\/i0.wp.com\/cepronda.com\/blog\/wp-content\/uploads\/2020\/05\/radio-4333412_1920.jpg?fit=1920%2C1280&ssl=1","jetpack_shortlink":"https:\/\/wp.me\/p8M4X7-VN","jetpack-related-posts":[{"id":4550,"url":"https:\/\/cepronda.com\/blog\/guias-digitales-ceip-virgen-de-la-aurora-escuelas-transformadoras\/","url_meta":{"origin":3583,"position":0},"title":"GU\u00cdAS DIGITALES-CEIP Virgen de la Aurora-ESCUELAS TRANSFORMADORAS","author":"Maribel Mu\u00f1oz","date":"2 julio, 2021","format":false,"excerpt":"Buenas tardes compa\u00f1eras y compa\u00f1eros, Queremos compartir los siguientes materiales elaborados por el alumnado del CEIP Virgen de la Aurora de Arriate, dentro de la FC Escuelas Transformadoras, llevada a cabo en el centro durante los dos \u00faltimos cursos (19\/20-20\/21) GU\u00cdAS DIGITALES DE ARRIATE TRABAJOS FIN DEL PROYECTO: \"Arriate, Nuestro\u2026","rel":"","context":"En \u00abNoticias\u00bb","block_context":{"text":"Noticias","link":"https:\/\/cepronda.com\/blog\/category\/noticias\/"},"img":{"alt_text":"","src":"https:\/\/i0.wp.com\/cepronda.com\/blog\/wp-content\/uploads\/2020\/03\/S%C2%B0mbolo-gen%C3%87rico-RRSS-redondo-negativo.png?fit=1200%2C1200&ssl=1&resize=350%2C200","width":350,"height":200,"srcset":"https:\/\/i0.wp.com\/cepronda.com\/blog\/wp-content\/uploads\/2020\/03\/S%C2%B0mbolo-gen%C3%87rico-RRSS-redondo-negativo.png?fit=1200%2C1200&ssl=1&resize=350%2C200 1x, https:\/\/i0.wp.com\/cepronda.com\/blog\/wp-content\/uploads\/2020\/03\/S%C2%B0mbolo-gen%C3%87rico-RRSS-redondo-negativo.png?fit=1200%2C1200&ssl=1&resize=525%2C300 1.5x, https:\/\/i0.wp.com\/cepronda.com\/blog\/wp-content\/uploads\/2020\/03\/S%C2%B0mbolo-gen%C3%87rico-RRSS-redondo-negativo.png?fit=1200%2C1200&ssl=1&resize=700%2C400 2x, https:\/\/i0.wp.com\/cepronda.com\/blog\/wp-content\/uploads\/2020\/03\/S%C2%B0mbolo-gen%C3%87rico-RRSS-redondo-negativo.png?fit=1200%2C1200&ssl=1&resize=1050%2C600 3x"},"classes":[]},{"id":3500,"url":"https:\/\/cepronda.com\/blog\/ideas-de-nuestros-centros-en-esta-primera-semana-de-confinamiento\/","url_meta":{"origin":3583,"position":1},"title":"Ideas de nuestros centros en esta primera semana de confinamiento","author":"V\u00edctor Caballero","date":"21 marzo, 2020","format":false,"excerpt":"Muy buenas, compartimos con todos y todas vosotras distintas iniciativas de distintos centros que nos est\u00e1n llegando, y que creemos que son muy interesantes y pueden ayudarnos en estos momentos tan complicados. V\u00eddeo de \u00e1nimo del CEIP Virgen de la Cabeza https:\/\/www.youtube.com\/watch?v=i_6gnaHD-5o&feature=youtu.be Reto de m\u00fasica del CEIP Virgen de la\u2026","rel":"","context":"En \u00abNoticias\u00bb","block_context":{"text":"Noticias","link":"https:\/\/cepronda.com\/blog\/category\/noticias\/"},"img":{"alt_text":"","src":"https:\/\/i0.wp.com\/cepronda.com\/blog\/wp-content\/uploads\/2020\/02\/Logo_twitter_cep_ronda-INSTITUCIONAL-Transparente.png?fit=546%2C563&ssl=1&resize=350%2C200","width":350,"height":200,"srcset":"https:\/\/i0.wp.com\/cepronda.com\/blog\/wp-content\/uploads\/2020\/02\/Logo_twitter_cep_ronda-INSTITUCIONAL-Transparente.png?fit=546%2C563&ssl=1&resize=350%2C200 1x, https:\/\/i0.wp.com\/cepronda.com\/blog\/wp-content\/uploads\/2020\/02\/Logo_twitter_cep_ronda-INSTITUCIONAL-Transparente.png?fit=546%2C563&ssl=1&resize=525%2C300 1.5x"},"classes":[]},{"id":2468,"url":"https:\/\/cepronda.com\/blog\/video-contra-la-violencia-de-genero-del-ceip-virgen-de-la-cabeza\/","url_meta":{"origin":3583,"position":2},"title":"V\u00eddeo contra la violencia de g\u00e9nero del CEIP Virgen de la Cabeza","author":"V\u00edctor Caballero","date":"26 noviembre, 2018","format":false,"excerpt":"\u00a1Hola! El viernes tarde recib\u00ed unos de esos regalos que te alegran la tarde. Y es que desde el CEIP Virgen de la Cabeza me hicieron llegar el v\u00eddeo que han preparado con su alumnado como reivindicaci\u00f3n en el 25 de noviembre. Os dejo que disfrut\u00e9is con \u00e9l, y desde\u2026","rel":"","context":"En \u00abNoticias\u00bb","block_context":{"text":"Noticias","link":"https:\/\/cepronda.com\/blog\/category\/noticias\/"},"img":{"alt_text":"","src":"https:\/\/i0.wp.com\/cepronda.com\/blog\/wp-content\/uploads\/2018\/11\/man-101001_1920.jpg?fit=1200%2C848&ssl=1&resize=350%2C200","width":350,"height":200,"srcset":"https:\/\/i0.wp.com\/cepronda.com\/blog\/wp-content\/uploads\/2018\/11\/man-101001_1920.jpg?fit=1200%2C848&ssl=1&resize=350%2C200 1x, https:\/\/i0.wp.com\/cepronda.com\/blog\/wp-content\/uploads\/2018\/11\/man-101001_1920.jpg?fit=1200%2C848&ssl=1&resize=525%2C300 1.5x, https:\/\/i0.wp.com\/cepronda.com\/blog\/wp-content\/uploads\/2018\/11\/man-101001_1920.jpg?fit=1200%2C848&ssl=1&resize=700%2C400 2x, https:\/\/i0.wp.com\/cepronda.com\/blog\/wp-content\/uploads\/2018\/11\/man-101001_1920.jpg?fit=1200%2C848&ssl=1&resize=1050%2C600 3x"},"classes":[]},{"id":2764,"url":"https:\/\/cepronda.com\/blog\/el-misterio-resuelto-en-el-ceip-virgen-de-la-cabeza\/","url_meta":{"origin":3583,"position":3},"title":"El misterio resuelto en el CEIP Virgen de la Cabeza&#8230;","author":"V\u00edctor Caballero","date":"26 abril, 2019","format":false,"excerpt":"Comenz\u00f3 la ma\u00f1ana del jueves lluviosa, esa lluvia de Londres que moja sin mojar...preludio de los misterios a resolver por el alumnado del CEIP Virgen de la Cabeza y preparados con mucho trabajo y cari\u00f1o por el grupo de apoyo a la biblioteca del centro. Tuve la gran suerte de\u2026","rel":"","context":"En \u00abNoticias\u00bb","block_context":{"text":"Noticias","link":"https:\/\/cepronda.com\/blog\/category\/noticias\/"},"img":{"alt_text":"","src":"https:\/\/i0.wp.com\/cepronda.com\/blog\/wp-content\/uploads\/2019\/04\/D%C3%ADa-del-libro-Virgen-de-la-Cabeza.jpeg?fit=1200%2C900&ssl=1&resize=350%2C200","width":350,"height":200,"srcset":"https:\/\/i0.wp.com\/cepronda.com\/blog\/wp-content\/uploads\/2019\/04\/D%C3%ADa-del-libro-Virgen-de-la-Cabeza.jpeg?fit=1200%2C900&ssl=1&resize=350%2C200 1x, https:\/\/i0.wp.com\/cepronda.com\/blog\/wp-content\/uploads\/2019\/04\/D%C3%ADa-del-libro-Virgen-de-la-Cabeza.jpeg?fit=1200%2C900&ssl=1&resize=525%2C300 1.5x, https:\/\/i0.wp.com\/cepronda.com\/blog\/wp-content\/uploads\/2019\/04\/D%C3%ADa-del-libro-Virgen-de-la-Cabeza.jpeg?fit=1200%2C900&ssl=1&resize=700%2C400 2x, https:\/\/i0.wp.com\/cepronda.com\/blog\/wp-content\/uploads\/2019\/04\/D%C3%ADa-del-libro-Virgen-de-la-Cabeza.jpeg?fit=1200%2C900&ssl=1&resize=1050%2C600 3x"},"classes":[]},{"id":1785,"url":"https:\/\/cepronda.com\/blog\/video-final-de-las-actividades-del-dia-del-libro-en-el-ceip-virgen-de-la-cabeza\/","url_meta":{"origin":3583,"position":4},"title":"V\u00eddeo final de las actividades del D\u00eda del Libro en el CEIP Virgen de la Cabeza","author":"V\u00edctor Caballero","date":"7 mayo, 2018","format":false,"excerpt":"Muy buenas,\u00a0 Como os cont\u00e1bamos hace un par de semanas en el CEIP Virgen de la Cabeza\u00a0 estaban realizando un trabajo magn\u00edfico entre el profesorado y el alumnado, tomando como eje el libro de \"La vuelta al mundo en 80 d\u00edas\". Me acaban de pasar el enlace al v\u00eddeo que\u2026","rel":"","context":"En \u00abNoticias\u00bb","block_context":{"text":"Noticias","link":"https:\/\/cepronda.com\/blog\/category\/noticias\/"},"img":{"alt_text":"","src":"https:\/\/i0.wp.com\/cepronda.com\/blog\/wp-content\/uploads\/2018\/04\/002Lisa-mascota-biblio7.jpg?fit=247%2C270&ssl=1&resize=350%2C200","width":350,"height":200},"classes":[]},{"id":2130,"url":"https:\/\/cepronda.com\/blog\/el-dia-de-la-bicicleta-en-el-ceip-virgen-de-la-cabeza\/","url_meta":{"origin":3583,"position":5},"title":"El d\u00eda de la bicicleta en el CEIP Virgen de la Cabeza","author":"V\u00edctor Caballero","date":"11 junio, 2018","format":false,"excerpt":"Muy buenas,\u00a0 Os seguimos contando experiencias magn\u00edficas que est\u00e1is realizando. En este caso volvemos al CEIP Virgen de la Cabeza de Ronda, donde el pasado viernes d\u00eda 8 de junio pudieron disfrutar de su D\u00eda de la Bicicleta. Para ello prepararon actividades de Educaci\u00f3n Vial en un circuito dibujado en\u2026","rel":"","context":"En \u00abNoticias\u00bb","block_context":{"text":"Noticias","link":"https:\/\/cepronda.com\/blog\/category\/noticias\/"},"img":{"alt_text":"","src":"https:\/\/i0.wp.com\/cepronda.com\/blog\/wp-content\/uploads\/2018\/06\/IMG-20180611-WA0001.jpg?fit=1200%2C900&ssl=1&resize=350%2C200","width":350,"height":200,"srcset":"https:\/\/i0.wp.com\/cepronda.com\/blog\/wp-content\/uploads\/2018\/06\/IMG-20180611-WA0001.jpg?fit=1200%2C900&ssl=1&resize=350%2C200 1x, https:\/\/i0.wp.com\/cepronda.com\/blog\/wp-content\/uploads\/2018\/06\/IMG-20180611-WA0001.jpg?fit=1200%2C900&ssl=1&resize=525%2C300 1.5x, https:\/\/i0.wp.com\/cepronda.com\/blog\/wp-content\/uploads\/2018\/06\/IMG-20180611-WA0001.jpg?fit=1200%2C900&ssl=1&resize=700%2C400 2x, https:\/\/i0.wp.com\/cepronda.com\/blog\/wp-content\/uploads\/2018\/06\/IMG-20180611-WA0001.jpg?fit=1200%2C900&ssl=1&resize=1050%2C600 3x"},"classes":[]}],"jetpack_sharing_enabled":true,"_links":{"self":[{"href":"https:\/\/cepronda.com\/blog\/wp-json\/wp\/v2\/posts\/3583","targetHints":{"allow":["GET"]}}],"collection":[{"href":"https:\/\/cepronda.com\/blog\/wp-json\/wp\/v2\/posts"}],"about":[{"href":"https:\/\/cepronda.com\/blog\/wp-json\/wp\/v2\/types\/post"}],"author":[{"embeddable":true,"href":"https:\/\/cepronda.com\/blog\/wp-json\/wp\/v2\/users\/3"}],"replies":[{"embeddable":true,"href":"https:\/\/cepronda.com\/blog\/wp-json\/wp\/v2\/comments?post=3583"}],"version-history":[{"count":1,"href":"https:\/\/cepronda.com\/blog\/wp-json\/wp\/v2\/posts\/3583\/revisions"}],"predecessor-version":[{"id":3585,"href":"https:\/\/cepronda.com\/blog\/wp-json\/wp\/v2\/posts\/3583\/revisions\/3585"}],"wp:featuredmedia":[{"embeddable":true,"href":"https:\/\/cepronda.com\/blog\/wp-json\/wp\/v2\/media\/3584"}],"wp:attachment":[{"href":"https:\/\/cepronda.com\/blog\/wp-json\/wp\/v2\/media?parent=3583"}],"wp:term":[{"taxonomy":"category","embeddable":true,"href":"https:\/\/cepronda.com\/blog\/wp-json\/wp\/v2\/categories?post=3583"},{"taxonomy":"post_tag","embeddable":true,"href":"https:\/\/cepronda.com\/blog\/wp-json\/wp\/v2\/tags?post=3583"}],"curies":[{"name":"wp","href":"https:\/\/api.w.org\/{rel}","templated":true}]}}