{"id":3581,"date":"2020-05-14T08:59:15","date_gmt":"2020-05-14T06:59:15","guid":{"rendered":"http:\/\/cepronda.com\/blog\/?p=3581"},"modified":"2020-05-14T08:59:20","modified_gmt":"2020-05-14T06:59:20","slug":"video-promocional-del-cem-ramon-corrales","status":"publish","type":"post","link":"https:\/\/cepronda.com\/blog\/video-promocional-del-cem-ramon-corrales\/","title":{"rendered":"V\u00eddeo promocional del CEM Ram\u00f3n Corrales"},"content":{"rendered":"\n<p class=\"wp-block-paragraph\">Muy buenas familia, <\/p>\n\n\n\n<p class=\"wp-block-paragraph\">Os dejamos un v\u00eddeo que ha elaborado el claustro del CEM Ram\u00f3n Corrales presentando instrumentos de cuerda. Un saludo.<\/p>\n\n\n\n<figure class=\"wp-block-embed-youtube wp-block-embed is-type-video is-provider-youtube wp-embed-aspect-16-9 wp-has-aspect-ratio\"><div class=\"wp-block-embed__wrapper\">\n<span class=\"embed-youtube\" style=\"text-align:center; display: block;\"><iframe loading=\"lazy\" class=\"youtube-player\" width=\"1170\" height=\"659\" src=\"https:\/\/www.youtube.com\/embed\/-jQQaUtvPfk?version=3&#038;rel=1&#038;showsearch=0&#038;showinfo=1&#038;iv_load_policy=1&#038;fs=1&#038;hl=es-ES&#038;autohide=2&#038;wmode=transparent\" allowfullscreen=\"true\" style=\"border:0;\" sandbox=\"allow-scripts allow-same-origin allow-popups allow-presentation allow-popups-to-escape-sandbox\"><\/iframe><\/span>\n<\/div><\/figure>\n","protected":false},"excerpt":{"rendered":"<p>Muy buenas familia, Os dejamos un v\u00eddeo que ha elaborado el claustro del CEM Ram\u00f3n Corrales presentando instrumentos de cuerda. Un saludo.<\/p>\n","protected":false},"author":3,"featured_media":0,"comment_status":"open","ping_status":"open","sticky":false,"template":"","format":"standard","meta":{"_crdt_document":"","advanced_seo_description":"","jetpack_seo_html_title":"","jetpack_seo_noindex":false,"jetpack_post_was_ever_published":false,"_jetpack_newsletter_access":"","_jetpack_dont_email_post_to_subs":false,"_jetpack_newsletter_tier_id":0,"_jetpack_memberships_contains_paywalled_content":false,"_jetpack_memberships_contains_paid_content":false,"footnotes":"","jetpack_publicize_message":"","jetpack_publicize_feature_enabled":true,"jetpack_social_post_already_shared":true,"jetpack_social_options":{"image_generator_settings":{"template":"highway","default_image_id":0,"font":"","enabled":false},"version":2}},"categories":[5],"tags":[49],"class_list":{"0":"post-3581","1":"post","2":"type-post","3":"status-publish","4":"format-standard","6":"category-noticias","7":"tag-musica","8":"czr-hentry"},"jetpack_publicize_connections":[],"jetpack_featured_media_url":"","jetpack_shortlink":"https:\/\/wp.me\/p8M4X7-VL","jetpack-related-posts":[{"id":4590,"url":"https:\/\/cepronda.com\/blog\/4590-2\/","url_meta":{"origin":3581,"position":0},"title":"JORNADAS DE DIFUSI\u00d3N DEL PROYECTO DE COMUNIDADES DE APRENDIZAJE.","author":"Inmaculada Garc\u00eda","date":"7 septiembre, 2021","format":false,"excerpt":"Buenos d\u00edas compa\u00f1eros y compa\u00f1eras, os informamos sobre unas jornadas con car\u00e1cter provincial para conocer a fondo las actuaciones de \u00e9xito del programa Comunidades de Aprendizaje. Es una oportunidad \u00fanica para acercarse a intervenciones rigurosas y atender adecuadamente la diversidad de nuestras aulas. Ser\u00e1n online, los d\u00edas 5 y 6\u2026","rel":"","context":"En \u00abNoticias\u00bb","block_context":{"text":"Noticias","link":"https:\/\/cepronda.com\/blog\/category\/noticias\/"},"img":{"alt_text":"","src":"https:\/\/i0.wp.com\/cepronda.com\/blog\/wp-content\/uploads\/2021\/09\/WhatsApp-Image-2021-09-06-at-10.57.12.jpeg?fit=1200%2C1200&ssl=1&resize=350%2C200","width":350,"height":200,"srcset":"https:\/\/i0.wp.com\/cepronda.com\/blog\/wp-content\/uploads\/2021\/09\/WhatsApp-Image-2021-09-06-at-10.57.12.jpeg?fit=1200%2C1200&ssl=1&resize=350%2C200 1x, https:\/\/i0.wp.com\/cepronda.com\/blog\/wp-content\/uploads\/2021\/09\/WhatsApp-Image-2021-09-06-at-10.57.12.jpeg?fit=1200%2C1200&ssl=1&resize=525%2C300 1.5x, https:\/\/i0.wp.com\/cepronda.com\/blog\/wp-content\/uploads\/2021\/09\/WhatsApp-Image-2021-09-06-at-10.57.12.jpeg?fit=1200%2C1200&ssl=1&resize=700%2C400 2x, https:\/\/i0.wp.com\/cepronda.com\/blog\/wp-content\/uploads\/2021\/09\/WhatsApp-Image-2021-09-06-at-10.57.12.jpeg?fit=1200%2C1200&ssl=1&resize=1050%2C600 3x"},"classes":[]},{"id":1160,"url":"https:\/\/cepronda.com\/blog\/video-resumen-de-las-v-jornadas-provinciales-de-ef\/","url_meta":{"origin":3581,"position":1},"title":"V\u00eddeo resumen de las V Jornadas Provinciales de EF","author":"V\u00edctor Caballero","date":"12 junio, 2017","format":false,"excerpt":"Muy buenas familia, Empezamos la semana con pilas recargadas...y m\u00e1s despu\u00e9s de visionar este v\u00eddeo realizado por Sergio Carrasco como colof\u00f3n final a las V Jornadas de Educaci\u00f3n F\u00edsica que tuvieron lugar el jueves y viernes pasado. Os recomiendo ver el v\u00eddeo... https:\/\/vimeo.com\/221180461","rel":"","context":"En \u00abNoticias\u00bb","block_context":{"text":"Noticias","link":"https:\/\/cepronda.com\/blog\/category\/noticias\/"},"img":{"alt_text":"","src":"https:\/\/cepronda.com\/blog\/wp-content\/uploads\/2017\/06\/Cartel-Jornadas-EF-junio.bmp","width":350,"height":200,"srcset":"https:\/\/cepronda.com\/blog\/wp-content\/uploads\/2017\/06\/Cartel-Jornadas-EF-junio.bmp 1x, https:\/\/cepronda.com\/blog\/wp-content\/uploads\/2017\/06\/Cartel-Jornadas-EF-junio.bmp 1.5x, https:\/\/cepronda.com\/blog\/wp-content\/uploads\/2017\/06\/Cartel-Jornadas-EF-junio.bmp 2x, https:\/\/cepronda.com\/blog\/wp-content\/uploads\/2017\/06\/Cartel-Jornadas-EF-junio.bmp 3x"},"classes":[]},{"id":4005,"url":"https:\/\/cepronda.com\/blog\/video-tutorial-desarrollo-de-grupos-de-trabajo\/","url_meta":{"origin":3581,"position":2},"title":"VIDEO TUTORIAL DESARROLLO DE GRUPOS DE TRABAJO","author":"Inmaculada Garc\u00eda","date":"25 noviembre, 2020","format":false,"excerpt":"Hola compa\u00f1eros y compa\u00f1eras. Aqu\u00ed os dejamos un video-tutorial con algunas ideas para el desarrollo de vuestros Grupos de Trabajo. \u00a1Esperamos que os sea \u00fatil!\u00a0","rel":"","context":"En \u00abNoticias\u00bb","block_context":{"text":"Noticias","link":"https:\/\/cepronda.com\/blog\/category\/noticias\/"},"img":{"alt_text":"","src":"https:\/\/i0.wp.com\/cepronda.com\/blog\/wp-content\/uploads\/2020\/11\/Captura-de-pantalla-31.png?fit=1200%2C720&ssl=1&resize=350%2C200","width":350,"height":200,"srcset":"https:\/\/i0.wp.com\/cepronda.com\/blog\/wp-content\/uploads\/2020\/11\/Captura-de-pantalla-31.png?fit=1200%2C720&ssl=1&resize=350%2C200 1x, https:\/\/i0.wp.com\/cepronda.com\/blog\/wp-content\/uploads\/2020\/11\/Captura-de-pantalla-31.png?fit=1200%2C720&ssl=1&resize=525%2C300 1.5x, https:\/\/i0.wp.com\/cepronda.com\/blog\/wp-content\/uploads\/2020\/11\/Captura-de-pantalla-31.png?fit=1200%2C720&ssl=1&resize=700%2C400 2x, https:\/\/i0.wp.com\/cepronda.com\/blog\/wp-content\/uploads\/2020\/11\/Captura-de-pantalla-31.png?fit=1200%2C720&ssl=1&resize=1050%2C600 3x"},"classes":[]},{"id":7958,"url":"https:\/\/cepronda.com\/blog\/edicion-digital-sonora-con-video-para-ensenanzas-are\/","url_meta":{"origin":3581,"position":3},"title":"EDICI\u00d3N DIGITAL SONORA CON V\u00cdDEO PARA ENSE\u00d1ANZAS ARE","author":"Mamen Moreno","date":"19 diciembre, 2024","format":false,"excerpt":"Abierto el plazo de inscripci\u00f3n para la formaci\u00f3n a nivel provincial: EDICI\u00d3N DIGITAL SONORA CON V\u00cdDEO PARA ENSE\u00d1ANZAS ARE Inscripci\u00f3n: 19\/12\/2024 a 20\/01\/2025 Actividad: 31\/01\/2025 - 21\/02\/2025 Duraci\u00f3n: 4 semanas M\u00e1s informaci\u00f3n: https:\/\/www.juntadeandalucia.es\/educacion\/secretariavirtual\/consultaCEP\/actividad\/252922GE086\/","rel":"","context":"En \u00abFormaciones\u00bb","block_context":{"text":"Formaciones","link":"https:\/\/cepronda.com\/blog\/category\/formaciones\/"},"img":{"alt_text":"","src":"https:\/\/i0.wp.com\/cepronda.com\/blog\/wp-content\/uploads\/2024\/12\/Imagen-de-WhatsApp-2024-12-18-a-las-17.49.40_2a4403c8-300x300.jpg?resize=350%2C200&ssl=1","width":350,"height":200},"classes":[]},{"id":2474,"url":"https:\/\/cepronda.com\/blog\/video-contra-la-violencia-de-genero-del-ies-profesor-goznalo-huesa\/","url_meta":{"origin":3581,"position":4},"title":"V\u00eddeo contra la violencia de g\u00e9nero del IES Profesor Goznalo Huesa","author":"V\u00edctor Caballero","date":"27 noviembre, 2018","format":false,"excerpt":"Hola de nuevo, Desde el IES Profesor Gonzalo Huesa nos mandan este v\u00eddeo donde podemos ver como el alumnado se pronuncia contra la violencia de g\u00e9nero. Desde el CEP queremos dar la enhorabuena a todo el profesorado y alumnado participante, ya que han hecho un trabajo excelente.\u00a0 Enlace al v\u00eddeo","rel":"","context":"En \u00abNoticias\u00bb","block_context":{"text":"Noticias","link":"https:\/\/cepronda.com\/blog\/category\/noticias\/"},"img":{"alt_text":"","src":"https:\/\/i0.wp.com\/cepronda.com\/blog\/wp-content\/uploads\/2018\/11\/man-101001_1920.jpg?fit=1200%2C848&ssl=1&resize=350%2C200","width":350,"height":200,"srcset":"https:\/\/i0.wp.com\/cepronda.com\/blog\/wp-content\/uploads\/2018\/11\/man-101001_1920.jpg?fit=1200%2C848&ssl=1&resize=350%2C200 1x, https:\/\/i0.wp.com\/cepronda.com\/blog\/wp-content\/uploads\/2018\/11\/man-101001_1920.jpg?fit=1200%2C848&ssl=1&resize=525%2C300 1.5x, https:\/\/i0.wp.com\/cepronda.com\/blog\/wp-content\/uploads\/2018\/11\/man-101001_1920.jpg?fit=1200%2C848&ssl=1&resize=700%2C400 2x, https:\/\/i0.wp.com\/cepronda.com\/blog\/wp-content\/uploads\/2018\/11\/man-101001_1920.jpg?fit=1200%2C848&ssl=1&resize=1050%2C600 3x"},"classes":[]},{"id":2857,"url":"https:\/\/cepronda.com\/blog\/programa-aldea-en-el-cpr-valle-del-guadiaro\/","url_meta":{"origin":3581,"position":5},"title":"Programa ALDEA en el CPR Valle del Guadiaro","author":"V\u00edctor Caballero","date":"30 mayo, 2019","format":false,"excerpt":"Muy buenas queremos compartir con todas y todos vosotros este v\u00eddeo realizado por el CPR Valle del Guadiaro dentro del programa ALDEA. Seguro que os gusta. Enlace al v\u00eddeo","rel":"","context":"En \u00abNoticias\u00bb","block_context":{"text":"Noticias","link":"https:\/\/cepronda.com\/blog\/category\/noticias\/"},"img":{"alt_text":"","src":"https:\/\/i0.wp.com\/cepronda.com\/blog\/wp-content\/uploads\/2019\/05\/valle-del-guadiaro.png?fit=220%2C220&ssl=1&resize=350%2C200","width":350,"height":200},"classes":[]}],"jetpack_sharing_enabled":true,"_links":{"self":[{"href":"https:\/\/cepronda.com\/blog\/wp-json\/wp\/v2\/posts\/3581","targetHints":{"allow":["GET"]}}],"collection":[{"href":"https:\/\/cepronda.com\/blog\/wp-json\/wp\/v2\/posts"}],"about":[{"href":"https:\/\/cepronda.com\/blog\/wp-json\/wp\/v2\/types\/post"}],"author":[{"embeddable":true,"href":"https:\/\/cepronda.com\/blog\/wp-json\/wp\/v2\/users\/3"}],"replies":[{"embeddable":true,"href":"https:\/\/cepronda.com\/blog\/wp-json\/wp\/v2\/comments?post=3581"}],"version-history":[{"count":1,"href":"https:\/\/cepronda.com\/blog\/wp-json\/wp\/v2\/posts\/3581\/revisions"}],"predecessor-version":[{"id":3582,"href":"https:\/\/cepronda.com\/blog\/wp-json\/wp\/v2\/posts\/3581\/revisions\/3582"}],"wp:attachment":[{"href":"https:\/\/cepronda.com\/blog\/wp-json\/wp\/v2\/media?parent=3581"}],"wp:term":[{"taxonomy":"category","embeddable":true,"href":"https:\/\/cepronda.com\/blog\/wp-json\/wp\/v2\/categories?post=3581"},{"taxonomy":"post_tag","embeddable":true,"href":"https:\/\/cepronda.com\/blog\/wp-json\/wp\/v2\/tags?post=3581"}],"curies":[{"name":"wp","href":"https:\/\/api.w.org\/{rel}","templated":true}]}}