{"id":3573,"date":"2020-05-06T12:49:35","date_gmt":"2020-05-06T10:49:35","guid":{"rendered":"http:\/\/cepronda.com\/blog\/?p=3573"},"modified":"2020-05-06T12:49:40","modified_gmt":"2020-05-06T10:49:40","slug":"ultima-oportunidad-para-inscribiros-en-el-curso-de-recursos-on-line-para-infantil","status":"publish","type":"post","link":"https:\/\/cepronda.com\/blog\/ultima-oportunidad-para-inscribiros-en-el-curso-de-recursos-on-line-para-infantil\/","title":{"rendered":"\u00daltima oportunidad para inscribiros en el curso de Recursos on line para Infantil"},"content":{"rendered":"\n<p class=\"wp-block-paragraph\">Muy buenas familia, <\/p>\n\n\n\n<p class=\"wp-block-paragraph\">Sabemos que muchas de vosotras ya os hab\u00e9is inscrito en la actividad, y debido a la alta demanda vamos a dividir el grupo, as\u00ed que si quer\u00e9is inscribiros esta es vuestra \u00faltima oportunidad. Os dejamos con el <a href=\"https:\/\/www.juntadeandalucia.es\/educacion\/secretariavirtual\/consultaCEP\/actividad\/202924GE081\/\" target=\"_blank\" aria-label=\" (opens in a new tab)\" rel=\"noreferrer noopener\" class=\"aioseop-link\">enlace<\/a>.<\/p>\n\n\n\n<figure class=\"wp-block-image size-large\"><a href=\"https:\/\/www.juntadeandalucia.es\/educacion\/secretariavirtual\/consultaCEP\/actividad\/202924GE081\/\" target=\"_blank\" rel=\"noopener noreferrer\"><img loading=\"lazy\" decoding=\"async\" width=\"1587\" height=\"2245\" src=\"https:\/\/i1.wp.com\/cepronda.com\/blog\/wp-content\/uploads\/2020\/05\/RECURSOS-DIGITALES-2-1.jpg?fit=724%2C1024\" alt=\"\" class=\"wp-image-3575\" srcset=\"https:\/\/i0.wp.com\/cepronda.com\/blog\/wp-content\/uploads\/2020\/05\/RECURSOS-DIGITALES-2-1.jpg?w=1587&amp;ssl=1 1587w, https:\/\/i0.wp.com\/cepronda.com\/blog\/wp-content\/uploads\/2020\/05\/RECURSOS-DIGITALES-2-1.jpg?resize=212%2C300&amp;ssl=1 212w, https:\/\/i0.wp.com\/cepronda.com\/blog\/wp-content\/uploads\/2020\/05\/RECURSOS-DIGITALES-2-1.jpg?resize=724%2C1024&amp;ssl=1 724w, https:\/\/i0.wp.com\/cepronda.com\/blog\/wp-content\/uploads\/2020\/05\/RECURSOS-DIGITALES-2-1.jpg?resize=768%2C1086&amp;ssl=1 768w, https:\/\/i0.wp.com\/cepronda.com\/blog\/wp-content\/uploads\/2020\/05\/RECURSOS-DIGITALES-2-1.jpg?resize=1086%2C1536&amp;ssl=1 1086w, https:\/\/i0.wp.com\/cepronda.com\/blog\/wp-content\/uploads\/2020\/05\/RECURSOS-DIGITALES-2-1.jpg?resize=1448%2C2048&amp;ssl=1 1448w\" sizes=\"auto, (max-width: 1170px) 100vw, 1170px\" \/><\/a><\/figure>\n","protected":false},"excerpt":{"rendered":"<p>Muy buenas familia, Sabemos que muchas de vosotras ya os hab\u00e9is inscrito en la actividad, y debido a la alta demanda vamos a dividir el grupo, as\u00ed que si quer\u00e9is inscribiros esta es vuestra \u00faltima oportunidad. Os dejamos con el enlace.<\/p>\n","protected":false},"author":3,"featured_media":0,"comment_status":"open","ping_status":"open","sticky":false,"template":"","format":"standard","meta":{"_crdt_document":"","advanced_seo_description":"","jetpack_seo_html_title":"","jetpack_seo_noindex":false,"jetpack_post_was_ever_published":false,"_jetpack_newsletter_access":"","_jetpack_dont_email_post_to_subs":false,"_jetpack_newsletter_tier_id":0,"_jetpack_memberships_contains_paywalled_content":false,"_jetpack_memberships_contains_paid_content":false,"footnotes":"","jetpack_publicize_message":"","jetpack_publicize_feature_enabled":true,"jetpack_social_post_already_shared":true,"jetpack_social_options":{"image_generator_settings":{"template":"highway","default_image_id":0,"font":"","enabled":false},"version":2}},"categories":[3],"tags":[23],"class_list":{"0":"post-3573","1":"post","2":"type-post","3":"status-publish","4":"format-standard","6":"category-formaciones","7":"tag-educacion-infantil","8":"czr-hentry"},"jetpack_publicize_connections":[],"jetpack_featured_media_url":"","jetpack_shortlink":"https:\/\/wp.me\/p8M4X7-VD","jetpack-related-posts":[{"id":3393,"url":"https:\/\/cepronda.com\/blog\/rutinas-en-educacion-infantil-una-perspectiva-innovadora-2\/","url_meta":{"origin":3573,"position":0},"title":"Rutinas en Educaci\u00f3n Infantil: una perspectiva innovadora","author":"V\u00edctor Caballero","date":"10 febrero, 2020","format":false,"excerpt":"Muy buenas familia, Os recordamos que quedan pocos d\u00edas para inscribiros en esta actividad dirigida a las personas docentes de Educaci\u00f3n Infantil y donde podemos aprender much\u00edsimo. Os dejamos con el enlace a la ficha de la actividad para inscribiros y con el cartel con todas las fechas y temas.","rel":"","context":"En \u00abFormaciones\u00bb","block_context":{"text":"Formaciones","link":"https:\/\/cepronda.com\/blog\/category\/formaciones\/"},"img":{"alt_text":"","src":"https:\/\/i0.wp.com\/cepronda.com\/blog\/wp-content\/uploads\/2020\/01\/Ed._Infantil.png?fit=657%2C929&ssl=1&resize=350%2C200","width":350,"height":200,"srcset":"https:\/\/i0.wp.com\/cepronda.com\/blog\/wp-content\/uploads\/2020\/01\/Ed._Infantil.png?fit=657%2C929&ssl=1&resize=350%2C200 1x, https:\/\/i0.wp.com\/cepronda.com\/blog\/wp-content\/uploads\/2020\/01\/Ed._Infantil.png?fit=657%2C929&ssl=1&resize=525%2C300 1.5x"},"classes":[]},{"id":3378,"url":"https:\/\/cepronda.com\/blog\/rutinas-en-educacion-infantil-una-perspectiva-innovadora\/","url_meta":{"origin":3573,"position":1},"title":"RUTINAS EN EDUCACI\u00d3N INFANTIL: UNA PERSPECTIVA INNOVADORA.","author":"V\u00edctor Caballero","date":"31 enero, 2020","format":false,"excerpt":"Muy buenas familia de Infantil, Abrimos el plazo de inscripci\u00f3n para esta actividad dirigida a todo el profesorado de Educaci\u00f3n Infantil. Para ver los detalles, las fechas e inscribiros s\u00f3lo ten\u00e9is que seguir este enlace. Os animamos a participar, seguro que seguimos aprendiendo un mont\u00f3n.","rel":"","context":"En \u00abFormaciones\u00bb","block_context":{"text":"Formaciones","link":"https:\/\/cepronda.com\/blog\/category\/formaciones\/"},"img":{"alt_text":"","src":"https:\/\/i0.wp.com\/cepronda.com\/blog\/wp-content\/uploads\/2020\/01\/Ed._Infantil.png?fit=657%2C929&ssl=1&resize=350%2C200","width":350,"height":200,"srcset":"https:\/\/i0.wp.com\/cepronda.com\/blog\/wp-content\/uploads\/2020\/01\/Ed._Infantil.png?fit=657%2C929&ssl=1&resize=350%2C200 1x, https:\/\/i0.wp.com\/cepronda.com\/blog\/wp-content\/uploads\/2020\/01\/Ed._Infantil.png?fit=657%2C929&ssl=1&resize=525%2C300 1.5x"},"classes":[]},{"id":2374,"url":"https:\/\/cepronda.com\/blog\/curso-de-actualizacion-didactica-y-metodologica-en-el-area-de-ingles-para-infantil-y-primaria\/","url_meta":{"origin":3573,"position":2},"title":"CURSO DE ACTUALIZACI\u00d3N DID\u00c1CTICA Y METODOL\u00d3GICA EN EL \u00c1REA DE INGL\u00c9S PARA INFANTIL Y PRIMARIA","author":"V\u00edctor Caballero","date":"9 octubre, 2018","format":false,"excerpt":"Hello! How are you? Os anunciamos que acabamos de abrir esta actividad dirigida a las personas especialistas de ingl\u00e9s de Educaci\u00f3n Primaria, y que creemos que os puede resultar de gran inter\u00e9s y ayuda. Contamos con la suerte de tener como ponente a una de las componentes del red de\u2026","rel":"","context":"En \u00abFormaciones\u00bb","block_context":{"text":"Formaciones","link":"https:\/\/cepronda.com\/blog\/category\/formaciones\/"},"img":{"alt_text":"","src":"https:\/\/i0.wp.com\/cepronda.com\/blog\/wp-content\/uploads\/2018\/10\/american-1209605_1920.jpg?fit=1200%2C800&ssl=1&resize=350%2C200","width":350,"height":200,"srcset":"https:\/\/i0.wp.com\/cepronda.com\/blog\/wp-content\/uploads\/2018\/10\/american-1209605_1920.jpg?fit=1200%2C800&ssl=1&resize=350%2C200 1x, https:\/\/i0.wp.com\/cepronda.com\/blog\/wp-content\/uploads\/2018\/10\/american-1209605_1920.jpg?fit=1200%2C800&ssl=1&resize=525%2C300 1.5x, https:\/\/i0.wp.com\/cepronda.com\/blog\/wp-content\/uploads\/2018\/10\/american-1209605_1920.jpg?fit=1200%2C800&ssl=1&resize=700%2C400 2x, https:\/\/i0.wp.com\/cepronda.com\/blog\/wp-content\/uploads\/2018\/10\/american-1209605_1920.jpg?fit=1200%2C800&ssl=1&resize=1050%2C600 3x"},"classes":[]},{"id":2536,"url":"https:\/\/cepronda.com\/blog\/metodologia-abn-para-infantil\/","url_meta":{"origin":3573,"position":3},"title":"METODOLOG\u00cdA ABN PARA INFANTIL","author":"V\u00edctor Caballero","date":"10 diciembre, 2018","format":false,"excerpt":"\u00a1Hola de nuevo! Acabamos de abrir el plazo de inscripci\u00f3n para la actividad \"Metodolog\u00eda ABN para Educaci\u00f3n Infantil\", con el objetivo de acercar al profesorado de Educaci\u00f3n infantil al m\u00e9todo ABN con la intenci\u00f3n de desarrollar y mejorar la competencia matem\u00e1tica en el alumnado de esta etapa educativa. Para poder\u2026","rel":"","context":"En \u00abFormaciones\u00bb","block_context":{"text":"Formaciones","link":"https:\/\/cepronda.com\/blog\/category\/formaciones\/"},"img":{"alt_text":"","src":"https:\/\/i0.wp.com\/cepronda.com\/blog\/wp-content\/uploads\/2018\/12\/mathematics-1044087_1920.jpg?fit=1200%2C1200&ssl=1&resize=350%2C200","width":350,"height":200,"srcset":"https:\/\/i0.wp.com\/cepronda.com\/blog\/wp-content\/uploads\/2018\/12\/mathematics-1044087_1920.jpg?fit=1200%2C1200&ssl=1&resize=350%2C200 1x, https:\/\/i0.wp.com\/cepronda.com\/blog\/wp-content\/uploads\/2018\/12\/mathematics-1044087_1920.jpg?fit=1200%2C1200&ssl=1&resize=525%2C300 1.5x, https:\/\/i0.wp.com\/cepronda.com\/blog\/wp-content\/uploads\/2018\/12\/mathematics-1044087_1920.jpg?fit=1200%2C1200&ssl=1&resize=700%2C400 2x, https:\/\/i0.wp.com\/cepronda.com\/blog\/wp-content\/uploads\/2018\/12\/mathematics-1044087_1920.jpg?fit=1200%2C1200&ssl=1&resize=1050%2C600 3x"},"classes":[]},{"id":1503,"url":"https:\/\/cepronda.com\/blog\/curso-musica-y-danza-como-metodo-de-resolucion-de-conflictos\/","url_meta":{"origin":3573,"position":4},"title":"Curso \u00abM\u00fasica y danza como m\u00e9todo de resoluci\u00f3n de conflictos\u00bb","author":"V\u00edctor Caballero","date":"18 diciembre, 2017","format":false,"excerpt":"\u00a1Hola!\u00a0 En esta \u00faltima semana antes de las merecid\u00edsimas vacaciones de Navidad seguimos ofertando cursos que pueden resultar de vuestro inter\u00e9s. En este caso se trata de un curso que ha salido como respuesta a un Grupo de Trabajo del IES P\u00e9rez de Guzm\u00e1n, aunque hemos pensado abrirlo al resto\u2026","rel":"","context":"En \u00abFormaciones\u00bb","block_context":{"text":"Formaciones","link":"https:\/\/cepronda.com\/blog\/category\/formaciones\/"},"img":{"alt_text":"","src":"https:\/\/i0.wp.com\/cepronda.com\/blog\/wp-content\/uploads\/2017\/12\/freedom-307791_640.png?resize=350%2C200","width":350,"height":200,"srcset":"https:\/\/i0.wp.com\/cepronda.com\/blog\/wp-content\/uploads\/2017\/12\/freedom-307791_640.png?resize=350%2C200 1x, https:\/\/i0.wp.com\/cepronda.com\/blog\/wp-content\/uploads\/2017\/12\/freedom-307791_640.png?resize=525%2C300 1.5x"},"classes":[]},{"id":3199,"url":"https:\/\/cepronda.com\/blog\/scratch-makey-makey-y-robotica\/","url_meta":{"origin":3573,"position":5},"title":"SCRATCH, MAKEY MAKEY Y ROB\u00d3TICA","author":"V\u00edctor Caballero","date":"28 noviembre, 2019","format":false,"excerpt":"Muy buenas familia, Abrimos el plazo de inscripci\u00f3n para esta actividad que dar\u00e1 comienzo justo a la vuelta de las vacaciones de Navidad, el 8 de enero. En esta actividad intentaremos dar respuesta a todas esas demandas que estamos teniendo en los \u00faltimos a\u00f1os sobre como trabajar en nuestras clases\u2026","rel":"","context":"En \u00abFormaciones\u00bb","block_context":{"text":"Formaciones","link":"https:\/\/cepronda.com\/blog\/category\/formaciones\/"},"img":{"alt_text":"","src":"https:\/\/i0.wp.com\/cepronda.com\/blog\/wp-content\/uploads\/2019\/11\/scratch.png?fit=646%2C912&ssl=1&resize=350%2C200","width":350,"height":200,"srcset":"https:\/\/i0.wp.com\/cepronda.com\/blog\/wp-content\/uploads\/2019\/11\/scratch.png?fit=646%2C912&ssl=1&resize=350%2C200 1x, https:\/\/i0.wp.com\/cepronda.com\/blog\/wp-content\/uploads\/2019\/11\/scratch.png?fit=646%2C912&ssl=1&resize=525%2C300 1.5x"},"classes":[]}],"jetpack_sharing_enabled":true,"_links":{"self":[{"href":"https:\/\/cepronda.com\/blog\/wp-json\/wp\/v2\/posts\/3573","targetHints":{"allow":["GET"]}}],"collection":[{"href":"https:\/\/cepronda.com\/blog\/wp-json\/wp\/v2\/posts"}],"about":[{"href":"https:\/\/cepronda.com\/blog\/wp-json\/wp\/v2\/types\/post"}],"author":[{"embeddable":true,"href":"https:\/\/cepronda.com\/blog\/wp-json\/wp\/v2\/users\/3"}],"replies":[{"embeddable":true,"href":"https:\/\/cepronda.com\/blog\/wp-json\/wp\/v2\/comments?post=3573"}],"version-history":[{"count":1,"href":"https:\/\/cepronda.com\/blog\/wp-json\/wp\/v2\/posts\/3573\/revisions"}],"predecessor-version":[{"id":3576,"href":"https:\/\/cepronda.com\/blog\/wp-json\/wp\/v2\/posts\/3573\/revisions\/3576"}],"wp:attachment":[{"href":"https:\/\/cepronda.com\/blog\/wp-json\/wp\/v2\/media?parent=3573"}],"wp:term":[{"taxonomy":"category","embeddable":true,"href":"https:\/\/cepronda.com\/blog\/wp-json\/wp\/v2\/categories?post=3573"},{"taxonomy":"post_tag","embeddable":true,"href":"https:\/\/cepronda.com\/blog\/wp-json\/wp\/v2\/tags?post=3573"}],"curies":[{"name":"wp","href":"https:\/\/api.w.org\/{rel}","templated":true}]}}