{"id":3555,"date":"2020-04-27T09:50:01","date_gmt":"2020-04-27T07:50:01","guid":{"rendered":"http:\/\/cepronda.com\/blog\/?p=3555"},"modified":"2020-04-27T09:50:07","modified_gmt":"2020-04-27T07:50:07","slug":"estres-autorregulacion-y-resiliencia-en-situacion-de-confinamiento-informacion-importante","status":"publish","type":"post","link":"https:\/\/cepronda.com\/blog\/estres-autorregulacion-y-resiliencia-en-situacion-de-confinamiento-informacion-importante\/","title":{"rendered":"ESTR\u00c9S, AUTORREGULACI\u00d3N Y RESILIENCIA EN SITUACI\u00d3N DE CONFINAMIENTO. INFORMACI\u00d3N IMPORTANTE"},"content":{"rendered":"\n<p class=\"wp-block-paragraph\">Muy buenas familia, <\/p>\n\n\n\n<p class=\"wp-block-paragraph\">Comunicamos a todas las personas inscritas en el curso de ESTR\u00c9S, AUTORREGULACI\u00d3N Y RESILIENCIA EN SITUACI\u00d3N DE CONFINAMIENTO, que adelantamos la primera sesi\u00f3n a este pr\u00f3ximo mi\u00e9rcoles. Deciros que os hemos mandado un correo electr\u00f3nico con toda la informaci\u00f3n, as\u00ed que revisad vuestra bandeja de correo, ya que en este correo hab\u00e9is recibido toda la informaci\u00f3n necesaria para poder acceder al aula. Asimismo comentaros que el correo electr\u00f3nico al que os hemos enviado la informaci\u00f3n es el que aparece en vuestro perfil de S\u00e9neca. <\/p>\n\n\n\n<p class=\"wp-block-paragraph\">Un saludo y nos vemos el mi\u00e9rcoles a las 16 horas de forma virtual. <\/p>\n\n\n\n<figure class=\"wp-block-image size-large\"><img data-recalc-dims=\"1\" loading=\"lazy\" decoding=\"async\" width=\"1024\" height=\"683\" src=\"https:\/\/i0.wp.com\/cepronda.com\/blog\/wp-content\/uploads\/2020\/04\/heart-4682756_1920-1024x683.jpg?resize=1024%2C683\" alt=\"\" class=\"wp-image-3552\" srcset=\"https:\/\/i0.wp.com\/cepronda.com\/blog\/wp-content\/uploads\/2020\/04\/heart-4682756_1920.jpg?resize=1024%2C683&amp;ssl=1 1024w, https:\/\/i0.wp.com\/cepronda.com\/blog\/wp-content\/uploads\/2020\/04\/heart-4682756_1920.jpg?resize=300%2C200&amp;ssl=1 300w, https:\/\/i0.wp.com\/cepronda.com\/blog\/wp-content\/uploads\/2020\/04\/heart-4682756_1920.jpg?resize=768%2C512&amp;ssl=1 768w, https:\/\/i0.wp.com\/cepronda.com\/blog\/wp-content\/uploads\/2020\/04\/heart-4682756_1920.jpg?resize=1536%2C1024&amp;ssl=1 1536w, https:\/\/i0.wp.com\/cepronda.com\/blog\/wp-content\/uploads\/2020\/04\/heart-4682756_1920.jpg?w=1920&amp;ssl=1 1920w\" sizes=\"auto, (max-width: 1024px) 100vw, 1024px\" \/><\/figure>\n","protected":false},"excerpt":{"rendered":"<p>Muy buenas familia, Comunicamos a todas las personas inscritas en el curso de ESTR\u00c9S, AUTORREGULACI\u00d3N Y RESILIENCIA EN SITUACI\u00d3N DE CONFINAMIENTO, que adelantamos la primera sesi\u00f3n a este pr\u00f3ximo mi\u00e9rcoles. Deciros que os hemos mandado un correo electr\u00f3nico con toda la informaci\u00f3n, as\u00ed que revisad vuestra bandeja de correo, ya que en este correo hab\u00e9is [&hellip;]<\/p>\n","protected":false},"author":3,"featured_media":3552,"comment_status":"open","ping_status":"open","sticky":false,"template":"","format":"standard","meta":{"_crdt_document":"","advanced_seo_description":"","jetpack_seo_html_title":"","jetpack_seo_noindex":false,"jetpack_post_was_ever_published":false,"_jetpack_newsletter_access":"","_jetpack_dont_email_post_to_subs":false,"_jetpack_newsletter_tier_id":0,"_jetpack_memberships_contains_paywalled_content":false,"_jetpack_memberships_contains_paid_content":false,"footnotes":"","jetpack_publicize_message":"","jetpack_publicize_feature_enabled":true,"jetpack_social_post_already_shared":true,"jetpack_social_options":{"image_generator_settings":{"template":"highway","default_image_id":0,"font":"","enabled":false},"version":2}},"categories":[3,5],"tags":[104],"class_list":{"0":"post-3555","1":"post","2":"type-post","3":"status-publish","4":"format-standard","5":"has-post-thumbnail","7":"category-formaciones","8":"category-noticias","9":"tag-educacion-emocional","10":"czr-hentry"},"jetpack_publicize_connections":[],"jetpack_featured_media_url":"https:\/\/i0.wp.com\/cepronda.com\/blog\/wp-content\/uploads\/2020\/04\/heart-4682756_1920.jpg?fit=1920%2C1280&ssl=1","jetpack_shortlink":"https:\/\/wp.me\/p8M4X7-Vl","jetpack-related-posts":[{"id":3564,"url":"https:\/\/cepronda.com\/blog\/srgunda-edicion-de-curso-estres-autorregulacion-y-resiliencia-en-situacion-de-confinamiento\/","url_meta":{"origin":3555,"position":0},"title":"Segunda edici\u00f3n de curso Estr\u00e9s, autorregulaci\u00f3n y resiliencia en  situaci\u00f3n de confinamiento","author":"V\u00edctor Caballero","date":"29 abril, 2020","format":false,"excerpt":"Muy buenas familia, Dado el \u00e9xito de solicitudes del curso que comienza hoy, hemos decidido abrir una segunda edici\u00f3n para aquellas personas que se han quedado sin plaza. Como ver\u00e9is el plazo de inscripci\u00f3n es muy corto, as\u00ed que os recomendamos que hag\u00e1is vuestra inscripci\u00f3n ya si ten\u00e9is inter\u00e9s en\u2026","rel":"","context":"En \u00abFormaciones\u00bb","block_context":{"text":"Formaciones","link":"https:\/\/cepronda.com\/blog\/category\/formaciones\/"},"img":{"alt_text":"","src":"https:\/\/i0.wp.com\/cepronda.com\/blog\/wp-content\/uploads\/2020\/04\/heart-4682756_1920-1.jpg?fit=1200%2C800&ssl=1&resize=350%2C200","width":350,"height":200,"srcset":"https:\/\/i0.wp.com\/cepronda.com\/blog\/wp-content\/uploads\/2020\/04\/heart-4682756_1920-1.jpg?fit=1200%2C800&ssl=1&resize=350%2C200 1x, https:\/\/i0.wp.com\/cepronda.com\/blog\/wp-content\/uploads\/2020\/04\/heart-4682756_1920-1.jpg?fit=1200%2C800&ssl=1&resize=525%2C300 1.5x, https:\/\/i0.wp.com\/cepronda.com\/blog\/wp-content\/uploads\/2020\/04\/heart-4682756_1920-1.jpg?fit=1200%2C800&ssl=1&resize=700%2C400 2x, https:\/\/i0.wp.com\/cepronda.com\/blog\/wp-content\/uploads\/2020\/04\/heart-4682756_1920-1.jpg?fit=1200%2C800&ssl=1&resize=1050%2C600 3x"},"classes":[]},{"id":3551,"url":"https:\/\/cepronda.com\/blog\/estres-autorregulacion-y-resiliencia-en-situacion-de-confinamiento\/","url_meta":{"origin":3555,"position":1},"title":"ESTR\u00c9S, AUTORREGULACI\u00d3N Y RESILIENCIA EN SITUACI\u00d3N DE CONFINAMIENTO","author":"V\u00edctor Caballero","date":"20 abril, 2020","format":false,"excerpt":"Muy buenas familia, Intentando dar respuesta a muchas de las preguntas que nos estamos haciendo a nivel emocional, y como responder a las mismas tanto actualmente como a la vuelta con el alumnado y familias, hemos decidido proponeros esta actividad formativa, que creemos puede ser de vuestro inter\u00e9s, con la\u2026","rel":"","context":"En \u00abFormaciones\u00bb","block_context":{"text":"Formaciones","link":"https:\/\/cepronda.com\/blog\/category\/formaciones\/"},"img":{"alt_text":"","src":"https:\/\/i0.wp.com\/cepronda.com\/blog\/wp-content\/uploads\/2020\/04\/heart-4682756_1920.jpg?fit=1200%2C800&ssl=1&resize=350%2C200","width":350,"height":200,"srcset":"https:\/\/i0.wp.com\/cepronda.com\/blog\/wp-content\/uploads\/2020\/04\/heart-4682756_1920.jpg?fit=1200%2C800&ssl=1&resize=350%2C200 1x, https:\/\/i0.wp.com\/cepronda.com\/blog\/wp-content\/uploads\/2020\/04\/heart-4682756_1920.jpg?fit=1200%2C800&ssl=1&resize=525%2C300 1.5x, https:\/\/i0.wp.com\/cepronda.com\/blog\/wp-content\/uploads\/2020\/04\/heart-4682756_1920.jpg?fit=1200%2C800&ssl=1&resize=700%2C400 2x, https:\/\/i0.wp.com\/cepronda.com\/blog\/wp-content\/uploads\/2020\/04\/heart-4682756_1920.jpg?fit=1200%2C800&ssl=1&resize=1050%2C600 3x"},"classes":[]},{"id":4691,"url":"https:\/\/cepronda.com\/blog\/examinadores-oficiales-delf-habilitacion-modalidad-a-distancia-curso-2021-2022\/","url_meta":{"origin":3555,"position":2},"title":"EXAMINADORES OFICIALES DELF. HABILITACI\u00d3N. MODALIDAD A DISTANCIA. CURSO 2021-2022","author":"Maribel Mu\u00f1oz","date":"28 septiembre, 2021","format":false,"excerpt":"Buenas tardes compa\u00f1eras y compa\u00f1eros, Os informamos que est\u00e1 abierto el plazo para enviar la solicitud de participaci\u00f3n en la FORMACI\u00d3N PARA HABILITAR A EXAMINADORES OFICIALES DELF MODALIDAD A DISTANCIA .CURSO 2021-2022 Las personas interesada en participar en esta formaci\u00f3n deber\u00e1n enviar, antes del 20 de octubre de 2021, la\u2026","rel":"","context":"En \u00abFormaciones\u00bb","block_context":{"text":"Formaciones","link":"https:\/\/cepronda.com\/blog\/category\/formaciones\/"},"img":{"alt_text":"","src":"https:\/\/i0.wp.com\/cepronda.com\/blog\/wp-content\/uploads\/2021\/09\/Delf-Scolaire-CMJN1.png?fit=921%2C697&ssl=1&resize=350%2C200","width":350,"height":200,"srcset":"https:\/\/i0.wp.com\/cepronda.com\/blog\/wp-content\/uploads\/2021\/09\/Delf-Scolaire-CMJN1.png?fit=921%2C697&ssl=1&resize=350%2C200 1x, https:\/\/i0.wp.com\/cepronda.com\/blog\/wp-content\/uploads\/2021\/09\/Delf-Scolaire-CMJN1.png?fit=921%2C697&ssl=1&resize=525%2C300 1.5x, https:\/\/i0.wp.com\/cepronda.com\/blog\/wp-content\/uploads\/2021\/09\/Delf-Scolaire-CMJN1.png?fit=921%2C697&ssl=1&resize=700%2C400 2x"},"classes":[]},{"id":2995,"url":"https:\/\/cepronda.com\/blog\/itinerario-formativo-de-inteligencia-emocional\/","url_meta":{"origin":3555,"position":3},"title":"Itinerario formativo de Inteligencia emocional","author":"V\u00edctor Caballero","date":"10 septiembre, 2019","format":false,"excerpt":"Muy buenas de nuevo, Una de las actividades que despierta mayor inter\u00e9s entre las personas docentes de nuestra zona es el itinerario en inteligencia emocional, con Alberto Ortega. Os dejamos con el cartel que hemos preparado con toda la informaci\u00f3n de los niveles que ponemos a vuestra disposici\u00f3n. Asimismo ya\u2026","rel":"","context":"En \u00abFormaciones\u00bb","block_context":{"text":"Formaciones","link":"https:\/\/cepronda.com\/blog\/category\/formaciones\/"},"img":{"alt_text":"","src":"https:\/\/i0.wp.com\/cepronda.com\/blog\/wp-content\/uploads\/2019\/09\/Copia-de-Inteligencia-Emocional-Itinerario.jpg?fit=794%2C1123&ssl=1&resize=350%2C200","width":350,"height":200,"srcset":"https:\/\/i0.wp.com\/cepronda.com\/blog\/wp-content\/uploads\/2019\/09\/Copia-de-Inteligencia-Emocional-Itinerario.jpg?fit=794%2C1123&ssl=1&resize=350%2C200 1x, https:\/\/i0.wp.com\/cepronda.com\/blog\/wp-content\/uploads\/2019\/09\/Copia-de-Inteligencia-Emocional-Itinerario.jpg?fit=794%2C1123&ssl=1&resize=525%2C300 1.5x, https:\/\/i0.wp.com\/cepronda.com\/blog\/wp-content\/uploads\/2019\/09\/Copia-de-Inteligencia-Emocional-Itinerario.jpg?fit=794%2C1123&ssl=1&resize=700%2C400 2x"},"classes":[]},{"id":5321,"url":"https:\/\/cepronda.com\/blog\/convocatoria-de-cursos-sobre-el-curriculo-lomloe\/","url_meta":{"origin":3555,"position":4},"title":"CONVOCATORIA DE CURSOS SOBRE EL CURR\u00cdCULO LOMLOE","author":"Maribel Mu\u00f1oz","date":"19 mayo, 2022","format":false,"excerpt":"Buenas tardes compa\u00f1eras y compa\u00f1eros Os informamos que est\u00e1 abierto el plazo de inscripci\u00f3n en los cursos tutorizados en l\u00ednea para la formaci\u00f3n del profesorado sobre el curr\u00edculo derivado de la LOMLOE. En el marco del Componente 21 del Plan de Recuperaci\u00f3n, Transformaci\u00f3n y Resiliencia, y \u00a0financiadas con los fondos\u2026","rel":"","context":"En \u00abFormaciones\u00bb","block_context":{"text":"Formaciones","link":"https:\/\/cepronda.com\/blog\/category\/formaciones\/"},"img":{"alt_text":"","src":"https:\/\/i0.wp.com\/cepronda.com\/blog\/wp-content\/uploads\/2022\/05\/Intef.jpg?resize=350%2C200","width":350,"height":200},"classes":[]},{"id":2691,"url":"https:\/\/cepronda.com\/blog\/visitas-17a-feria-de-la-ciencia-de-sevilla\/","url_meta":{"origin":3555,"position":5},"title":"Visitas 17\u00aa Feria de la Ciencia de Sevilla","author":"V\u00edctor Caballero","date":"1 abril, 2019","format":false,"excerpt":"Muy buenas familia, Compartimos con todos y todas vosotras que se ha abierto el plazo de inscripci\u00f3n para acudir con vuestro centro educativo a visitar la Feria de la Ciencia de Sevilla. Todas aquellas personas que otros a\u00f1os han acudido hablan maravillas de esta experiencia, y creemos que puede ser\u2026","rel":"","context":"En \u00abNoticias\u00bb","block_context":{"text":"Noticias","link":"https:\/\/cepronda.com\/blog\/category\/noticias\/"},"img":{"alt_text":"","src":"","width":0,"height":0},"classes":[]}],"jetpack_sharing_enabled":true,"_links":{"self":[{"href":"https:\/\/cepronda.com\/blog\/wp-json\/wp\/v2\/posts\/3555","targetHints":{"allow":["GET"]}}],"collection":[{"href":"https:\/\/cepronda.com\/blog\/wp-json\/wp\/v2\/posts"}],"about":[{"href":"https:\/\/cepronda.com\/blog\/wp-json\/wp\/v2\/types\/post"}],"author":[{"embeddable":true,"href":"https:\/\/cepronda.com\/blog\/wp-json\/wp\/v2\/users\/3"}],"replies":[{"embeddable":true,"href":"https:\/\/cepronda.com\/blog\/wp-json\/wp\/v2\/comments?post=3555"}],"version-history":[{"count":1,"href":"https:\/\/cepronda.com\/blog\/wp-json\/wp\/v2\/posts\/3555\/revisions"}],"predecessor-version":[{"id":3556,"href":"https:\/\/cepronda.com\/blog\/wp-json\/wp\/v2\/posts\/3555\/revisions\/3556"}],"wp:featuredmedia":[{"embeddable":true,"href":"https:\/\/cepronda.com\/blog\/wp-json\/wp\/v2\/media\/3552"}],"wp:attachment":[{"href":"https:\/\/cepronda.com\/blog\/wp-json\/wp\/v2\/media?parent=3555"}],"wp:term":[{"taxonomy":"category","embeddable":true,"href":"https:\/\/cepronda.com\/blog\/wp-json\/wp\/v2\/categories?post=3555"},{"taxonomy":"post_tag","embeddable":true,"href":"https:\/\/cepronda.com\/blog\/wp-json\/wp\/v2\/tags?post=3555"}],"curies":[{"name":"wp","href":"https:\/\/api.w.org\/{rel}","templated":true}]}}