{"id":3551,"date":"2020-04-20T17:14:13","date_gmt":"2020-04-20T15:14:13","guid":{"rendered":"http:\/\/cepronda.com\/blog\/?p=3551"},"modified":"2020-04-20T17:14:19","modified_gmt":"2020-04-20T15:14:19","slug":"estres-autorregulacion-y-resiliencia-en-situacion-de-confinamiento","status":"publish","type":"post","link":"https:\/\/cepronda.com\/blog\/estres-autorregulacion-y-resiliencia-en-situacion-de-confinamiento\/","title":{"rendered":"ESTR\u00c9S, AUTORREGULACI\u00d3N Y RESILIENCIA EN SITUACI\u00d3N DE CONFINAMIENTO"},"content":{"rendered":"\n<p class=\"wp-block-paragraph\">Muy buenas familia,<\/p>\n\n\n\n<p class=\"wp-block-paragraph\">Intentando dar respuesta a muchas de las preguntas que nos estamos haciendo a nivel emocional, y como responder a las mismas tanto actualmente como a la vuelta con el alumnado y familias, hemos decidido proponeros esta actividad formativa, que creemos puede ser de vuestro inter\u00e9s, con la ponente Macarena Soto, ponente con la que llevamos trabajando muchos a\u00f1os y que creemos que puede ayudarnos en estos momentos. <\/p>\n\n\n\n<p class=\"wp-block-paragraph\">El objetivo no es dar una formaci\u00f3n de experto, sino crear 4 sesiones fluidas<br>donde, partiendo de unos contenidos te\u00f3ricos esenciales para contribuir a la comprensi\u00f3n de la situaci\u00f3n actual y con ello a la empat\u00eda y sensibilizaci\u00f3n, podamos compartir las inquietudes actuales y explorar alternativas al bienestar socio-emocional.<br>Contribuir\u00edamos tambi\u00e9n a la preparaci\u00f3n del terreno a nivel emocional en el profesorado, para el momento de la vuelta a las aulas, as\u00ed como dotar al profesorado de herramientas que puedan compartir con las familias.<\/p>\n\n\n\n<p class=\"wp-block-paragraph\">Se tratar\u00eda de una formaci\u00f3n exclusivamente online, con 5 sesiones, y donde adem\u00e1s la ponente nos va a proponer cada semana una peque\u00f1a tarea que nos ayudar\u00e1 a comprender y afrontar esta situaci\u00f3n actual.<\/p>\n\n\n\n<p class=\"wp-block-paragraph\">Os dejamos con la informaci\u00f3n en el <a aria-label=\" (opens in a new tab)\" href=\"https:\/\/www.juntadeandalucia.es\/educacion\/secretariavirtual\/consultaCEP\/actividad\/202924GE075\/\" target=\"_blank\" rel=\"noreferrer noopener\" class=\"aioseop-link\">siguiente enlace<\/a>, as\u00ed como el enlace para inscribiros. <\/p>\n\n\n\n<p class=\"wp-block-paragraph\">Un saludo y recordad que seguimos estando a vuestra disposici\u00f3n por los canales habituales. <\/p>\n\n\n\n<figure class=\"wp-block-image size-large\"><a href=\"https:\/\/www.juntadeandalucia.es\/educacion\/secretariavirtual\/consultaCEP\/actividad\/202924GE075\/\" target=\"_blank\" rel=\"noopener noreferrer\"><img loading=\"lazy\" decoding=\"async\" width=\"1920\" height=\"1280\" src=\"https:\/\/i2.wp.com\/cepronda.com\/blog\/wp-content\/uploads\/2020\/04\/heart-4682756_1920.jpg?fit=1024%2C683\" alt=\"\" class=\"wp-image-3552\" srcset=\"https:\/\/i0.wp.com\/cepronda.com\/blog\/wp-content\/uploads\/2020\/04\/heart-4682756_1920.jpg?w=1920&amp;ssl=1 1920w, https:\/\/i0.wp.com\/cepronda.com\/blog\/wp-content\/uploads\/2020\/04\/heart-4682756_1920.jpg?resize=300%2C200&amp;ssl=1 300w, https:\/\/i0.wp.com\/cepronda.com\/blog\/wp-content\/uploads\/2020\/04\/heart-4682756_1920.jpg?resize=1024%2C683&amp;ssl=1 1024w, https:\/\/i0.wp.com\/cepronda.com\/blog\/wp-content\/uploads\/2020\/04\/heart-4682756_1920.jpg?resize=768%2C512&amp;ssl=1 768w, https:\/\/i0.wp.com\/cepronda.com\/blog\/wp-content\/uploads\/2020\/04\/heart-4682756_1920.jpg?resize=1536%2C1024&amp;ssl=1 1536w\" sizes=\"auto, (max-width: 1170px) 100vw, 1170px\" \/><\/a><\/figure>\n","protected":false},"excerpt":{"rendered":"<p>Muy buenas familia, Intentando dar respuesta a muchas de las preguntas que nos estamos haciendo a nivel emocional, y como responder a las mismas tanto actualmente como a la vuelta con el alumnado y familias, hemos decidido proponeros esta actividad formativa, que creemos puede ser de vuestro inter\u00e9s, con la ponente Macarena Soto, ponente con [&hellip;]<\/p>\n","protected":false},"author":3,"featured_media":3552,"comment_status":"open","ping_status":"open","sticky":false,"template":"","format":"standard","meta":{"_crdt_document":"","advanced_seo_description":"","jetpack_seo_html_title":"","jetpack_seo_noindex":false,"jetpack_post_was_ever_published":false,"_jetpack_newsletter_access":"","_jetpack_dont_email_post_to_subs":false,"_jetpack_newsletter_tier_id":0,"_jetpack_memberships_contains_paywalled_content":false,"_jetpack_memberships_contains_paid_content":false,"footnotes":"","jetpack_publicize_message":"ESTR\u00c9S, AUTORREGULACI\u00d3N Y RESILIENCIA EN SITUACI\u00d3N DE CONFINAMIENTO, nuevo curso totalmente on line ","jetpack_publicize_feature_enabled":true,"jetpack_social_post_already_shared":true,"jetpack_social_options":{"image_generator_settings":{"template":"highway","default_image_id":0,"font":"","enabled":false},"version":2}},"categories":[3],"tags":[104],"class_list":{"0":"post-3551","1":"post","2":"type-post","3":"status-publish","4":"format-standard","5":"has-post-thumbnail","7":"category-formaciones","8":"tag-educacion-emocional","9":"czr-hentry"},"jetpack_publicize_connections":[],"jetpack_featured_media_url":"https:\/\/i0.wp.com\/cepronda.com\/blog\/wp-content\/uploads\/2020\/04\/heart-4682756_1920.jpg?fit=1920%2C1280&ssl=1","jetpack_shortlink":"https:\/\/wp.me\/p8M4X7-Vh","jetpack-related-posts":[{"id":3228,"url":"https:\/\/cepronda.com\/blog\/jornadas-de-buenas-practicas-sobre-gamificacion\/","url_meta":{"origin":3551,"position":0},"title":"JORNADAS DE BUENAS PR\u00c1CTICAS SOBRE GAMIFICACI\u00d3N","author":"V\u00edctor Caballero","date":"5 diciembre, 2019","format":false,"excerpt":"Muy buenas, antes de irnos de puente (merecid\u00edsimo) compartimos con todas y todos vosotros estas jornadas provinciales a celebrar en Antequera, y que creemos puede resultar de vuestro inter\u00e9s. El dise\u00f1o de las mismas estar\u00e1 centrado en dicha visualizaci\u00f3n e incorporar\u00e1 pautas para: - Gamificar en E. Infantil (de forma\u2026","rel":"","context":"En \u00abFormaciones\u00bb","block_context":{"text":"Formaciones","link":"https:\/\/cepronda.com\/blog\/category\/formaciones\/"},"img":{"alt_text":"","src":"https:\/\/i0.wp.com\/cepronda.com\/blog\/wp-content\/uploads\/2019\/12\/Gamificaci%C3%B3n-Antequera.jpeg?fit=848%2C1200&ssl=1&resize=350%2C200","width":350,"height":200,"srcset":"https:\/\/i0.wp.com\/cepronda.com\/blog\/wp-content\/uploads\/2019\/12\/Gamificaci%C3%B3n-Antequera.jpeg?fit=848%2C1200&ssl=1&resize=350%2C200 1x, https:\/\/i0.wp.com\/cepronda.com\/blog\/wp-content\/uploads\/2019\/12\/Gamificaci%C3%B3n-Antequera.jpeg?fit=848%2C1200&ssl=1&resize=525%2C300 1.5x, https:\/\/i0.wp.com\/cepronda.com\/blog\/wp-content\/uploads\/2019\/12\/Gamificaci%C3%B3n-Antequera.jpeg?fit=848%2C1200&ssl=1&resize=700%2C400 2x"},"classes":[]},{"id":4195,"url":"https:\/\/cepronda.com\/blog\/educacion-emocional-herramientas-de-autogestion-y-apoyo-al-alumnado\/","url_meta":{"origin":3551,"position":1},"title":"EDUCACI\u00d3N EMOCIONAL: HERRAMIENTAS DE AUTOGESTI\u00d3N Y APOYO AL ALUMNADO.","author":"Inmaculada Garc\u00eda","date":"15 febrero, 2021","format":false,"excerpt":"Buenos d\u00edas compa\u00f1eros y compa\u00f1eras. Os informamos que est\u00e1 abierto el plazo de inscripci\u00f3n para la actividad formativa \"EDUCACI\u00d3N EMOCIONAL: HERRAMIENTAS DE AUTOGESTI\u00d3N Y APOYO AL ALUMNADO\", con ALBERTO ORTEGA\u00a0 como ponente, experto en Inteligencia Emocional y Coaching Personal. Esperamos que sea de vuestro inter\u00e9s, un saludo. PINCHA EN ESTE\u2026","rel":"","context":"En \u00abNoticias\u00bb","block_context":{"text":"Noticias","link":"https:\/\/cepronda.com\/blog\/category\/noticias\/"},"img":{"alt_text":"","src":"https:\/\/i0.wp.com\/cepronda.com\/blog\/wp-content\/uploads\/2021\/02\/EDUCACION-EMOCIONAL_-HERRAMIENTAS-DE-AUTOGESTION-Y-APOYO-AL-ALUMNADO..jpg?fit=848%2C1200&ssl=1&resize=350%2C200","width":350,"height":200,"srcset":"https:\/\/i0.wp.com\/cepronda.com\/blog\/wp-content\/uploads\/2021\/02\/EDUCACION-EMOCIONAL_-HERRAMIENTAS-DE-AUTOGESTION-Y-APOYO-AL-ALUMNADO..jpg?fit=848%2C1200&ssl=1&resize=350%2C200 1x, https:\/\/i0.wp.com\/cepronda.com\/blog\/wp-content\/uploads\/2021\/02\/EDUCACION-EMOCIONAL_-HERRAMIENTAS-DE-AUTOGESTION-Y-APOYO-AL-ALUMNADO..jpg?fit=848%2C1200&ssl=1&resize=525%2C300 1.5x, https:\/\/i0.wp.com\/cepronda.com\/blog\/wp-content\/uploads\/2021\/02\/EDUCACION-EMOCIONAL_-HERRAMIENTAS-DE-AUTOGESTION-Y-APOYO-AL-ALUMNADO..jpg?fit=848%2C1200&ssl=1&resize=700%2C400 2x"},"classes":[]},{"id":2374,"url":"https:\/\/cepronda.com\/blog\/curso-de-actualizacion-didactica-y-metodologica-en-el-area-de-ingles-para-infantil-y-primaria\/","url_meta":{"origin":3551,"position":2},"title":"CURSO DE ACTUALIZACI\u00d3N DID\u00c1CTICA Y METODOL\u00d3GICA EN EL \u00c1REA DE INGL\u00c9S PARA INFANTIL Y PRIMARIA","author":"V\u00edctor Caballero","date":"9 octubre, 2018","format":false,"excerpt":"Hello! How are you? Os anunciamos que acabamos de abrir esta actividad dirigida a las personas especialistas de ingl\u00e9s de Educaci\u00f3n Primaria, y que creemos que os puede resultar de gran inter\u00e9s y ayuda. Contamos con la suerte de tener como ponente a una de las componentes del red de\u2026","rel":"","context":"En \u00abFormaciones\u00bb","block_context":{"text":"Formaciones","link":"https:\/\/cepronda.com\/blog\/category\/formaciones\/"},"img":{"alt_text":"","src":"https:\/\/i0.wp.com\/cepronda.com\/blog\/wp-content\/uploads\/2018\/10\/american-1209605_1920.jpg?fit=1200%2C800&ssl=1&resize=350%2C200","width":350,"height":200,"srcset":"https:\/\/i0.wp.com\/cepronda.com\/blog\/wp-content\/uploads\/2018\/10\/american-1209605_1920.jpg?fit=1200%2C800&ssl=1&resize=350%2C200 1x, https:\/\/i0.wp.com\/cepronda.com\/blog\/wp-content\/uploads\/2018\/10\/american-1209605_1920.jpg?fit=1200%2C800&ssl=1&resize=525%2C300 1.5x, https:\/\/i0.wp.com\/cepronda.com\/blog\/wp-content\/uploads\/2018\/10\/american-1209605_1920.jpg?fit=1200%2C800&ssl=1&resize=700%2C400 2x, https:\/\/i0.wp.com\/cepronda.com\/blog\/wp-content\/uploads\/2018\/10\/american-1209605_1920.jpg?fit=1200%2C800&ssl=1&resize=1050%2C600 3x"},"classes":[]},{"id":7293,"url":"https:\/\/cepronda.com\/blog\/programa-de-implantacion-de-la-inteligencia-emocional-en-el-ambito-educativo-sensibilizacion-y-desarrollo\/","url_meta":{"origin":3551,"position":3},"title":"PROGRAMA DE IMPLANTACI\u00d3N DE LA INTELIGENCIA EMOCIONAL EN EL \u00c1MBITO EDUCATIVO. SENSIBILIZACI\u00d3N Y DESARROLLO","author":"V\u00edctor Caballero","date":"22 diciembre, 2023","format":false,"excerpt":"Se encuentra abierto el plazo de inscripci\u00f3n para la formaci\u00f3n \u201cPROGRAMA DE IMPLANTACI\u00d3N DE LA INTELIGENCIA EMOCIONAL EN EL \u00c1MBITO EDUCATIVO. SENSIBILIZACI\u00d3N Y DESARROLLO.\" C\u00d3DIGO 242924GE048. Ponente:\u00a0 Alberto Ortega Duraci\u00f3n de la actividad: (Total 27h) 2 horas presenciales en conferencia presencial en el CEP de Ronda 13h videoconferencias en el\u2026","rel":"","context":"En \u00abFormaciones\u00bb","block_context":{"text":"Formaciones","link":"https:\/\/cepronda.com\/blog\/category\/formaciones\/"},"img":{"alt_text":"","src":"https:\/\/i0.wp.com\/cepronda.com\/blog\/wp-content\/uploads\/2023\/12\/242924GE048-Cartel-Inteligencia-emocional.png?fit=1080%2C1080&ssl=1&resize=350%2C200","width":350,"height":200,"srcset":"https:\/\/i0.wp.com\/cepronda.com\/blog\/wp-content\/uploads\/2023\/12\/242924GE048-Cartel-Inteligencia-emocional.png?fit=1080%2C1080&ssl=1&resize=350%2C200 1x, https:\/\/i0.wp.com\/cepronda.com\/blog\/wp-content\/uploads\/2023\/12\/242924GE048-Cartel-Inteligencia-emocional.png?fit=1080%2C1080&ssl=1&resize=525%2C300 1.5x, https:\/\/i0.wp.com\/cepronda.com\/blog\/wp-content\/uploads\/2023\/12\/242924GE048-Cartel-Inteligencia-emocional.png?fit=1080%2C1080&ssl=1&resize=700%2C400 2x, https:\/\/i0.wp.com\/cepronda.com\/blog\/wp-content\/uploads\/2023\/12\/242924GE048-Cartel-Inteligencia-emocional.png?fit=1080%2C1080&ssl=1&resize=1050%2C600 3x"},"classes":[]},{"id":6089,"url":"https:\/\/cepronda.com\/blog\/itinerario-para-el-desarrollo-de-la-competencia-matematica-cursos\/","url_meta":{"origin":3551,"position":4},"title":"ITINERARIO PARA EL DESARROLLO DE LA COMPETENCIA MATEM\u00c1TICA (CURSOS)","author":"V\u00edctor Caballero","date":"11 octubre, 2023","format":false,"excerpt":"Os informamos que se encuentra abierto el plazo de inscripci\u00f3n hasta el 30 de octubre para todas las formaciones relacionadas con el ITINERARIO PARA EL DESARROLLO DE LA COMPETENCIA MATEM\u00c1TICA compuesto por las siguientes formaciones: Todas las formaciones se desarrollar\u00e1n en el CEP de Ronda de con una duraci\u00f3n de\u2026","rel":"","context":"En \u00abFormaciones\u00bb","block_context":{"text":"Formaciones","link":"https:\/\/cepronda.com\/blog\/category\/formaciones\/"},"img":{"alt_text":"","src":"https:\/\/i0.wp.com\/cepronda.com\/blog\/wp-content\/uploads\/2023\/10\/Cartel-mates-simple.png?fit=1080%2C1080&ssl=1&resize=350%2C200","width":350,"height":200,"srcset":"https:\/\/i0.wp.com\/cepronda.com\/blog\/wp-content\/uploads\/2023\/10\/Cartel-mates-simple.png?fit=1080%2C1080&ssl=1&resize=350%2C200 1x, https:\/\/i0.wp.com\/cepronda.com\/blog\/wp-content\/uploads\/2023\/10\/Cartel-mates-simple.png?fit=1080%2C1080&ssl=1&resize=525%2C300 1.5x, https:\/\/i0.wp.com\/cepronda.com\/blog\/wp-content\/uploads\/2023\/10\/Cartel-mates-simple.png?fit=1080%2C1080&ssl=1&resize=700%2C400 2x, https:\/\/i0.wp.com\/cepronda.com\/blog\/wp-content\/uploads\/2023\/10\/Cartel-mates-simple.png?fit=1080%2C1080&ssl=1&resize=1050%2C600 3x"},"classes":[]},{"id":7180,"url":"https:\/\/cepronda.com\/blog\/itinerario-para-el-desarrollo-de-la-competencia-matematica-cursos-2\/","url_meta":{"origin":3551,"position":5},"title":"ITINERARIO PARA EL DESARROLLO DE LA COMPETENCIA MATEM\u00c1TICA (CURSOS)","author":"V\u00edctor Caballero","date":"30 octubre, 2023","format":false,"excerpt":"Desde el CEP de Ronda informamos que hoy, 30 de octubre, es el \u00faltimo d\u00eda para inscribirse en los cursos de matem\u00e1ticas manipulativas (Infantil y Primaria). Por otro lado tambi\u00e9n informamos que los cursos de ABN (Infantil y Primaria) se aplazan para el 2\u00ba trimestre por el bajo n\u00famero de\u2026","rel":"","context":"En \u00abFormaciones\u00bb","block_context":{"text":"Formaciones","link":"https:\/\/cepronda.com\/blog\/category\/formaciones\/"},"img":{"alt_text":"","src":"https:\/\/i0.wp.com\/cepronda.com\/blog\/wp-content\/uploads\/2023\/10\/Cartel-Matematicas-aplazado.png?fit=1080%2C1080&ssl=1&resize=350%2C200","width":350,"height":200,"srcset":"https:\/\/i0.wp.com\/cepronda.com\/blog\/wp-content\/uploads\/2023\/10\/Cartel-Matematicas-aplazado.png?fit=1080%2C1080&ssl=1&resize=350%2C200 1x, https:\/\/i0.wp.com\/cepronda.com\/blog\/wp-content\/uploads\/2023\/10\/Cartel-Matematicas-aplazado.png?fit=1080%2C1080&ssl=1&resize=525%2C300 1.5x, https:\/\/i0.wp.com\/cepronda.com\/blog\/wp-content\/uploads\/2023\/10\/Cartel-Matematicas-aplazado.png?fit=1080%2C1080&ssl=1&resize=700%2C400 2x, https:\/\/i0.wp.com\/cepronda.com\/blog\/wp-content\/uploads\/2023\/10\/Cartel-Matematicas-aplazado.png?fit=1080%2C1080&ssl=1&resize=1050%2C600 3x"},"classes":[]}],"jetpack_sharing_enabled":true,"_links":{"self":[{"href":"https:\/\/cepronda.com\/blog\/wp-json\/wp\/v2\/posts\/3551","targetHints":{"allow":["GET"]}}],"collection":[{"href":"https:\/\/cepronda.com\/blog\/wp-json\/wp\/v2\/posts"}],"about":[{"href":"https:\/\/cepronda.com\/blog\/wp-json\/wp\/v2\/types\/post"}],"author":[{"embeddable":true,"href":"https:\/\/cepronda.com\/blog\/wp-json\/wp\/v2\/users\/3"}],"replies":[{"embeddable":true,"href":"https:\/\/cepronda.com\/blog\/wp-json\/wp\/v2\/comments?post=3551"}],"version-history":[{"count":1,"href":"https:\/\/cepronda.com\/blog\/wp-json\/wp\/v2\/posts\/3551\/revisions"}],"predecessor-version":[{"id":3553,"href":"https:\/\/cepronda.com\/blog\/wp-json\/wp\/v2\/posts\/3551\/revisions\/3553"}],"wp:featuredmedia":[{"embeddable":true,"href":"https:\/\/cepronda.com\/blog\/wp-json\/wp\/v2\/media\/3552"}],"wp:attachment":[{"href":"https:\/\/cepronda.com\/blog\/wp-json\/wp\/v2\/media?parent=3551"}],"wp:term":[{"taxonomy":"category","embeddable":true,"href":"https:\/\/cepronda.com\/blog\/wp-json\/wp\/v2\/categories?post=3551"},{"taxonomy":"post_tag","embeddable":true,"href":"https:\/\/cepronda.com\/blog\/wp-json\/wp\/v2\/tags?post=3551"}],"curies":[{"name":"wp","href":"https:\/\/api.w.org\/{rel}","templated":true}]}}