{"id":3543,"date":"2020-04-15T08:52:30","date_gmt":"2020-04-15T06:52:30","guid":{"rendered":"http:\/\/cepronda.com\/blog\/?p=3543"},"modified":"2020-04-15T08:52:36","modified_gmt":"2020-04-15T06:52:36","slug":"el-iam-lanza-una-formacion-coeducativa-on-line-dirigida-a-profesorado-alumnado-y-familias","status":"publish","type":"post","link":"https:\/\/cepronda.com\/blog\/el-iam-lanza-una-formacion-coeducativa-on-line-dirigida-a-profesorado-alumnado-y-familias\/","title":{"rendered":"EL IAM LANZA UNA FORMACI\u00d3N COEDUCATIVA ON LINE DIRIGIDA A PROFESORADO, ALUMNADO Y FAMILIAS"},"content":{"rendered":"\n<p class=\"wp-block-paragraph\">Los v\u00eddeos formativos de la iniciativa #SeguimosCoeducando, junto con otros recursos, se subir\u00e1n a Youtube y se compartir\u00e1n en redes sociales.<\/p>\n\n\n\n<p class=\"wp-block-paragraph\">El Instituto Andaluz de la Mujer (IAM) lanza la iniciativa #SeguimosCoeducando a trav\u00e9s de una serie de v\u00eddeos formativos, extra\u00eddos del I Congreso Andaluz de Coeducaci\u00f3n, que ir\u00e1n acompa\u00f1ados de recursos espec\u00edficos para cada tem\u00e1tica. Los v\u00eddeos se subir\u00e1n al\u00a0<a rel=\"noreferrer noopener\" href=\"https:\/\/www.youtube.com\/results?search_query=instituto+andaluz+de+la+mujer\" target=\"_blank\">canal de Youtube del IAM<\/a>\u00a0y se compartir\u00e1n en las redes sociales (Twitter y Facebook) junto con una presentaci\u00f3n as\u00ed como de los materiales y recursos complementarios. Esta iniciativa est\u00e1 dirigida a toda la comunidad educativa: profesorado, alumnado y familias.<br><br>La directora del IAM, Laura Fern\u00e1ndez, ha explicado en<a rel=\"noreferrer noopener\" href=\"https:\/\/www.youtube.com\/watch?v=eaTDS1Yj18M&amp;list=PLxydhsSBJDsrIOjVfTzQcvoVzzn2UaD2f\" target=\"_blank\">\u00a0el v\u00eddeo de introducci\u00f3n de esta iniciativa<\/a>\u00a0que \u201cdesde el Instituto Andaluz de la Mujer seguimos trabajando para hacer velar y cumplir los objetivos de esta instituci\u00f3n, teniendo como prioridad la atenci\u00f3n de las mujeres v\u00edctimas de violencia de g\u00e9nero, pero no olvidando \u00e1mbitos como la formaci\u00f3n, la coeducaci\u00f3n o la introducci\u00f3n del principio de igualdad de g\u00e9nero en educaci\u00f3n, objetivos necesarios para conseguir una igualdad real y efectiva. Por eso, ahora m\u00e1s que nunca, #SeguimosCoeducando\u201d.<br><br>A este respecto, Fern\u00e1ndez ha apuntado que \u201ctenemos que ser conscientes que la administraci\u00f3n p\u00fablica sigue en activo, y que seguimos trabajando para la ciudadan\u00eda. En este sentido, desde la Consejer\u00eda de Educaci\u00f3n y Deporte se est\u00e1 haciendo una magn\u00edfica labor docente, unida a una responsabilidad magistral del alumnado y un apoyo incondicional de las familias para que sus ni\u00f1as y ni\u00f1os puedan seguir educ\u00e1ndose, aprendiendo y form\u00e1ndose. Por eso, el Instituto Andaluz de la Mujer, en su habitual colaboraci\u00f3n y aportaci\u00f3n en el proceso de construcci\u00f3n individual y de aprendizaje, ha querido aportar estos recursos audiovisuales-formativos, acompa\u00f1ados de recursos coeducativos, con el fin de que el profesorado pueda seguir benefici\u00e1ndose y aprendiendo con perspectiva de g\u00e9nero, para trasladarlo a su acci\u00f3n docente\u201d.<br><br>Todos los v\u00eddeos estar\u00e1n subidos a YouTube y ser\u00e1n compartidos desde las 9.00 horas en las redes sociales del Instituto Andaluz de la Mujer (Facebook y Twitter). A trav\u00e9s de estos canales se animar\u00e1 a comentar, realizar preguntas y lanzar reflexiones a las que se ir\u00e1n dando respuesta. A trav\u00e9s de la Consejer\u00eda de Educaci\u00f3n y Deporte y la Confederaci\u00f3n andaluza de asociaciones de padres y madres del alumnado por la educaci\u00f3n p\u00fablica (CODAPA) se har\u00e1 difusi\u00f3n de este material para que llegue al profesorado y las familias.<br><br><strong>Programaci\u00f3n de la iniciativa<\/strong><br>La iniciativa arranca hoy lunes, 13 de abril, con la ponencia \u2018Los videojuegos desde una perspectiva de g\u00e9nero\u2019 a cargo de Marta Alamillo, licenciada en Comunicaci\u00f3n Audiovisual, consultora y productora audiovisual y multimedia. Asimismo, Alamillo ha participado en diversos proyectos de sensibilizaci\u00f3n y formaci\u00f3n para al igualdad de g\u00e9nero como las series de animaci\u00f3n \u2018Evita Percances\u2019 o \u2018Andaluna y Samir\u2019, campa\u00f1as del juguete no sexista, no violento o talleres de introducci\u00f3n a los videojuegos para alumnado de Secundaria promovidos por el Instituto Andaluz de la Mujer.<br><br>En esta ponencia se analizan los tres aspectos del mundo de los videojuegos que se ven afectados por el sexismo: la industria, los contenidos y el consumo. Asimismo, se dar\u00e1n a conocer recursos disponibles para profundizar sobre el tema e iniciativas para participar del cambio que se est\u00e1 produciendo en la actualidad. As\u00ed, se propone\u00a0<a rel=\"noreferrer noopener\" href=\"https:\/\/www.youtube.com\/playlist?list=PLxydhsSBJDsrIOjVfTzQcvoVzzn2UaD2f\" target=\"_blank\">un v\u00eddeo sobre videojuegos y el sexismo<\/a>\u00a0donde se lleva a cabo un an\u00e1lisis integral con perspectiva de g\u00e9nero de los videojuegos, los personajes femeninos, los roles y su est\u00e9tica, as\u00ed como sus relaciones. Adem\u00e1s, se recomienda la\u00a0<a rel=\"noreferrer noopener\" href=\"https:\/\/www.juntadeandalucia.es\/institutodelamujer\/index.php\/areas-tematicas-coeducacion\/curso-2018-2019\/app-coeducativa-iguala-t-para-alumnado-de-secundaria\" target=\"_blank\">APP IGUALA-T\u00a0<\/a>del IAM, que es juego interactivo en forma de App con cuatro bloques de 100 preguntas cada uno, ordenadas por niveles de dificultad. Recoge materias relacionadas con el feminismo, las desigualdades, la violencia o la educaci\u00f3n afectivo-sexual.<br><br>Ma\u00f1ana, 14 de abril, estar\u00e1 disponible la ponencia \u2018Musicolog\u00eda y feminismo\u2019 a cargo de Laura Vu\u00f1uela, music\u00f3loga y consultora de g\u00e9nero. En este v\u00eddeo se reflexiona con el uso de las canciones para la coeducaci\u00f3n y, con ella, para la prevenci\u00f3n de la violencia de g\u00e9nero. Aunque el an\u00e1lisis suele limitarse a las letras, hay otros aspectos como el lenguaje audiovisual, el g\u00e9nero o estilo musical que tambi\u00e9n son muy relevantes. En esta ponencia se usan im\u00e1genes y material audiovisual para ver algunos puntos clave que se pueden trabajar en el aula.<br><br>Los recursos que se proponen son el\u00a0<a rel=\"noreferrer noopener\" href=\"https:\/\/www.youtube.com\/watch?v=EyOs8VeHOk4\" target=\"_blank\">proyecto formativo y creativo #VadeIgualdad \u00a1P\u00e1salo!<\/a>\u00a0en el que se invita a la participaci\u00f3n activa de la poblaci\u00f3n joven para que se convierta en agente social de cambio dentro de su propio municipio y el cuento coeducativo\u00a0<a rel=\"noreferrer noopener\" href=\"http:\/\/www.juntadeandalucia.es\/iam\/catalogo\/doc\/iam\/2014\/143456818.pdf\" target=\"_blank\">Superlola<\/a>\u00a0cuya protagonista es una ni\u00f1a valiente que quiere ser una superhero\u00edna.<br><br>El mi\u00e9rcoles, 15 de abril, se lanzar\u00e1n dos ponencias, una titulada \u2018La educaci\u00f3n de la masculinidad\u2019 de Borja Rodr\u00edguez, psic\u00f3logo, terapeuta sexual, formador y educador experto en masculinidades diversas e igualdad. La idea central de esta ponencia es ofrecer al alumnado otra visi\u00f3n acerca de la hombr\u00eda y la masculinidad. Y otra llamada \u2018La educaci\u00f3n de las emociones\u2019 a cargo de Roc\u00edo Carmona, psic\u00f3loga, mediadora y experta en salud y g\u00e9nero. En esta charla se trabajar\u00e1 sobre la educaci\u00f3n de las emociones.<br><br>Los recursos disponibles son la<a rel=\"noreferrer noopener\" href=\"https:\/\/www.juntadeandalucia.es\/institutodelamujer\/index.php\/areas-tematicas-coeducacion\/app-detectamor\" target=\"_blank\">\u00a0App DetectAmo<\/a>r, que es una aplicaci\u00f3n de car\u00e1cter l\u00fadico y dirigida principalmente a adolescentes. Los 10 juegos que componen la App abordan temas como el amor, las relaciones de parejas adolescentes, etc. que la convierten en un material de sensibilizaci\u00f3n y prevenci\u00f3n de la violencia machista en el noviazgo. As\u00ed como la campa\u00f1a del Juego y el Juguete No sexista, No violento \u2018Olv\u00eddate de las etiquetas\u2019, que consta de un\u00a0<a rel=\"noreferrer noopener\" href=\"https:\/\/www.youtube.com\/watch?v=er6yL5y2HIE&amp;feature=youtu.be\" target=\"_blank\">v\u00eddeo coeducativo\u00a0<\/a>para la formaci\u00f3n y sensibilizaci\u00f3n sobre el sexismo y la violencia en los videojuegos, junto con otros elementos como un cartel con sus adaptaciones a las redes sociales, as\u00ed como un dec\u00e1logo para la elecci\u00f3n de videojuegos<a rel=\"noreferrer noopener\" href=\"http:\/\/www.juntadeandalucia.es\/iamfiles\/CAMPJUGUETE\/DECALOGO.jpg\" target=\"_blank\">.<\/a><br><br>El jueves, 16 de abril, estar\u00e1 disponible la ponencia \u2018La construcci\u00f3n del pensamiento a trav\u00e9s del lenguaje. La importancia de un uso igualitario del mismo\u2019 de Susana Guerrero, ling\u00fcista experta en g\u00e9nero y profesora de Lengua de la Universidad de M\u00e1laga. En la conferencia se demuestra c\u00f3mo nos retrata el lenguaje y c\u00f3mo podemos trabajar de manera interdisciplinar en el aula para que sirva de reflexi\u00f3n en la toma de consciencia sobre el papel que la sociedad asigna a mujeres y a hombres. Guerrero analiza los usos cotidianos de sexismo en el lenguaje, as\u00ed como a violencia expl\u00edcita (insultos) como impl\u00edcita que se ejerce a trav\u00e9s de determinados usos sexistas. En este caso el recurso que se propone es la gu\u00eda did\u00e1ctica para un uso igualitario del lenguaje del IAM<a rel=\"noreferrer noopener\" href=\"https:\/\/www.juntadeandalucia.es\/institutodelamujer\/files\/Guia_Piensas_como_hablas_definitiva.pdf\" target=\"_blank\">\u00a0\u2018\u00bfPiensas como hablas?\u2019<\/a>.<br><br>Y la formaci\u00f3n concluye el viernes, 17 de abril, con el v\u00eddeo que recoge la relator\u00eda del I Congreso Andaluz de Coeducaci\u00f3n que se celebr\u00f3 en Sevilla el 5 y 6 de marzo.<\/p>\n\n\n\n<figure class=\"wp-block-image size-large\"><a href=\"https:\/\/www.youtube.com\/user\/InstitutoAndMujer\" target=\"_blank\" rel=\"noopener noreferrer\"><img loading=\"lazy\" decoding=\"async\" width=\"900\" height=\"1276\" src=\"https:\/\/i2.wp.com\/cepronda.com\/blog\/wp-content\/uploads\/2020\/04\/IAM.jpg?fit=722%2C1024\" alt=\"\" class=\"wp-image-3544\" srcset=\"https:\/\/i0.wp.com\/cepronda.com\/blog\/wp-content\/uploads\/2020\/04\/IAM.jpg?w=900&amp;ssl=1 900w, https:\/\/i0.wp.com\/cepronda.com\/blog\/wp-content\/uploads\/2020\/04\/IAM.jpg?resize=212%2C300&amp;ssl=1 212w, https:\/\/i0.wp.com\/cepronda.com\/blog\/wp-content\/uploads\/2020\/04\/IAM.jpg?resize=722%2C1024&amp;ssl=1 722w, https:\/\/i0.wp.com\/cepronda.com\/blog\/wp-content\/uploads\/2020\/04\/IAM.jpg?resize=768%2C1089&amp;ssl=1 768w\" sizes=\"auto, (max-width: 900px) 100vw, 900px\" \/><\/a><\/figure>\n","protected":false},"excerpt":{"rendered":"<p>Los v\u00eddeos formativos de la iniciativa #SeguimosCoeducando, junto con otros recursos, se subir\u00e1n a Youtube y se compartir\u00e1n en redes sociales. El Instituto Andaluz de la Mujer (IAM) lanza la iniciativa #SeguimosCoeducando a trav\u00e9s de una serie de v\u00eddeos formativos, extra\u00eddos del I Congreso Andaluz de Coeducaci\u00f3n, que ir\u00e1n acompa\u00f1ados de recursos espec\u00edficos para cada [&hellip;]<\/p>\n","protected":false},"author":3,"featured_media":3544,"comment_status":"open","ping_status":"open","sticky":false,"template":"","format":"standard","meta":{"_crdt_document":"","advanced_seo_description":"","jetpack_seo_html_title":"","jetpack_seo_noindex":false,"jetpack_post_was_ever_published":false,"_jetpack_newsletter_access":"","_jetpack_dont_email_post_to_subs":false,"_jetpack_newsletter_tier_id":0,"_jetpack_memberships_contains_paywalled_content":false,"_jetpack_memberships_contains_paid_content":false,"footnotes":"","jetpack_publicize_message":"","jetpack_publicize_feature_enabled":true,"jetpack_social_post_already_shared":true,"jetpack_social_options":{"image_generator_settings":{"template":"highway","default_image_id":0,"font":"","enabled":false},"version":2}},"categories":[5],"tags":[37],"class_list":{"0":"post-3543","1":"post","2":"type-post","3":"status-publish","4":"format-standard","5":"has-post-thumbnail","7":"category-noticias","8":"tag-igualdad","9":"czr-hentry"},"jetpack_publicize_connections":[],"jetpack_featured_media_url":"https:\/\/i0.wp.com\/cepronda.com\/blog\/wp-content\/uploads\/2020\/04\/IAM.jpg?fit=900%2C1276&ssl=1","jetpack_shortlink":"https:\/\/wp.me\/p8M4X7-V9","jetpack-related-posts":[{"id":9377,"url":"https:\/\/cepronda.com\/blog\/9377-2\/","url_meta":{"origin":3543,"position":0},"title":"COMPETENCIA LECTORA NIVEL PROFUNDIZACI\u00d3N SECUNDARIA Y CICLOS FORMATIVOS DE GRADO B\u00c1SICO","author":"Encarni Jim\u00e9nez Rosado","date":"12 febrero, 2026","format":false,"excerpt":"Se abre plazo de inscripci\u00f3n para le curso \u201cCOMPETENCIA LECTORA NIVEL PROFUNDIZACI\u00d3N SECUNDARIA Y CICLOS FORMATIVOS DE GRADO B\u00c1SICO\u201d, con c\u00f3digo 269904KPF577. Esta formaci\u00f3n va dirigida al profesorado que imparta docencia en secundaria y ciclos formativos de grado b\u00e1sico. El enlace a la convocatoria, inscripci\u00f3n y encuesta es el siguiente:\u2026","rel":"","context":"En \u00abFormaciones\u00bb","block_context":{"text":"Formaciones","link":"https:\/\/cepronda.com\/blog\/category\/formaciones\/"},"img":{"alt_text":"","src":"https:\/\/i0.wp.com\/cepronda.com\/blog\/wp-content\/uploads\/2026\/02\/lectora-secundaria.jpg?resize=350%2C200&ssl=1","width":350,"height":200},"classes":[]},{"id":2714,"url":"https:\/\/cepronda.com\/blog\/inteligencia-emocional-y-altas-capacidades-areas-esenciales-en-la-actividad-docente\/","url_meta":{"origin":3543,"position":1},"title":"INTELIGENCIA EMOCIONAL Y ALTAS CAPACIDADES. \u00c1REAS ESENCIALES EN LA ACTIVIDAD DOCENTE.","author":"V\u00edctor Caballero","date":"5 abril, 2019","format":false,"excerpt":"Hola de nuevo, Abrimos tambi\u00e9n el plazo de inscripci\u00f3n para esta actividad formativa est\u00e1 especialmente dirigida al profesorado de ense\u00f1anzas de R\u00e9gimen Especial(M\u00fasica), aunque queda abierta a todos los docentes interesados en la tem\u00e1tica a tratar. Busca realizar un acercamiento a la Inteligencia Emocional como elemento fundamental para la motivaci\u00f3n\u2026","rel":"","context":"En \u00abFormaciones\u00bb","block_context":{"text":"Formaciones","link":"https:\/\/cepronda.com\/blog\/category\/formaciones\/"},"img":{"alt_text":"","src":"https:\/\/i0.wp.com\/cepronda.com\/blog\/wp-content\/uploads\/2019\/04\/IE_y_AACC.png?fit=911%2C813&ssl=1&resize=350%2C200","width":350,"height":200,"srcset":"https:\/\/i0.wp.com\/cepronda.com\/blog\/wp-content\/uploads\/2019\/04\/IE_y_AACC.png?fit=911%2C813&ssl=1&resize=350%2C200 1x, https:\/\/i0.wp.com\/cepronda.com\/blog\/wp-content\/uploads\/2019\/04\/IE_y_AACC.png?fit=911%2C813&ssl=1&resize=525%2C300 1.5x, https:\/\/i0.wp.com\/cepronda.com\/blog\/wp-content\/uploads\/2019\/04\/IE_y_AACC.png?fit=911%2C813&ssl=1&resize=700%2C400 2x"},"classes":[]},{"id":3497,"url":"https:\/\/cepronda.com\/blog\/espacio-web-e-aprendizaje\/","url_meta":{"origin":3543,"position":2},"title":"Espacio web E-Aprendizaje","author":"V\u00edctor Caballero","date":"19 marzo, 2020","format":false,"excerpt":"Ante la publicaci\u00f3n de la Orden de la Consejer\u00eda de Salud y Familias en la que se decide la suspensi\u00f3n desde el 16 al 27 de marzo de 2020 de la actividad docente presencial en todo el Sistema Educativo Andaluz, la Consejer\u00eda de Educaci\u00f3n y Deporte\u00a0 pone a disposici\u00f3n de\u2026","rel":"","context":"En \u00abNoticias\u00bb","block_context":{"text":"Noticias","link":"https:\/\/cepronda.com\/blog\/category\/noticias\/"},"img":{"alt_text":"","src":"https:\/\/i0.wp.com\/cepronda.com\/blog\/wp-content\/uploads\/2020\/03\/EAprendizaje.png?fit=1200%2C868&ssl=1&resize=350%2C200","width":350,"height":200,"srcset":"https:\/\/i0.wp.com\/cepronda.com\/blog\/wp-content\/uploads\/2020\/03\/EAprendizaje.png?fit=1200%2C868&ssl=1&resize=350%2C200 1x, https:\/\/i0.wp.com\/cepronda.com\/blog\/wp-content\/uploads\/2020\/03\/EAprendizaje.png?fit=1200%2C868&ssl=1&resize=525%2C300 1.5x, https:\/\/i0.wp.com\/cepronda.com\/blog\/wp-content\/uploads\/2020\/03\/EAprendizaje.png?fit=1200%2C868&ssl=1&resize=700%2C400 2x, https:\/\/i0.wp.com\/cepronda.com\/blog\/wp-content\/uploads\/2020\/03\/EAprendizaje.png?fit=1200%2C868&ssl=1&resize=1050%2C600 3x"},"classes":[]},{"id":643,"url":"https:\/\/cepronda.com\/blog\/campana-con-motivo-del-dia-de-andalucia-la-historia-tambien-la-escriben-ellas\/","url_meta":{"origin":3543,"position":3},"title":"Campa\u00f1a con motivo del D\u00eda de Andaluc\u00eda: La Historia tambi\u00e9n la escriben ELLAS","author":"V\u00edctor Caballero","date":"2 febrero, 2017","format":false,"excerpt":"\u00a1Muy buenas! \u00a0 Buceando por internet y buscando aspectos relativos al Plan de Igualdad de Centro, me he encontrado con esta Campa\u00f1a y me ha resultado muy interesante y por eso quiero compartirlo con todas y todos vosotros. Adem\u00e1s de materiales tambi\u00e9n tiene una serie de v\u00eddeos muy chulos. Os\u2026","rel":"","context":"En \u00abNoticias\u00bb","block_context":{"text":"Noticias","link":"https:\/\/cepronda.com\/blog\/category\/noticias\/"},"img":{"alt_text":"","src":"","width":0,"height":0},"classes":[]},{"id":5753,"url":"https:\/\/cepronda.com\/blog\/atencion-al-alumnado-neae-a-traves-de-recursos-digitales-232924kpf288\/","url_meta":{"origin":3543,"position":4},"title":"ATENCI\u00d3N AL ALUMNADO NEAE A TRAV\u00c9S DE RECURSOS DIGITALES (232924KPF288)","author":"Inmaculada Garc\u00eda","date":"3 febrero, 2023","format":false,"excerpt":"Buenos\u00a0 d\u00edas. Os informamos de que est\u00e1 abierto el plazo de inscripci\u00f3n en la actividad \u00abATENCI\u00d3N AL ALUMNADO NEAE A TRAV\u00c9S DE RECURSOS DIGITALES.\u00bb C\u00f3digo:\u00a0 232924KPF288 Es una actividad Provincial en modalidad de \u00abCurso a distancia\u00bb, que se desarrollar\u00e1 en el Aula Virtual de Aprendizaje del Profesorado. Duraci\u00f3n de 30\u2026","rel":"","context":"En \u00abFormaciones\u00bb","block_context":{"text":"Formaciones","link":"https:\/\/cepronda.com\/blog\/category\/formaciones\/"},"img":{"alt_text":"","src":"https:\/\/i0.wp.com\/cepronda.com\/blog\/wp-content\/uploads\/2023\/02\/ATENCION-AL-ALUMNADO-NEAE-A-TRAVES-DE-RECURSOS-DIGITALES.png?fit=848%2C1200&ssl=1&resize=350%2C200","width":350,"height":200,"srcset":"https:\/\/i0.wp.com\/cepronda.com\/blog\/wp-content\/uploads\/2023\/02\/ATENCION-AL-ALUMNADO-NEAE-A-TRAVES-DE-RECURSOS-DIGITALES.png?fit=848%2C1200&ssl=1&resize=350%2C200 1x, https:\/\/i0.wp.com\/cepronda.com\/blog\/wp-content\/uploads\/2023\/02\/ATENCION-AL-ALUMNADO-NEAE-A-TRAVES-DE-RECURSOS-DIGITALES.png?fit=848%2C1200&ssl=1&resize=525%2C300 1.5x, https:\/\/i0.wp.com\/cepronda.com\/blog\/wp-content\/uploads\/2023\/02\/ATENCION-AL-ALUMNADO-NEAE-A-TRAVES-DE-RECURSOS-DIGITALES.png?fit=848%2C1200&ssl=1&resize=700%2C400 2x"},"classes":[]},{"id":5056,"url":"https:\/\/cepronda.com\/blog\/atencion-al-alumnado-neae-a-traves-de-recursos-digitales\/","url_meta":{"origin":3543,"position":5},"title":"ATENCI\u00d3N AL ALUMNADO NEAE A TRAV\u00c9S DE RECURSOS DIGITALES","author":"Inmaculada Garc\u00eda","date":"2 febrero, 2022","format":false,"excerpt":"Buenos\u00a0 d\u00edas, compa\u00f1eras y compa\u00f1eros. Os recordamos que est\u00e1 abierto el plazo de inscripci\u00f3n en la actividad\u00a0\u00abATENCI\u00d3N AL ALUMNADO NEAE A TRAV\u00c9S DE RECURSOS DIGITALES.\u00bb C\u00f3digo:\u00a0 229924KPF288 Es una actividad Provincial en modalidad de \u00abCurso a distancia\u00bb, que se desarrollar\u00e1 en el Aula Virtual de Aprendizaje del Profesorado. Duraci\u00f3n de\u2026","rel":"","context":"En \u00abFormaciones\u00bb","block_context":{"text":"Formaciones","link":"https:\/\/cepronda.com\/blog\/category\/formaciones\/"},"img":{"alt_text":"","src":"https:\/\/i0.wp.com\/cepronda.com\/blog\/wp-content\/uploads\/2022\/02\/ATENCION-AL-ALUMNADO-NEAE-A-TRAVES-DE-RECURSOS-DIGITALES-1.png?fit=848%2C1200&ssl=1&resize=350%2C200","width":350,"height":200,"srcset":"https:\/\/i0.wp.com\/cepronda.com\/blog\/wp-content\/uploads\/2022\/02\/ATENCION-AL-ALUMNADO-NEAE-A-TRAVES-DE-RECURSOS-DIGITALES-1.png?fit=848%2C1200&ssl=1&resize=350%2C200 1x, https:\/\/i0.wp.com\/cepronda.com\/blog\/wp-content\/uploads\/2022\/02\/ATENCION-AL-ALUMNADO-NEAE-A-TRAVES-DE-RECURSOS-DIGITALES-1.png?fit=848%2C1200&ssl=1&resize=525%2C300 1.5x, https:\/\/i0.wp.com\/cepronda.com\/blog\/wp-content\/uploads\/2022\/02\/ATENCION-AL-ALUMNADO-NEAE-A-TRAVES-DE-RECURSOS-DIGITALES-1.png?fit=848%2C1200&ssl=1&resize=700%2C400 2x"},"classes":[]}],"jetpack_sharing_enabled":true,"_links":{"self":[{"href":"https:\/\/cepronda.com\/blog\/wp-json\/wp\/v2\/posts\/3543","targetHints":{"allow":["GET"]}}],"collection":[{"href":"https:\/\/cepronda.com\/blog\/wp-json\/wp\/v2\/posts"}],"about":[{"href":"https:\/\/cepronda.com\/blog\/wp-json\/wp\/v2\/types\/post"}],"author":[{"embeddable":true,"href":"https:\/\/cepronda.com\/blog\/wp-json\/wp\/v2\/users\/3"}],"replies":[{"embeddable":true,"href":"https:\/\/cepronda.com\/blog\/wp-json\/wp\/v2\/comments?post=3543"}],"version-history":[{"count":1,"href":"https:\/\/cepronda.com\/blog\/wp-json\/wp\/v2\/posts\/3543\/revisions"}],"predecessor-version":[{"id":3545,"href":"https:\/\/cepronda.com\/blog\/wp-json\/wp\/v2\/posts\/3543\/revisions\/3545"}],"wp:featuredmedia":[{"embeddable":true,"href":"https:\/\/cepronda.com\/blog\/wp-json\/wp\/v2\/media\/3544"}],"wp:attachment":[{"href":"https:\/\/cepronda.com\/blog\/wp-json\/wp\/v2\/media?parent=3543"}],"wp:term":[{"taxonomy":"category","embeddable":true,"href":"https:\/\/cepronda.com\/blog\/wp-json\/wp\/v2\/categories?post=3543"},{"taxonomy":"post_tag","embeddable":true,"href":"https:\/\/cepronda.com\/blog\/wp-json\/wp\/v2\/tags?post=3543"}],"curies":[{"name":"wp","href":"https:\/\/api.w.org\/{rel}","templated":true}]}}