{"id":3529,"date":"2020-04-02T19:50:47","date_gmt":"2020-04-02T17:50:47","guid":{"rendered":"http:\/\/cepronda.com\/blog\/?p=3529"},"modified":"2020-04-02T19:50:53","modified_gmt":"2020-04-02T17:50:53","slug":"circular-relativa-a-los-procesos-de-ensenanza-aprendizaje","status":"publish","type":"post","link":"https:\/\/cepronda.com\/blog\/circular-relativa-a-los-procesos-de-ensenanza-aprendizaje\/","title":{"rendered":"Circular relativa a los procesos de ense\u00f1anza aprendizaje"},"content":{"rendered":"\n<p class=\"wp-block-paragraph\">Adjuntamos CIRCULAR DE 2 DE ABRIL DE 2020 DE LA DIRECCI\u00d3N GENERAL DE ORDENACI\u00d3N Y<br>EVALUACI\u00d3N EDUCATIVA RELATIVA A LOS PROCESOS DE ENSE\u00d1ANZA-APRENDIZAJE Y<br>DE EVALUACI\u00d3N EN LOS CENTROS DOCENTES ANDALUCES COMO CONSECUENCIA DE<br>LA ORDEN DE 13 DE MARZO DE 2020 DE LA CONSEJER\u00cdA DE SALUD Y FAMILIAS.<\/p>\n\n\n\n<div class=\"wp-block-file\"><a href=\"http:\/\/cepronda.com\/blog\/wp-content\/uploads\/2020\/04\/circular-DGOEE.pdf\">circular-DGOEE<\/a><a href=\"http:\/\/cepronda.com\/blog\/wp-content\/uploads\/2020\/04\/circular-DGOEE.pdf\" class=\"wp-block-file__button\" download>Descarga<\/a><\/div>\n\n\n\n<p class=\"wp-block-paragraph\"><\/p>\n","protected":false},"excerpt":{"rendered":"<p>Adjuntamos CIRCULAR DE 2 DE ABRIL DE 2020 DE LA DIRECCI\u00d3N GENERAL DE ORDENACI\u00d3N YEVALUACI\u00d3N EDUCATIVA RELATIVA A LOS PROCESOS DE ENSE\u00d1ANZA-APRENDIZAJE YDE EVALUACI\u00d3N EN LOS CENTROS DOCENTES ANDALUCES COMO CONSECUENCIA DELA ORDEN DE 13 DE MARZO DE 2020 DE LA CONSEJER\u00cdA DE SALUD Y FAMILIAS.<\/p>\n","protected":false},"author":3,"featured_media":3495,"comment_status":"open","ping_status":"open","sticky":false,"template":"","format":"standard","meta":{"_crdt_document":"","advanced_seo_description":"","jetpack_seo_html_title":"","jetpack_seo_noindex":false,"jetpack_post_was_ever_published":false,"_jetpack_newsletter_access":"","_jetpack_dont_email_post_to_subs":false,"_jetpack_newsletter_tier_id":0,"_jetpack_memberships_contains_paywalled_content":false,"_jetpack_memberships_contains_paid_content":false,"footnotes":"","jetpack_publicize_message":"","jetpack_publicize_feature_enabled":true,"jetpack_social_post_already_shared":true,"jetpack_social_options":{"image_generator_settings":{"template":"highway","default_image_id":0,"font":"","enabled":false},"version":2}},"categories":[5],"tags":[54],"class_list":{"0":"post-3529","1":"post","2":"type-post","3":"status-publish","4":"format-standard","5":"has-post-thumbnail","7":"category-noticias","8":"tag-normativa","9":"czr-hentry"},"jetpack_publicize_connections":[],"jetpack_featured_media_url":"https:\/\/i0.wp.com\/cepronda.com\/blog\/wp-content\/uploads\/2020\/03\/S%C2%B0mbolo-gen%C3%87rico-RRSS-redondo-negativo.png?fit=1500%2C1500&ssl=1","jetpack_shortlink":"https:\/\/wp.me\/p8M4X7-UV","jetpack-related-posts":[{"id":3395,"url":"https:\/\/cepronda.com\/blog\/la-ensenanza-multinivel-para-favorecer-la-inclusion-escolar\/","url_meta":{"origin":3529,"position":0},"title":"LA ENSE\u00d1ANZA MULTINIVEL PARA FAVORECER LA INCLUSI\u00d3N ESCOLAR","author":"V\u00edctor Caballero","date":"11 febrero, 2020","format":false,"excerpt":"Hola familia, Abrimos el plazo de inscripci\u00f3n para la actividad LA ENSE\u00d1ANZA MULTINIVEL PARA FAVORECER LA INCLUSI\u00d3N ESCOLAR . Esta actividad est\u00e1 dirigida a aquellas personas tutoras, o que formen parte de los equipo de atenci\u00f3n a la diversidad o de los equipos directivos. Los contenidos de la actividad son:\u2026","rel":"","context":"En \u00abFormaciones\u00bb","block_context":{"text":"Formaciones","link":"https:\/\/cepronda.com\/blog\/category\/formaciones\/"},"img":{"alt_text":"","src":"https:\/\/i0.wp.com\/cepronda.com\/blog\/wp-content\/uploads\/2020\/02\/ense%C3%B1anza-multinivel-para-favorecer-la-inclusi%C3%B3n-escolar.-1.png?fit=848%2C1200&ssl=1&resize=350%2C200","width":350,"height":200,"srcset":"https:\/\/i0.wp.com\/cepronda.com\/blog\/wp-content\/uploads\/2020\/02\/ense%C3%B1anza-multinivel-para-favorecer-la-inclusi%C3%B3n-escolar.-1.png?fit=848%2C1200&ssl=1&resize=350%2C200 1x, https:\/\/i0.wp.com\/cepronda.com\/blog\/wp-content\/uploads\/2020\/02\/ense%C3%B1anza-multinivel-para-favorecer-la-inclusi%C3%B3n-escolar.-1.png?fit=848%2C1200&ssl=1&resize=525%2C300 1.5x, https:\/\/i0.wp.com\/cepronda.com\/blog\/wp-content\/uploads\/2020\/02\/ense%C3%B1anza-multinivel-para-favorecer-la-inclusi%C3%B3n-escolar.-1.png?fit=848%2C1200&ssl=1&resize=700%2C400 2x"},"classes":[]},{"id":7527,"url":"https:\/\/cepronda.com\/blog\/consorcio-erasmus-mep-rural\/","url_meta":{"origin":3529,"position":1},"title":"Consorcio Erasmus MEP Rural","author":"Inmaculada Garc\u00eda","date":"20 marzo, 2024","format":false,"excerpt":"Emocionante noticia desde el Consorcio Erasmus MEP Rural! \u2728 Tres de nuestros valiosos docentes est\u00e1n viviendo una experiencia enriquecedora en Portugal, gracias al Job Shadowing organizado desde el CEP de Ronda. Del 18 al 22 de marzo, est\u00e1n inmersos en el Agrupamento de Escolas do Cerco, compartiendo y aprendiendo en\u2026","rel":"","context":"En \u00abFormaciones\u00bb","block_context":{"text":"Formaciones","link":"https:\/\/cepronda.com\/blog\/category\/formaciones\/"},"img":{"alt_text":"","src":"https:\/\/i0.wp.com\/cepronda.com\/blog\/wp-content\/uploads\/2024\/03\/WhatsApp-Image-2024-03-20-at-11.09.55-1.jpeg?fit=1200%2C900&ssl=1&resize=350%2C200","width":350,"height":200,"srcset":"https:\/\/i0.wp.com\/cepronda.com\/blog\/wp-content\/uploads\/2024\/03\/WhatsApp-Image-2024-03-20-at-11.09.55-1.jpeg?fit=1200%2C900&ssl=1&resize=350%2C200 1x, https:\/\/i0.wp.com\/cepronda.com\/blog\/wp-content\/uploads\/2024\/03\/WhatsApp-Image-2024-03-20-at-11.09.55-1.jpeg?fit=1200%2C900&ssl=1&resize=525%2C300 1.5x, https:\/\/i0.wp.com\/cepronda.com\/blog\/wp-content\/uploads\/2024\/03\/WhatsApp-Image-2024-03-20-at-11.09.55-1.jpeg?fit=1200%2C900&ssl=1&resize=700%2C400 2x, https:\/\/i0.wp.com\/cepronda.com\/blog\/wp-content\/uploads\/2024\/03\/WhatsApp-Image-2024-03-20-at-11.09.55-1.jpeg?fit=1200%2C900&ssl=1&resize=1050%2C600 3x"},"classes":[]},{"id":3511,"url":"https:\/\/cepronda.com\/blog\/apoyo-los-centros-desde-la-consejeria-de-educacion\/","url_meta":{"origin":3529,"position":2},"title":"Apoyo  los centros desde la Consejer\u00eda de Educaci\u00f3n","author":"V\u00edctor Caballero","date":"25 marzo, 2020","format":false,"excerpt":"La Consejer\u00eda de Educaci\u00f3n y Deporte ha puesto en marcha la p\u00e1gina web eAprendizaje. Un espacio donde docentes, alumnado y familias podr\u00e1n encontrar informaci\u00f3n completa acerca de las posibilidades existentes para la continuidad de los procesos de ense\u00f1anza-aprendizaje\u00a0tras el cierre presencial de los centros docentes por la crisis del COVID-19\u2026","rel":"","context":"En \u00abNoticias\u00bb","block_context":{"text":"Noticias","link":"https:\/\/cepronda.com\/blog\/category\/noticias\/"},"img":{"alt_text":"","src":"https:\/\/i0.wp.com\/cepronda.com\/blog\/wp-content\/uploads\/2020\/03\/EAprendizaje.png?fit=1200%2C868&ssl=1&resize=350%2C200","width":350,"height":200,"srcset":"https:\/\/i0.wp.com\/cepronda.com\/blog\/wp-content\/uploads\/2020\/03\/EAprendizaje.png?fit=1200%2C868&ssl=1&resize=350%2C200 1x, https:\/\/i0.wp.com\/cepronda.com\/blog\/wp-content\/uploads\/2020\/03\/EAprendizaje.png?fit=1200%2C868&ssl=1&resize=525%2C300 1.5x, https:\/\/i0.wp.com\/cepronda.com\/blog\/wp-content\/uploads\/2020\/03\/EAprendizaje.png?fit=1200%2C868&ssl=1&resize=700%2C400 2x, https:\/\/i0.wp.com\/cepronda.com\/blog\/wp-content\/uploads\/2020\/03\/EAprendizaje.png?fit=1200%2C868&ssl=1&resize=1050%2C600 3x"},"classes":[]},{"id":3497,"url":"https:\/\/cepronda.com\/blog\/espacio-web-e-aprendizaje\/","url_meta":{"origin":3529,"position":3},"title":"Espacio web E-Aprendizaje","author":"V\u00edctor Caballero","date":"19 marzo, 2020","format":false,"excerpt":"Ante la publicaci\u00f3n de la Orden de la Consejer\u00eda de Salud y Familias en la que se decide la suspensi\u00f3n desde el 16 al 27 de marzo de 2020 de la actividad docente presencial en todo el Sistema Educativo Andaluz, la Consejer\u00eda de Educaci\u00f3n y Deporte\u00a0 pone a disposici\u00f3n de\u2026","rel":"","context":"En \u00abNoticias\u00bb","block_context":{"text":"Noticias","link":"https:\/\/cepronda.com\/blog\/category\/noticias\/"},"img":{"alt_text":"","src":"https:\/\/i0.wp.com\/cepronda.com\/blog\/wp-content\/uploads\/2020\/03\/EAprendizaje.png?fit=1200%2C868&ssl=1&resize=350%2C200","width":350,"height":200,"srcset":"https:\/\/i0.wp.com\/cepronda.com\/blog\/wp-content\/uploads\/2020\/03\/EAprendizaje.png?fit=1200%2C868&ssl=1&resize=350%2C200 1x, https:\/\/i0.wp.com\/cepronda.com\/blog\/wp-content\/uploads\/2020\/03\/EAprendizaje.png?fit=1200%2C868&ssl=1&resize=525%2C300 1.5x, https:\/\/i0.wp.com\/cepronda.com\/blog\/wp-content\/uploads\/2020\/03\/EAprendizaje.png?fit=1200%2C868&ssl=1&resize=700%2C400 2x, https:\/\/i0.wp.com\/cepronda.com\/blog\/wp-content\/uploads\/2020\/03\/EAprendizaje.png?fit=1200%2C868&ssl=1&resize=1050%2C600 3x"},"classes":[]},{"id":3288,"url":"https:\/\/cepronda.com\/blog\/dificultades-de-aprendizaje-en-la-ensenanza-de-una-segunda-lengua-extranjera\/","url_meta":{"origin":3529,"position":4},"title":"DIFICULTADES DE APRENDIZAJE EN LA ENSE\u00d1ANZA DE UNA SEGUNDA LENGUA EXTRANJERA","author":"V\u00edctor Caballero","date":"7 enero, 2020","format":false,"excerpt":"Seguimos con las nuevas actividades en las que abrimos la inscripci\u00f3n. En este caso se trata de una formaci\u00f3n con el objetivo de dotar al profesorado de herramientas y estrategias que le permitan detectar y comprender los ritmos y patrones de aprendizaje del alumnado con dificultades en la adquisici\u00f3n de\u2026","rel":"","context":"En \u00abFormaciones\u00bb","block_context":{"text":"Formaciones","link":"https:\/\/cepronda.com\/blog\/category\/formaciones\/"},"img":{"alt_text":"","src":"https:\/\/i0.wp.com\/cepronda.com\/blog\/wp-content\/uploads\/2020\/01\/Dificultades-de-aprendizaje-en-la-ense%C3%B1anza-de-una-segunda-lengua-extranjera.-2.png?fit=848%2C1200&ssl=1&resize=350%2C200","width":350,"height":200,"srcset":"https:\/\/i0.wp.com\/cepronda.com\/blog\/wp-content\/uploads\/2020\/01\/Dificultades-de-aprendizaje-en-la-ense%C3%B1anza-de-una-segunda-lengua-extranjera.-2.png?fit=848%2C1200&ssl=1&resize=350%2C200 1x, https:\/\/i0.wp.com\/cepronda.com\/blog\/wp-content\/uploads\/2020\/01\/Dificultades-de-aprendizaje-en-la-ense%C3%B1anza-de-una-segunda-lengua-extranjera.-2.png?fit=848%2C1200&ssl=1&resize=525%2C300 1.5x, https:\/\/i0.wp.com\/cepronda.com\/blog\/wp-content\/uploads\/2020\/01\/Dificultades-de-aprendizaje-en-la-ense%C3%B1anza-de-una-segunda-lengua-extranjera.-2.png?fit=848%2C1200&ssl=1&resize=700%2C400 2x"},"classes":[]},{"id":8411,"url":"https:\/\/cepronda.com\/blog\/jornadas-provinciales-de-practicas-educativas-de-exito\/","url_meta":{"origin":3529,"position":5},"title":"JORNADAS PROVINCIALES DE PR\u00c1CTICAS EDUCATIVAS DE \u00c9XITO","author":"Mamen Moreno","date":"31 marzo, 2025","format":false,"excerpt":"Se abre el plazo de inscripci\u00f3n para las \"JORNADAS PROVINCIALES DE PR\u00c1CTICAS EDUCATIVAS DE \u00c9XITO\" con C\u00d3DIGO: 252925GE600, dirigido al profesorado de todas las etapas de la provincia de M\u00e1laga. \u00a0 Las sesiones se realizar\u00e1n en directo en formato ONLINE a trav\u00e9s de la plataforma de Youtube y Webex. \u00a0\u2026","rel":"","context":"En \u00abNoticias\u00bb","block_context":{"text":"Noticias","link":"https:\/\/cepronda.com\/blog\/category\/noticias\/"},"img":{"alt_text":"","src":"https:\/\/i0.wp.com\/cepronda.com\/blog\/wp-content\/uploads\/2025\/03\/j-experiencias-educativas-de-exito-2-4.png?fit=848%2C1200&ssl=1&resize=350%2C200","width":350,"height":200,"srcset":"https:\/\/i0.wp.com\/cepronda.com\/blog\/wp-content\/uploads\/2025\/03\/j-experiencias-educativas-de-exito-2-4.png?fit=848%2C1200&ssl=1&resize=350%2C200 1x, https:\/\/i0.wp.com\/cepronda.com\/blog\/wp-content\/uploads\/2025\/03\/j-experiencias-educativas-de-exito-2-4.png?fit=848%2C1200&ssl=1&resize=525%2C300 1.5x, https:\/\/i0.wp.com\/cepronda.com\/blog\/wp-content\/uploads\/2025\/03\/j-experiencias-educativas-de-exito-2-4.png?fit=848%2C1200&ssl=1&resize=700%2C400 2x"},"classes":[]}],"jetpack_sharing_enabled":true,"_links":{"self":[{"href":"https:\/\/cepronda.com\/blog\/wp-json\/wp\/v2\/posts\/3529","targetHints":{"allow":["GET"]}}],"collection":[{"href":"https:\/\/cepronda.com\/blog\/wp-json\/wp\/v2\/posts"}],"about":[{"href":"https:\/\/cepronda.com\/blog\/wp-json\/wp\/v2\/types\/post"}],"author":[{"embeddable":true,"href":"https:\/\/cepronda.com\/blog\/wp-json\/wp\/v2\/users\/3"}],"replies":[{"embeddable":true,"href":"https:\/\/cepronda.com\/blog\/wp-json\/wp\/v2\/comments?post=3529"}],"version-history":[{"count":1,"href":"https:\/\/cepronda.com\/blog\/wp-json\/wp\/v2\/posts\/3529\/revisions"}],"predecessor-version":[{"id":3531,"href":"https:\/\/cepronda.com\/blog\/wp-json\/wp\/v2\/posts\/3529\/revisions\/3531"}],"wp:featuredmedia":[{"embeddable":true,"href":"https:\/\/cepronda.com\/blog\/wp-json\/wp\/v2\/media\/3495"}],"wp:attachment":[{"href":"https:\/\/cepronda.com\/blog\/wp-json\/wp\/v2\/media?parent=3529"}],"wp:term":[{"taxonomy":"category","embeddable":true,"href":"https:\/\/cepronda.com\/blog\/wp-json\/wp\/v2\/categories?post=3529"},{"taxonomy":"post_tag","embeddable":true,"href":"https:\/\/cepronda.com\/blog\/wp-json\/wp\/v2\/tags?post=3529"}],"curies":[{"name":"wp","href":"https:\/\/api.w.org\/{rel}","templated":true}]}}