{"id":3525,"date":"2020-04-01T13:03:43","date_gmt":"2020-04-01T11:03:43","guid":{"rendered":"http:\/\/cepronda.com\/blog\/?p=3525"},"modified":"2020-04-01T13:03:48","modified_gmt":"2020-04-01T11:03:48","slug":"una-leccion-al-coronavirus","status":"publish","type":"post","link":"https:\/\/cepronda.com\/blog\/una-leccion-al-coronavirus\/","title":{"rendered":"#Una lecci\u00f3n al coronavirus"},"content":{"rendered":"\n<p class=\"wp-block-paragraph\">Muy buenas familia, compartimos con todas y todos vosotros esta iniciativa tan buena, que nos llega a trav\u00e9s de uno de nuestros ponentes, Manuel Ca\u00f1o.<\/p>\n\n\n\n<p class=\"wp-block-paragraph\">Estimado\/a compa\u00f1ero\/a, mi nombre es Manuel Ca\u00f1o Delgado, actualmente orientador en el IES Valdelagrana de El Puerto de Santa Mar\u00eda. Desde nuestro claustro ha\u00a0nacido la Campa\u00f1a\u00a0<strong>#UnaLecci\u00f3nAlCoronavirus<\/strong>\u00a0de \u00e1mbito nacional a trav\u00e9s de la cual se busca la aportaci\u00f3n solidaria del profesorado para atender las dificultades sociales y econ\u00f3micas generadas por la crisis sanitaria en la que estamos inmersos. Esta iniciativa se enmarca a su vez dentro del ambicioso Plan Cruz Roja Responde.La campa\u00f1a se est\u00e1 difundiendo a nivel de prensa, radio, televisi\u00f3n y redes sociales:<\/p>\n\n\n\n<p class=\"wp-block-paragraph\"><a rel=\"noreferrer noopener\" href=\"https:\/\/www.diariodecadiz.es\/elpuerto\/IES-Valdelagrana-inicia-campana-UnaLeccionAlCoronavirus_0_1450955196.html\" target=\"_blank\">https:\/\/www.diariodecadiz.es\/elpuerto\/IES-Valdelagrana-inicia-campana-UnaLeccionAlCoronavirus_0_1450955196.html<\/a><a rel=\"noreferrer noopener\" href=\"https:\/\/www.facebook.com\/manuel.lodoskadel\/posts\/10206883101153282\" target=\"_blank\">h<\/a><\/p>\n\n\n\n<p class=\"wp-block-paragraph\"><a rel=\"noreferrer noopener\" href=\"https:\/\/www.facebook.com\/manuel.lodoskadel\/posts\/10206883101153282\" target=\"_blank\">ttps:\/\/www.facebook.com\/manuel.lodoskadel\/posts\/10206883101153282<\/a><\/p>\n\n\n\n<p class=\"wp-block-paragraph\"><a rel=\"noreferrer noopener\" href=\"https:\/\/www.instagram.com\/p\/B-UtApICGQE9Hi0GLYhHHtXa4oNZCbbxK-oIzk0\/\" target=\"_blank\">https:\/\/www.instagram.com\/p\/B-UtApICGQE9Hi0GLYhHHtXa4oNZCbbxK-oIzk0\/<\/a>\u00a0\u00a0\u00a0<\/p>\n\n\n\n<p class=\"wp-block-paragraph\">Te rogamos que, a nivel personal, le des la m\u00e1xima difusi\u00f3n a esta campa\u00f1a a\u00a0 nivel local, provincial y nacional, con objeto de que se de el mejor resultado posible desde nuestro sector.<br>Para ello te facilito el pdf de la campa\u00f1a y las im\u00e1genes que puedes usar para Twitter. Para Facebook puedes reenviarla\u00a0desde cualquier contacto que ya lo haya hecho o copiar y pegar desde el pdf adjuntando posteriormente el logo.\u00a0Encantado de saludarte. Gracias por tu ayuda.\u00a0&#8212;<br>Un abrazo cooperativo.<\/p>\n\n\n\n<figure class=\"wp-block-image size-large\"><img data-recalc-dims=\"1\" loading=\"lazy\" decoding=\"async\" width=\"497\" height=\"449\" src=\"https:\/\/i0.wp.com\/cepronda.com\/blog\/wp-content\/uploads\/2020\/04\/lecci%C3%B3n_al_virus.png?resize=497%2C449\" alt=\"\" class=\"wp-image-3526\" srcset=\"https:\/\/i0.wp.com\/cepronda.com\/blog\/wp-content\/uploads\/2020\/04\/lecci%C3%B3n_al_virus.png?w=497&amp;ssl=1 497w, https:\/\/i0.wp.com\/cepronda.com\/blog\/wp-content\/uploads\/2020\/04\/lecci%C3%B3n_al_virus.png?resize=300%2C271&amp;ssl=1 300w\" sizes=\"auto, (max-width: 497px) 100vw, 497px\" \/><\/figure>\n","protected":false},"excerpt":{"rendered":"<p>Muy buenas familia, compartimos con todas y todos vosotros esta iniciativa tan buena, que nos llega a trav\u00e9s de uno de nuestros ponentes, Manuel Ca\u00f1o. Estimado\/a compa\u00f1ero\/a, mi nombre es Manuel Ca\u00f1o Delgado, actualmente orientador en el IES Valdelagrana de El Puerto de Santa Mar\u00eda. Desde nuestro claustro ha\u00a0nacido la Campa\u00f1a\u00a0#UnaLecci\u00f3nAlCoronavirus\u00a0de \u00e1mbito nacional a trav\u00e9s [&hellip;]<\/p>\n","protected":false},"author":3,"featured_media":3526,"comment_status":"open","ping_status":"open","sticky":false,"template":"","format":"standard","meta":{"_crdt_document":"","advanced_seo_description":"","jetpack_seo_html_title":"","jetpack_seo_noindex":false,"jetpack_post_was_ever_published":false,"_jetpack_newsletter_access":"","_jetpack_dont_email_post_to_subs":false,"_jetpack_newsletter_tier_id":0,"_jetpack_memberships_contains_paywalled_content":false,"_jetpack_memberships_contains_paid_content":false,"footnotes":"","jetpack_publicize_message":"#Una lecci\u00f3n al coronavirus","jetpack_publicize_feature_enabled":true,"jetpack_social_post_already_shared":true,"jetpack_social_options":{"image_generator_settings":{"template":"highway","default_image_id":0,"font":"","enabled":false},"version":2}},"categories":[5],"tags":[164],"class_list":{"0":"post-3525","1":"post","2":"type-post","3":"status-publish","4":"format-standard","5":"has-post-thumbnail","7":"category-noticias","8":"tag-solidaridad","9":"czr-hentry"},"jetpack_publicize_connections":[],"jetpack_featured_media_url":"https:\/\/i0.wp.com\/cepronda.com\/blog\/wp-content\/uploads\/2020\/04\/lecci%C3%B3n_al_virus.png?fit=497%2C449&ssl=1","jetpack_shortlink":"https:\/\/wp.me\/p8M4X7-UR","jetpack-related-posts":[{"id":3009,"url":"https:\/\/cepronda.com\/blog\/hi-room-una-innovadora-idea-del-ies-profesor-gonzalo-huesa\/","url_meta":{"origin":3525,"position":0},"title":"Hi Room! Una innovadora idea del IES Profesor Gonzalo Huesa","author":"V\u00edctor Caballero","date":"19 septiembre, 2019","format":false,"excerpt":"Muy buenas, Hace unos d\u00edas con pasaban un v\u00eddeo intrigante desde el Instituto Gonzalo Huesa, y ya hoy hemos podido ver las fotos de la actividad que organizaron para recibir al alumnado de 1\u00ba de ESO. Os recomendamos ver el v\u00eddeo que han publicado en sus redes sociales. Desde el\u2026","rel":"","context":"En \u00abNoticias\u00bb","block_context":{"text":"Noticias","link":"https:\/\/cepronda.com\/blog\/category\/noticias\/"},"img":{"alt_text":"","src":"https:\/\/i0.wp.com\/cepronda.com\/blog\/wp-content\/uploads\/2019\/09\/IES-Gonzalo-Huesa.png?resize=350%2C200","width":350,"height":200},"classes":[]},{"id":5033,"url":"https:\/\/cepronda.com\/blog\/atencion-sociosanitaria-a-personas-dependientes-en-instituciones-sociales\/","url_meta":{"origin":3525,"position":1},"title":"ATENCI\u00d3N SOCIOSANITARIA A PERSONAS DEPENDIENTES EN INSTITUCIONES SOCIALES","author":"Antonio Montes","date":"2 febrero, 2022","format":false,"excerpt":"Buenos d\u00edas Os informamos que en el IES P\u00e9rez de Guzm\u00e1n se va a llevar a cabo el curso siguiente: ATENCI\u00d3N SOCIOSANITARIA A PERSONAS DEPENDIENTES EN INSTITUCIONES SOCIALES (Certificado de Profesionalidad, con pr\u00e1cticas profesionales). Tendr\u00e1 una duraci\u00f3n de 450 horas y se desarrollar\u00e1 a partir del mes de febrero, de\u2026","rel":"","context":"En \u00abFormaciones\u00bb","block_context":{"text":"Formaciones","link":"https:\/\/cepronda.com\/blog\/category\/formaciones\/"},"img":{"alt_text":"","src":"https:\/\/i0.wp.com\/cepronda.com\/blog\/wp-content\/uploads\/2022\/02\/aTENCION-SOCIOSANITARIO-3.png?fit=849%2C1200&ssl=1&resize=350%2C200","width":350,"height":200,"srcset":"https:\/\/i0.wp.com\/cepronda.com\/blog\/wp-content\/uploads\/2022\/02\/aTENCION-SOCIOSANITARIO-3.png?fit=849%2C1200&ssl=1&resize=350%2C200 1x, https:\/\/i0.wp.com\/cepronda.com\/blog\/wp-content\/uploads\/2022\/02\/aTENCION-SOCIOSANITARIO-3.png?fit=849%2C1200&ssl=1&resize=525%2C300 1.5x, https:\/\/i0.wp.com\/cepronda.com\/blog\/wp-content\/uploads\/2022\/02\/aTENCION-SOCIOSANITARIO-3.png?fit=849%2C1200&ssl=1&resize=700%2C400 2x"},"classes":[]},{"id":7493,"url":"https:\/\/cepronda.com\/blog\/cruzando-fronteras-culturales-%e2%9c%a8-experiencia-erasmus-en-el-ies-andres-perez-serrano\/","url_meta":{"origin":3525,"position":2},"title":"\u00ab\u00a1Cruzando Fronteras Culturales! \u2728 Experiencia Erasmus en el IES Andr\u00e9s P\u00e9rez Serrano\u00bb","author":"Maribel Mu\u00f1oz","date":"6 marzo, 2024","format":false,"excerpt":"\u00a1Celebramos la maravillosa experiencia Erasmus que estamos viviendo en el IES Andr\u00e9s P\u00e9rez Serrano! \u2728Del 3 al 14 de marzo,el centro tiene el placer de recibir a 6 brillantes alumnos\/as del Institut Saint Dominique-Saint Herblain de Francia. Estos j\u00f3venes embajadores de la cultura francesa est\u00e1n explorando la localidad de Cortes\u2026","rel":"","context":"En \u00abFormaciones\u00bb","block_context":{"text":"Formaciones","link":"https:\/\/cepronda.com\/blog\/category\/formaciones\/"},"img":{"alt_text":"","src":"https:\/\/i0.wp.com\/cepronda.com\/blog\/wp-content\/uploads\/2024\/03\/Imagen-Erasmus-visita-6-franceses-pixelada.jpg?fit=1200%2C540&ssl=1&resize=350%2C200","width":350,"height":200,"srcset":"https:\/\/i0.wp.com\/cepronda.com\/blog\/wp-content\/uploads\/2024\/03\/Imagen-Erasmus-visita-6-franceses-pixelada.jpg?fit=1200%2C540&ssl=1&resize=350%2C200 1x, https:\/\/i0.wp.com\/cepronda.com\/blog\/wp-content\/uploads\/2024\/03\/Imagen-Erasmus-visita-6-franceses-pixelada.jpg?fit=1200%2C540&ssl=1&resize=525%2C300 1.5x, https:\/\/i0.wp.com\/cepronda.com\/blog\/wp-content\/uploads\/2024\/03\/Imagen-Erasmus-visita-6-franceses-pixelada.jpg?fit=1200%2C540&ssl=1&resize=700%2C400 2x, https:\/\/i0.wp.com\/cepronda.com\/blog\/wp-content\/uploads\/2024\/03\/Imagen-Erasmus-visita-6-franceses-pixelada.jpg?fit=1200%2C540&ssl=1&resize=1050%2C600 3x"},"classes":[]},{"id":5386,"url":"https:\/\/cepronda.com\/blog\/fp-basica-ies-valle-del-genal\/","url_meta":{"origin":3525,"position":3},"title":"FP B\u00c1SICA IES VALLE DEL GENAL","author":"Maribel Mu\u00f1oz","date":"29 junio, 2022","format":false,"excerpt":"Buenas tardes compa\u00f1eras y compa\u00f1eros, Os recordamos que desde el IES Valle del Genal se oferta, para el pr\u00f3ximo curso, el siguiente ciclo formativo: *FORMACI\u00d3N PROFESIONAL B\u00c1SICA EN REFORMA Y MANTENIMIENTOS DE EDIFICIOS. Para m\u00e1s informaci\u00f3n pod\u00e9is consultar el siguiente documento. FP B\u00e1sica en reforma y mantenimientos de edificios Deseamos\u2026","rel":"","context":"En \u00abFormaciones\u00bb","block_context":{"text":"Formaciones","link":"https:\/\/cepronda.com\/blog\/category\/formaciones\/"},"img":{"alt_text":"","src":"https:\/\/i0.wp.com\/cepronda.com\/blog\/wp-content\/uploads\/2022\/06\/FCB-Valle-del-Genal-1.jpg?fit=881%2C495&ssl=1&resize=350%2C200","width":350,"height":200,"srcset":"https:\/\/i0.wp.com\/cepronda.com\/blog\/wp-content\/uploads\/2022\/06\/FCB-Valle-del-Genal-1.jpg?fit=881%2C495&ssl=1&resize=350%2C200 1x, https:\/\/i0.wp.com\/cepronda.com\/blog\/wp-content\/uploads\/2022\/06\/FCB-Valle-del-Genal-1.jpg?fit=881%2C495&ssl=1&resize=525%2C300 1.5x, https:\/\/i0.wp.com\/cepronda.com\/blog\/wp-content\/uploads\/2022\/06\/FCB-Valle-del-Genal-1.jpg?fit=881%2C495&ssl=1&resize=700%2C400 2x"},"classes":[]},{"id":7672,"url":"https:\/\/cepronda.com\/blog\/el-ies-martin-rivero-de-ronda-junto-con-ies-gran-capitan-de-cordoba-premidados-por-su-fabrica-de-ideas-e-inventos\/","url_meta":{"origin":3525,"position":4},"title":"EL IES MART\u00cdN RIVERO DE RONDA JUNTO CON EL IES GRAN CAPIT\u00c1N DE C\u00d3RDOBA PREMIDADOS POR SU F\u00c1BRICA DE IDEAS E INVENTOS","author":"Mamen Moreno","date":"12 julio, 2024","format":false,"excerpt":"El IES Mart\u00edn Rivero ha sido premiado por su F\u00e1brica de Ideas e Inventos de estudiantes, junto con el IES Gran Capit\u00e1n de C\u00f3rdoba. El Ministerio de Ciencia, Innovaci\u00f3n y Universidades ha reconocido este prestigioso reconocimiento a la RED de centros andaluces FAB-IDI \"F\u00e1bricas de Ideas e Inventos\", coordinada en\u2026","rel":"","context":"En \u00abNoticias\u00bb","block_context":{"text":"Noticias","link":"https:\/\/cepronda.com\/blog\/category\/noticias\/"},"img":{"alt_text":"","src":"https:\/\/i0.wp.com\/cepronda.com\/blog\/wp-content\/uploads\/2024\/07\/WhatsApp-Image-2024-07-12-at-11.33.31-e1720792423312.jpeg?fit=871%2C515&ssl=1&resize=350%2C200","width":350,"height":200,"srcset":"https:\/\/i0.wp.com\/cepronda.com\/blog\/wp-content\/uploads\/2024\/07\/WhatsApp-Image-2024-07-12-at-11.33.31-e1720792423312.jpeg?fit=871%2C515&ssl=1&resize=350%2C200 1x, https:\/\/i0.wp.com\/cepronda.com\/blog\/wp-content\/uploads\/2024\/07\/WhatsApp-Image-2024-07-12-at-11.33.31-e1720792423312.jpeg?fit=871%2C515&ssl=1&resize=525%2C300 1.5x, https:\/\/i0.wp.com\/cepronda.com\/blog\/wp-content\/uploads\/2024\/07\/WhatsApp-Image-2024-07-12-at-11.33.31-e1720792423312.jpeg?fit=871%2C515&ssl=1&resize=700%2C400 2x"},"classes":[]},{"id":5674,"url":"https:\/\/cepronda.com\/blog\/el-ies-dr-rodriguez-delgado-de-ronda-recibe-el-reconocimiento-del-cihar-por-su-semana-andalusi\/","url_meta":{"origin":3525,"position":5},"title":"El IES Dr. Rodr\u00edguez Delgado de Ronda recibe el reconocimiento del CIHAR por su \u201cSemana Andalus\u00ed\u201d.","author":"Inmaculada Garc\u00eda","date":"21 diciembre, 2022","format":false,"excerpt":"Buenos d\u00edas. Quer\u00edamos dar la enhorabuena al IES Dr. Rodr\u00edguez Delgado de Ronda por el reconocimiento recibido por parte del CIHAR por su \u201cSemana Andalus\u00ed\u201d. El pasado viernes 16 de diciembre, el Consejero Cultural en la Provincia de M\u00e1laga, el historiador Antonio R. Acedo, hizo entrega del reconocimiento del C\u00edrculo\u2026","rel":"","context":"En \u00abNoticias\u00bb","block_context":{"text":"Noticias","link":"https:\/\/cepronda.com\/blog\/category\/noticias\/"},"img":{"alt_text":"","src":"https:\/\/i0.wp.com\/cepronda.com\/blog\/wp-content\/uploads\/2022\/12\/Copia-de-ESTANCIAS-FORMATIVAS-EN-EMPRESAS-PARA-EL-PROFESORADO-DE-FORMACION-PROFESIONAL.png?fit=1080%2C1080&ssl=1&resize=350%2C200","width":350,"height":200,"srcset":"https:\/\/i0.wp.com\/cepronda.com\/blog\/wp-content\/uploads\/2022\/12\/Copia-de-ESTANCIAS-FORMATIVAS-EN-EMPRESAS-PARA-EL-PROFESORADO-DE-FORMACION-PROFESIONAL.png?fit=1080%2C1080&ssl=1&resize=350%2C200 1x, https:\/\/i0.wp.com\/cepronda.com\/blog\/wp-content\/uploads\/2022\/12\/Copia-de-ESTANCIAS-FORMATIVAS-EN-EMPRESAS-PARA-EL-PROFESORADO-DE-FORMACION-PROFESIONAL.png?fit=1080%2C1080&ssl=1&resize=525%2C300 1.5x, https:\/\/i0.wp.com\/cepronda.com\/blog\/wp-content\/uploads\/2022\/12\/Copia-de-ESTANCIAS-FORMATIVAS-EN-EMPRESAS-PARA-EL-PROFESORADO-DE-FORMACION-PROFESIONAL.png?fit=1080%2C1080&ssl=1&resize=700%2C400 2x, https:\/\/i0.wp.com\/cepronda.com\/blog\/wp-content\/uploads\/2022\/12\/Copia-de-ESTANCIAS-FORMATIVAS-EN-EMPRESAS-PARA-EL-PROFESORADO-DE-FORMACION-PROFESIONAL.png?fit=1080%2C1080&ssl=1&resize=1050%2C600 3x"},"classes":[]}],"jetpack_sharing_enabled":true,"_links":{"self":[{"href":"https:\/\/cepronda.com\/blog\/wp-json\/wp\/v2\/posts\/3525","targetHints":{"allow":["GET"]}}],"collection":[{"href":"https:\/\/cepronda.com\/blog\/wp-json\/wp\/v2\/posts"}],"about":[{"href":"https:\/\/cepronda.com\/blog\/wp-json\/wp\/v2\/types\/post"}],"author":[{"embeddable":true,"href":"https:\/\/cepronda.com\/blog\/wp-json\/wp\/v2\/users\/3"}],"replies":[{"embeddable":true,"href":"https:\/\/cepronda.com\/blog\/wp-json\/wp\/v2\/comments?post=3525"}],"version-history":[{"count":1,"href":"https:\/\/cepronda.com\/blog\/wp-json\/wp\/v2\/posts\/3525\/revisions"}],"predecessor-version":[{"id":3527,"href":"https:\/\/cepronda.com\/blog\/wp-json\/wp\/v2\/posts\/3525\/revisions\/3527"}],"wp:featuredmedia":[{"embeddable":true,"href":"https:\/\/cepronda.com\/blog\/wp-json\/wp\/v2\/media\/3526"}],"wp:attachment":[{"href":"https:\/\/cepronda.com\/blog\/wp-json\/wp\/v2\/media?parent=3525"}],"wp:term":[{"taxonomy":"category","embeddable":true,"href":"https:\/\/cepronda.com\/blog\/wp-json\/wp\/v2\/categories?post=3525"},{"taxonomy":"post_tag","embeddable":true,"href":"https:\/\/cepronda.com\/blog\/wp-json\/wp\/v2\/tags?post=3525"}],"curies":[{"name":"wp","href":"https:\/\/api.w.org\/{rel}","templated":true}]}}