{"id":3511,"date":"2020-03-25T15:04:42","date_gmt":"2020-03-25T14:04:42","guid":{"rendered":"http:\/\/cepronda.com\/blog\/?p=3511"},"modified":"2020-03-25T15:04:47","modified_gmt":"2020-03-25T14:04:47","slug":"apoyo-los-centros-desde-la-consejeria-de-educacion","status":"publish","type":"post","link":"https:\/\/cepronda.com\/blog\/apoyo-los-centros-desde-la-consejeria-de-educacion\/","title":{"rendered":"Apoyo  los centros desde la Consejer\u00eda de Educaci\u00f3n"},"content":{"rendered":"\n<div class=\"wp-block-image\"><figure class=\"aligncenter size-large\"><a href=\"https:\/\/blogsaverroes.juntadeandalucia.es\/eaprendizaje\/\" target=\"_blank\" rel=\"noreferrer noopener\"><img data-recalc-dims=\"1\" loading=\"lazy\" decoding=\"async\" width=\"300\" height=\"209\" src=\"https:\/\/i0.wp.com\/cepronda.com\/blog\/wp-content\/uploads\/2020\/03\/eaprendizaje-1.png?resize=300%2C209\" alt=\"\" class=\"wp-image-3513\"\/><\/a><\/figure><\/div>\n\n\n\n<ol class=\"wp-block-list\"><li>La Consejer\u00eda de Educaci\u00f3n y Deporte ha puesto en marcha la p\u00e1gina <a rel=\"noreferrer noopener\" aria-label=\"web eAprendizaje (opens in a new tab)\" href=\"https:\/\/blogsaverroes.juntadeandalucia.es\/eaprendizaje\/\" target=\"_blank\">web eAprendizaje<\/a>. Un espacio donde docentes, alumnado y familias podr\u00e1n encontrar informaci\u00f3n completa acerca de las posibilidades existentes para la continuidad de los procesos de ense\u00f1anza-aprendizaje\u00a0tras el cierre presencial de los centros docentes por la crisis del COVID-19 <br><\/li><li>Con la idea de dar respuesta a las dudas que , en relaci\u00f3n al uso de la plataforma \u00a0de formaci\u00f3n on-line Moodle y\u00a0su uso para la impartici\u00f3n de docencia, surjan entre el profesorado, los cinco CEPS \u00a0de la provincia de M\u00e1laga hemos creado un <a rel=\"noreferrer noopener\" aria-label=\"espacio com\u00fan de FAQ para resolverlas.  (opens in a new tab)\" href=\"https:\/\/view.genial.ly\/5e7afe89d608730d9150eb99\/interactive-image-faqmoodle-cepronda\" target=\"_blank\">espacio com\u00fan de FAQ para resolverlas. <\/a><\/li><\/ol>\n\n\n\n<figure class=\"wp-block-image size-large\"><a href=\"https:\/\/view.genial.ly\/5e7afe89d608730d9150eb99\/interactive-image-faqmoodle-cepronda\" target=\"_blank\" rel=\"noreferrer noopener\"><img data-recalc-dims=\"1\" loading=\"lazy\" decoding=\"async\" width=\"1024\" height=\"1023\" src=\"https:\/\/i0.wp.com\/cepronda.com\/blog\/wp-content\/uploads\/2020\/03\/IMG-FAQ.jpg?resize=1024%2C1023\" alt=\"\" class=\"wp-image-3512\" srcset=\"https:\/\/i0.wp.com\/cepronda.com\/blog\/wp-content\/uploads\/2020\/03\/IMG-FAQ.jpg?w=1024&amp;ssl=1 1024w, https:\/\/i0.wp.com\/cepronda.com\/blog\/wp-content\/uploads\/2020\/03\/IMG-FAQ.jpg?resize=300%2C300&amp;ssl=1 300w, https:\/\/i0.wp.com\/cepronda.com\/blog\/wp-content\/uploads\/2020\/03\/IMG-FAQ.jpg?resize=150%2C150&amp;ssl=1 150w, https:\/\/i0.wp.com\/cepronda.com\/blog\/wp-content\/uploads\/2020\/03\/IMG-FAQ.jpg?resize=768%2C767&amp;ssl=1 768w, https:\/\/i0.wp.com\/cepronda.com\/blog\/wp-content\/uploads\/2020\/03\/IMG-FAQ.jpg?resize=50%2C50&amp;ssl=1 50w\" sizes=\"auto, (max-width: 1024px) 100vw, 1024px\" \/><\/a><\/figure>\n","protected":false},"excerpt":{"rendered":"<p>La Consejer\u00eda de Educaci\u00f3n y Deporte ha puesto en marcha la p\u00e1gina web eAprendizaje. Un espacio donde docentes, alumnado y familias podr\u00e1n encontrar informaci\u00f3n completa acerca de las posibilidades existentes para la continuidad de los procesos de ense\u00f1anza-aprendizaje\u00a0tras el cierre presencial de los centros docentes por la crisis del COVID-19 Con la idea de dar [&hellip;]<\/p>\n","protected":false},"author":3,"featured_media":3498,"comment_status":"open","ping_status":"open","sticky":false,"template":"","format":"standard","meta":{"_crdt_document":"","advanced_seo_description":"","jetpack_seo_html_title":"","jetpack_seo_noindex":false,"jetpack_post_was_ever_published":false,"_jetpack_newsletter_access":"","_jetpack_dont_email_post_to_subs":false,"_jetpack_newsletter_tier_id":0,"_jetpack_memberships_contains_paywalled_content":false,"_jetpack_memberships_contains_paid_content":false,"footnotes":"","jetpack_publicize_message":"Apoyo  los centros desde la Consejer\u00eda de Educaci\u00f3n @cepantequera @cepaxarquia @cepmarbellacoin @cepmalaga @EducaAnd @jmcriado","jetpack_publicize_feature_enabled":true,"jetpack_social_post_already_shared":true,"jetpack_social_options":{"image_generator_settings":{"template":"highway","default_image_id":0,"font":"","enabled":false},"version":2}},"categories":[5],"tags":[78],"class_list":{"0":"post-3511","1":"post","2":"type-post","3":"status-publish","4":"format-standard","5":"has-post-thumbnail","7":"category-noticias","8":"tag-noticias","9":"czr-hentry"},"jetpack_publicize_connections":[],"jetpack_featured_media_url":"https:\/\/i0.wp.com\/cepronda.com\/blog\/wp-content\/uploads\/2020\/03\/EAprendizaje.png?fit=1322%2C956&ssl=1","jetpack_shortlink":"https:\/\/wp.me\/p8M4X7-UD","jetpack-related-posts":[{"id":5179,"url":"https:\/\/cepronda.com\/blog\/provision-de-puestos-docentes-para-el-desarrollo-de-funciones-de-impulso-de-la-formacion-profesional-dual\/","url_meta":{"origin":3511,"position":0},"title":"Provisi\u00f3n de puestos docentes para el desarrollo de funciones de impulso de la Formaci\u00f3n Profesional Dual","author":"Inmaculada Garc\u00eda","date":"17 marzo, 2022","format":false,"excerpt":"Buenos d\u00edas, compa\u00f1eros y compa\u00f1eras. Ha salido publicada la convocatoria p\u00fablica para la provisi\u00f3n de puestos docentes para el desarrollo de funciones de impulso de la Formaci\u00f3n Profesional Dual mediante el trabajo en red. Convocatoria, mediante concurso de m\u00e9ritos, para la selecci\u00f3n y nombramiento de cincuenta docentes con funciones de\u2026","rel":"","context":"En \u00abNoticias\u00bb","block_context":{"text":"Noticias","link":"https:\/\/cepronda.com\/blog\/category\/noticias\/"},"img":{"alt_text":"","src":"https:\/\/i0.wp.com\/cepronda.com\/blog\/wp-content\/uploads\/2022\/03\/Copia-de-ESTANCIAS-FORMATIVAS-EN-EMPRESAS-PARA-EL-PROFESORADO-DE-FORMACION-PROFESIONAL-1.png?fit=1080%2C1080&ssl=1&resize=350%2C200","width":350,"height":200,"srcset":"https:\/\/i0.wp.com\/cepronda.com\/blog\/wp-content\/uploads\/2022\/03\/Copia-de-ESTANCIAS-FORMATIVAS-EN-EMPRESAS-PARA-EL-PROFESORADO-DE-FORMACION-PROFESIONAL-1.png?fit=1080%2C1080&ssl=1&resize=350%2C200 1x, https:\/\/i0.wp.com\/cepronda.com\/blog\/wp-content\/uploads\/2022\/03\/Copia-de-ESTANCIAS-FORMATIVAS-EN-EMPRESAS-PARA-EL-PROFESORADO-DE-FORMACION-PROFESIONAL-1.png?fit=1080%2C1080&ssl=1&resize=525%2C300 1.5x, https:\/\/i0.wp.com\/cepronda.com\/blog\/wp-content\/uploads\/2022\/03\/Copia-de-ESTANCIAS-FORMATIVAS-EN-EMPRESAS-PARA-EL-PROFESORADO-DE-FORMACION-PROFESIONAL-1.png?fit=1080%2C1080&ssl=1&resize=700%2C400 2x, https:\/\/i0.wp.com\/cepronda.com\/blog\/wp-content\/uploads\/2022\/03\/Copia-de-ESTANCIAS-FORMATIVAS-EN-EMPRESAS-PARA-EL-PROFESORADO-DE-FORMACION-PROFESIONAL-1.png?fit=1080%2C1080&ssl=1&resize=1050%2C600 3x"},"classes":[]},{"id":2667,"url":"https:\/\/cepronda.com\/blog\/ii-premios-para-el-reconocimiento-a-centros-publicos-de-andalucia-con-buenas-practicas-docentes-en-bibliotecas-escolares-y-en-el-fomento-de-la-lectura\/","url_meta":{"origin":3511,"position":1},"title":"II Premios para el reconocimiento a centros p\u00fablicos de Andaluc\u00eda con buenas pr\u00e1cticas docentes en Bibliotecas Escolares y en el fomento de la lectura","author":"V\u00edctor Caballero","date":"13 marzo, 2019","format":false,"excerpt":"Muy buenas familia, queremos compartir con todos y todas vosotras la convocatoria de estos premios, ya que sabemos que muchas de las bibliotecas de los centros de nuestra zona est\u00e1n haciendo un gran trabajo, y creemos sinceramente que pod\u00e9is optar a estos premios. Os dejamos con la informaci\u00f3n sobre la\u2026","rel":"","context":"En \u00abNoticias\u00bb","block_context":{"text":"Noticias","link":"https:\/\/cepronda.com\/blog\/category\/noticias\/"},"img":{"alt_text":"","src":"","width":0,"height":0},"classes":[]},{"id":3388,"url":"https:\/\/cepronda.com\/blog\/iii-premios-para-el-reconocimiento-a-centros-publicos-de-andalucia-con-buenas-practicas-docentes-en-bibliotecas-escolares-y-en-el-fomento-de-la-lectura\/","url_meta":{"origin":3511,"position":2},"title":"III Premios para el reconocimiento a centros p\u00fablicos de Andaluc\u00eda con buenas pr\u00e1cticas docentes en bibliotecas escolares y en el fomento de la lectura","author":"V\u00edctor Caballero","date":"4 febrero, 2020","format":false,"excerpt":"Muy buenas, Sabemos que en muchos de nuestros centros la biblioteca es uno de los motores que ayuda a dinamizar la vida escolar, y por lo tanto sabemos que muchas de nuestras bibliotecas sois referentes. Por eso os animamos a participar en esta convocatoria. Pr\u00f3xima publicaci\u00f3n en BOJA. Caracter\u00edsticas de\u2026","rel":"","context":"En \u00abFormaciones\u00bb","block_context":{"text":"Formaciones","link":"https:\/\/cepronda.com\/blog\/category\/formaciones\/"},"img":{"alt_text":"","src":"https:\/\/i0.wp.com\/cepronda.com\/blog\/wp-content\/uploads\/2018\/10\/child-315049_1280.jpg?fit=794%2C1200&ssl=1&resize=350%2C200","width":350,"height":200,"srcset":"https:\/\/i0.wp.com\/cepronda.com\/blog\/wp-content\/uploads\/2018\/10\/child-315049_1280.jpg?fit=794%2C1200&ssl=1&resize=350%2C200 1x, https:\/\/i0.wp.com\/cepronda.com\/blog\/wp-content\/uploads\/2018\/10\/child-315049_1280.jpg?fit=794%2C1200&ssl=1&resize=525%2C300 1.5x, https:\/\/i0.wp.com\/cepronda.com\/blog\/wp-content\/uploads\/2018\/10\/child-315049_1280.jpg?fit=794%2C1200&ssl=1&resize=700%2C400 2x"},"classes":[]},{"id":1793,"url":"https:\/\/cepronda.com\/blog\/convocatoria-de-puestos-especificos\/","url_meta":{"origin":3511,"position":3},"title":"Convocatoria de puestos espec\u00edficos","author":"V\u00edctor Caballero","date":"14 mayo, 2018","format":false,"excerpt":"Muy buenas a todo el mundo,\u00a0 Comenzamos la semana compartiendo la\u00a0Resoluci\u00f3n de 8 de mayo de 2018 de la Delegaci\u00f3n Territorial de la Consejer\u00eda de Educaci\u00f3n de la Junta de Andaluc\u00eda en Sevilla, por la que se realiza convocatoria para la cobertura, con ocasi\u00f3n de vacante y, en su caso\u2026","rel":"","context":"En \u00abFormaciones\u00bb","block_context":{"text":"Formaciones","link":"https:\/\/cepronda.com\/blog\/category\/formaciones\/"},"img":{"alt_text":"","src":"https:\/\/i0.wp.com\/cepronda.com\/blog\/wp-content\/uploads\/2017\/05\/logo_ja_ce_mejor.jpg?fit=732%2C600&ssl=1&resize=350%2C200","width":350,"height":200,"srcset":"https:\/\/i0.wp.com\/cepronda.com\/blog\/wp-content\/uploads\/2017\/05\/logo_ja_ce_mejor.jpg?fit=732%2C600&ssl=1&resize=350%2C200 1x, https:\/\/i0.wp.com\/cepronda.com\/blog\/wp-content\/uploads\/2017\/05\/logo_ja_ce_mejor.jpg?fit=732%2C600&ssl=1&resize=525%2C300 1.5x, https:\/\/i0.wp.com\/cepronda.com\/blog\/wp-content\/uploads\/2017\/05\/logo_ja_ce_mejor.jpg?fit=732%2C600&ssl=1&resize=700%2C400 2x"},"classes":[]},{"id":3529,"url":"https:\/\/cepronda.com\/blog\/circular-relativa-a-los-procesos-de-ensenanza-aprendizaje\/","url_meta":{"origin":3511,"position":4},"title":"Circular relativa a los procesos de ense\u00f1anza aprendizaje","author":"V\u00edctor Caballero","date":"2 abril, 2020","format":false,"excerpt":"Adjuntamos CIRCULAR DE 2 DE ABRIL DE 2020 DE LA DIRECCI\u00d3N GENERAL DE ORDENACI\u00d3N YEVALUACI\u00d3N EDUCATIVA RELATIVA A LOS PROCESOS DE ENSE\u00d1ANZA-APRENDIZAJE YDE EVALUACI\u00d3N EN LOS CENTROS DOCENTES ANDALUCES COMO CONSECUENCIA DELA ORDEN DE 13 DE MARZO DE 2020 DE LA CONSEJER\u00cdA DE SALUD Y FAMILIAS. circular-DGOEEDescarga","rel":"","context":"En \u00abNoticias\u00bb","block_context":{"text":"Noticias","link":"https:\/\/cepronda.com\/blog\/category\/noticias\/"},"img":{"alt_text":"","src":"https:\/\/i0.wp.com\/cepronda.com\/blog\/wp-content\/uploads\/2020\/03\/S%C2%B0mbolo-gen%C3%87rico-RRSS-redondo-negativo.png?fit=1200%2C1200&ssl=1&resize=350%2C200","width":350,"height":200,"srcset":"https:\/\/i0.wp.com\/cepronda.com\/blog\/wp-content\/uploads\/2020\/03\/S%C2%B0mbolo-gen%C3%87rico-RRSS-redondo-negativo.png?fit=1200%2C1200&ssl=1&resize=350%2C200 1x, https:\/\/i0.wp.com\/cepronda.com\/blog\/wp-content\/uploads\/2020\/03\/S%C2%B0mbolo-gen%C3%87rico-RRSS-redondo-negativo.png?fit=1200%2C1200&ssl=1&resize=525%2C300 1.5x, https:\/\/i0.wp.com\/cepronda.com\/blog\/wp-content\/uploads\/2020\/03\/S%C2%B0mbolo-gen%C3%87rico-RRSS-redondo-negativo.png?fit=1200%2C1200&ssl=1&resize=700%2C400 2x, https:\/\/i0.wp.com\/cepronda.com\/blog\/wp-content\/uploads\/2020\/03\/S%C2%B0mbolo-gen%C3%87rico-RRSS-redondo-negativo.png?fit=1200%2C1200&ssl=1&resize=1050%2C600 3x"},"classes":[]},{"id":311,"url":"https:\/\/cepronda.com\/blog\/la-pequena-cerillera\/","url_meta":{"origin":3511,"position":5},"title":"La peque\u00f1a cerillera","author":"V\u00edctor Caballero","date":"11 noviembre, 2016","format":false,"excerpt":"Hola de nuevo, Queremos compartir con todos los centros esta informaci\u00f3n que nos ha llegado desde la Consejer\u00eda de Educaci\u00f3n: \"Retransmisi\u00f3n del espect\u00e1culo infantil \"La peque\u00f1a cerillera\", basado en un cuento de Hans Christian Andersen. La Consejer\u00eda de Educaci\u00f3n, entre los compromisos adquiridos dentro del convenio firmado con el Teatro\u2026","rel":"","context":"En \u00abNoticias\u00bb","block_context":{"text":"Noticias","link":"https:\/\/cepronda.com\/blog\/category\/noticias\/"},"img":{"alt_text":"","src":"","width":0,"height":0},"classes":[]}],"jetpack_sharing_enabled":true,"_links":{"self":[{"href":"https:\/\/cepronda.com\/blog\/wp-json\/wp\/v2\/posts\/3511","targetHints":{"allow":["GET"]}}],"collection":[{"href":"https:\/\/cepronda.com\/blog\/wp-json\/wp\/v2\/posts"}],"about":[{"href":"https:\/\/cepronda.com\/blog\/wp-json\/wp\/v2\/types\/post"}],"author":[{"embeddable":true,"href":"https:\/\/cepronda.com\/blog\/wp-json\/wp\/v2\/users\/3"}],"replies":[{"embeddable":true,"href":"https:\/\/cepronda.com\/blog\/wp-json\/wp\/v2\/comments?post=3511"}],"version-history":[{"count":1,"href":"https:\/\/cepronda.com\/blog\/wp-json\/wp\/v2\/posts\/3511\/revisions"}],"predecessor-version":[{"id":3514,"href":"https:\/\/cepronda.com\/blog\/wp-json\/wp\/v2\/posts\/3511\/revisions\/3514"}],"wp:featuredmedia":[{"embeddable":true,"href":"https:\/\/cepronda.com\/blog\/wp-json\/wp\/v2\/media\/3498"}],"wp:attachment":[{"href":"https:\/\/cepronda.com\/blog\/wp-json\/wp\/v2\/media?parent=3511"}],"wp:term":[{"taxonomy":"category","embeddable":true,"href":"https:\/\/cepronda.com\/blog\/wp-json\/wp\/v2\/categories?post=3511"},{"taxonomy":"post_tag","embeddable":true,"href":"https:\/\/cepronda.com\/blog\/wp-json\/wp\/v2\/tags?post=3511"}],"curies":[{"name":"wp","href":"https:\/\/api.w.org\/{rel}","templated":true}]}}