{"id":3507,"date":"2020-03-23T13:12:36","date_gmt":"2020-03-23T12:12:36","guid":{"rendered":"http:\/\/cepronda.com\/blog\/?p=3507"},"modified":"2020-03-23T13:12:41","modified_gmt":"2020-03-23T12:12:41","slug":"informacion-importante-sobre-actividades-del-cep-de-ronda","status":"publish","type":"post","link":"https:\/\/cepronda.com\/blog\/informacion-importante-sobre-actividades-del-cep-de-ronda\/","title":{"rendered":"Informaci\u00f3n importante sobre actividades del CEP de Ronda"},"content":{"rendered":"\n<p class=\"wp-block-paragraph\">Muy buenas familia, os informamos que:<\/p>\n\n\n\n<p class=\"wp-block-paragraph\">&#8211; Se cancela la actividad FORMACI\u00d3N PERMANENTE PARA LA DIRECCI\u00d3N ESCOLAR.C\u00d3DIGO 209924PF003, prevista para el 16 de abril\u00a0<br><a>ENLACE AL CARTEL<\/a><br>&#8211; Se aplaza, provisionalmente y a sabiendas de que pueden cambiar las\u00a0instrucciones desde Servicios Centrales, las JORNADAS PROVINCIALES DE DIRECTORES Y DIRECTORAS PROCESO DE DIGITALIZACI\u00d3N DE LOS CENTROS para el d\u00eda 4 de junio. C\u00d3DIGO:\u00a0209924PF006 <a rel=\"noreferrer noopener\" href=\"https:\/\/drive.google.com\/file\/d\/1cOKvcHOliDoivScOXSyvhXy0XHqLCHRF\/view?usp=sharing\" target=\"_blank\">ENLACE AL CARTEL<\/a><\/p>\n\n\n\n<p class=\"wp-block-paragraph\">Seg\u00fan vayan transcurriendo los d\u00edas iremos informando del resto de actividades. No olvid\u00e9is suscribiros al blog ni seguirnos en nuestras redes sociales y en nuestro canal de Telegram, ya que es la mejor forma de estar al d\u00eda de todas nuestras novedades.<\/p>\n","protected":false},"excerpt":{"rendered":"<p>Muy buenas familia, os informamos que: &#8211; Se cancela la actividad FORMACI\u00d3N PERMANENTE PARA LA DIRECCI\u00d3N ESCOLAR.C\u00d3DIGO 209924PF003, prevista para el 16 de abril\u00a0ENLACE AL CARTEL&#8211; Se aplaza, provisionalmente y a sabiendas de que pueden cambiar las\u00a0instrucciones desde Servicios Centrales, las JORNADAS PROVINCIALES DE DIRECTORES Y DIRECTORAS PROCESO DE DIGITALIZACI\u00d3N DE LOS CENTROS para el [&hellip;]<\/p>\n","protected":false},"author":3,"featured_media":3412,"comment_status":"open","ping_status":"open","sticky":false,"template":"","format":"standard","meta":{"_crdt_document":"","advanced_seo_description":"","jetpack_seo_html_title":"","jetpack_seo_noindex":false,"jetpack_post_was_ever_published":false,"_jetpack_newsletter_access":"","_jetpack_dont_email_post_to_subs":false,"_jetpack_newsletter_tier_id":0,"_jetpack_memberships_contains_paywalled_content":false,"_jetpack_memberships_contains_paid_content":false,"footnotes":"","jetpack_publicize_message":"","jetpack_publicize_feature_enabled":true,"jetpack_social_post_already_shared":true,"jetpack_social_options":{"image_generator_settings":{"template":"highway","default_image_id":0,"font":"","enabled":false},"version":2}},"categories":[5],"tags":[78],"class_list":{"0":"post-3507","1":"post","2":"type-post","3":"status-publish","4":"format-standard","5":"has-post-thumbnail","7":"category-noticias","8":"tag-noticias","9":"czr-hentry"},"jetpack_publicize_connections":[],"jetpack_featured_media_url":"https:\/\/i0.wp.com\/cepronda.com\/blog\/wp-content\/uploads\/2020\/02\/Logo_twitter_cep_ronda-INSTITUCIONAL-Transparente.png?fit=546%2C563&ssl=1","jetpack_shortlink":"https:\/\/wp.me\/p8M4X7-Uz","jetpack-related-posts":[{"id":5644,"url":"https:\/\/cepronda.com\/blog\/actividades-formativas-del-cep-de-ronda-para-el-curso-22-23\/","url_meta":{"origin":3507,"position":0},"title":"ACTIVIDADES FORMATIVAS DEL CEP DE RONDA para el CURSO 22-23","author":"Inmaculada Garc\u00eda","date":"7 diciembre, 2022","format":false,"excerpt":"Buenos d\u00edas, compa\u00f1eros y compa\u00f1eras. Os compartimos nuestro cartel vivo con las ACTIVIDADES FORMATIVAS DEL CEP DE RONDA para el CURSO 22-23 \u00a0Pincha en el enlace 00-Cartel vivo CEP QR o escanea el c\u00f3digo QR para visualizar la relaci\u00f3n de actividades formativas del CEP de Ronda para este curso.","rel":"","context":"En \u00abNoticias\u00bb","block_context":{"text":"Noticias","link":"https:\/\/cepronda.com\/blog\/category\/noticias\/"},"img":{"alt_text":"","src":"https:\/\/i0.wp.com\/cepronda.com\/blog\/wp-content\/uploads\/2022\/12\/Diseno-sin-titulo.png?fit=848%2C1200&ssl=1&resize=350%2C200","width":350,"height":200,"srcset":"https:\/\/i0.wp.com\/cepronda.com\/blog\/wp-content\/uploads\/2022\/12\/Diseno-sin-titulo.png?fit=848%2C1200&ssl=1&resize=350%2C200 1x, https:\/\/i0.wp.com\/cepronda.com\/blog\/wp-content\/uploads\/2022\/12\/Diseno-sin-titulo.png?fit=848%2C1200&ssl=1&resize=525%2C300 1.5x, https:\/\/i0.wp.com\/cepronda.com\/blog\/wp-content\/uploads\/2022\/12\/Diseno-sin-titulo.png?fit=848%2C1200&ssl=1&resize=700%2C400 2x"},"classes":[]},{"id":4082,"url":"https:\/\/cepronda.com\/blog\/creando-aulas-resilientes-3\/","url_meta":{"origin":3507,"position":1},"title":"CREANDO AULAS RESILIENTES.","author":"Inmaculada Garc\u00eda","date":"7 enero, 2021","format":false,"excerpt":"Hola compa\u00f1eros y compa\u00f1eras. Feliz a\u00f1o! Despu\u00e9s de este merecido descanso, comenzamos este trimestre con nuevas actividades formativas. Os recordamos que son los \u00faltimos d\u00edas para realizar vuestra inscripci\u00f3n en el curso \"CREANDO AULAS RESILIENTES\" con Macarena Soto. Os dejamos el cartel informativo y enlace para realizar vuestra solicitud. Esperamos\u2026","rel":"","context":"En \u00abNoticias\u00bb","block_context":{"text":"Noticias","link":"https:\/\/cepronda.com\/blog\/category\/noticias\/"},"img":{"alt_text":"","src":"https:\/\/i0.wp.com\/cepronda.com\/blog\/wp-content\/uploads\/2020\/12\/CREANDO-AULAS-RESILENTES.jpg?fit=848%2C1200&ssl=1&resize=350%2C200","width":350,"height":200,"srcset":"https:\/\/i0.wp.com\/cepronda.com\/blog\/wp-content\/uploads\/2020\/12\/CREANDO-AULAS-RESILENTES.jpg?fit=848%2C1200&ssl=1&resize=350%2C200 1x, https:\/\/i0.wp.com\/cepronda.com\/blog\/wp-content\/uploads\/2020\/12\/CREANDO-AULAS-RESILENTES.jpg?fit=848%2C1200&ssl=1&resize=525%2C300 1.5x, https:\/\/i0.wp.com\/cepronda.com\/blog\/wp-content\/uploads\/2020\/12\/CREANDO-AULAS-RESILENTES.jpg?fit=848%2C1200&ssl=1&resize=700%2C400 2x"},"classes":[]},{"id":2280,"url":"https:\/\/cepronda.com\/blog\/canal-de-telegram\/","url_meta":{"origin":3507,"position":2},"title":"Canal de Telegram","author":"V\u00edctor Caballero","date":"7 septiembre, 2018","format":false,"excerpt":"Hola familia, Como ya sab\u00e9is siempre hemos sentido la necesidad de estar lo m\u00e1s cerca posible de todos y todas vosotras, y que adem\u00e1s conozc\u00e1is en cada momento qu\u00e9 actividades formativas tenemos en marcha y a las que pod\u00e9is inscribiros.\u00a0 Este curso escolar hemos pensado en usar, adem\u00e1s de la\u2026","rel":"","context":"En \u00abNoticias\u00bb","block_context":{"text":"Noticias","link":"https:\/\/cepronda.com\/blog\/category\/noticias\/"},"img":{"alt_text":"","src":"https:\/\/i0.wp.com\/cepronda.com\/blog\/wp-content\/uploads\/2018\/09\/1024px-Telegram_alternative_logo.svg.png?fit=1024%2C1024&ssl=1&resize=350%2C200","width":350,"height":200,"srcset":"https:\/\/i0.wp.com\/cepronda.com\/blog\/wp-content\/uploads\/2018\/09\/1024px-Telegram_alternative_logo.svg.png?fit=1024%2C1024&ssl=1&resize=350%2C200 1x, https:\/\/i0.wp.com\/cepronda.com\/blog\/wp-content\/uploads\/2018\/09\/1024px-Telegram_alternative_logo.svg.png?fit=1024%2C1024&ssl=1&resize=525%2C300 1.5x, https:\/\/i0.wp.com\/cepronda.com\/blog\/wp-content\/uploads\/2018\/09\/1024px-Telegram_alternative_logo.svg.png?fit=1024%2C1024&ssl=1&resize=700%2C400 2x"},"classes":[]},{"id":3361,"url":"https:\/\/cepronda.com\/blog\/itinerario-formativo-en-atencion-a-la-diversidad-del-cep-de-ronda\/","url_meta":{"origin":3507,"position":3},"title":"Itinerario formativo en atenci\u00f3n a la diversidad del CEP de Ronda","author":"V\u00edctor Caballero","date":"23 enero, 2020","format":false,"excerpt":"Muy buenas familia, Os dejamos con cartel informativo que ha preparado nuestra compa\u00f1era Claudia sobre las actividades formativas dirigidas a la atenci\u00f3n a la diversidad. En el mismo pod\u00e9is encontrar toda la informaci\u00f3n necesaria, y adem\u00e1s recordad que siempre pod\u00e9is llamarnos o escribirnos.","rel":"","context":"En \u00abFormaciones\u00bb","block_context":{"text":"Formaciones","link":"https:\/\/cepronda.com\/blog\/category\/formaciones\/"},"img":{"alt_text":"","src":"https:\/\/i0.wp.com\/cepronda.com\/blog\/wp-content\/uploads\/2020\/01\/ITINERARIO-FORMATIVO-ATENCI%C3%93N-A-LA-DIVERSIDAD-%C3%9ALTIMO.png?fit=1200%2C848&ssl=1&resize=350%2C200","width":350,"height":200,"srcset":"https:\/\/i0.wp.com\/cepronda.com\/blog\/wp-content\/uploads\/2020\/01\/ITINERARIO-FORMATIVO-ATENCI%C3%93N-A-LA-DIVERSIDAD-%C3%9ALTIMO.png?fit=1200%2C848&ssl=1&resize=350%2C200 1x, https:\/\/i0.wp.com\/cepronda.com\/blog\/wp-content\/uploads\/2020\/01\/ITINERARIO-FORMATIVO-ATENCI%C3%93N-A-LA-DIVERSIDAD-%C3%9ALTIMO.png?fit=1200%2C848&ssl=1&resize=525%2C300 1.5x, https:\/\/i0.wp.com\/cepronda.com\/blog\/wp-content\/uploads\/2020\/01\/ITINERARIO-FORMATIVO-ATENCI%C3%93N-A-LA-DIVERSIDAD-%C3%9ALTIMO.png?fit=1200%2C848&ssl=1&resize=700%2C400 2x, https:\/\/i0.wp.com\/cepronda.com\/blog\/wp-content\/uploads\/2020\/01\/ITINERARIO-FORMATIVO-ATENCI%C3%93N-A-LA-DIVERSIDAD-%C3%9ALTIMO.png?fit=1200%2C848&ssl=1&resize=1050%2C600 3x"},"classes":[]},{"id":3372,"url":"https:\/\/cepronda.com\/blog\/actividades-en-el-c-e-i-p-ntra-sra-del-rosario-de-cortes-de-la-frontera\/","url_meta":{"origin":3507,"position":4},"title":"Actividades en el C.E.I.P. Ntra. Sra. del Rosario de Cortes de la Frontera","author":"V\u00edctor Caballero","date":"28 enero, 2020","format":false,"excerpt":"Muy buenas familia, Muchos de vuestros colegios ten\u00e9is blogs y redes sociales donde nos vais contando vuestras actividades. En este caso desde el cole de Cortes de la Frontera quieren compartir con todas y todos nosotros unas actividades muy interesantes. Para ello os dejamos con el enlace a su blog.","rel":"","context":"En \u00abNoticias\u00bb","block_context":{"text":"Noticias","link":"https:\/\/cepronda.com\/blog\/category\/noticias\/"},"img":{"alt_text":"","src":"","width":0,"height":0},"classes":[]},{"id":5910,"url":"https:\/\/cepronda.com\/blog\/%c9%aa%c9%aa-fe%ca%80%c9%aaa-de-%c9%aanventos-y-talentos-%c9%aats-%ca%80onda-2023-ya-tenemos-cartel-ganador\/","url_meta":{"origin":3507,"position":5},"title":"\ua7ae\ua7ae FE\u01a6\ua7aeA DE \ua7aeNVENTOS Y TALENTOS. \ua7aeT\u00b4S \u01a6ONDA 2023. YA TENEMOS CARTEL GANADOR","author":"Inmaculada Garc\u00eda","date":"31 marzo, 2023","format":false,"excerpt":"\ua7ae\ua7ae FE\u01a6\ua7aeA DE \ua7aeNVENTOS Y TALENTOS. \ua7aeT\u00b4S \u01a6ONDA 2023. YA TENEMOS CARTEL GANADOR \u00a0 En primer lugar, dar las gracias a todos los participantes por sus dise\u00f1os tan geniales, a la Comisi\u00f3n Seleccionadora le ha costado decidirse. El cartel que representar\u00e1 a este a\u00f1o a la feria ha sido dise\u00f1ado\u2026","rel":"","context":"En \u00abNoticias\u00bb","block_context":{"text":"Noticias","link":"https:\/\/cepronda.com\/blog\/category\/noticias\/"},"img":{"alt_text":"","src":"https:\/\/i0.wp.com\/cepronda.com\/blog\/wp-content\/uploads\/2023\/04\/WhatsApp-Image-2023-03-29-at-13.12.52.jpeg?fit=848%2C1200&ssl=1&resize=350%2C200","width":350,"height":200,"srcset":"https:\/\/i0.wp.com\/cepronda.com\/blog\/wp-content\/uploads\/2023\/04\/WhatsApp-Image-2023-03-29-at-13.12.52.jpeg?fit=848%2C1200&ssl=1&resize=350%2C200 1x, https:\/\/i0.wp.com\/cepronda.com\/blog\/wp-content\/uploads\/2023\/04\/WhatsApp-Image-2023-03-29-at-13.12.52.jpeg?fit=848%2C1200&ssl=1&resize=525%2C300 1.5x, https:\/\/i0.wp.com\/cepronda.com\/blog\/wp-content\/uploads\/2023\/04\/WhatsApp-Image-2023-03-29-at-13.12.52.jpeg?fit=848%2C1200&ssl=1&resize=700%2C400 2x"},"classes":[]}],"jetpack_sharing_enabled":true,"_links":{"self":[{"href":"https:\/\/cepronda.com\/blog\/wp-json\/wp\/v2\/posts\/3507","targetHints":{"allow":["GET"]}}],"collection":[{"href":"https:\/\/cepronda.com\/blog\/wp-json\/wp\/v2\/posts"}],"about":[{"href":"https:\/\/cepronda.com\/blog\/wp-json\/wp\/v2\/types\/post"}],"author":[{"embeddable":true,"href":"https:\/\/cepronda.com\/blog\/wp-json\/wp\/v2\/users\/3"}],"replies":[{"embeddable":true,"href":"https:\/\/cepronda.com\/blog\/wp-json\/wp\/v2\/comments?post=3507"}],"version-history":[{"count":1,"href":"https:\/\/cepronda.com\/blog\/wp-json\/wp\/v2\/posts\/3507\/revisions"}],"predecessor-version":[{"id":3508,"href":"https:\/\/cepronda.com\/blog\/wp-json\/wp\/v2\/posts\/3507\/revisions\/3508"}],"wp:featuredmedia":[{"embeddable":true,"href":"https:\/\/cepronda.com\/blog\/wp-json\/wp\/v2\/media\/3412"}],"wp:attachment":[{"href":"https:\/\/cepronda.com\/blog\/wp-json\/wp\/v2\/media?parent=3507"}],"wp:term":[{"taxonomy":"category","embeddable":true,"href":"https:\/\/cepronda.com\/blog\/wp-json\/wp\/v2\/categories?post=3507"},{"taxonomy":"post_tag","embeddable":true,"href":"https:\/\/cepronda.com\/blog\/wp-json\/wp\/v2\/tags?post=3507"}],"curies":[{"name":"wp","href":"https:\/\/api.w.org\/{rel}","templated":true}]}}