{"id":3500,"date":"2020-03-21T11:59:02","date_gmt":"2020-03-21T10:59:02","guid":{"rendered":"http:\/\/cepronda.com\/blog\/?p=3500"},"modified":"2020-03-26T13:04:04","modified_gmt":"2020-03-26T12:04:04","slug":"ideas-de-nuestros-centros-en-esta-primera-semana-de-confinamiento","status":"publish","type":"post","link":"https:\/\/cepronda.com\/blog\/ideas-de-nuestros-centros-en-esta-primera-semana-de-confinamiento\/","title":{"rendered":"Ideas de nuestros centros en esta primera semana de confinamiento"},"content":{"rendered":"\n<p class=\"wp-block-paragraph\">Muy buenas, compartimos con todos y todas vosotras distintas iniciativas de distintos centros que nos est\u00e1n llegando, y que creemos que son muy interesantes y pueden ayudarnos en estos momentos tan complicados. <\/p>\n\n\n\n<p class=\"wp-block-paragraph\">V\u00eddeo de \u00e1nimo del CEIP Virgen de la Cabeza<\/p>\n\n\n\n<figure class=\"wp-block-embed-youtube wp-block-embed is-type-video is-provider-youtube wp-embed-aspect-16-9 wp-has-aspect-ratio\"><div class=\"wp-block-embed__wrapper\">\n<span class=\"embed-youtube\" style=\"text-align:center; display: block;\"><iframe loading=\"lazy\" class=\"youtube-player\" width=\"1170\" height=\"659\" src=\"https:\/\/www.youtube.com\/embed\/i_6gnaHD-5o?version=3&#038;rel=1&#038;showsearch=0&#038;showinfo=1&#038;iv_load_policy=1&#038;fs=1&#038;hl=es-ES&#038;autohide=2&#038;wmode=transparent\" allowfullscreen=\"true\" style=\"border:0;\" sandbox=\"allow-scripts allow-same-origin allow-popups allow-presentation allow-popups-to-escape-sandbox\"><\/iframe><\/span>\n<\/div><\/figure>\n\n\n\n<p class=\"wp-block-paragraph\">Reto de m\u00fasica del CEIP Virgen de la Cabeza<\/p>\n\n\n\n<figure class=\"wp-block-embed-youtube wp-block-embed is-type-video is-provider-youtube wp-embed-aspect-16-9 wp-has-aspect-ratio\"><div class=\"wp-block-embed__wrapper\">\n<span class=\"embed-youtube\" style=\"text-align:center; display: block;\"><iframe loading=\"lazy\" class=\"youtube-player\" width=\"1170\" height=\"659\" src=\"https:\/\/www.youtube.com\/embed\/V5F2Yfb0Kf0?version=3&#038;rel=1&#038;showsearch=0&#038;showinfo=1&#038;iv_load_policy=1&#038;fs=1&#038;hl=es-ES&#038;autohide=2&#038;start=29&#038;wmode=transparent\" allowfullscreen=\"true\" style=\"border:0;\" sandbox=\"allow-scripts allow-same-origin allow-popups allow-presentation allow-popups-to-escape-sandbox\"><\/iframe><\/span>\n<\/div><\/figure>\n\n\n\n<p class=\"wp-block-paragraph\">Reto del CPR Sierra del Espino <\/p>\n\n\n\n<figure class=\"wp-block-embed-facebook wp-block-embed is-type-video is-provider-facebook\"><div class=\"wp-block-embed__wrapper\">\n<div class=\"fb-video\" data-allowfullscreen=\"true\" data-href=\"https:\/\/www.facebook.com\/cprsierraespino\/videos\/614998206015058\/\" style=\"background-color: #fff; display: inline-block;\"><\/div>\n<\/div><\/figure>\n\n\n\n<p class=\"wp-block-paragraph\">V\u00eddeo de \u00e1nimo del aumnado de 4\u00ba del CEIP Virgen de la Aurora<\/p>\n\n\n\n<figure class=\"wp-block-embed-facebook wp-block-embed is-type-video is-provider-facebook\"><div class=\"wp-block-embed__wrapper\">\n<div class=\"fb-video\" data-allowfullscreen=\"true\" data-href=\"https:\/\/www.facebook.com\/juanantonio.morenoserrato\/videos\/10223108156960596\/\" style=\"background-color: #fff; display: inline-block;\"><\/div>\n<\/div><\/figure>\n\n\n\n<p class=\"wp-block-paragraph\">V\u00eddeo explicativo de que es el coronavirus por parte del alumnado del CEIP Virgen de la Aurora<\/p>\n\n\n\n<figure class=\"wp-block-embed-facebook wp-block-embed is-type-video is-provider-facebook\"><div class=\"wp-block-embed__wrapper\">\n<div class=\"fb-video\" data-allowfullscreen=\"true\" data-href=\"https:\/\/www.facebook.com\/801041076633162\/videos\/940422136376111\/\" style=\"background-color: #fff; display: inline-block;\"><\/div>\n<\/div><\/figure>\n\n\n\n<p class=\"wp-block-paragraph\">Carta enviada a las familias del IES Profesor Gonzalo Huesa<\/p>\n\n\n\n<div class=\"wp-block-file\"><a href=\"http:\/\/cepronda.com\/blog\/wp-content\/uploads\/2020\/03\/Actividadesparaelfindesemana.pdf\">Actividadesparaelfindesemana<\/a><a href=\"http:\/\/cepronda.com\/blog\/wp-content\/uploads\/2020\/03\/Actividadesparaelfindesemana.pdf\" class=\"wp-block-file__button\" download>Descarga<\/a><\/div>\n\n\n\n<p class=\"wp-block-paragraph\">V\u00eddeo de \u00e1nimo del CEIP Virgen del Carmen de Setenil de las Bodegas<\/p>\n\n\n\n<figure class=\"wp-block-embed-youtube wp-block-embed is-type-video is-provider-youtube wp-embed-aspect-4-3 wp-has-aspect-ratio\"><div class=\"wp-block-embed__wrapper\">\n<span class=\"embed-youtube\" style=\"text-align:center; display: block;\"><iframe loading=\"lazy\" class=\"youtube-player\" width=\"1170\" height=\"659\" src=\"https:\/\/www.youtube.com\/embed\/kPEp3fOD6ak?version=3&#038;rel=1&#038;showsearch=0&#038;showinfo=1&#038;iv_load_policy=1&#038;fs=1&#038;hl=es-ES&#038;autohide=2&#038;wmode=transparent\" allowfullscreen=\"true\" style=\"border:0;\" sandbox=\"allow-scripts allow-same-origin allow-popups allow-presentation allow-popups-to-escape-sandbox\"><\/iframe><\/span>\n<\/div><\/figure>\n\n\n\n<p class=\"wp-block-paragraph\">Desde el CEP queremos animaros a compartir todas vuestras iniciativas, que seguro que son geniales y nos ayudar\u00e1n a superar a todo el mundo este gran reto, del que saldremos mas fuertes. <\/p>\n\n\n\n<p class=\"wp-block-paragraph\">\u00a1\u00a1\u00a1\u00c1nimo!!!<\/p>\n","protected":false},"excerpt":{"rendered":"<p>Muy buenas, compartimos con todos y todas vosotras distintas iniciativas de distintos centros que nos est\u00e1n llegando, y que creemos que son muy interesantes y pueden ayudarnos en estos momentos tan complicados. V\u00eddeo de \u00e1nimo del CEIP Virgen de la Cabeza Reto de m\u00fasica del CEIP Virgen de la Cabeza Reto del CPR Sierra del [&hellip;]<\/p>\n","protected":false},"author":3,"featured_media":3412,"comment_status":"open","ping_status":"open","sticky":false,"template":"","format":"standard","meta":{"_crdt_document":"","advanced_seo_description":"","jetpack_seo_html_title":"","jetpack_seo_noindex":false,"jetpack_post_was_ever_published":false,"_jetpack_newsletter_access":"","_jetpack_dont_email_post_to_subs":false,"_jetpack_newsletter_tier_id":0,"_jetpack_memberships_contains_paywalled_content":false,"_jetpack_memberships_contains_paid_content":false,"footnotes":"","jetpack_publicize_message":"","jetpack_publicize_feature_enabled":true,"jetpack_social_post_already_shared":true,"jetpack_social_options":{"image_generator_settings":{"template":"highway","default_image_id":0,"font":"","enabled":false},"version":2}},"categories":[5],"tags":[196],"class_list":{"0":"post-3500","1":"post","2":"type-post","3":"status-publish","4":"format-standard","5":"has-post-thumbnail","7":"category-noticias","8":"tag-cuarentena","9":"czr-hentry"},"jetpack_publicize_connections":[],"jetpack_featured_media_url":"https:\/\/i0.wp.com\/cepronda.com\/blog\/wp-content\/uploads\/2020\/02\/Logo_twitter_cep_ronda-INSTITUCIONAL-Transparente.png?fit=546%2C563&ssl=1","jetpack_shortlink":"https:\/\/wp.me\/p8M4X7-Us","jetpack-related-posts":[{"id":2550,"url":"https:\/\/cepronda.com\/blog\/trabajando-el-dia-de-la-lectura-en-nuestros-centros\/","url_meta":{"origin":3500,"position":0},"title":"Trabajando el d\u00eda de la lectura en nuestros centros","author":"V\u00edctor Caballero","date":"20 diciembre, 2018","format":false,"excerpt":"Muy buenas familia, nos est\u00e1n llegando algunos ejemplos de las actividades que hab\u00e9is trabajado en vuestros centros con motivo del D\u00eda de la Lectura. En este caso se trata de una actividad del CEIP Juan Mart\u00edn Pinz\u00f3n donde decidieron homenajear a las Misiones Pedag\u00f3gicas, y por otro lado el CEIP\u2026","rel":"","context":"En \u00abNoticias\u00bb","block_context":{"text":"Noticias","link":"https:\/\/cepronda.com\/blog\/category\/noticias\/"},"img":{"alt_text":"","src":"https:\/\/i0.wp.com\/cepronda.com\/blog\/wp-content\/uploads\/2018\/12\/girl-160172_1280.png?fit=600%2C1200&ssl=1&resize=350%2C200","width":350,"height":200,"srcset":"https:\/\/i0.wp.com\/cepronda.com\/blog\/wp-content\/uploads\/2018\/12\/girl-160172_1280.png?fit=600%2C1200&ssl=1&resize=350%2C200 1x, https:\/\/i0.wp.com\/cepronda.com\/blog\/wp-content\/uploads\/2018\/12\/girl-160172_1280.png?fit=600%2C1200&ssl=1&resize=525%2C300 1.5x"},"classes":[]},{"id":2540,"url":"https:\/\/cepronda.com\/blog\/algunos-proyectos-del-ceip-virgen-de-la-cabeza\/","url_meta":{"origin":3500,"position":1},"title":"Algunos proyectos del CEIP Virgen de la Cabeza","author":"V\u00edctor Caballero","date":"14 diciembre, 2018","format":false,"excerpt":"Muy buenas familia, Una de las mayores recompensas que podemos tener de nuestras iniciativas formativas, es ver como va llegando a los centros y a su comunidad educativa lo trabajado en estas formaciones. El CEIP Virgen de la Cabeza se ha estado formando en este primer trimestre en el Aprendizaje\u2026","rel":"","context":"En \u00abNoticias\u00bb","block_context":{"text":"Noticias","link":"https:\/\/cepronda.com\/blog\/category\/noticias\/"},"img":{"alt_text":"","src":"https:\/\/i0.wp.com\/cepronda.com\/blog\/wp-content\/uploads\/2018\/09\/puzzle-210785_640.jpg?fit=640%2C480&ssl=1&resize=350%2C200","width":350,"height":200,"srcset":"https:\/\/i0.wp.com\/cepronda.com\/blog\/wp-content\/uploads\/2018\/09\/puzzle-210785_640.jpg?fit=640%2C480&ssl=1&resize=350%2C200 1x, https:\/\/i0.wp.com\/cepronda.com\/blog\/wp-content\/uploads\/2018\/09\/puzzle-210785_640.jpg?fit=640%2C480&ssl=1&resize=525%2C300 1.5x"},"classes":[]},{"id":1785,"url":"https:\/\/cepronda.com\/blog\/video-final-de-las-actividades-del-dia-del-libro-en-el-ceip-virgen-de-la-cabeza\/","url_meta":{"origin":3500,"position":2},"title":"V\u00eddeo final de las actividades del D\u00eda del Libro en el CEIP Virgen de la Cabeza","author":"V\u00edctor Caballero","date":"7 mayo, 2018","format":false,"excerpt":"Muy buenas,\u00a0 Como os cont\u00e1bamos hace un par de semanas en el CEIP Virgen de la Cabeza\u00a0 estaban realizando un trabajo magn\u00edfico entre el profesorado y el alumnado, tomando como eje el libro de \"La vuelta al mundo en 80 d\u00edas\". Me acaban de pasar el enlace al v\u00eddeo que\u2026","rel":"","context":"En \u00abNoticias\u00bb","block_context":{"text":"Noticias","link":"https:\/\/cepronda.com\/blog\/category\/noticias\/"},"img":{"alt_text":"","src":"https:\/\/i0.wp.com\/cepronda.com\/blog\/wp-content\/uploads\/2018\/04\/002Lisa-mascota-biblio7.jpg?fit=247%2C270&ssl=1&resize=350%2C200","width":350,"height":200},"classes":[]},{"id":2764,"url":"https:\/\/cepronda.com\/blog\/el-misterio-resuelto-en-el-ceip-virgen-de-la-cabeza\/","url_meta":{"origin":3500,"position":3},"title":"El misterio resuelto en el CEIP Virgen de la Cabeza&#8230;","author":"V\u00edctor Caballero","date":"26 abril, 2019","format":false,"excerpt":"Comenz\u00f3 la ma\u00f1ana del jueves lluviosa, esa lluvia de Londres que moja sin mojar...preludio de los misterios a resolver por el alumnado del CEIP Virgen de la Cabeza y preparados con mucho trabajo y cari\u00f1o por el grupo de apoyo a la biblioteca del centro. Tuve la gran suerte de\u2026","rel":"","context":"En \u00abNoticias\u00bb","block_context":{"text":"Noticias","link":"https:\/\/cepronda.com\/blog\/category\/noticias\/"},"img":{"alt_text":"","src":"https:\/\/i0.wp.com\/cepronda.com\/blog\/wp-content\/uploads\/2019\/04\/D%C3%ADa-del-libro-Virgen-de-la-Cabeza.jpeg?fit=1200%2C900&ssl=1&resize=350%2C200","width":350,"height":200,"srcset":"https:\/\/i0.wp.com\/cepronda.com\/blog\/wp-content\/uploads\/2019\/04\/D%C3%ADa-del-libro-Virgen-de-la-Cabeza.jpeg?fit=1200%2C900&ssl=1&resize=350%2C200 1x, https:\/\/i0.wp.com\/cepronda.com\/blog\/wp-content\/uploads\/2019\/04\/D%C3%ADa-del-libro-Virgen-de-la-Cabeza.jpeg?fit=1200%2C900&ssl=1&resize=525%2C300 1.5x, https:\/\/i0.wp.com\/cepronda.com\/blog\/wp-content\/uploads\/2019\/04\/D%C3%ADa-del-libro-Virgen-de-la-Cabeza.jpeg?fit=1200%2C900&ssl=1&resize=700%2C400 2x, https:\/\/i0.wp.com\/cepronda.com\/blog\/wp-content\/uploads\/2019\/04\/D%C3%ADa-del-libro-Virgen-de-la-Cabeza.jpeg?fit=1200%2C900&ssl=1&resize=1050%2C600 3x"},"classes":[]},{"id":3196,"url":"https:\/\/cepronda.com\/blog\/actividades-con-motivo-del-25-de-noviembre-en-vuestros-centros\/","url_meta":{"origin":3500,"position":4},"title":"Actividades con motivo del 25 de noviembre en vuestros centros","author":"V\u00edctor Caballero","date":"26 noviembre, 2019","format":false,"excerpt":"Muy buenas familia, A trav\u00e9s de las redes sociales, de forma directa a nuestros tel\u00e9fonos m\u00f3viles, o bien acudiendo a vuestros centros hemos visto los grandes trabajos que hab\u00e9is realizado con vuestro alumnado con motivo del 25 de noviembre. Como publicamos en nuestras redes, estamos convencidas en el CEP de\u2026","rel":"","context":"En \u00abNoticias\u00bb","block_context":{"text":"Noticias","link":"https:\/\/cepronda.com\/blog\/category\/noticias\/"},"img":{"alt_text":"","src":"","width":0,"height":0},"classes":[]},{"id":7609,"url":"https:\/\/cepronda.com\/blog\/celebrando-una-jornada-erasmus-de-colaboracion-educativa-en-el-ceip-virgen-de-la-concepcion-de-montejaque-con-una-experta-invitada-europea\/","url_meta":{"origin":3500,"position":5},"title":"\u00a1Celebrando una jornada Erasmus de colaboraci\u00f3n educativa en el CEIP Virgen de la Concepci\u00f3n de Montejaque, con una experta invitada europea!","author":"Inmaculada Garc\u00eda","date":"8 mayo, 2024","format":false,"excerpt":"El CEP de Ronda est\u00e1 de enhorabuena por haber coordinado y fomentado la jornada de trabajo con diversos centros de la zona, en colaboraci\u00f3n con la experta invitada europea del consorcio Erasmus MEP Rural, Vittoria Volterrani. El ambiente en el CEIP Virgen de la Concepci\u00f3n fue inspirador, con una acogida\u2026","rel":"","context":"En \u00abFormaciones\u00bb","block_context":{"text":"Formaciones","link":"https:\/\/cepronda.com\/blog\/category\/formaciones\/"},"img":{"alt_text":"","src":"https:\/\/i0.wp.com\/cepronda.com\/blog\/wp-content\/uploads\/2024\/05\/WhatsApp-Image-2024-05-08-at-12.20.15.jpeg?fit=1200%2C900&ssl=1&resize=350%2C200","width":350,"height":200,"srcset":"https:\/\/i0.wp.com\/cepronda.com\/blog\/wp-content\/uploads\/2024\/05\/WhatsApp-Image-2024-05-08-at-12.20.15.jpeg?fit=1200%2C900&ssl=1&resize=350%2C200 1x, https:\/\/i0.wp.com\/cepronda.com\/blog\/wp-content\/uploads\/2024\/05\/WhatsApp-Image-2024-05-08-at-12.20.15.jpeg?fit=1200%2C900&ssl=1&resize=525%2C300 1.5x, https:\/\/i0.wp.com\/cepronda.com\/blog\/wp-content\/uploads\/2024\/05\/WhatsApp-Image-2024-05-08-at-12.20.15.jpeg?fit=1200%2C900&ssl=1&resize=700%2C400 2x, https:\/\/i0.wp.com\/cepronda.com\/blog\/wp-content\/uploads\/2024\/05\/WhatsApp-Image-2024-05-08-at-12.20.15.jpeg?fit=1200%2C900&ssl=1&resize=1050%2C600 3x"},"classes":[]}],"jetpack_sharing_enabled":true,"_links":{"self":[{"href":"https:\/\/cepronda.com\/blog\/wp-json\/wp\/v2\/posts\/3500","targetHints":{"allow":["GET"]}}],"collection":[{"href":"https:\/\/cepronda.com\/blog\/wp-json\/wp\/v2\/posts"}],"about":[{"href":"https:\/\/cepronda.com\/blog\/wp-json\/wp\/v2\/types\/post"}],"author":[{"embeddable":true,"href":"https:\/\/cepronda.com\/blog\/wp-json\/wp\/v2\/users\/3"}],"replies":[{"embeddable":true,"href":"https:\/\/cepronda.com\/blog\/wp-json\/wp\/v2\/comments?post=3500"}],"version-history":[{"count":5,"href":"https:\/\/cepronda.com\/blog\/wp-json\/wp\/v2\/posts\/3500\/revisions"}],"predecessor-version":[{"id":3517,"href":"https:\/\/cepronda.com\/blog\/wp-json\/wp\/v2\/posts\/3500\/revisions\/3517"}],"wp:featuredmedia":[{"embeddable":true,"href":"https:\/\/cepronda.com\/blog\/wp-json\/wp\/v2\/media\/3412"}],"wp:attachment":[{"href":"https:\/\/cepronda.com\/blog\/wp-json\/wp\/v2\/media?parent=3500"}],"wp:term":[{"taxonomy":"category","embeddable":true,"href":"https:\/\/cepronda.com\/blog\/wp-json\/wp\/v2\/categories?post=3500"},{"taxonomy":"post_tag","embeddable":true,"href":"https:\/\/cepronda.com\/blog\/wp-json\/wp\/v2\/tags?post=3500"}],"curies":[{"name":"wp","href":"https:\/\/api.w.org\/{rel}","templated":true}]}}