{"id":3497,"date":"2020-03-19T15:24:22","date_gmt":"2020-03-19T14:24:22","guid":{"rendered":"http:\/\/cepronda.com\/blog\/?p=3497"},"modified":"2020-03-19T15:24:30","modified_gmt":"2020-03-19T14:24:30","slug":"espacio-web-e-aprendizaje","status":"publish","type":"post","link":"https:\/\/cepronda.com\/blog\/espacio-web-e-aprendizaje\/","title":{"rendered":"Espacio web E-Aprendizaje"},"content":{"rendered":"\n<p class=\"wp-block-paragraph\">Ante la publicaci\u00f3n de la Orden de la Consejer\u00eda de \nSalud y Familias en la que se decide la suspensi\u00f3n desde el 16 al 27 de \nmarzo de 2020 de la actividad docente presencial en todo el Sistema \nEducativo Andaluz, la Consejer\u00eda de Educaci\u00f3n y Deporte&nbsp; pone a \ndisposici\u00f3n de la comunidad educativa andaluza esta espacio web, con el \nobjetivo de facilitar la continuidad de los procesos de \nense\u00f1anza-aprendizaje de forma telem\u00e1tica; para ello se ofrecer\u00e1n \nrecursos y recomendaciones al profesorado, alumnado y familias.&nbsp;<\/p>\n\n\n\n<p class=\"wp-block-paragraph\">Este punto de encuentro se ir\u00e1 actualizando continuamente.<\/p>\n\n\n\n<p class=\"wp-block-paragraph\">\u00bfQu\u00e9 se puede encontrar en este espacio web?<\/p>\n\n\n\n<ul class=\"wp-block-list\"><li>Servicios digitales:\n<ul><li>\nPlataforma Moodle Centros, que contiene Aulas Virtuales (o \nCursos) creadas por docente y materia, con el alumnado correspondiente \nmatriculado.<strong> La etapa de Bachillerato tiene prioridad a la hora de gestionar las Moodle Centros que se han desplegado.<\/strong>\n<\/li><li>BlogsAverroes. Blogs docentes para que el profesorado disponga de un\n espacio web en el que colocar contenidos y propuestas de actividades, \ncon posibilidad de interacci\u00f3n con el alumnado a trav\u00e9s de los \ncomentarios.<\/li><\/ul>\n<\/li><li>\nRecursos educativos digitales para dotar de contenido a las\n Aulas Virtuales, BlogsAverroes u otras herramientas que haya elegido el\n profesorado.&nbsp;\n<\/li><li>\nRecursos para la formaci\u00f3n del profesorado acerca del uso de herramientas digitales.\n<\/li><li>\nRecomendaciones para el profesorado especialmente dirigidas\n a la pr\u00e1ctica docente durante el per\u00edodo de suspensi\u00f3n de la actividad \npresencial.\n<\/li><li>\nRecomendaciones para las familias de car\u00e1cter general y con\n relaci\u00f3n a la continuidad del proceso de aprendizaje durante el per\u00edodo\n de suspensi\u00f3n de la actividad presencial.\n<\/li><li>Colaboraciones externas, que incluyen informaci\u00f3n relativa a las iniciativas llevadas a cabo por diversas entidades.<\/li><li>FAQ<\/li><\/ul>\n\n\n\n<p class=\"wp-block-paragraph\">Esperamos que la informaci\u00f3n contenida en esta web sea de utilidad para la comunidad educativa. Para cualquier cuesti\u00f3n relacionada con los asuntos tratados en esta pagina, se pueden poner en contacto\u00a0<a href=\"mailto:innovacion.ced@juntadeandalucia.es?Subject=Informaci\u00f3n general del espacio eAprendizaje\">aqu\u00ed<\/a>.\u00a0 <\/p>\n\n\n\n<p class=\"wp-block-paragraph\">Para acceder a la p\u00e1gina s\u00f3lo tienes que <a href=\"https:\/\/blogsaverroes.juntadeandalucia.es\/eaprendizaje\/\" target=\"_blank\" rel=\"noreferrer noopener\" aria-label=\"seguir este enlace (opens in a new tab)\">seguir este enlace<\/a> o hacer clic en la imagen. Esperamos que os sea de utilidad.<\/p>\n\n\n\n<figure class=\"wp-block-image size-large\"><a href=\"https:\/\/blogsaverroes.juntadeandalucia.es\/eaprendizaje\/\" target=\"_blank\" rel=\"noreferrer noopener\"><img loading=\"lazy\" decoding=\"async\" width=\"1322\" height=\"956\" src=\"https:\/\/i0.wp.com\/cepronda.com\/blog\/wp-content\/uploads\/2020\/03\/EAprendizaje.png?fit=1024%2C741\" alt=\"\" class=\"wp-image-3498\" srcset=\"https:\/\/i0.wp.com\/cepronda.com\/blog\/wp-content\/uploads\/2020\/03\/EAprendizaje.png?w=1322&amp;ssl=1 1322w, https:\/\/i0.wp.com\/cepronda.com\/blog\/wp-content\/uploads\/2020\/03\/EAprendizaje.png?resize=300%2C217&amp;ssl=1 300w, https:\/\/i0.wp.com\/cepronda.com\/blog\/wp-content\/uploads\/2020\/03\/EAprendizaje.png?resize=1024%2C741&amp;ssl=1 1024w, https:\/\/i0.wp.com\/cepronda.com\/blog\/wp-content\/uploads\/2020\/03\/EAprendizaje.png?resize=768%2C555&amp;ssl=1 768w\" sizes=\"auto, (max-width: 1170px) 100vw, 1170px\" \/><\/a><\/figure>\n","protected":false},"excerpt":{"rendered":"<p>Ante la publicaci\u00f3n de la Orden de la Consejer\u00eda de Salud y Familias en la que se decide la suspensi\u00f3n desde el 16 al 27 de marzo de 2020 de la actividad docente presencial en todo el Sistema Educativo Andaluz, la Consejer\u00eda de Educaci\u00f3n y Deporte&nbsp; pone a disposici\u00f3n de la comunidad educativa andaluza esta [&hellip;]<\/p>\n","protected":false},"author":3,"featured_media":3498,"comment_status":"open","ping_status":"open","sticky":false,"template":"","format":"standard","meta":{"_crdt_document":"","advanced_seo_description":"","jetpack_seo_html_title":"","jetpack_seo_noindex":false,"jetpack_post_was_ever_published":false,"_jetpack_newsletter_access":"","_jetpack_dont_email_post_to_subs":false,"_jetpack_newsletter_tier_id":0,"_jetpack_memberships_contains_paywalled_content":false,"_jetpack_memberships_contains_paid_content":false,"footnotes":"","jetpack_publicize_message":"Espacio web E-Aprendizaje de @EducaAnd","jetpack_publicize_feature_enabled":true,"jetpack_social_post_already_shared":true,"jetpack_social_options":{"image_generator_settings":{"template":"highway","default_image_id":0,"font":"","enabled":false},"version":2}},"categories":[5],"tags":[182,195],"class_list":{"0":"post-3497","1":"post","2":"type-post","3":"status-publish","4":"format-standard","5":"has-post-thumbnail","7":"category-noticias","8":"tag-tic","9":"tag-utilidades-tic","10":"czr-hentry"},"jetpack_publicize_connections":[],"jetpack_featured_media_url":"https:\/\/i0.wp.com\/cepronda.com\/blog\/wp-content\/uploads\/2020\/03\/EAprendizaje.png?fit=1322%2C956&ssl=1","jetpack_shortlink":"https:\/\/wp.me\/p8M4X7-Up","jetpack-related-posts":[{"id":3511,"url":"https:\/\/cepronda.com\/blog\/apoyo-los-centros-desde-la-consejeria-de-educacion\/","url_meta":{"origin":3497,"position":0},"title":"Apoyo  los centros desde la Consejer\u00eda de Educaci\u00f3n","author":"V\u00edctor Caballero","date":"25 marzo, 2020","format":false,"excerpt":"La Consejer\u00eda de Educaci\u00f3n y Deporte ha puesto en marcha la p\u00e1gina web eAprendizaje. Un espacio donde docentes, alumnado y familias podr\u00e1n encontrar informaci\u00f3n completa acerca de las posibilidades existentes para la continuidad de los procesos de ense\u00f1anza-aprendizaje\u00a0tras el cierre presencial de los centros docentes por la crisis del COVID-19\u2026","rel":"","context":"En \u00abNoticias\u00bb","block_context":{"text":"Noticias","link":"https:\/\/cepronda.com\/blog\/category\/noticias\/"},"img":{"alt_text":"","src":"https:\/\/i0.wp.com\/cepronda.com\/blog\/wp-content\/uploads\/2020\/03\/EAprendizaje.png?fit=1200%2C868&ssl=1&resize=350%2C200","width":350,"height":200,"srcset":"https:\/\/i0.wp.com\/cepronda.com\/blog\/wp-content\/uploads\/2020\/03\/EAprendizaje.png?fit=1200%2C868&ssl=1&resize=350%2C200 1x, https:\/\/i0.wp.com\/cepronda.com\/blog\/wp-content\/uploads\/2020\/03\/EAprendizaje.png?fit=1200%2C868&ssl=1&resize=525%2C300 1.5x, https:\/\/i0.wp.com\/cepronda.com\/blog\/wp-content\/uploads\/2020\/03\/EAprendizaje.png?fit=1200%2C868&ssl=1&resize=700%2C400 2x, https:\/\/i0.wp.com\/cepronda.com\/blog\/wp-content\/uploads\/2020\/03\/EAprendizaje.png?fit=1200%2C868&ssl=1&resize=1050%2C600 3x"},"classes":[]},{"id":1560,"url":"https:\/\/cepronda.com\/blog\/andalucia-profundiza-2017-2018\/","url_meta":{"origin":3497,"position":1},"title":"Andaluc\u00eda profundiza 2017-2018","author":"V\u00edctor Caballero","date":"16 enero, 2018","format":false,"excerpt":"\u00a1Hola! Queremos compartir con todas las personas interesadas la puesta en marcha del programa ANDALUC\u00cdA PROFUNDIZA. Os dejamos con la informaci\u00f3n recogida en la web de la Junta de Andaluc\u00eda. La Consejer\u00eda de Educaci\u00f3n pone de nuevo en marcha el Programa ANDALUC\u00cdA PROFUNDIZA. Este programa est\u00e1\u00a0 dirigido a todo el\u2026","rel":"","context":"En \u00abNoticias\u00bb","block_context":{"text":"Noticias","link":"https:\/\/cepronda.com\/blog\/category\/noticias\/"},"img":{"alt_text":"","src":"","width":0,"height":0},"classes":[]},{"id":3529,"url":"https:\/\/cepronda.com\/blog\/circular-relativa-a-los-procesos-de-ensenanza-aprendizaje\/","url_meta":{"origin":3497,"position":2},"title":"Circular relativa a los procesos de ense\u00f1anza aprendizaje","author":"V\u00edctor Caballero","date":"2 abril, 2020","format":false,"excerpt":"Adjuntamos CIRCULAR DE 2 DE ABRIL DE 2020 DE LA DIRECCI\u00d3N GENERAL DE ORDENACI\u00d3N YEVALUACI\u00d3N EDUCATIVA RELATIVA A LOS PROCESOS DE ENSE\u00d1ANZA-APRENDIZAJE YDE EVALUACI\u00d3N EN LOS CENTROS DOCENTES ANDALUCES COMO CONSECUENCIA DELA ORDEN DE 13 DE MARZO DE 2020 DE LA CONSEJER\u00cdA DE SALUD Y FAMILIAS. circular-DGOEEDescarga","rel":"","context":"En \u00abNoticias\u00bb","block_context":{"text":"Noticias","link":"https:\/\/cepronda.com\/blog\/category\/noticias\/"},"img":{"alt_text":"","src":"https:\/\/i0.wp.com\/cepronda.com\/blog\/wp-content\/uploads\/2020\/03\/S%C2%B0mbolo-gen%C3%87rico-RRSS-redondo-negativo.png?fit=1200%2C1200&ssl=1&resize=350%2C200","width":350,"height":200,"srcset":"https:\/\/i0.wp.com\/cepronda.com\/blog\/wp-content\/uploads\/2020\/03\/S%C2%B0mbolo-gen%C3%87rico-RRSS-redondo-negativo.png?fit=1200%2C1200&ssl=1&resize=350%2C200 1x, https:\/\/i0.wp.com\/cepronda.com\/blog\/wp-content\/uploads\/2020\/03\/S%C2%B0mbolo-gen%C3%87rico-RRSS-redondo-negativo.png?fit=1200%2C1200&ssl=1&resize=525%2C300 1.5x, https:\/\/i0.wp.com\/cepronda.com\/blog\/wp-content\/uploads\/2020\/03\/S%C2%B0mbolo-gen%C3%87rico-RRSS-redondo-negativo.png?fit=1200%2C1200&ssl=1&resize=700%2C400 2x, https:\/\/i0.wp.com\/cepronda.com\/blog\/wp-content\/uploads\/2020\/03\/S%C2%B0mbolo-gen%C3%87rico-RRSS-redondo-negativo.png?fit=1200%2C1200&ssl=1&resize=1050%2C600 3x"},"classes":[]},{"id":7196,"url":"https:\/\/cepronda.com\/blog\/competencia-digital-docente-nivel-b2-competencias-profesionales-especificas\/","url_meta":{"origin":3497,"position":3},"title":"COMPETENCIA DIGITAL DOCENTE NIVEL B2. COMPETENCIAS PROFESIONALES ESPEC\u00cdFICAS","author":"Mamen Moreno","date":"6 noviembre, 2023","format":false,"excerpt":"Se abre el plazo de inscripci\u00f3n para la formaci\u00f3n online COMPETENCIA DIGITAL DOCENTE NIVEL B2. COMPETENCIAS PROFESIONALES ESPEC\u00cdFICAS. Dicho curso va destinado a personal docente que en la actualidad no se encuentra desempe\u00f1ando labores educativas directas con el alumnado, tales como: 1\u00ba Direcciones y asesor\u00edas de los Centros del Profesorado.\u2026","rel":"","context":"En \u00abFormaciones\u00bb","block_context":{"text":"Formaciones","link":"https:\/\/cepronda.com\/blog\/category\/formaciones\/"},"img":{"alt_text":"","src":"https:\/\/i0.wp.com\/cepronda.com\/blog\/wp-content\/uploads\/2023\/11\/WhatsApp-Image-2023-11-06-at-10.31.56.jpeg?fit=1200%2C675&ssl=1&resize=350%2C200","width":350,"height":200,"srcset":"https:\/\/i0.wp.com\/cepronda.com\/blog\/wp-content\/uploads\/2023\/11\/WhatsApp-Image-2023-11-06-at-10.31.56.jpeg?fit=1200%2C675&ssl=1&resize=350%2C200 1x, https:\/\/i0.wp.com\/cepronda.com\/blog\/wp-content\/uploads\/2023\/11\/WhatsApp-Image-2023-11-06-at-10.31.56.jpeg?fit=1200%2C675&ssl=1&resize=525%2C300 1.5x, https:\/\/i0.wp.com\/cepronda.com\/blog\/wp-content\/uploads\/2023\/11\/WhatsApp-Image-2023-11-06-at-10.31.56.jpeg?fit=1200%2C675&ssl=1&resize=700%2C400 2x, https:\/\/i0.wp.com\/cepronda.com\/blog\/wp-content\/uploads\/2023\/11\/WhatsApp-Image-2023-11-06-at-10.31.56.jpeg?fit=1200%2C675&ssl=1&resize=1050%2C600 3x"},"classes":[]},{"id":1625,"url":"https:\/\/cepronda.com\/blog\/curso-de-aprendizaje-basado-en-proyectos-para-secundaria\/","url_meta":{"origin":3497,"position":4},"title":"Curso de aprendizaje basado en proyectos para secundaria","author":"V\u00edctor Caballero","date":"5 marzo, 2018","format":false,"excerpt":"Muy buenas de nuevo, Acabamos de abrir tambi\u00e9n el plazo de inscripci\u00f3n para el curso \"APRENDIZAJE BASADO EN PROYECTOS EN EDUCACI\u00d3N SECUNDARIA\". Tendr\u00e1 como objetivos los siguientes:\u00a0 Delimitar la metodolog\u00eda del AbP en relaci\u00f3n con otras metodolog\u00edas activas complejas. Relaci\u00f3n con los est\u00e1ndares de aprendizaje evaluables y las competencias clave\u2026","rel":"","context":"En \u00abFormaciones\u00bb","block_context":{"text":"Formaciones","link":"https:\/\/cepronda.com\/blog\/category\/formaciones\/"},"img":{"alt_text":"","src":"https:\/\/i0.wp.com\/cepronda.com\/blog\/wp-content\/uploads\/2017\/12\/bag-1245954_640-300x200.jpg?resize=350%2C200","width":350,"height":200},"classes":[]},{"id":2266,"url":"https:\/\/cepronda.com\/blog\/programa-prodig\/","url_meta":{"origin":3497,"position":5},"title":"Programa PRODIG","author":"V\u00edctor Caballero","date":"6 septiembre, 2018","format":false,"excerpt":"\u00a1Hola de nuevo! Este curso escolar viene con algunas novedades, y una de las que m\u00e1s est\u00e1 llamando la atenci\u00f3n es el programa PRODIG. Este curso\u00a0 la Consejer\u00eda de Educaci\u00f3n pone en marcha el Programa de Digitalizaci\u00f3n de Centros (PRODIG) .El enfoque educativo que propone este programa se enmarca en\u2026","rel":"","context":"En \u00abFormaciones\u00bb","block_context":{"text":"Formaciones","link":"https:\/\/cepronda.com\/blog\/category\/formaciones\/"},"img":{"alt_text":"","src":"https:\/\/i0.wp.com\/cepronda.com\/blog\/wp-content\/uploads\/2018\/09\/science-1182713_640.jpg?fit=640%2C316&ssl=1&resize=350%2C200","width":350,"height":200,"srcset":"https:\/\/i0.wp.com\/cepronda.com\/blog\/wp-content\/uploads\/2018\/09\/science-1182713_640.jpg?fit=640%2C316&ssl=1&resize=350%2C200 1x, https:\/\/i0.wp.com\/cepronda.com\/blog\/wp-content\/uploads\/2018\/09\/science-1182713_640.jpg?fit=640%2C316&ssl=1&resize=525%2C300 1.5x"},"classes":[]}],"jetpack_sharing_enabled":true,"_links":{"self":[{"href":"https:\/\/cepronda.com\/blog\/wp-json\/wp\/v2\/posts\/3497","targetHints":{"allow":["GET"]}}],"collection":[{"href":"https:\/\/cepronda.com\/blog\/wp-json\/wp\/v2\/posts"}],"about":[{"href":"https:\/\/cepronda.com\/blog\/wp-json\/wp\/v2\/types\/post"}],"author":[{"embeddable":true,"href":"https:\/\/cepronda.com\/blog\/wp-json\/wp\/v2\/users\/3"}],"replies":[{"embeddable":true,"href":"https:\/\/cepronda.com\/blog\/wp-json\/wp\/v2\/comments?post=3497"}],"version-history":[{"count":1,"href":"https:\/\/cepronda.com\/blog\/wp-json\/wp\/v2\/posts\/3497\/revisions"}],"predecessor-version":[{"id":3499,"href":"https:\/\/cepronda.com\/blog\/wp-json\/wp\/v2\/posts\/3497\/revisions\/3499"}],"wp:featuredmedia":[{"embeddable":true,"href":"https:\/\/cepronda.com\/blog\/wp-json\/wp\/v2\/media\/3498"}],"wp:attachment":[{"href":"https:\/\/cepronda.com\/blog\/wp-json\/wp\/v2\/media?parent=3497"}],"wp:term":[{"taxonomy":"category","embeddable":true,"href":"https:\/\/cepronda.com\/blog\/wp-json\/wp\/v2\/categories?post=3497"},{"taxonomy":"post_tag","embeddable":true,"href":"https:\/\/cepronda.com\/blog\/wp-json\/wp\/v2\/tags?post=3497"}],"curies":[{"name":"wp","href":"https:\/\/api.w.org\/{rel}","templated":true}]}}