{"id":3489,"date":"2020-03-19T08:49:59","date_gmt":"2020-03-19T07:49:59","guid":{"rendered":"http:\/\/cepronda.com\/blog\/?p=3489"},"modified":"2020-03-19T08:50:08","modified_gmt":"2020-03-19T07:50:08","slug":"informacion-sobre-la-delegacion-provincial-de-educacion-de-malaga","status":"publish","type":"post","link":"https:\/\/cepronda.com\/blog\/informacion-sobre-la-delegacion-provincial-de-educacion-de-malaga\/","title":{"rendered":"Informaci\u00f3n sobre la delegaci\u00f3n provincial de Educaci\u00f3n de M\u00e1laga"},"content":{"rendered":"\n<p class=\"wp-block-paragraph\">Hola de nuevo familia, <\/p>\n\n\n\n<p class=\"wp-block-paragraph\">Os dejamos con informaci\u00f3n sobre la Delegaci\u00f3n Provincial de Educaci\u00f3n, informaci\u00f3n que pod\u00e9is consultar en las siguientes im\u00e1genes.<\/p>\n\n\n\n<div class=\"wp-block-image\"><figure class=\"aligncenter size-large\"><img loading=\"lazy\" decoding=\"async\" width=\"640\" height=\"1600\" src=\"https:\/\/i2.wp.com\/cepronda.com\/blog\/wp-content\/uploads\/2020\/03\/WhatsApp-Image-2020-03-18-at-19.44.42-2.jpeg?fit=410%2C1024\" alt=\"\" class=\"wp-image-3490\" srcset=\"https:\/\/i0.wp.com\/cepronda.com\/blog\/wp-content\/uploads\/2020\/03\/WhatsApp-Image-2020-03-18-at-19.44.42-2.jpeg?w=640&amp;ssl=1 640w, https:\/\/i0.wp.com\/cepronda.com\/blog\/wp-content\/uploads\/2020\/03\/WhatsApp-Image-2020-03-18-at-19.44.42-2.jpeg?resize=120%2C300&amp;ssl=1 120w, https:\/\/i0.wp.com\/cepronda.com\/blog\/wp-content\/uploads\/2020\/03\/WhatsApp-Image-2020-03-18-at-19.44.42-2.jpeg?resize=410%2C1024&amp;ssl=1 410w, https:\/\/i0.wp.com\/cepronda.com\/blog\/wp-content\/uploads\/2020\/03\/WhatsApp-Image-2020-03-18-at-19.44.42-2.jpeg?resize=614%2C1536&amp;ssl=1 614w\" sizes=\"auto, (max-width: 640px) 100vw, 640px\" \/><\/figure><\/div>\n\n\n\n<div class=\"wp-block-image\"><figure class=\"aligncenter size-large\"><img loading=\"lazy\" decoding=\"async\" width=\"457\" height=\"1600\" src=\"https:\/\/i2.wp.com\/cepronda.com\/blog\/wp-content\/uploads\/2020\/03\/WhatsApp-Image-2020-03-18-at-19.44.42.jpeg?fit=292%2C1024\" alt=\"\" class=\"wp-image-3491\" srcset=\"https:\/\/i0.wp.com\/cepronda.com\/blog\/wp-content\/uploads\/2020\/03\/WhatsApp-Image-2020-03-18-at-19.44.42.jpeg?w=457&amp;ssl=1 457w, https:\/\/i0.wp.com\/cepronda.com\/blog\/wp-content\/uploads\/2020\/03\/WhatsApp-Image-2020-03-18-at-19.44.42.jpeg?resize=86%2C300&amp;ssl=1 86w, https:\/\/i0.wp.com\/cepronda.com\/blog\/wp-content\/uploads\/2020\/03\/WhatsApp-Image-2020-03-18-at-19.44.42.jpeg?resize=439%2C1536&amp;ssl=1 439w\" sizes=\"auto, (max-width: 457px) 100vw, 457px\" \/><\/figure><\/div>\n\n\n\n<div class=\"wp-block-image\"><figure class=\"aligncenter size-large\"><a href=\"http:\/\/www.juntadeandalucia.es\/educacion\/portals\/web\/ced\/delegaciones\/malaga\" target=\"_blank\" rel=\"noreferrer noopener\"><img data-recalc-dims=\"1\" loading=\"lazy\" decoding=\"async\" width=\"270\" height=\"270\" src=\"https:\/\/i0.wp.com\/cepronda.com\/blog\/wp-content\/uploads\/2020\/03\/WhatsApp-Image-2020-03-18-at-19.44.42-1.jpeg?resize=270%2C270\" alt=\"\" class=\"wp-image-3492\" srcset=\"https:\/\/i0.wp.com\/cepronda.com\/blog\/wp-content\/uploads\/2020\/03\/WhatsApp-Image-2020-03-18-at-19.44.42-1.jpeg?w=270&amp;ssl=1 270w, https:\/\/i0.wp.com\/cepronda.com\/blog\/wp-content\/uploads\/2020\/03\/WhatsApp-Image-2020-03-18-at-19.44.42-1.jpeg?resize=150%2C150&amp;ssl=1 150w, https:\/\/i0.wp.com\/cepronda.com\/blog\/wp-content\/uploads\/2020\/03\/WhatsApp-Image-2020-03-18-at-19.44.42-1.jpeg?resize=50%2C50&amp;ssl=1 50w\" sizes=\"auto, (max-width: 270px) 100vw, 270px\" \/><\/a><\/figure><\/div>\n","protected":false},"excerpt":{"rendered":"<p>Hola de nuevo familia, Os dejamos con informaci\u00f3n sobre la Delegaci\u00f3n Provincial de Educaci\u00f3n, informaci\u00f3n que pod\u00e9is consultar en las siguientes im\u00e1genes.<\/p>\n","protected":false},"author":3,"featured_media":3490,"comment_status":"open","ping_status":"open","sticky":false,"template":"","format":"standard","meta":{"_crdt_document":"","advanced_seo_description":"","jetpack_seo_html_title":"","jetpack_seo_noindex":false,"jetpack_post_was_ever_published":false,"_jetpack_newsletter_access":"","_jetpack_dont_email_post_to_subs":false,"_jetpack_newsletter_tier_id":0,"_jetpack_memberships_contains_paywalled_content":false,"_jetpack_memberships_contains_paid_content":false,"footnotes":"","jetpack_publicize_message":"Informaci\u00f3n sobre la Delegaci\u00f3n Provincial de Educaci\u00f3n de M\u00e1laga","jetpack_publicize_feature_enabled":true,"jetpack_social_post_already_shared":true,"jetpack_social_options":{"image_generator_settings":{"template":"highway","default_image_id":0,"font":"","enabled":false},"version":2}},"categories":[5],"tags":[78],"class_list":{"0":"post-3489","1":"post","2":"type-post","3":"status-publish","4":"format-standard","5":"has-post-thumbnail","7":"category-noticias","8":"tag-noticias","9":"czr-hentry"},"jetpack_publicize_connections":[],"jetpack_featured_media_url":"https:\/\/i0.wp.com\/cepronda.com\/blog\/wp-content\/uploads\/2020\/03\/WhatsApp-Image-2020-03-18-at-19.44.42-2.jpeg?fit=640%2C1600&ssl=1","jetpack_shortlink":"https:\/\/wp.me\/p8M4X7-Uh","jetpack-related-posts":[{"id":7427,"url":"https:\/\/cepronda.com\/blog\/claves-para-la-educacion-sexual-en-el-ambito-educativo\/","url_meta":{"origin":3489,"position":0},"title":"CLAVES PARA LA EDUCACI\u00d3N SEXUAL EN EL \u00c1MBITO EDUCATIVO","author":"Mamen Moreno","date":"2 febrero, 2024","format":false,"excerpt":"CURSO PROVINCIAL A DISTANCIA: CLAVES PARA LA EDUCACI\u00d3N SEXUAL EN EL \u00c1MBITO EDUCATIVO. Nivel I C\u00f3digo: 242922GE059 Curso Provincial a Distancia (AVFP) de 30 horas. Fecha inscripci\u00f3n: 01\/02\/2024 hasta el 15\/02\/2024 Fecha actividad: 07\/03\/2024 hasta 26\/04\/2024. M\u00e1s informaci\u00f3n e inscripci\u00f3n en: https:\/\/bit.ly\/3SFE9yr","rel":"","context":"En \u00abFormaciones\u00bb","block_context":{"text":"Formaciones","link":"https:\/\/cepronda.com\/blog\/category\/formaciones\/"},"img":{"alt_text":"","src":"https:\/\/i0.wp.com\/cepronda.com\/blog\/wp-content\/uploads\/2024\/02\/WhatsApp-Image-2024-02-01-at-08.47.28.jpeg?fit=1080%2C1080&ssl=1&resize=350%2C200","width":350,"height":200,"srcset":"https:\/\/i0.wp.com\/cepronda.com\/blog\/wp-content\/uploads\/2024\/02\/WhatsApp-Image-2024-02-01-at-08.47.28.jpeg?fit=1080%2C1080&ssl=1&resize=350%2C200 1x, https:\/\/i0.wp.com\/cepronda.com\/blog\/wp-content\/uploads\/2024\/02\/WhatsApp-Image-2024-02-01-at-08.47.28.jpeg?fit=1080%2C1080&ssl=1&resize=525%2C300 1.5x, https:\/\/i0.wp.com\/cepronda.com\/blog\/wp-content\/uploads\/2024\/02\/WhatsApp-Image-2024-02-01-at-08.47.28.jpeg?fit=1080%2C1080&ssl=1&resize=700%2C400 2x, https:\/\/i0.wp.com\/cepronda.com\/blog\/wp-content\/uploads\/2024\/02\/WhatsApp-Image-2024-02-01-at-08.47.28.jpeg?fit=1080%2C1080&ssl=1&resize=1050%2C600 3x"},"classes":[]},{"id":3087,"url":"https:\/\/cepronda.com\/blog\/directorio-general-del-servicio-de-ordenacion-educativa\/","url_meta":{"origin":3489,"position":1},"title":"Directorio general del Servicio de Ordenaci\u00f3n Educativa","author":"V\u00edctor Caballero","date":"10 octubre, 2019","format":false,"excerpt":"Muy buenas, adjuntamos una infograf\u00eda informativa sobre el directorio general del servicio de ordenaci\u00f3n educativa de la Delegaci\u00f3n Territorial de Educaci\u00f3n en M\u00e1laga, por si es de vuestro inter\u00e9s y os sirve de ayuda.","rel":"","context":"En \u00abNoticias\u00bb","block_context":{"text":"Noticias","link":"https:\/\/cepronda.com\/blog\/category\/noticias\/"},"img":{"alt_text":"","src":"https:\/\/i0.wp.com\/cepronda.com\/blog\/wp-content\/uploads\/2019\/10\/DIRECTORIO-GENERALSERV.-ORDENACI%C3%93N-EDUCATIVA.png?fit=480%2C1200&ssl=1&resize=350%2C200","width":350,"height":200},"classes":[]},{"id":3271,"url":"https:\/\/cepronda.com\/blog\/nuevo-blog-de-la-delegacion-territorial\/","url_meta":{"origin":3489,"position":2},"title":"Nuevo blog de la Delegaci\u00f3n Territorial","author":"V\u00edctor Caballero","date":"19 diciembre, 2019","format":false,"excerpt":"\u00a1Hola! Compartimos con todos y todas vosotras el nuevo blog de la Delegaci\u00f3n Territorial de Educaci\u00f3n y Deporte. Para visitarlo s\u00f3lo ten\u00e9is que seguir este enlace.","rel":"","context":"En \u00abNoticias\u00bb","block_context":{"text":"Noticias","link":"https:\/\/cepronda.com\/blog\/category\/noticias\/"},"img":{"alt_text":"","src":"https:\/\/i0.wp.com\/cepronda.com\/blog\/wp-content\/uploads\/2019\/12\/blog_dt.png?fit=1200%2C335&ssl=1&resize=350%2C200","width":350,"height":200,"srcset":"https:\/\/i0.wp.com\/cepronda.com\/blog\/wp-content\/uploads\/2019\/12\/blog_dt.png?fit=1200%2C335&ssl=1&resize=350%2C200 1x, https:\/\/i0.wp.com\/cepronda.com\/blog\/wp-content\/uploads\/2019\/12\/blog_dt.png?fit=1200%2C335&ssl=1&resize=525%2C300 1.5x, https:\/\/i0.wp.com\/cepronda.com\/blog\/wp-content\/uploads\/2019\/12\/blog_dt.png?fit=1200%2C335&ssl=1&resize=700%2C400 2x, https:\/\/i0.wp.com\/cepronda.com\/blog\/wp-content\/uploads\/2019\/12\/blog_dt.png?fit=1200%2C335&ssl=1&resize=1050%2C600 3x"},"classes":[]},{"id":1553,"url":"https:\/\/cepronda.com\/blog\/jornada-provincial-retos-educativos-educacion-emocional-y-comunicacion-en-las-familias-del-siglo-xxi\/","url_meta":{"origin":3489,"position":3},"title":"Jornada provincial \u00abRetos educativos. Educaci\u00f3n emocional y comunicaci\u00f3n en las familias del siglo XXI\u00bb","author":"V\u00edctor Caballero","date":"12 enero, 2018","format":false,"excerpt":"\u00a1Hola de nuevo! Queremos compartir con todos y todas vosotras esta jornada provincial que se va a desarrollar en M\u00e1laga el pr\u00f3ximo 24 de enero, y que va dirigida tanto a docentes como a las familias. La actividad se denomina \"Retos educativos. Educaci\u00f3n emocional y comunicaci\u00f3n en las familias del\u2026","rel":"","context":"En \u00abNoticias\u00bb","block_context":{"text":"Noticias","link":"https:\/\/cepronda.com\/blog\/category\/noticias\/"},"img":{"alt_text":"","src":"https:\/\/i0.wp.com\/cepronda.com\/blog\/wp-content\/uploads\/2018\/01\/familia_m%C3%A1laga.png?fit=643%2C903&ssl=1&resize=350%2C200","width":350,"height":200,"srcset":"https:\/\/i0.wp.com\/cepronda.com\/blog\/wp-content\/uploads\/2018\/01\/familia_m%C3%A1laga.png?fit=643%2C903&ssl=1&resize=350%2C200 1x, https:\/\/i0.wp.com\/cepronda.com\/blog\/wp-content\/uploads\/2018\/01\/familia_m%C3%A1laga.png?fit=643%2C903&ssl=1&resize=525%2C300 1.5x"},"classes":[]},{"id":8006,"url":"https:\/\/cepronda.com\/blog\/curso-provincial-jefatura-de-estudios-organizacion-y-funcionamiento-secundaria-codigo-259923kpf494\/","url_meta":{"origin":3489,"position":4},"title":"CURSO PROVINCIAL: JEFATURA DE ESTUDIOS: ORGANIZACI\u00d3N Y FUNCIONAMIENTO (SECUNDARIA)\u201d. C\u00f3digo 259923KPF494.","author":"Inmaculada Garc\u00eda","date":"8 enero, 2025","format":false,"excerpt":"Abierto el plazo de solicitud de la actividad formativa provincial a distancia \u201cJEFATURA DE ESTUDIOS: ORGANIZACI\u00d3N Y FUNCIONAMIENTO (SECUNDARIA)\u201d. C\u00f3digo: 259923KPF494. \u00a0 Curso a distancia de 40 horas, dirigido a profesorado de EDUCACI\u00d3N SECUNDARIA Y BACHILLERATO Lugar de realizaci\u00f3n: AVFP \u00a0 Fechas de realizaci\u00f3n del 29\/01\/2025 hasta 30\/03\/2025. \u270d\ufe0f Inscripciones\u2026","rel":"","context":"En \u00abFormaciones\u00bb","block_context":{"text":"Formaciones","link":"https:\/\/cepronda.com\/blog\/category\/formaciones\/"},"img":{"alt_text":"","src":"https:\/\/i0.wp.com\/cepronda.com\/blog\/wp-content\/uploads\/2025\/01\/WhatsApp-Image-2025-01-08-at-12.42.22.jpeg?fit=1080%2C1080&ssl=1&resize=350%2C200","width":350,"height":200,"srcset":"https:\/\/i0.wp.com\/cepronda.com\/blog\/wp-content\/uploads\/2025\/01\/WhatsApp-Image-2025-01-08-at-12.42.22.jpeg?fit=1080%2C1080&ssl=1&resize=350%2C200 1x, https:\/\/i0.wp.com\/cepronda.com\/blog\/wp-content\/uploads\/2025\/01\/WhatsApp-Image-2025-01-08-at-12.42.22.jpeg?fit=1080%2C1080&ssl=1&resize=525%2C300 1.5x, https:\/\/i0.wp.com\/cepronda.com\/blog\/wp-content\/uploads\/2025\/01\/WhatsApp-Image-2025-01-08-at-12.42.22.jpeg?fit=1080%2C1080&ssl=1&resize=700%2C400 2x, https:\/\/i0.wp.com\/cepronda.com\/blog\/wp-content\/uploads\/2025\/01\/WhatsApp-Image-2025-01-08-at-12.42.22.jpeg?fit=1080%2C1080&ssl=1&resize=1050%2C600 3x"},"classes":[]},{"id":7873,"url":"https:\/\/cepronda.com\/blog\/curso-provincial-a-distancia-atencion-al-alumnado-tdah-estrategias-de-intervencion-en-primaria-codigo-252922ge050\/","url_meta":{"origin":3489,"position":5},"title":"CURSO PROVINCIAL A DISTANCIA: ATENCI\u00d3N AL ALUMNADO TDAH: ESTRATEGIAS DE INTERVENCI\u00d3N EN PRIMARIA. C\u00f3digo: 252922GE050.","author":"Inmaculada Garc\u00eda","date":"28 noviembre, 2024","format":false,"excerpt":"Abierto el plazo de solicitudes para el curso provincial a distancia: ATENCI\u00d3N AL ALUMNADO TDAH: ESTRATEGIAS DE INTERVENCI\u00d3N EN PRIMARIA. C\u00f3digo: 252922GE050. Dirigido preferentemente a profesorado de educaci\u00f3n primaria. \u27a1 Curso a distancia de 40 horas, dirigido preferentemente a profesorado de educaci\u00f3n primaria. \u270f Inscripci\u00f3n: 02\/12\/2024 al 15\/12\/2024. Fecha de\u2026","rel":"","context":"En \u00abFormaciones\u00bb","block_context":{"text":"Formaciones","link":"https:\/\/cepronda.com\/blog\/category\/formaciones\/"},"img":{"alt_text":"","src":"https:\/\/i0.wp.com\/cepronda.com\/blog\/wp-content\/uploads\/2024\/11\/WhatsApp-Image-2024-11-28-at-10.46.36.jpeg?fit=1080%2C1080&ssl=1&resize=350%2C200","width":350,"height":200,"srcset":"https:\/\/i0.wp.com\/cepronda.com\/blog\/wp-content\/uploads\/2024\/11\/WhatsApp-Image-2024-11-28-at-10.46.36.jpeg?fit=1080%2C1080&ssl=1&resize=350%2C200 1x, https:\/\/i0.wp.com\/cepronda.com\/blog\/wp-content\/uploads\/2024\/11\/WhatsApp-Image-2024-11-28-at-10.46.36.jpeg?fit=1080%2C1080&ssl=1&resize=525%2C300 1.5x, https:\/\/i0.wp.com\/cepronda.com\/blog\/wp-content\/uploads\/2024\/11\/WhatsApp-Image-2024-11-28-at-10.46.36.jpeg?fit=1080%2C1080&ssl=1&resize=700%2C400 2x, https:\/\/i0.wp.com\/cepronda.com\/blog\/wp-content\/uploads\/2024\/11\/WhatsApp-Image-2024-11-28-at-10.46.36.jpeg?fit=1080%2C1080&ssl=1&resize=1050%2C600 3x"},"classes":[]}],"jetpack_sharing_enabled":true,"_links":{"self":[{"href":"https:\/\/cepronda.com\/blog\/wp-json\/wp\/v2\/posts\/3489","targetHints":{"allow":["GET"]}}],"collection":[{"href":"https:\/\/cepronda.com\/blog\/wp-json\/wp\/v2\/posts"}],"about":[{"href":"https:\/\/cepronda.com\/blog\/wp-json\/wp\/v2\/types\/post"}],"author":[{"embeddable":true,"href":"https:\/\/cepronda.com\/blog\/wp-json\/wp\/v2\/users\/3"}],"replies":[{"embeddable":true,"href":"https:\/\/cepronda.com\/blog\/wp-json\/wp\/v2\/comments?post=3489"}],"version-history":[{"count":1,"href":"https:\/\/cepronda.com\/blog\/wp-json\/wp\/v2\/posts\/3489\/revisions"}],"predecessor-version":[{"id":3493,"href":"https:\/\/cepronda.com\/blog\/wp-json\/wp\/v2\/posts\/3489\/revisions\/3493"}],"wp:featuredmedia":[{"embeddable":true,"href":"https:\/\/cepronda.com\/blog\/wp-json\/wp\/v2\/media\/3490"}],"wp:attachment":[{"href":"https:\/\/cepronda.com\/blog\/wp-json\/wp\/v2\/media?parent=3489"}],"wp:term":[{"taxonomy":"category","embeddable":true,"href":"https:\/\/cepronda.com\/blog\/wp-json\/wp\/v2\/categories?post=3489"},{"taxonomy":"post_tag","embeddable":true,"href":"https:\/\/cepronda.com\/blog\/wp-json\/wp\/v2\/tags?post=3489"}],"curies":[{"name":"wp","href":"https:\/\/api.w.org\/{rel}","templated":true}]}}