{"id":3486,"date":"2020-03-18T20:20:40","date_gmt":"2020-03-18T19:20:40","guid":{"rendered":"http:\/\/cepronda.com\/blog\/?p=3486"},"modified":"2020-03-18T20:20:47","modified_gmt":"2020-03-18T19:20:47","slug":"un-ejemplo-de-un-claustro-animando-en-estos-duros-momentos","status":"publish","type":"post","link":"https:\/\/cepronda.com\/blog\/un-ejemplo-de-un-claustro-animando-en-estos-duros-momentos\/","title":{"rendered":"Un ejemplo de un claustro animando en estos duros momentos"},"content":{"rendered":"\n<p class=\"wp-block-paragraph\">Muy buenas familia, <\/p>\n\n\n\n<p class=\"wp-block-paragraph\">Dentro de estos d\u00edas tan complicados, raros, extra\u00f1os, &#8230; a veces llegan sorpresas inesperadas&#8230; Minutos antes de salir al balc\u00f3n a aplaudir, me llega un v\u00eddeo con el nombre \u00abMensaje de \u00e1nimo a nuestro alumnado\u00bb, y veo que es del CEIP Virgen de la Cabeza&#8230; y os prometo que imposible contener la emoci\u00f3n&#8230; solo imaginar a esas ni\u00f1as y esos ni\u00f1os viendo a sus maestros y maestras d\u00e1ndole \u00e1nimos&#8230; Es que poco se puede a\u00f1adir&#8230; <\/p>\n\n\n\n<figure class=\"wp-block-embed-youtube wp-block-embed is-type-video is-provider-youtube wp-embed-aspect-16-9 wp-has-aspect-ratio\"><div class=\"wp-block-embed__wrapper\">\n<span class=\"embed-youtube\" style=\"text-align:center; display: block;\"><iframe loading=\"lazy\" class=\"youtube-player\" width=\"1170\" height=\"659\" src=\"https:\/\/www.youtube.com\/embed\/i_6gnaHD-5o?version=3&#038;rel=1&#038;showsearch=0&#038;showinfo=1&#038;iv_load_policy=1&#038;fs=1&#038;hl=es-ES&#038;autohide=2&#038;wmode=transparent\" allowfullscreen=\"true\" style=\"border:0;\" sandbox=\"allow-scripts allow-same-origin allow-popups allow-presentation allow-popups-to-escape-sandbox\"><\/iframe><\/span>\n<\/div><\/figure>\n\n\n\n<p class=\"wp-block-paragraph\">Desde el CEP os queremos animar al resto de centros a que teng\u00e1is iniciativas parecidas, ya que seguro que llegar\u00e1n a vuestro alumnado y familia y ser\u00e1 un soplo de energ\u00eda y \u00e1nimo. Un fuerte abrazo<\/p>\n","protected":false},"excerpt":{"rendered":"<p>Muy buenas familia, Dentro de estos d\u00edas tan complicados, raros, extra\u00f1os, &#8230; a veces llegan sorpresas inesperadas&#8230; Minutos antes de salir al balc\u00f3n a aplaudir, me llega un v\u00eddeo con el nombre \u00abMensaje de \u00e1nimo a nuestro alumnado\u00bb, y veo que es del CEIP Virgen de la Cabeza&#8230; y os prometo que imposible contener la [&hellip;]<\/p>\n","protected":false},"author":3,"featured_media":3487,"comment_status":"open","ping_status":"open","sticky":false,"template":"","format":"standard","meta":{"_crdt_document":"","advanced_seo_description":"","jetpack_seo_html_title":"","jetpack_seo_noindex":false,"jetpack_post_was_ever_published":false,"_jetpack_newsletter_access":"","_jetpack_dont_email_post_to_subs":false,"_jetpack_newsletter_tier_id":0,"_jetpack_memberships_contains_paywalled_content":false,"_jetpack_memberships_contains_paid_content":false,"footnotes":"","jetpack_publicize_message":"Un ejemplo de un claustro animando en estos duros momentos, gracias al claustro del @bibliocabeza04 #malagasequedaencasa","jetpack_publicize_feature_enabled":true,"jetpack_social_post_already_shared":true,"jetpack_social_options":{"image_generator_settings":{"template":"highway","default_image_id":0,"font":"","enabled":false},"version":2}},"categories":[5],"tags":[78],"class_list":{"0":"post-3486","1":"post","2":"type-post","3":"status-publish","4":"format-standard","5":"has-post-thumbnail","7":"category-noticias","8":"tag-noticias","9":"czr-hentry"},"jetpack_publicize_connections":[],"jetpack_featured_media_url":"https:\/\/i0.wp.com\/cepronda.com\/blog\/wp-content\/uploads\/2020\/03\/ceip_virgen_de_la_cabeza_184.gif?fit=400%2C300&ssl=1","jetpack_shortlink":"https:\/\/wp.me\/p8M4X7-Ue","jetpack-related-posts":[{"id":3478,"url":"https:\/\/cepronda.com\/blog\/informacion-importante-sobre-acceso-a-seneca\/","url_meta":{"origin":3486,"position":0},"title":"INFORMACI\u00d3N IMPORTANTE SOBRE ACCESO A S\u00c9NECA","author":"V\u00edctor Caballero","date":"16 marzo, 2020","format":false,"excerpt":"NO ACCED\u00c1IS A SENECA NI A MOODLE DE CENTROS debido al trabajo de adecuaci\u00f3n y puesta a punto. El acceso provocar\u00e1 retrasos importante en el despliegue de los mismos. No sabemos a\u00fan hasta que d\u00eda nos aconsejan no entrar, os tendremos informados. \u00a1Mucho \u00e1nimo! Y ya sab\u00e9is que pod\u00e9is contar\u2026","rel":"","context":"En \u00abNoticias\u00bb","block_context":{"text":"Noticias","link":"https:\/\/cepronda.com\/blog\/category\/noticias\/"},"img":{"alt_text":"","src":"https:\/\/i0.wp.com\/cepronda.com\/blog\/wp-content\/uploads\/2020\/02\/logo_twitter_cep_ronda.jpg?fit=592%2C595&ssl=1&resize=350%2C200","width":350,"height":200,"srcset":"https:\/\/i0.wp.com\/cepronda.com\/blog\/wp-content\/uploads\/2020\/02\/logo_twitter_cep_ronda.jpg?fit=592%2C595&ssl=1&resize=350%2C200 1x, https:\/\/i0.wp.com\/cepronda.com\/blog\/wp-content\/uploads\/2020\/02\/logo_twitter_cep_ronda.jpg?fit=592%2C595&ssl=1&resize=525%2C300 1.5x"},"classes":[]},{"id":1505,"url":"https:\/\/cepronda.com\/blog\/felices-fiestas\/","url_meta":{"origin":3486,"position":1},"title":"Felices fiestas","author":"V\u00edctor Caballero","date":"21 diciembre, 2017","format":false,"excerpt":"Muy buenas,\u00a0 No queremos olvidarnos de todos y todas vosotras en estos d\u00edas. Deseando sobre todo que descans\u00e9is y que pas\u00e9is unos d\u00edas felices con vuestra gente, recibid nuestros mejores deseos de parte de todo el equipo que formamos el Centro de Profesorado de Ronda.","rel":"","context":"En \u00abNoticias\u00bb","block_context":{"text":"Noticias","link":"https:\/\/cepronda.com\/blog\/category\/noticias\/"},"img":{"alt_text":"","src":"https:\/\/i0.wp.com\/cepronda.com\/blog\/wp-content\/uploads\/2017\/12\/FELIZ-NAVIDAD-CEP-RONDA.png?resize=350%2C200","width":350,"height":200,"srcset":"https:\/\/i0.wp.com\/cepronda.com\/blog\/wp-content\/uploads\/2017\/12\/FELIZ-NAVIDAD-CEP-RONDA.png?resize=350%2C200 1x, https:\/\/i0.wp.com\/cepronda.com\/blog\/wp-content\/uploads\/2017\/12\/FELIZ-NAVIDAD-CEP-RONDA.png?resize=525%2C300 1.5x"},"classes":[]},{"id":3602,"url":"https:\/\/cepronda.com\/blog\/impulso-y-difusion-de-la-ensenanza-on-line-nuestro-espacio-ideo\/","url_meta":{"origin":3486,"position":2},"title":"Impulso y difusi\u00f3n de la ense\u00f1anza on-line, nuestro espacio IDEO","author":"V\u00edctor Caballero","date":"2 junio, 2020","format":false,"excerpt":"Hola familia, Queremos compartir con todas y todos vosotros este portal elaborado con motivo y ocasi\u00f3n de toda esta nueva realidad que estamos viviendo. Os invitamos a conocerla, \"bichearla\" y compartir vuestras pr\u00e1cticas docentes en estos tiempos de docencia on-line.","rel":"","context":"En \u00abFormaciones\u00bb","block_context":{"text":"Formaciones","link":"https:\/\/cepronda.com\/blog\/category\/formaciones\/"},"img":{"alt_text":"","src":"https:\/\/i0.wp.com\/cepronda.com\/blog\/wp-content\/uploads\/2020\/06\/ideo.png?fit=1200%2C673&ssl=1&resize=350%2C200","width":350,"height":200,"srcset":"https:\/\/i0.wp.com\/cepronda.com\/blog\/wp-content\/uploads\/2020\/06\/ideo.png?fit=1200%2C673&ssl=1&resize=350%2C200 1x, https:\/\/i0.wp.com\/cepronda.com\/blog\/wp-content\/uploads\/2020\/06\/ideo.png?fit=1200%2C673&ssl=1&resize=525%2C300 1.5x, https:\/\/i0.wp.com\/cepronda.com\/blog\/wp-content\/uploads\/2020\/06\/ideo.png?fit=1200%2C673&ssl=1&resize=700%2C400 2x, https:\/\/i0.wp.com\/cepronda.com\/blog\/wp-content\/uploads\/2020\/06\/ideo.png?fit=1200%2C673&ssl=1&resize=1050%2C600 3x"},"classes":[]},{"id":3476,"url":"https:\/\/cepronda.com\/blog\/comunicado-importante-del-cep-de-ronda\/","url_meta":{"origin":3486,"position":3},"title":"COMUNICADO IMPORTANTE DEL CEP DE RONDA","author":"V\u00edctor Caballero","date":"13 marzo, 2020","format":false,"excerpt":"Ante la nueva situaci\u00f3n y alerta sanitaria, el equipo t\u00e9cnico de formaci\u00f3n del Centro de Profesorado de Ronda est\u00e1 a vuestra disposici\u00f3n para responder a todas vuestras dudas y consultas, as\u00ed como asesoraros en todas aquellas cuestiones que necesit\u00e9is. Para ello pod\u00e9is escribirnos y\/o llamarnos por cualquiera de estos medios,\u2026","rel":"","context":"En \u00abFormaciones\u00bb","block_context":{"text":"Formaciones","link":"https:\/\/cepronda.com\/blog\/category\/formaciones\/"},"img":{"alt_text":"","src":"https:\/\/i0.wp.com\/cepronda.com\/blog\/wp-content\/uploads\/2020\/02\/Logo_twitter_cep_ronda-INSTITUCIONAL.jpg?fit=565%2C565&ssl=1&resize=350%2C200","width":350,"height":200,"srcset":"https:\/\/i0.wp.com\/cepronda.com\/blog\/wp-content\/uploads\/2020\/02\/Logo_twitter_cep_ronda-INSTITUCIONAL.jpg?fit=565%2C565&ssl=1&resize=350%2C200 1x, https:\/\/i0.wp.com\/cepronda.com\/blog\/wp-content\/uploads\/2020\/02\/Logo_twitter_cep_ronda-INSTITUCIONAL.jpg?fit=565%2C565&ssl=1&resize=525%2C300 1.5x"},"classes":[]},{"id":1946,"url":"https:\/\/cepronda.com\/blog\/presentacion-de-las-jornadas-el-papel-de-las-tutorias-en-la-atencion-a-la-diversidad\/","url_meta":{"origin":3486,"position":4},"title":"Presentaci\u00f3n de las Jornadas  \u00abEl papel de las tutor\u00edas en la atenci\u00f3n a la diversidad\u00bb","author":"V\u00edctor Caballero","date":"25 mayo, 2018","format":false,"excerpt":"\u00a1Hola de nuevo! Compartimos la presentaci\u00f3n usada por el Equipo de Lecto-escritura de la Delegaci\u00f3n de M\u00e1laga en las jornadas que han tenido lugar estos dos mi\u00e9rcoles pasados, y que consideramos muy interesantes. Desde el CEP queremos dar las gracias a Yolanda Parra y Juan Manuel Fern\u00e1ndez por su profesionalidad\u2026","rel":"","context":"En \u00abFormaciones\u00bb","block_context":{"text":"Formaciones","link":"https:\/\/cepronda.com\/blog\/category\/formaciones\/"},"img":{"alt_text":"","src":"https:\/\/i0.wp.com\/cepronda.com\/blog\/wp-content\/uploads\/2018\/04\/crayon-215873_640.jpg?fit=640%2C480&ssl=1&resize=350%2C200","width":350,"height":200,"srcset":"https:\/\/i0.wp.com\/cepronda.com\/blog\/wp-content\/uploads\/2018\/04\/crayon-215873_640.jpg?fit=640%2C480&ssl=1&resize=350%2C200 1x, https:\/\/i0.wp.com\/cepronda.com\/blog\/wp-content\/uploads\/2018\/04\/crayon-215873_640.jpg?fit=640%2C480&ssl=1&resize=525%2C300 1.5x"},"classes":[]},{"id":4228,"url":"https:\/\/cepronda.com\/blog\/adjudicacion-de-plazas-de-la-2a-convocatoria-regional\/","url_meta":{"origin":3486,"position":5},"title":"Adjudicaci\u00f3n de plazas de la 2\u00aa convocatoria regional","author":"Maribel Mu\u00f1oz","date":"2 marzo, 2021","format":false,"excerpt":"Buenas tardes campa\u00f1eras y compa\u00f1eros, Os hacemos llegar estos dos enlaces con publidad sobre la adjudicaci\u00f3n de plazas de los cursos de la 2\u00aa convocatoria regional . https:\/\/view.genial.ly\/6038a3342e75ae0d0934bfb4\/presentation-convocatoria https:\/\/twitter.com\/FormacProfAnd\/status\/1365216663113789440?s=20 Deseamos que sea de vuestro inter\u00e9s. Saludos.","rel":"","context":"En \u00abFormaciones\u00bb","block_context":{"text":"Formaciones","link":"https:\/\/cepronda.com\/blog\/category\/formaciones\/"},"img":{"alt_text":"","src":"https:\/\/i0.wp.com\/cepronda.com\/blog\/wp-content\/uploads\/2020\/09\/Logo-progamas-de-formacion-oficial.jpg?resize=350%2C200","width":350,"height":200},"classes":[]}],"jetpack_sharing_enabled":true,"_links":{"self":[{"href":"https:\/\/cepronda.com\/blog\/wp-json\/wp\/v2\/posts\/3486","targetHints":{"allow":["GET"]}}],"collection":[{"href":"https:\/\/cepronda.com\/blog\/wp-json\/wp\/v2\/posts"}],"about":[{"href":"https:\/\/cepronda.com\/blog\/wp-json\/wp\/v2\/types\/post"}],"author":[{"embeddable":true,"href":"https:\/\/cepronda.com\/blog\/wp-json\/wp\/v2\/users\/3"}],"replies":[{"embeddable":true,"href":"https:\/\/cepronda.com\/blog\/wp-json\/wp\/v2\/comments?post=3486"}],"version-history":[{"count":1,"href":"https:\/\/cepronda.com\/blog\/wp-json\/wp\/v2\/posts\/3486\/revisions"}],"predecessor-version":[{"id":3488,"href":"https:\/\/cepronda.com\/blog\/wp-json\/wp\/v2\/posts\/3486\/revisions\/3488"}],"wp:featuredmedia":[{"embeddable":true,"href":"https:\/\/cepronda.com\/blog\/wp-json\/wp\/v2\/media\/3487"}],"wp:attachment":[{"href":"https:\/\/cepronda.com\/blog\/wp-json\/wp\/v2\/media?parent=3486"}],"wp:term":[{"taxonomy":"category","embeddable":true,"href":"https:\/\/cepronda.com\/blog\/wp-json\/wp\/v2\/categories?post=3486"},{"taxonomy":"post_tag","embeddable":true,"href":"https:\/\/cepronda.com\/blog\/wp-json\/wp\/v2\/tags?post=3486"}],"curies":[{"name":"wp","href":"https:\/\/api.w.org\/{rel}","templated":true}]}}