{"id":3480,"date":"2020-03-16T17:23:46","date_gmt":"2020-03-16T16:23:46","guid":{"rendered":"http:\/\/cepronda.com\/blog\/?p=3480"},"modified":"2020-03-16T17:23:54","modified_gmt":"2020-03-16T16:23:54","slug":"informacion-del-cep-de-ronda","status":"publish","type":"post","link":"https:\/\/cepronda.com\/blog\/informacion-del-cep-de-ronda\/","title":{"rendered":"Informaci\u00f3n del CEP de Ronda"},"content":{"rendered":"\n<p class=\"wp-block-paragraph\">Estimados\/as compa\u00f1eros\/as,<br><\/p>\n\n\n\n<p class=\"wp-block-paragraph\">Dada la situaci\u00f3n actual y siguiendo indicaciones expl\u00edcitas de la Consejer\u00eda de Educaci\u00f3n y Deporte, se suspenden todas <strong>las actividades presenciales<\/strong> del CEP de Ronda hasta nuevo aviso. Al respecto, aquellas actividades que puedan desarrollarse de forma online, seguir\u00e1n dicho formato, al igual que en el caso de Grupos de Trabajo, Formaciones en Centro, Consejo de Centro y asesoramiento general del CEP. Lo antes posible, comunicaremos qu\u00e9 actividades ser\u00e1n aplazadas, cu\u00e1les se realizar\u00e1n de forma online y cu\u00e1les reducir\u00e1n su n\u00famero total de sesiones.<\/p>\n\n\n\n<p class=\"wp-block-paragraph\">Os recordamos que estamos a vuestra disposici\u00f3n en el horario habitual y que os atenderemos v\u00eda telem\u00e1tica. El horario de atenci\u00f3n de cada asesor\u00eda as\u00ed como nuestros datos de contacto pod\u00e9is encontrarlos en la <a href=\"http:\/\/www.juntadeandalucia.es\/educacion\/portals\/web\/cep-ronda\/personal-del-cep\">web del CEP<\/a><\/p>\n\n\n\n<p class=\"wp-block-paragraph\">Os animamos a permanecer atentos\/as a nuestro canal de Telegram, a&nbsp; Facebook, Twitter y a nuestra p\u00e1gina web.<\/p>\n\n\n\n<p class=\"wp-block-paragraph\">Para aquellas personas que todav\u00eda no tengan perfil en estos canales, os invitamos a sumaros. Son muchos los recursos que compa\u00f1eros y compa\u00f1eras est\u00e1n compartiendo por estas v\u00edas, as\u00ed como las instrucciones y recursos que pondr\u00e1n a nuestra disposici\u00f3n los Servicios Centrales.<\/p>\n\n\n\n<p class=\"wp-block-paragraph\">Mucho \u00e1nimo y seguiremos informado de cualquier novedad.<br><\/p>\n","protected":false},"excerpt":{"rendered":"<p>Estimados\/as compa\u00f1eros\/as, Dada la situaci\u00f3n actual y siguiendo indicaciones expl\u00edcitas de la Consejer\u00eda de Educaci\u00f3n y Deporte, se suspenden todas las actividades presenciales del CEP de Ronda hasta nuevo aviso. Al respecto, aquellas actividades que puedan desarrollarse de forma online, seguir\u00e1n dicho formato, al igual que en el caso de Grupos de Trabajo, Formaciones en [&hellip;]<\/p>\n","protected":false},"author":3,"featured_media":3408,"comment_status":"open","ping_status":"open","sticky":false,"template":"","format":"standard","meta":{"_crdt_document":"","advanced_seo_description":"","jetpack_seo_html_title":"","jetpack_seo_noindex":false,"jetpack_post_was_ever_published":false,"_jetpack_newsletter_access":"","_jetpack_dont_email_post_to_subs":false,"_jetpack_newsletter_tier_id":0,"_jetpack_memberships_contains_paywalled_content":false,"_jetpack_memberships_contains_paid_content":false,"footnotes":"","jetpack_publicize_message":"","jetpack_publicize_feature_enabled":true,"jetpack_social_post_already_shared":true,"jetpack_social_options":{"image_generator_settings":{"template":"highway","default_image_id":0,"font":"","enabled":false},"version":2}},"categories":[5],"tags":[78],"class_list":{"0":"post-3480","1":"post","2":"type-post","3":"status-publish","4":"format-standard","5":"has-post-thumbnail","7":"category-noticias","8":"tag-noticias","9":"czr-hentry"},"jetpack_publicize_connections":[],"jetpack_featured_media_url":"https:\/\/i0.wp.com\/cepronda.com\/blog\/wp-content\/uploads\/2020\/02\/logo_twitter_cep_ronda.jpg?fit=592%2C595&ssl=1","jetpack_shortlink":"https:\/\/wp.me\/p8M4X7-U8","jetpack-related-posts":[{"id":5644,"url":"https:\/\/cepronda.com\/blog\/actividades-formativas-del-cep-de-ronda-para-el-curso-22-23\/","url_meta":{"origin":3480,"position":0},"title":"ACTIVIDADES FORMATIVAS DEL CEP DE RONDA para el CURSO 22-23","author":"Inmaculada Garc\u00eda","date":"7 diciembre, 2022","format":false,"excerpt":"Buenos d\u00edas, compa\u00f1eros y compa\u00f1eras. Os compartimos nuestro cartel vivo con las ACTIVIDADES FORMATIVAS DEL CEP DE RONDA para el CURSO 22-23 \u00a0Pincha en el enlace 00-Cartel vivo CEP QR o escanea el c\u00f3digo QR para visualizar la relaci\u00f3n de actividades formativas del CEP de Ronda para este curso.","rel":"","context":"En \u00abNoticias\u00bb","block_context":{"text":"Noticias","link":"https:\/\/cepronda.com\/blog\/category\/noticias\/"},"img":{"alt_text":"","src":"https:\/\/i0.wp.com\/cepronda.com\/blog\/wp-content\/uploads\/2022\/12\/Diseno-sin-titulo.png?fit=848%2C1200&ssl=1&resize=350%2C200","width":350,"height":200,"srcset":"https:\/\/i0.wp.com\/cepronda.com\/blog\/wp-content\/uploads\/2022\/12\/Diseno-sin-titulo.png?fit=848%2C1200&ssl=1&resize=350%2C200 1x, https:\/\/i0.wp.com\/cepronda.com\/blog\/wp-content\/uploads\/2022\/12\/Diseno-sin-titulo.png?fit=848%2C1200&ssl=1&resize=525%2C300 1.5x, https:\/\/i0.wp.com\/cepronda.com\/blog\/wp-content\/uploads\/2022\/12\/Diseno-sin-titulo.png?fit=848%2C1200&ssl=1&resize=700%2C400 2x"},"classes":[]},{"id":4695,"url":"https:\/\/cepronda.com\/blog\/itinerario-formativo-en-igualdad-y-convivencia-cep-de-ronda\/","url_meta":{"origin":3480,"position":1},"title":"ITINERARIO FORMATIVO EN IGUALDAD Y CONVIVENCIA. CEP DE RONDA.","author":"Inmaculada Garc\u00eda","date":"29 septiembre, 2021","format":false,"excerpt":"Buenos d\u00edas compa\u00f1eros y compa\u00f1eras, os presentamos nuestro ITINERARIO FORMATIVO EN IGUALDAD Y CONVIVENCIA, en el que podr\u00e9is encontrar actividades formativas centradas en la implementaci\u00f3n del Programa de Inteligencia Emocional, Disciplina positiva, Mediaci\u00f3n, Acoso y Ciberacoso, Identidad Sexual, Masculinidades Diversas, y, adem\u00e1s, nuestras MALETAS VIAJERAS POR LA INCLUSI\u00d3N. Esperamos que\u2026","rel":"","context":"En \u00abNoticias\u00bb","block_context":{"text":"Noticias","link":"https:\/\/cepronda.com\/blog\/category\/noticias\/"},"img":{"alt_text":"","src":"https:\/\/i0.wp.com\/cepronda.com\/blog\/wp-content\/uploads\/2021\/09\/Captura-de-pantalla-68.png?fit=1200%2C678&ssl=1&resize=350%2C200","width":350,"height":200,"srcset":"https:\/\/i0.wp.com\/cepronda.com\/blog\/wp-content\/uploads\/2021\/09\/Captura-de-pantalla-68.png?fit=1200%2C678&ssl=1&resize=350%2C200 1x, https:\/\/i0.wp.com\/cepronda.com\/blog\/wp-content\/uploads\/2021\/09\/Captura-de-pantalla-68.png?fit=1200%2C678&ssl=1&resize=525%2C300 1.5x, https:\/\/i0.wp.com\/cepronda.com\/blog\/wp-content\/uploads\/2021\/09\/Captura-de-pantalla-68.png?fit=1200%2C678&ssl=1&resize=700%2C400 2x, https:\/\/i0.wp.com\/cepronda.com\/blog\/wp-content\/uploads\/2021\/09\/Captura-de-pantalla-68.png?fit=1200%2C678&ssl=1&resize=1050%2C600 3x"},"classes":[]},{"id":4058,"url":"https:\/\/cepronda.com\/blog\/el-cep-de-ronda-os-desea-felices-fiestas\/","url_meta":{"origin":3480,"position":2},"title":"EL CEP DE RONDA OS DESEA FELICES FIESTAS","author":"Inmaculada Garc\u00eda","date":"16 diciembre, 2020","format":false,"excerpt":"Hola compa\u00f1eros y compa\u00f1eras. Especialmente en este a\u00f1o tan complicado queremos haceros llegar nuestra muestra de apoyo y agradecimiento a trav\u00e9s de esta felicitaci\u00f3n. Felices Fiestas. HAZ CLIC AQU\u00cd","rel":"","context":"En \u00abNoticias\u00bb","block_context":{"text":"Noticias","link":"https:\/\/cepronda.com\/blog\/category\/noticias\/"},"img":{"alt_text":"","src":"https:\/\/i0.wp.com\/cepronda.com\/blog\/wp-content\/uploads\/2020\/12\/felicitaciondef.png?fit=767%2C1061&ssl=1&resize=350%2C200","width":350,"height":200,"srcset":"https:\/\/i0.wp.com\/cepronda.com\/blog\/wp-content\/uploads\/2020\/12\/felicitaciondef.png?fit=767%2C1061&ssl=1&resize=350%2C200 1x, https:\/\/i0.wp.com\/cepronda.com\/blog\/wp-content\/uploads\/2020\/12\/felicitaciondef.png?fit=767%2C1061&ssl=1&resize=525%2C300 1.5x, https:\/\/i0.wp.com\/cepronda.com\/blog\/wp-content\/uploads\/2020\/12\/felicitaciondef.png?fit=767%2C1061&ssl=1&resize=700%2C400 2x"},"classes":[]},{"id":5879,"url":"https:\/\/cepronda.com\/blog\/prestamoscepronda\/","url_meta":{"origin":3480,"position":3},"title":"PR\u00c9STAMOS DE MATERIALES DEL CEP DE RONDA","author":"V\u00edctor Caballero","date":"23 marzo, 2023","format":false,"excerpt":"Buenos d\u00edas, compa\u00f1eros y compa\u00f1eras, Desde el CEP de Ronda os queremos hacer llegar una nueva opci\u00f3n para solicitar el pr\u00e9stamo de materiales que tenemos disponibles en el CEP. Se trata de un listado de materiales que se pueden consultar y solicitar de forma f\u00e1cil y r\u00e1pida a trav\u00e9s de\u2026","rel":"","context":"En \u00abNoticias\u00bb","block_context":{"text":"Noticias","link":"https:\/\/cepronda.com\/blog\/category\/noticias\/"},"img":{"alt_text":"","src":"https:\/\/i0.wp.com\/cepronda.com\/blog\/wp-content\/uploads\/2023\/03\/Captura-de-pantalla-2023-03-23-a-las-14.00.28.png?fit=1200%2C605&ssl=1&resize=350%2C200","width":350,"height":200,"srcset":"https:\/\/i0.wp.com\/cepronda.com\/blog\/wp-content\/uploads\/2023\/03\/Captura-de-pantalla-2023-03-23-a-las-14.00.28.png?fit=1200%2C605&ssl=1&resize=350%2C200 1x, https:\/\/i0.wp.com\/cepronda.com\/blog\/wp-content\/uploads\/2023\/03\/Captura-de-pantalla-2023-03-23-a-las-14.00.28.png?fit=1200%2C605&ssl=1&resize=525%2C300 1.5x, https:\/\/i0.wp.com\/cepronda.com\/blog\/wp-content\/uploads\/2023\/03\/Captura-de-pantalla-2023-03-23-a-las-14.00.28.png?fit=1200%2C605&ssl=1&resize=700%2C400 2x, https:\/\/i0.wp.com\/cepronda.com\/blog\/wp-content\/uploads\/2023\/03\/Captura-de-pantalla-2023-03-23-a-las-14.00.28.png?fit=1200%2C605&ssl=1&resize=1050%2C600 3x"},"classes":[]},{"id":4907,"url":"https:\/\/cepronda.com\/blog\/felices-fiestas-desde-el-cep-de-ronda\/","url_meta":{"origin":3480,"position":4},"title":"FELICES FIESTAS DESDE EL CEP DE RONDA","author":"Maribel Mu\u00f1oz","date":"21 diciembre, 2021","format":false,"excerpt":"Buenos d\u00edas compa\u00f1eras y compa\u00f1eros, Todo el equipo del CEP de Ronda queremos desearos unas felices fiestas. Nuestro m\u00e1s sincero agradecimiento por vuestro esfuerzo y dedicaci\u00f3n en el d\u00eda a d\u00eda. Hemos elaborado este v\u00eddeo de felicitaci\u00f3n con gran cari\u00f1o para vosotras y vosotros. Esperamos que os guste. FELICES FIESTAS\u2026","rel":"","context":"En \u00abNoticias\u00bb","block_context":{"text":"Noticias","link":"https:\/\/cepronda.com\/blog\/category\/noticias\/"},"img":{"alt_text":"","src":"https:\/\/i0.wp.com\/cepronda.com\/blog\/wp-content\/uploads\/2021\/12\/Felicitacion-cep-ronda.jpg?fit=780%2C442&ssl=1&resize=350%2C200","width":350,"height":200,"srcset":"https:\/\/i0.wp.com\/cepronda.com\/blog\/wp-content\/uploads\/2021\/12\/Felicitacion-cep-ronda.jpg?fit=780%2C442&ssl=1&resize=350%2C200 1x, https:\/\/i0.wp.com\/cepronda.com\/blog\/wp-content\/uploads\/2021\/12\/Felicitacion-cep-ronda.jpg?fit=780%2C442&ssl=1&resize=525%2C300 1.5x, https:\/\/i0.wp.com\/cepronda.com\/blog\/wp-content\/uploads\/2021\/12\/Felicitacion-cep-ronda.jpg?fit=780%2C442&ssl=1&resize=700%2C400 2x"},"classes":[]},{"id":9088,"url":"https:\/\/cepronda.com\/blog\/la-transformacion-del-cep-de-ronda-es-imparable\/","url_meta":{"origin":3480,"position":5},"title":"\u00a1LA TRANSFORMACI\u00d3N DEL CEP DE RONDA ES IMPARABLE!","author":"Inmaculada Garc\u00eda","date":"4 diciembre, 2025","format":false,"excerpt":"\u00a1GRAN NOTICIA! \ud83c\udf89 La transformaci\u00f3n de nuestro CEP es imparable, \u00a1y ya est\u00e1 dando frutos espectaculares! El esfuerzo de transformaci\u00f3n en nuestro CEP est\u00e1 dando resultados y se nos ha dotado de la pieza que nos faltaba: \u00a1Nuestra embajadora del Aula del Futuro! Una figura clave que llega para \ud83d\ude80\u2026","rel":"","context":"En \u00abNoticias\u00bb","block_context":{"text":"Noticias","link":"https:\/\/cepronda.com\/blog\/category\/noticias\/"},"img":{"alt_text":"","src":"https:\/\/i0.wp.com\/cepronda.com\/blog\/wp-content\/uploads\/2025\/11\/cep.png?fit=866%2C830&ssl=1&resize=350%2C200","width":350,"height":200,"srcset":"https:\/\/i0.wp.com\/cepronda.com\/blog\/wp-content\/uploads\/2025\/11\/cep.png?fit=866%2C830&ssl=1&resize=350%2C200 1x, https:\/\/i0.wp.com\/cepronda.com\/blog\/wp-content\/uploads\/2025\/11\/cep.png?fit=866%2C830&ssl=1&resize=525%2C300 1.5x, https:\/\/i0.wp.com\/cepronda.com\/blog\/wp-content\/uploads\/2025\/11\/cep.png?fit=866%2C830&ssl=1&resize=700%2C400 2x"},"classes":[]}],"jetpack_sharing_enabled":true,"_links":{"self":[{"href":"https:\/\/cepronda.com\/blog\/wp-json\/wp\/v2\/posts\/3480","targetHints":{"allow":["GET"]}}],"collection":[{"href":"https:\/\/cepronda.com\/blog\/wp-json\/wp\/v2\/posts"}],"about":[{"href":"https:\/\/cepronda.com\/blog\/wp-json\/wp\/v2\/types\/post"}],"author":[{"embeddable":true,"href":"https:\/\/cepronda.com\/blog\/wp-json\/wp\/v2\/users\/3"}],"replies":[{"embeddable":true,"href":"https:\/\/cepronda.com\/blog\/wp-json\/wp\/v2\/comments?post=3480"}],"version-history":[{"count":1,"href":"https:\/\/cepronda.com\/blog\/wp-json\/wp\/v2\/posts\/3480\/revisions"}],"predecessor-version":[{"id":3481,"href":"https:\/\/cepronda.com\/blog\/wp-json\/wp\/v2\/posts\/3480\/revisions\/3481"}],"wp:featuredmedia":[{"embeddable":true,"href":"https:\/\/cepronda.com\/blog\/wp-json\/wp\/v2\/media\/3408"}],"wp:attachment":[{"href":"https:\/\/cepronda.com\/blog\/wp-json\/wp\/v2\/media?parent=3480"}],"wp:term":[{"taxonomy":"category","embeddable":true,"href":"https:\/\/cepronda.com\/blog\/wp-json\/wp\/v2\/categories?post=3480"},{"taxonomy":"post_tag","embeddable":true,"href":"https:\/\/cepronda.com\/blog\/wp-json\/wp\/v2\/tags?post=3480"}],"curies":[{"name":"wp","href":"https:\/\/api.w.org\/{rel}","templated":true}]}}