{"id":3476,"date":"2020-03-13T16:55:02","date_gmt":"2020-03-13T15:55:02","guid":{"rendered":"http:\/\/cepronda.com\/blog\/?p=3476"},"modified":"2020-03-13T16:55:55","modified_gmt":"2020-03-13T15:55:55","slug":"comunicado-importante-del-cep-de-ronda","status":"publish","type":"post","link":"https:\/\/cepronda.com\/blog\/comunicado-importante-del-cep-de-ronda\/","title":{"rendered":"COMUNICADO IMPORTANTE DEL CEP DE RONDA"},"content":{"rendered":"\n<p class=\"wp-block-paragraph\">Ante la nueva situaci\u00f3n y alerta sanitaria, el equipo t\u00e9cnico de formaci\u00f3n del Centro de Profesorado de Ronda est\u00e1 a vuestra disposici\u00f3n para responder a todas vuestras dudas y consultas, as\u00ed como asesoraros en todas aquellas cuestiones que necesit\u00e9is. Para ello pod\u00e9is escribirnos y\/o llamarnos por cualquiera de estos medios, o bien a trav\u00e9s de nuestras redes sociales, que pasamos a recordaros:<\/p>\n\n\n\n<ul class=\"wp-block-list\"><li><strong>Mar\u00eda Jos\u00e9 M\u00e1rquez Pel\u00e1ez<\/strong>: <a href=\"mailto:mjmarquez@cepronda.com\">mjmarquez@cepronda.com<\/a>   <strong>671566467<\/strong><\/li><li><strong>V\u00edctor Caballero Carrera<\/strong>: <a href=\"mailto:victorcaballero@cepronda.com\">victorcaballero@cepronda.com<\/a>     <strong>671566465<\/strong><\/li><li><strong>Antonio Montes Ruiz<\/strong>: <a href=\"mailto:antoniomontes@cepronda.com\">antoniomontes@cepronda.com<\/a>     <strong>671566468<\/strong><\/li><li><strong>Maribel Mu\u00f1oz Fern\u00e1ndez<\/strong>: <a href=\"mailto:maribelmunoz@cepronda.com\">maribelmunoz@cepronda.com<\/a>     <strong>671568493<\/strong><\/li><li><strong>Claudia Garc\u00eda Ruiz<\/strong>: <a href=\"mailto:claudiagr@cepronda.com\">claudiagr@cepronda.com<\/a>     <strong>671595713<\/strong><\/li><li><strong>Helena Gonz\u00e1lez Lekieffre<\/strong>: <a href=\"mailto:helenagonzalez@cepronda.com\">helenagonzalez@cepronda.com<\/a>     <strong>671599321<\/strong><\/li><\/ul>\n\n\n\n<p class=\"wp-block-paragraph\">Y nuestras redes sociales:<\/p>\n\n\n\n<p class=\"wp-block-paragraph\"><a href=\"https:\/\/twitter.com\/cepronda\" target=\"_blank\" rel=\"noreferrer noopener\" aria-label=\"Twitter (opens in a new tab)\"><strong>Twitter<\/strong><\/a><\/p>\n\n\n\n<p class=\"wp-block-paragraph\"><a href=\"https:\/\/www.facebook.com\/cepronda\" target=\"_blank\" rel=\"noreferrer noopener\" aria-label=\" (opens in a new tab)\"><strong>Facebook <\/strong><\/a><\/p>\n\n\n\n<p class=\"wp-block-paragraph\"><a href=\"https:\/\/t.me\/cepderonda\" target=\"_blank\" rel=\"noreferrer noopener\" aria-label=\"Canal de Telegram  (opens in a new tab)\"><strong>Canal de Telegram <\/strong><\/a><\/p>\n","protected":false},"excerpt":{"rendered":"<p>Ante la nueva situaci\u00f3n y alerta sanitaria, el equipo t\u00e9cnico de formaci\u00f3n del Centro de Profesorado de Ronda est\u00e1 a vuestra disposici\u00f3n para responder a todas vuestras dudas y consultas, as\u00ed como asesoraros en todas aquellas cuestiones que necesit\u00e9is. Para ello pod\u00e9is escribirnos y\/o llamarnos por cualquiera de estos medios, o bien a trav\u00e9s de [&hellip;]<\/p>\n","protected":false},"author":3,"featured_media":3413,"comment_status":"open","ping_status":"open","sticky":true,"template":"","format":"standard","meta":{"_crdt_document":"","advanced_seo_description":"","jetpack_seo_html_title":"","jetpack_seo_noindex":false,"jetpack_post_was_ever_published":false,"_jetpack_newsletter_access":"","_jetpack_dont_email_post_to_subs":false,"_jetpack_newsletter_tier_id":0,"_jetpack_memberships_contains_paywalled_content":false,"_jetpack_memberships_contains_paid_content":false,"footnotes":"","jetpack_publicize_message":"","jetpack_publicize_feature_enabled":true,"jetpack_social_post_already_shared":true,"jetpack_social_options":{"image_generator_settings":{"template":"highway","default_image_id":0,"font":"","enabled":false},"version":2}},"categories":[3,5],"tags":[78],"class_list":{"0":"post-3476","1":"post","2":"type-post","3":"status-publish","4":"format-standard","5":"has-post-thumbnail","7":"category-formaciones","8":"category-noticias","9":"tag-noticias","10":"czr-hentry"},"jetpack_publicize_connections":[],"jetpack_featured_media_url":"https:\/\/i0.wp.com\/cepronda.com\/blog\/wp-content\/uploads\/2020\/02\/Logo_twitter_cep_ronda-INSTITUCIONAL.jpg?fit=565%2C565&ssl=1","jetpack_shortlink":"https:\/\/wp.me\/p8M4X7-U4","jetpack-related-posts":[{"id":1505,"url":"https:\/\/cepronda.com\/blog\/felices-fiestas\/","url_meta":{"origin":3476,"position":0},"title":"Felices fiestas","author":"V\u00edctor Caballero","date":"21 diciembre, 2017","format":false,"excerpt":"Muy buenas,\u00a0 No queremos olvidarnos de todos y todas vosotras en estos d\u00edas. Deseando sobre todo que descans\u00e9is y que pas\u00e9is unos d\u00edas felices con vuestra gente, recibid nuestros mejores deseos de parte de todo el equipo que formamos el Centro de Profesorado de Ronda.","rel":"","context":"En \u00abNoticias\u00bb","block_context":{"text":"Noticias","link":"https:\/\/cepronda.com\/blog\/category\/noticias\/"},"img":{"alt_text":"","src":"https:\/\/i0.wp.com\/cepronda.com\/blog\/wp-content\/uploads\/2017\/12\/FELIZ-NAVIDAD-CEP-RONDA.png?resize=350%2C200","width":350,"height":200,"srcset":"https:\/\/i0.wp.com\/cepronda.com\/blog\/wp-content\/uploads\/2017\/12\/FELIZ-NAVIDAD-CEP-RONDA.png?resize=350%2C200 1x, https:\/\/i0.wp.com\/cepronda.com\/blog\/wp-content\/uploads\/2017\/12\/FELIZ-NAVIDAD-CEP-RONDA.png?resize=525%2C300 1.5x"},"classes":[]},{"id":2632,"url":"https:\/\/cepronda.com\/blog\/ronda-100x100-solidaria\/","url_meta":{"origin":3476,"position":1},"title":"Ronda 100&#215;100 solidaria","author":"V\u00edctor Caballero","date":"13 febrero, 2019","format":false,"excerpt":"Muy buenas familia, Queremos compartir con todas y todos vosotros esta actividad solidaria por si es de vuestro inter\u00e9s y quer\u00e9is participar en la misma. Para m\u00e1s informaci\u00f3n en el cartel ten\u00e9is un n\u00famero de tel\u00e9fono de contacto, as\u00ed como la web http:\/\/www.brazadassolidarias.com","rel":"","context":"En \u00abNoticias\u00bb","block_context":{"text":"Noticias","link":"https:\/\/cepronda.com\/blog\/category\/noticias\/"},"img":{"alt_text":"","src":"https:\/\/i0.wp.com\/cepronda.com\/blog\/wp-content\/uploads\/2019\/02\/brazadas-solidarias.jpg?fit=884%2C1200&ssl=1&resize=350%2C200","width":350,"height":200,"srcset":"https:\/\/i0.wp.com\/cepronda.com\/blog\/wp-content\/uploads\/2019\/02\/brazadas-solidarias.jpg?fit=884%2C1200&ssl=1&resize=350%2C200 1x, https:\/\/i0.wp.com\/cepronda.com\/blog\/wp-content\/uploads\/2019\/02\/brazadas-solidarias.jpg?fit=884%2C1200&ssl=1&resize=525%2C300 1.5x, https:\/\/i0.wp.com\/cepronda.com\/blog\/wp-content\/uploads\/2019\/02\/brazadas-solidarias.jpg?fit=884%2C1200&ssl=1&resize=700%2C400 2x"},"classes":[]},{"id":4058,"url":"https:\/\/cepronda.com\/blog\/el-cep-de-ronda-os-desea-felices-fiestas\/","url_meta":{"origin":3476,"position":2},"title":"EL CEP DE RONDA OS DESEA FELICES FIESTAS","author":"Inmaculada Garc\u00eda","date":"16 diciembre, 2020","format":false,"excerpt":"Hola compa\u00f1eros y compa\u00f1eras. Especialmente en este a\u00f1o tan complicado queremos haceros llegar nuestra muestra de apoyo y agradecimiento a trav\u00e9s de esta felicitaci\u00f3n. Felices Fiestas. HAZ CLIC AQU\u00cd","rel":"","context":"En \u00abNoticias\u00bb","block_context":{"text":"Noticias","link":"https:\/\/cepronda.com\/blog\/category\/noticias\/"},"img":{"alt_text":"","src":"https:\/\/i0.wp.com\/cepronda.com\/blog\/wp-content\/uploads\/2020\/12\/felicitaciondef.png?fit=767%2C1061&ssl=1&resize=350%2C200","width":350,"height":200,"srcset":"https:\/\/i0.wp.com\/cepronda.com\/blog\/wp-content\/uploads\/2020\/12\/felicitaciondef.png?fit=767%2C1061&ssl=1&resize=350%2C200 1x, https:\/\/i0.wp.com\/cepronda.com\/blog\/wp-content\/uploads\/2020\/12\/felicitaciondef.png?fit=767%2C1061&ssl=1&resize=525%2C300 1.5x, https:\/\/i0.wp.com\/cepronda.com\/blog\/wp-content\/uploads\/2020\/12\/felicitaciondef.png?fit=767%2C1061&ssl=1&resize=700%2C400 2x"},"classes":[]},{"id":3257,"url":"https:\/\/cepronda.com\/blog\/felices-fiestas-3\/","url_meta":{"origin":3476,"position":3},"title":"Felices fiestas","author":"V\u00edctor Caballero","date":"16 diciembre, 2019","format":false,"excerpt":"Desde el CEP de Ronda queremos desearos unas felices fiestas, donde pod\u00e1is descansar y pasar el mayor tiempo posible con las vuestros seres queridos. Nos vemos en el a\u00f1o 2020.","rel":"","context":"En \u00abNoticias\u00bb","block_context":{"text":"Noticias","link":"https:\/\/cepronda.com\/blog\/category\/noticias\/"},"img":{"alt_text":"","src":"https:\/\/i0.wp.com\/cepronda.com\/blog\/wp-content\/uploads\/2019\/12\/felicitaci%C3%B3n-navidad.jpeg?fit=1200%2C852&ssl=1&resize=350%2C200","width":350,"height":200,"srcset":"https:\/\/i0.wp.com\/cepronda.com\/blog\/wp-content\/uploads\/2019\/12\/felicitaci%C3%B3n-navidad.jpeg?fit=1200%2C852&ssl=1&resize=350%2C200 1x, https:\/\/i0.wp.com\/cepronda.com\/blog\/wp-content\/uploads\/2019\/12\/felicitaci%C3%B3n-navidad.jpeg?fit=1200%2C852&ssl=1&resize=525%2C300 1.5x, https:\/\/i0.wp.com\/cepronda.com\/blog\/wp-content\/uploads\/2019\/12\/felicitaci%C3%B3n-navidad.jpeg?fit=1200%2C852&ssl=1&resize=700%2C400 2x, https:\/\/i0.wp.com\/cepronda.com\/blog\/wp-content\/uploads\/2019\/12\/felicitaci%C3%B3n-navidad.jpeg?fit=1200%2C852&ssl=1&resize=1050%2C600 3x"},"classes":[]},{"id":775,"url":"https:\/\/cepronda.com\/blog\/orquideas-de-ronda\/","url_meta":{"origin":3476,"position":4},"title":"Orqu\u00eddeas de Ronda","author":"V\u00edctor Caballero","date":"17 abril, 2017","format":false,"excerpt":"Buenas El s\u00e1bado 22 de abril, en la Finca Algaba de Ronda, se realizar\u00e1n unas Jornadas sobre orqu\u00eddeas de la zona de Ronda. Empezaremos con una conferencia, a cargo de D. Jos\u00e9 Antonio D\u00edaz Romera y terminaremos con una salida en busca de algunas especies. Se recomienda llevar ropa y\u2026","rel":"","context":"En \u00abNoticias\u00bb","block_context":{"text":"Noticias","link":"https:\/\/cepronda.com\/blog\/category\/noticias\/"},"img":{"alt_text":"","src":"https:\/\/i0.wp.com\/cepronda.com\/blog\/wp-content\/uploads\/2017\/04\/orchid-233425_640-e1495712671573.jpg?fit=500%2C334&ssl=1&resize=350%2C200","width":350,"height":200},"classes":[]},{"id":4907,"url":"https:\/\/cepronda.com\/blog\/felices-fiestas-desde-el-cep-de-ronda\/","url_meta":{"origin":3476,"position":5},"title":"FELICES FIESTAS DESDE EL CEP DE RONDA","author":"Maribel Mu\u00f1oz","date":"21 diciembre, 2021","format":false,"excerpt":"Buenos d\u00edas compa\u00f1eras y compa\u00f1eros, Todo el equipo del CEP de Ronda queremos desearos unas felices fiestas. Nuestro m\u00e1s sincero agradecimiento por vuestro esfuerzo y dedicaci\u00f3n en el d\u00eda a d\u00eda. Hemos elaborado este v\u00eddeo de felicitaci\u00f3n con gran cari\u00f1o para vosotras y vosotros. Esperamos que os guste. FELICES FIESTAS\u2026","rel":"","context":"En \u00abNoticias\u00bb","block_context":{"text":"Noticias","link":"https:\/\/cepronda.com\/blog\/category\/noticias\/"},"img":{"alt_text":"","src":"https:\/\/i0.wp.com\/cepronda.com\/blog\/wp-content\/uploads\/2021\/12\/Felicitacion-cep-ronda.jpg?fit=780%2C442&ssl=1&resize=350%2C200","width":350,"height":200,"srcset":"https:\/\/i0.wp.com\/cepronda.com\/blog\/wp-content\/uploads\/2021\/12\/Felicitacion-cep-ronda.jpg?fit=780%2C442&ssl=1&resize=350%2C200 1x, https:\/\/i0.wp.com\/cepronda.com\/blog\/wp-content\/uploads\/2021\/12\/Felicitacion-cep-ronda.jpg?fit=780%2C442&ssl=1&resize=525%2C300 1.5x, https:\/\/i0.wp.com\/cepronda.com\/blog\/wp-content\/uploads\/2021\/12\/Felicitacion-cep-ronda.jpg?fit=780%2C442&ssl=1&resize=700%2C400 2x"},"classes":[]}],"jetpack_sharing_enabled":true,"_links":{"self":[{"href":"https:\/\/cepronda.com\/blog\/wp-json\/wp\/v2\/posts\/3476","targetHints":{"allow":["GET"]}}],"collection":[{"href":"https:\/\/cepronda.com\/blog\/wp-json\/wp\/v2\/posts"}],"about":[{"href":"https:\/\/cepronda.com\/blog\/wp-json\/wp\/v2\/types\/post"}],"author":[{"embeddable":true,"href":"https:\/\/cepronda.com\/blog\/wp-json\/wp\/v2\/users\/3"}],"replies":[{"embeddable":true,"href":"https:\/\/cepronda.com\/blog\/wp-json\/wp\/v2\/comments?post=3476"}],"version-history":[{"count":1,"href":"https:\/\/cepronda.com\/blog\/wp-json\/wp\/v2\/posts\/3476\/revisions"}],"predecessor-version":[{"id":3477,"href":"https:\/\/cepronda.com\/blog\/wp-json\/wp\/v2\/posts\/3476\/revisions\/3477"}],"wp:featuredmedia":[{"embeddable":true,"href":"https:\/\/cepronda.com\/blog\/wp-json\/wp\/v2\/media\/3413"}],"wp:attachment":[{"href":"https:\/\/cepronda.com\/blog\/wp-json\/wp\/v2\/media?parent=3476"}],"wp:term":[{"taxonomy":"category","embeddable":true,"href":"https:\/\/cepronda.com\/blog\/wp-json\/wp\/v2\/categories?post=3476"},{"taxonomy":"post_tag","embeddable":true,"href":"https:\/\/cepronda.com\/blog\/wp-json\/wp\/v2\/tags?post=3476"}],"curies":[{"name":"wp","href":"https:\/\/api.w.org\/{rel}","templated":true}]}}