{"id":3469,"date":"2020-03-09T11:43:10","date_gmt":"2020-03-09T10:43:10","guid":{"rendered":"http:\/\/cepronda.com\/blog\/?p=3469"},"modified":"2025-04-25T12:07:26","modified_gmt":"2025-04-25T10:07:26","slug":"ii-concurso-de-dibujo-y-relato-corto-por-un-mundo-en-igualdad-del-plan-director","status":"publish","type":"post","link":"https:\/\/cepronda.com\/blog\/ii-concurso-de-dibujo-y-relato-corto-por-un-mundo-en-igualdad-del-plan-director\/","title":{"rendered":"II Concurso de dibujo y relato corto \u201cPor un mundo en igualdad\u201d del Plan Director"},"content":{"rendered":"\n<p class=\"wp-block-paragraph\">La Subdelegaci\u00f3n del Gobierno, a trav\u00e9s del&nbsp;<a href=\"http:\/\/www.interior.gob.es\/web\/servicios-al-ciudadano\/planes-de-prevencion\/plan-director-para-la-convivencia-y-mejora-escolar\" target=\"_blank\" rel=\"noreferrer noopener\">Plan Director<\/a>&nbsp;y de la Unidad contra la violencia sobre la mujer, organiza, con motivo del 8M, la segunda edici\u00f3n del Concurso de Dibujo y Relato Corto&nbsp;<em>\u00abPor un mundo en igualdad\u00bb<\/em>&nbsp;en colaboraci\u00f3n con la Fundaci\u00f3n M\u00e1laga CF, la Fundaci\u00f3n Cueva de Nerja y El Corte Ingl\u00e9s.<\/p>\n\n\n\n<p class=\"wp-block-paragraph\">La finalidad de la presente convocatoria es sensibilizar al alumnado de los centros de Educaci\u00f3n Secundaria Obligatoria y Bachillerato de la provincia de M\u00e1laga sobre la igualdad entre hombres y mujeres, ni\u00f1as y ni\u00f1os, en todos los \u00e1mbitos, intentando fomentar valores relacionados con la igualdad de derechos y oportunidades entre los g\u00e9neros y la autonom\u00eda de la mujer. Los participantes ganadores ser\u00e1n elegidos por un jurado entre todas las propuestas que cumplan los requisitos de inscripci\u00f3n y sean recibidas dentro del plazo marcado.<\/p>\n\n\n\n<p class=\"wp-block-paragraph\">Podr\u00e1n concursar los alumnos y alumnas de Educaci\u00f3n Secundaria Obligatoria y Bachillerato de todos los centros educativos de M\u00e1laga y provincia. El plazo de presentaci\u00f3n de los trabajos ser\u00e1 hasta el 15 de mayo de 2020 inclusive.<\/p>\n\n\n\n<p class=\"wp-block-paragraph\">En las\u00a0<a rel=\"noreferrer noopener\" href=\"https:\/\/blogsaverroes.juntadeandalucia.es\/educacionenvaloresdelegacionmalaga\/files\/2020\/03\/Bases-II-Concurso-dibujo-y-relato-corto-1.pdf\" target=\"_blank\">bases del consurso \u00abPor un mundo en igualdad\u00bb<\/a>\u00a0puede encontrar m\u00e1s informaci\u00f3n sobre el modo de presentaci\u00f3n de los trabajos, los premios y el acto de entrega de reconocimientos.<\/p>\n\n\n\n<div class=\"wp-block-image\"><figure class=\"aligncenter size-large\"><a href=\"https:\/\/blogsaverroes.juntadeandalucia.es\/educacionenvaloresdelegacionmalaga\/ii-concurso-de-dibujo-y-relato-corto-por-un-mundo-en-igualdad-del-plan-director\/\" target=\"_blank\" rel=\"noreferrer noopener\"><img data-recalc-dims=\"1\" loading=\"lazy\" decoding=\"async\" width=\"300\" height=\"224\" src=\"https:\/\/i0.wp.com\/cepronda.com\/blog\/wp-content\/uploads\/2020\/03\/plan-director.png?resize=300%2C224\" alt=\"\" class=\"wp-image-3470\"\/><\/a><\/figure><\/div>\n","protected":false},"excerpt":{"rendered":"<p>La Subdelegaci\u00f3n del Gobierno, a trav\u00e9s del&nbsp;Plan Director&nbsp;y de la Unidad contra la violencia sobre la mujer, organiza, con motivo del 8M, la segunda edici\u00f3n del Concurso de Dibujo y Relato Corto&nbsp;\u00abPor un mundo en igualdad\u00bb&nbsp;en colaboraci\u00f3n con la Fundaci\u00f3n M\u00e1laga CF, la Fundaci\u00f3n Cueva de Nerja y El Corte Ingl\u00e9s. La finalidad de la [&hellip;]<\/p>\n","protected":false},"author":3,"featured_media":3470,"comment_status":"open","ping_status":"open","sticky":false,"template":"","format":"standard","meta":{"_crdt_document":"","advanced_seo_description":"","jetpack_seo_html_title":"","jetpack_seo_noindex":false,"jetpack_post_was_ever_published":false,"_jetpack_newsletter_access":"","_jetpack_dont_email_post_to_subs":false,"_jetpack_newsletter_tier_id":0,"_jetpack_memberships_contains_paywalled_content":false,"_jetpack_memberships_contains_paid_content":false,"footnotes":"","jetpack_publicize_message":"","jetpack_publicize_feature_enabled":true,"jetpack_social_post_already_shared":true,"jetpack_social_options":{"image_generator_settings":{"template":"highway","default_image_id":0,"font":"","enabled":false},"version":2}},"categories":[5],"tags":[231,180,37],"class_list":{"0":"post-3469","1":"post","2":"type-post","3":"status-publish","4":"format-standard","5":"has-post-thumbnail","7":"category-noticias","8":"tag-certamen","9":"tag-concursos","10":"tag-igualdad","11":"czr-hentry"},"jetpack_publicize_connections":[],"jetpack_featured_media_url":"https:\/\/i0.wp.com\/cepronda.com\/blog\/wp-content\/uploads\/2020\/03\/plan-director.png?fit=300%2C224&ssl=1","jetpack_shortlink":"https:\/\/wp.me\/p8M4X7-TX","jetpack-related-posts":[{"id":2543,"url":"https:\/\/cepronda.com\/blog\/concurso-de-dibujo-mujer-y-astronomia\/","url_meta":{"origin":3469,"position":0},"title":"CONCURSO DE DIBUJO MUJER Y ASTRONOM\u00cdA","author":"V\u00edctor Caballero","date":"20 diciembre, 2018","format":false,"excerpt":"Muy buenas familia, compartimos con todas y todos vosotros este concurso de dibujo que creemos puede ser muy interesante. Os adjuntamos las bases donde encontrar toda la informaci\u00f3n. Concurso_Dibujo_SEA_2019Descargar La Sociedad Espa\u00f1ola de Astronom\u00eda a trav\u00e9s de su Comisi\u00f3n de Mujer y Astronom\u00eda, convoca un concurso de dibujo para escolares\u2026","rel":"","context":"En \u00abNoticias\u00bb","block_context":{"text":"Noticias","link":"https:\/\/cepronda.com\/blog\/category\/noticias\/"},"img":{"alt_text":"","src":"https:\/\/i0.wp.com\/cepronda.com\/blog\/wp-content\/uploads\/2018\/12\/concurso-mujres-y-astronomia.jpg?fit=1200%2C788&ssl=1&resize=350%2C200","width":350,"height":200,"srcset":"https:\/\/i0.wp.com\/cepronda.com\/blog\/wp-content\/uploads\/2018\/12\/concurso-mujres-y-astronomia.jpg?fit=1200%2C788&ssl=1&resize=350%2C200 1x, https:\/\/i0.wp.com\/cepronda.com\/blog\/wp-content\/uploads\/2018\/12\/concurso-mujres-y-astronomia.jpg?fit=1200%2C788&ssl=1&resize=525%2C300 1.5x, https:\/\/i0.wp.com\/cepronda.com\/blog\/wp-content\/uploads\/2018\/12\/concurso-mujres-y-astronomia.jpg?fit=1200%2C788&ssl=1&resize=700%2C400 2x, https:\/\/i0.wp.com\/cepronda.com\/blog\/wp-content\/uploads\/2018\/12\/concurso-mujres-y-astronomia.jpg?fit=1200%2C788&ssl=1&resize=1050%2C600 3x"},"classes":[]},{"id":2547,"url":"https:\/\/cepronda.com\/blog\/2-fotografias-de-nuestros-centros-en-el-calendario-stop-violencia-de-genero\/","url_meta":{"origin":3469,"position":1},"title":"2 fotograf\u00edas de nuestros centros en el calendario STOP Violencia de G\u00e9nero","author":"V\u00edctor Caballero","date":"20 diciembre, 2018","format":false,"excerpt":"Un nuevo calendario recoge los trabajos presentados a la novena edici\u00f3n del Concurso de Fotograf\u00eda \u201c\u00a1Stop! Violencia de g\u00e9nero\u201d. La delegada territorial de Educaci\u00f3n, Patricia Alba, la coordinadora provincial del Instituto Andaluz de la Mujer, Mar\u00eda del Carmen Moreno, y la responsable de la Unidad de Solidaridad Social y Educaci\u00f3n\u2026","rel":"","context":"En \u00abNoticias\u00bb","block_context":{"text":"Noticias","link":"https:\/\/cepronda.com\/blog\/category\/noticias\/"},"img":{"alt_text":"","src":"https:\/\/i0.wp.com\/cepronda.com\/blog\/wp-content\/uploads\/2018\/12\/calendario-2019-final-1-2.jpg?resize=350%2C200&ssl=1","width":350,"height":200,"srcset":"https:\/\/i0.wp.com\/cepronda.com\/blog\/wp-content\/uploads\/2018\/12\/calendario-2019-final-1-2.jpg?resize=350%2C200&ssl=1 1x, https:\/\/i0.wp.com\/cepronda.com\/blog\/wp-content\/uploads\/2018\/12\/calendario-2019-final-1-2.jpg?resize=525%2C300&ssl=1 1.5x, https:\/\/i0.wp.com\/cepronda.com\/blog\/wp-content\/uploads\/2018\/12\/calendario-2019-final-1-2.jpg?resize=700%2C400&ssl=1 2x, https:\/\/i0.wp.com\/cepronda.com\/blog\/wp-content\/uploads\/2018\/12\/calendario-2019-final-1-2.jpg?resize=1050%2C600&ssl=1 3x, https:\/\/i0.wp.com\/cepronda.com\/blog\/wp-content\/uploads\/2018\/12\/calendario-2019-final-1-2.jpg?resize=1400%2C800&ssl=1 4x"},"classes":[]},{"id":4305,"url":"https:\/\/cepronda.com\/blog\/la-escuela-como-herramienta-de-transformacion-para-lograr-la-igualdad-entre-hombres-y-mujeres\/","url_meta":{"origin":3469,"position":2},"title":"LA ESCUELA COMO HERRAMIENTA DE TRANSFORMACI\u00d3N PARA LOGRAR LA IGUALDAD ENTRE HOMBRES Y MUJERES","author":"Maribel Mu\u00f1oz","date":"12 marzo, 2021","format":false,"excerpt":"Buenas tardes compa\u00f1eras y compa\u00f1eros, Os informamos que est\u00e1 abierto el plazo de inscripci\u00f3n de la formaci\u00f3n LA ESCUELA COMO HERRAMIENTA DE TRANSFORMACI\u00d3N PARA LOGRAR LA IGUALDAD ENTRE HOMBRES Y MUJERES. PROVINCIAL\u00a0 219925KPF283,\u00a0\u00a0 que comenzar\u00e1 a desarrollarse el pr\u00f3ximo\u00a0 05\/04\/2021. Adjuntamos enlace : https:\/\/www.juntadeandalucia.es\/educacion\/secretariavirtual\/consultaCEP\/actividad\/219925KPF283\/ El plazo de inscripci\u00f3n finaliza el\u2026","rel":"","context":"En \u00abFormaciones\u00bb","block_context":{"text":"Formaciones","link":"https:\/\/cepronda.com\/blog\/category\/formaciones\/"},"img":{"alt_text":"","src":"https:\/\/i0.wp.com\/cepronda.com\/blog\/wp-content\/uploads\/2021\/03\/WhatsApp-Image-2021-03-12-at-14.02.49.jpeg?fit=607%2C843&ssl=1&resize=350%2C200","width":350,"height":200,"srcset":"https:\/\/i0.wp.com\/cepronda.com\/blog\/wp-content\/uploads\/2021\/03\/WhatsApp-Image-2021-03-12-at-14.02.49.jpeg?fit=607%2C843&ssl=1&resize=350%2C200 1x, https:\/\/i0.wp.com\/cepronda.com\/blog\/wp-content\/uploads\/2021\/03\/WhatsApp-Image-2021-03-12-at-14.02.49.jpeg?fit=607%2C843&ssl=1&resize=525%2C300 1.5x"},"classes":[]},{"id":223,"url":"https:\/\/cepronda.com\/blog\/jornada-de-presentacion-ii-plan-de-igualdad\/","url_meta":{"origin":3469,"position":3},"title":"Jornada de presentaci\u00f3n II Plan de Igualdad","author":"V\u00edctor Caballero","date":"17 octubre, 2016","format":false,"excerpt":"\u00a1Coordinadoras y coordinadores del Plan de Igualdad! Comenzamos curso con bastantes novedades en este plan. Para aclarar todas las dudas, ayudar en todo lo referente al plan de igualdad, y sobre todo para volver a encontrarnos y conocernos, se ha preparado una Jornada de presentaci\u00f3n del II Plan de Igualdad\u2026","rel":"","context":"En \u00abNoticias\u00bb","block_context":{"text":"Noticias","link":"https:\/\/cepronda.com\/blog\/category\/noticias\/"},"img":{"alt_text":"man-101001_640","src":"https:\/\/i0.wp.com\/cepronda.com\/blog\/wp-content\/uploads\/2016\/10\/man-101001_640-300x212.jpg?resize=350%2C200","width":350,"height":200},"classes":[]},{"id":2669,"url":"https:\/\/cepronda.com\/blog\/celebracion-del-8-de-marzo-en-algunos-de-nuestros-centros\/","url_meta":{"origin":3469,"position":4},"title":"Celebraci\u00f3n del 8 de marzo en algunos de nuestros centros","author":"V\u00edctor Caballero","date":"14 marzo, 2019","format":false,"excerpt":"Muy buenas familia, Seguro que la mayor\u00eda de vuestros centros celebrasteis el d\u00eda de la mujer de alguna forma. Algunos ejemplos nos los est\u00e1is haciendo llegar, y como casi siempre son sorprendentes y maravillosos. Por un lado el CEIP Virgen de la Cabeza hizo un acto donde cada uno de\u2026","rel":"","context":"En \u00abNoticias\u00bb","block_context":{"text":"Noticias","link":"https:\/\/cepronda.com\/blog\/category\/noticias\/"},"img":{"alt_text":"","src":"https:\/\/i0.wp.com\/cepronda.com\/blog\/wp-content\/uploads\/2019\/03\/8-marzo.jpeg?fit=1200%2C900&ssl=1&resize=350%2C200","width":350,"height":200,"srcset":"https:\/\/i0.wp.com\/cepronda.com\/blog\/wp-content\/uploads\/2019\/03\/8-marzo.jpeg?fit=1200%2C900&ssl=1&resize=350%2C200 1x, https:\/\/i0.wp.com\/cepronda.com\/blog\/wp-content\/uploads\/2019\/03\/8-marzo.jpeg?fit=1200%2C900&ssl=1&resize=525%2C300 1.5x, https:\/\/i0.wp.com\/cepronda.com\/blog\/wp-content\/uploads\/2019\/03\/8-marzo.jpeg?fit=1200%2C900&ssl=1&resize=700%2C400 2x, https:\/\/i0.wp.com\/cepronda.com\/blog\/wp-content\/uploads\/2019\/03\/8-marzo.jpeg?fit=1200%2C900&ssl=1&resize=1050%2C600 3x"},"classes":[]},{"id":3381,"url":"https:\/\/cepronda.com\/blog\/i-certamen-de-pintura-y-dibujo-2020-hacer-lo-invisible-visible\/","url_meta":{"origin":3469,"position":5},"title":"I CERTAMEN DE PINTURA Y DIBUJO 2020 Hacer lo Invisible, Visible","author":"V\u00edctor Caballero","date":"3 febrero, 2020","format":false,"excerpt":"Muy buenas, Comenzamos la semana compartiendo este certamen por parte de la Concejal\u00eda de Mujer del Ayuntamiento de Ronda que convoca el I Certamen de Pintura y dibujo \u201cHacer lo invisible, visible\u201d, contra la violencia hacia las mujeres, con el fin de plasmar la situaci\u00f3n de maltrato f\u00edsico, psicol\u00f3gico, sexual\u2026","rel":"","context":"En \u00abNoticias\u00bb","block_context":{"text":"Noticias","link":"https:\/\/cepronda.com\/blog\/category\/noticias\/"},"img":{"alt_text":"","src":"https:\/\/i0.wp.com\/cepronda.com\/blog\/wp-content\/uploads\/2020\/02\/Certamen-dibujo.jpg?fit=534%2C800&ssl=1&resize=350%2C200","width":350,"height":200,"srcset":"https:\/\/i0.wp.com\/cepronda.com\/blog\/wp-content\/uploads\/2020\/02\/Certamen-dibujo.jpg?fit=534%2C800&ssl=1&resize=350%2C200 1x, https:\/\/i0.wp.com\/cepronda.com\/blog\/wp-content\/uploads\/2020\/02\/Certamen-dibujo.jpg?fit=534%2C800&ssl=1&resize=525%2C300 1.5x"},"classes":[]}],"jetpack_sharing_enabled":true,"_links":{"self":[{"href":"https:\/\/cepronda.com\/blog\/wp-json\/wp\/v2\/posts\/3469","targetHints":{"allow":["GET"]}}],"collection":[{"href":"https:\/\/cepronda.com\/blog\/wp-json\/wp\/v2\/posts"}],"about":[{"href":"https:\/\/cepronda.com\/blog\/wp-json\/wp\/v2\/types\/post"}],"author":[{"embeddable":true,"href":"https:\/\/cepronda.com\/blog\/wp-json\/wp\/v2\/users\/3"}],"replies":[{"embeddable":true,"href":"https:\/\/cepronda.com\/blog\/wp-json\/wp\/v2\/comments?post=3469"}],"version-history":[{"count":1,"href":"https:\/\/cepronda.com\/blog\/wp-json\/wp\/v2\/posts\/3469\/revisions"}],"predecessor-version":[{"id":3471,"href":"https:\/\/cepronda.com\/blog\/wp-json\/wp\/v2\/posts\/3469\/revisions\/3471"}],"wp:featuredmedia":[{"embeddable":true,"href":"https:\/\/cepronda.com\/blog\/wp-json\/wp\/v2\/media\/3470"}],"wp:attachment":[{"href":"https:\/\/cepronda.com\/blog\/wp-json\/wp\/v2\/media?parent=3469"}],"wp:term":[{"taxonomy":"category","embeddable":true,"href":"https:\/\/cepronda.com\/blog\/wp-json\/wp\/v2\/categories?post=3469"},{"taxonomy":"post_tag","embeddable":true,"href":"https:\/\/cepronda.com\/blog\/wp-json\/wp\/v2\/tags?post=3469"}],"curies":[{"name":"wp","href":"https:\/\/api.w.org\/{rel}","templated":true}]}}