{"id":3466,"date":"2020-03-09T11:40:56","date_gmt":"2020-03-09T10:40:56","guid":{"rendered":"http:\/\/cepronda.com\/blog\/?p=3466"},"modified":"2020-03-09T11:41:04","modified_gmt":"2020-03-09T10:41:04","slug":"los-mundos-de-alicia-break-out-para-la-prevencion-de-la-violencia-de-genero","status":"publish","type":"post","link":"https:\/\/cepronda.com\/blog\/los-mundos-de-alicia-break-out-para-la-prevencion-de-la-violencia-de-genero\/","title":{"rendered":"Los mundos de Alicia. Break out para la prevenci\u00f3n de la violencia de g\u00e9nero"},"content":{"rendered":"\n<p class=\"wp-block-paragraph\">Muy buenas familia, comenzamos esta semana informando de una actividad que creo que os puede resultar interesante. <\/p>\n\n\n\n<p class=\"wp-block-paragraph\">A trav\u00e9s de una compa\u00f1era, Tet\u00e9 Alcaide, lleg\u00f3 a mis manos un break out para la prevenci\u00f3n de la violencia de g\u00e9nero dise\u00f1ado pro Rosa Castro Garc\u00eda, agente de igualdad de Posada (Sevilla). Me pareci\u00f3 un material muy interesante, y he estado viendo con Tet\u00e9 la forma en la que haceros llegar el material. <\/p>\n\n\n\n<p class=\"wp-block-paragraph\">Finalmente decidimos que lo mejor era elaborar todo el material, y que el pr\u00f3ximo <strong>mi\u00e9rcoles d\u00eda 18<\/strong> pod\u00e1is vivenciar la actividad por vosotros y vosotras mismas, con la idea de presentarlo y despu\u00e9s prestaros el material para que pod\u00e1is realizarlo en vuestros centros con vuestro alumnado. El material est\u00e1 dirigido a secundaria, pero creo que se puede adaptar y realizar\u00a0con tercer ciclo de primaria\u00a0tambi\u00e9n.\u00a0<br>As\u00ed la actividad quedar\u00eda del siguiente modo:\u00a0<\/p>\n\n\n\n<p class=\"wp-block-paragraph\">&#8211; Una sesi\u00f3n de 2 horas el pr\u00f3ximo mi\u00e9rcoles 18 de marzo en el Sal\u00f3n de actos del CEP, donde haremos el break out y posteriormente organizaremos como vais a poder llevaros el material a vuestro centro.\u00a0<\/p>\n\n\n\n<p class=\"wp-block-paragraph\">&#8211; 3 horas no presenciales, en las que contar\u00eda todo el tiempo que vais a dedicar a hacer la actividad en vuestro centro (para ello dise\u00f1ar\u00e9\u00a0un google classroom o un google site donde poder ir compartiendo vuestras experiencias).\u00a0<\/p>\n\n\n\n<p class=\"wp-block-paragraph\"><br>Os dejo con el\u00a0<a rel=\"noreferrer noopener\" href=\"https:\/\/www.juntadeandalucia.es\/educacion\/secretariavirtual\/consultaCEP\/actividad\/202924GE023\/\" target=\"_blank\"><strong>enlace de la actividad<\/strong><\/a>, y os animo a inscribiros en la misma, ya que creo que es un material bastante bueno y que nos puede dar mucho juego con el alumnado. Un fuerte abrazo.<\/p>\n\n\n\n<div class=\"wp-block-image\"><figure class=\"aligncenter size-large\"><a href=\"https:\/\/www.juntadeandalucia.es\/educacion\/secretariavirtual\/consultaCEP\/actividad\/202924GE023\/\" target=\"_blank\" rel=\"noreferrer noopener\"><img data-recalc-dims=\"1\" loading=\"lazy\" decoding=\"async\" width=\"531\" height=\"530\" src=\"https:\/\/i0.wp.com\/cepronda.com\/blog\/wp-content\/uploads\/2020\/03\/mundos_de_alicia_invitaci%C3%B3n.png?resize=531%2C530\" alt=\"\" class=\"wp-image-3467\" srcset=\"https:\/\/i0.wp.com\/cepronda.com\/blog\/wp-content\/uploads\/2020\/03\/mundos_de_alicia_invitaci%C3%B3n.png?w=531&amp;ssl=1 531w, https:\/\/i0.wp.com\/cepronda.com\/blog\/wp-content\/uploads\/2020\/03\/mundos_de_alicia_invitaci%C3%B3n.png?resize=300%2C300&amp;ssl=1 300w, https:\/\/i0.wp.com\/cepronda.com\/blog\/wp-content\/uploads\/2020\/03\/mundos_de_alicia_invitaci%C3%B3n.png?resize=150%2C150&amp;ssl=1 150w, https:\/\/i0.wp.com\/cepronda.com\/blog\/wp-content\/uploads\/2020\/03\/mundos_de_alicia_invitaci%C3%B3n.png?resize=50%2C50&amp;ssl=1 50w\" sizes=\"auto, (max-width: 531px) 100vw, 531px\" \/><\/a><\/figure><\/div>\n","protected":false},"excerpt":{"rendered":"<p>Muy buenas familia, comenzamos esta semana informando de una actividad que creo que os puede resultar interesante. A trav\u00e9s de una compa\u00f1era, Tet\u00e9 Alcaide, lleg\u00f3 a mis manos un break out para la prevenci\u00f3n de la violencia de g\u00e9nero dise\u00f1ado pro Rosa Castro Garc\u00eda, agente de igualdad de Posada (Sevilla). Me pareci\u00f3 un material muy [&hellip;]<\/p>\n","protected":false},"author":3,"featured_media":3467,"comment_status":"open","ping_status":"open","sticky":false,"template":"","format":"standard","meta":{"_crdt_document":"","advanced_seo_description":"","jetpack_seo_html_title":"","jetpack_seo_noindex":false,"jetpack_post_was_ever_published":false,"_jetpack_newsletter_access":"","_jetpack_dont_email_post_to_subs":false,"_jetpack_newsletter_tier_id":0,"_jetpack_memberships_contains_paywalled_content":false,"_jetpack_memberships_contains_paid_content":false,"footnotes":"","jetpack_publicize_message":"","jetpack_publicize_feature_enabled":true,"jetpack_social_post_already_shared":true,"jetpack_social_options":{"image_generator_settings":{"template":"highway","default_image_id":0,"font":"","enabled":false},"version":2}},"categories":[3],"tags":[176],"class_list":{"0":"post-3466","1":"post","2":"type-post","3":"status-publish","4":"format-standard","5":"has-post-thumbnail","7":"category-formaciones","8":"tag-violencia-de-genero","9":"czr-hentry"},"jetpack_publicize_connections":[],"jetpack_featured_media_url":"https:\/\/i0.wp.com\/cepronda.com\/blog\/wp-content\/uploads\/2020\/03\/mundos_de_alicia_invitaci%C3%B3n.png?fit=531%2C530&ssl=1","jetpack_shortlink":"https:\/\/wp.me\/p8M4X7-TU","jetpack-related-posts":[{"id":3331,"url":"https:\/\/cepronda.com\/blog\/educacion-afectivo-sexual-en-nuestros-centros\/","url_meta":{"origin":3466,"position":0},"title":"Educaci\u00f3n afectivo sexual en nuestros centros","author":"V\u00edctor Caballero","date":"13 enero, 2020","format":false,"excerpt":"\u00a1Hola de nuevo! Volvemos a compartir con todas y todos vosotros este curso de educaci\u00f3n afectivo sexual que creemos puede resultar muy interesante y de gran aplicabilidad en el aula. Se trata de 5 sesiones, una cada mes, y donde trabajremos violencia de g\u00e9nero, nuevas masculinidades, educaci\u00f3n afectivo sexual y\u2026","rel":"","context":"En \u00abFormaciones\u00bb","block_context":{"text":"Formaciones","link":"https:\/\/cepronda.com\/blog\/category\/formaciones\/"},"img":{"alt_text":"","src":"https:\/\/i0.wp.com\/cepronda.com\/blog\/wp-content\/uploads\/2020\/01\/EDUCACI%C3%93N-AFECTIVO-SEXUAL-EN-NUESTROS-CENTROS_-WE-LOVE-EDUCACI%C3%93N-SEXUAL-Y-COEDUCACI%C3%93N.jpg?fit=848%2C1200&ssl=1&resize=350%2C200","width":350,"height":200,"srcset":"https:\/\/i0.wp.com\/cepronda.com\/blog\/wp-content\/uploads\/2020\/01\/EDUCACI%C3%93N-AFECTIVO-SEXUAL-EN-NUESTROS-CENTROS_-WE-LOVE-EDUCACI%C3%93N-SEXUAL-Y-COEDUCACI%C3%93N.jpg?fit=848%2C1200&ssl=1&resize=350%2C200 1x, https:\/\/i0.wp.com\/cepronda.com\/blog\/wp-content\/uploads\/2020\/01\/EDUCACI%C3%93N-AFECTIVO-SEXUAL-EN-NUESTROS-CENTROS_-WE-LOVE-EDUCACI%C3%93N-SEXUAL-Y-COEDUCACI%C3%93N.jpg?fit=848%2C1200&ssl=1&resize=525%2C300 1.5x, https:\/\/i0.wp.com\/cepronda.com\/blog\/wp-content\/uploads\/2020\/01\/EDUCACI%C3%93N-AFECTIVO-SEXUAL-EN-NUESTROS-CENTROS_-WE-LOVE-EDUCACI%C3%93N-SEXUAL-Y-COEDUCACI%C3%93N.jpg?fit=848%2C1200&ssl=1&resize=700%2C400 2x"},"classes":[]},{"id":3151,"url":"https:\/\/cepronda.com\/blog\/jornada-regional-erasmus-para-formacion-profesional\/","url_meta":{"origin":3466,"position":1},"title":"JORNADA REGIONAL ERASMUS+ PARA FORMACI\u00d3N PROFESIONAL","author":"V\u00edctor Caballero","date":"18 noviembre, 2019","format":false,"excerpt":"\u00a1Y seguimos! En este caso compartimos para todas las personas docentes de Formaci\u00f3n Profesional esta Jornada Regional, que creemos puede ser muy interesante, y que tendr\u00e1 lugar el pr\u00f3ximo 28 de noviembre en Ja\u00e9n. Os dejamos con el enlace a la actividad para que ve\u00e1is los detalles y adem\u00e1s pod\u00e1is\u2026","rel":"","context":"En \u00abFormaciones\u00bb","block_context":{"text":"Formaciones","link":"https:\/\/cepronda.com\/blog\/category\/formaciones\/"},"img":{"alt_text":"","src":"https:\/\/i0.wp.com\/cepronda.com\/blog\/wp-content\/uploads\/2018\/11\/erasmus.png?resize=350%2C200","width":350,"height":200},"classes":[]},{"id":3084,"url":"https:\/\/cepronda.com\/blog\/iv-certamen-de-microrrelatos-sobre-violencia-de-genero-en-la-juventud-malaga-2019\/","url_meta":{"origin":3466,"position":2},"title":"IV Certamen de microrrelatos sobre Violencia de g\u00e9nero en la juventud &#8211; M\u00e1laga 2019","author":"V\u00edctor Caballero","date":"8 octubre, 2019","format":false,"excerpt":"Muy buenas, como ya publicamos hace unso d\u00edas ya est\u00e1 en marcha el IV Certamen de microrrelatos sobre violencia de g\u00e9nero. Desde la organizaci\u00f3n del mismo nos hacen llegar esta informaci\u00f3n que pasamos a compartir con todos y todas vosotras. Estimads amigs: Os adjuntamos una infograf\u00eda para ayudar al alumnado\u2026","rel":"","context":"En \u00abNoticias\u00bb","block_context":{"text":"Noticias","link":"https:\/\/cepronda.com\/blog\/category\/noticias\/"},"img":{"alt_text":"","src":"https:\/\/i0.wp.com\/cepronda.com\/blog\/wp-content\/uploads\/2019\/10\/image.png?fit=849%2C1200&ssl=1&resize=350%2C200","width":350,"height":200,"srcset":"https:\/\/i0.wp.com\/cepronda.com\/blog\/wp-content\/uploads\/2019\/10\/image.png?fit=849%2C1200&ssl=1&resize=350%2C200 1x, https:\/\/i0.wp.com\/cepronda.com\/blog\/wp-content\/uploads\/2019\/10\/image.png?fit=849%2C1200&ssl=1&resize=525%2C300 1.5x, https:\/\/i0.wp.com\/cepronda.com\/blog\/wp-content\/uploads\/2019\/10\/image.png?fit=849%2C1200&ssl=1&resize=700%2C400 2x"},"classes":[]},{"id":2501,"url":"https:\/\/cepronda.com\/blog\/premiados-en-el-iii-certamen-de-microrrelatos-sobre-violencia-de-genero-en-la-juventud\/","url_meta":{"origin":3466,"position":3},"title":"Premiados en el III CERTAMEN DE MICRORRELATOS SOBRE VIOLENCIA DE G\u00c9NERO EN LA JUVENTUD","author":"V\u00edctor Caballero","date":"30 noviembre, 2018","format":false,"excerpt":"Muy buenas, terminamos la semana con una magn\u00edfica noticia, y es que 3 relatos presentados por 3 alumnas del IES Profesor Gonzalo Huesa han sido seleccionados en el\u00a0III CERTAMEN DE MICRORRELATOS SOBREVIOLENCIA DE G\u00c9NERO EN LA JUVENTUD. Os dejamos con algunas fotos tomadas en el d\u00eda de la entrega de\u2026","rel":"","context":"En \u00abNoticias\u00bb","block_context":{"text":"Noticias","link":"https:\/\/cepronda.com\/blog\/category\/noticias\/"},"img":{"alt_text":"","src":"https:\/\/i0.wp.com\/cepronda.com\/blog\/wp-content\/uploads\/2018\/11\/Gonzalo-Huesa-premio.jpg?fit=576%2C1024&ssl=1&resize=350%2C200","width":350,"height":200,"srcset":"https:\/\/i0.wp.com\/cepronda.com\/blog\/wp-content\/uploads\/2018\/11\/Gonzalo-Huesa-premio.jpg?fit=576%2C1024&ssl=1&resize=350%2C200 1x, https:\/\/i0.wp.com\/cepronda.com\/blog\/wp-content\/uploads\/2018\/11\/Gonzalo-Huesa-premio.jpg?fit=576%2C1024&ssl=1&resize=525%2C300 1.5x"},"classes":[]},{"id":3786,"url":"https:\/\/cepronda.com\/blog\/plan-de-igualdad-convocatoria-abierta\/","url_meta":{"origin":3466,"position":4},"title":"Plan de Igualdad. Convocatoria abierta.","author":"Inmaculada Garc\u00eda","date":"30 septiembre, 2020","format":false,"excerpt":"Buenos d\u00edas compa\u00f1eras y compa\u00f1eros, Os informamos que est\u00e1 publicada la Resoluci\u00f3n que regula las medidas y actuaciones para la prevenci\u00f3n de la violencia de g\u00e9nero en el \u00e1mbito educativo y establece la convocatoria para este curso 2020\/2021. El plazo para solicitarlo est\u00e1 abierto y en la convocatoria vienen explicadas\u2026","rel":"","context":"En \u00abFormaciones\u00bb","block_context":{"text":"Formaciones","link":"https:\/\/cepronda.com\/blog\/category\/formaciones\/"},"img":{"alt_text":"","src":"https:\/\/i0.wp.com\/cepronda.com\/blog\/wp-content\/uploads\/2020\/09\/cartel_vg_bien.jpg?fit=300%2C300&ssl=1&resize=350%2C200","width":350,"height":200},"classes":[]},{"id":3374,"url":"https:\/\/cepronda.com\/blog\/crecer-con-miedo-ninos-y-ninas-ante-la-violencia-de-genero\/","url_meta":{"origin":3466,"position":5},"title":"CRECER CON MIEDO: NI\u00d1OS Y NI\u00d1AS ANTE LA VIOLENCIA DE G\u00c9NERO","author":"V\u00edctor Caballero","date":"28 enero, 2020","format":false,"excerpt":"Muy buenas familia, Desde el Centro Municipal de Informaci\u00f3n a la Mujer de Ronda nos hacen llegar esta informaci\u00f3n y la queremos compartir con todas y todos vosotros porque creemos que puede resultar de gran inter\u00e9s para vuestra albor docente y para vuestro alumnado. Os invitamos a visitar la exposici\u00f3n\u2026","rel":"","context":"En \u00abNoticias\u00bb","block_context":{"text":"Noticias","link":"https:\/\/cepronda.com\/blog\/category\/noticias\/"},"img":{"alt_text":"","src":"https:\/\/i0.wp.com\/cepronda.com\/blog\/wp-content\/uploads\/2020\/01\/Crecer-con-miedo-scaled.jpg?fit=890%2C1200&ssl=1&resize=350%2C200","width":350,"height":200,"srcset":"https:\/\/i0.wp.com\/cepronda.com\/blog\/wp-content\/uploads\/2020\/01\/Crecer-con-miedo-scaled.jpg?fit=890%2C1200&ssl=1&resize=350%2C200 1x, https:\/\/i0.wp.com\/cepronda.com\/blog\/wp-content\/uploads\/2020\/01\/Crecer-con-miedo-scaled.jpg?fit=890%2C1200&ssl=1&resize=525%2C300 1.5x, https:\/\/i0.wp.com\/cepronda.com\/blog\/wp-content\/uploads\/2020\/01\/Crecer-con-miedo-scaled.jpg?fit=890%2C1200&ssl=1&resize=700%2C400 2x"},"classes":[]}],"jetpack_sharing_enabled":true,"_links":{"self":[{"href":"https:\/\/cepronda.com\/blog\/wp-json\/wp\/v2\/posts\/3466","targetHints":{"allow":["GET"]}}],"collection":[{"href":"https:\/\/cepronda.com\/blog\/wp-json\/wp\/v2\/posts"}],"about":[{"href":"https:\/\/cepronda.com\/blog\/wp-json\/wp\/v2\/types\/post"}],"author":[{"embeddable":true,"href":"https:\/\/cepronda.com\/blog\/wp-json\/wp\/v2\/users\/3"}],"replies":[{"embeddable":true,"href":"https:\/\/cepronda.com\/blog\/wp-json\/wp\/v2\/comments?post=3466"}],"version-history":[{"count":1,"href":"https:\/\/cepronda.com\/blog\/wp-json\/wp\/v2\/posts\/3466\/revisions"}],"predecessor-version":[{"id":3468,"href":"https:\/\/cepronda.com\/blog\/wp-json\/wp\/v2\/posts\/3466\/revisions\/3468"}],"wp:featuredmedia":[{"embeddable":true,"href":"https:\/\/cepronda.com\/blog\/wp-json\/wp\/v2\/media\/3467"}],"wp:attachment":[{"href":"https:\/\/cepronda.com\/blog\/wp-json\/wp\/v2\/media?parent=3466"}],"wp:term":[{"taxonomy":"category","embeddable":true,"href":"https:\/\/cepronda.com\/blog\/wp-json\/wp\/v2\/categories?post=3466"},{"taxonomy":"post_tag","embeddable":true,"href":"https:\/\/cepronda.com\/blog\/wp-json\/wp\/v2\/tags?post=3466"}],"curies":[{"name":"wp","href":"https:\/\/api.w.org\/{rel}","templated":true}]}}