{"id":3457,"date":"2020-03-02T10:21:20","date_gmt":"2020-03-02T09:21:20","guid":{"rendered":"http:\/\/cepronda.com\/blog\/?p=3457"},"modified":"2020-03-02T10:21:28","modified_gmt":"2020-03-02T09:21:28","slug":"canal-prioritario-agencia-espanola-de-proteccion-de-datos","status":"publish","type":"post","link":"https:\/\/cepronda.com\/blog\/canal-prioritario-agencia-espanola-de-proteccion-de-datos\/","title":{"rendered":"Canal prioritario: Agencia Espa\u00f1ola de Protecci\u00f3n de Datos"},"content":{"rendered":"\n<p class=\"wp-block-paragraph\">Con el objetivo de ayudar a las v\u00edctimas de la violencia digital y evitar que aquellos contenidos, im\u00e1genes, audios o mensajes degradantes y humillantes, que la ocasionan se sigan difundiendo a trav\u00e9s de internet, el pasado 24 de septiembre, en la Agencia Espa\u00f1ola de Protecci\u00f3n de Datos se puso en marcha un sistema espec\u00edfico (Canal Prioritario) para informar de dichos contenidos y solicitar su retirada de la Red, de manera que se pueda ofrecer una r\u00e1pida respuesta para situaciones excepcionalmente delicadas y gravosas. <\/p>\n\n\n\n<p class=\"wp-block-paragraph\">Pero no s\u00f3lo se trata de reaccionar frente a situaciones ciertas que en ocasiones no reparan, o no del todo, el da\u00f1o causado, sino de llevar a cabo una labor de prevenci\u00f3n para la que resulta imprescindible formar y sensibilizar a la sociedad de los efectos y las consecuencias de este tipo de comportamientos. Con este motivo, este 28 de enero, d\u00eda internacional de la protecci\u00f3n de datos, se ha lanzado una campa\u00f1a de sensibilizaci\u00f3n, \u201cPor todo lo que hay detr\u00e1s\u201d, compuesta por material audiovisual y gr\u00e1fico que se va a difundir a trav\u00e9s de distintos medios de comunicaci\u00f3n, incluidas las TV, pero que para que pueda ser lo m\u00e1s efectiva posible exige el esfuerzo de todos los agentes implicados para llegar a los colectivos m\u00e1s expuestos a las situaciones de violencia digital. <\/p>\n\n\n\n<figure class=\"wp-block-image size-large\"><img data-recalc-dims=\"1\" loading=\"lazy\" decoding=\"async\" width=\"638\" height=\"869\" src=\"https:\/\/i0.wp.com\/cepronda.com\/blog\/wp-content\/uploads\/2020\/03\/por_ti.png?resize=638%2C869\" alt=\"\" class=\"wp-image-3458\" srcset=\"https:\/\/i0.wp.com\/cepronda.com\/blog\/wp-content\/uploads\/2020\/03\/por_ti.png?w=638&amp;ssl=1 638w, https:\/\/i0.wp.com\/cepronda.com\/blog\/wp-content\/uploads\/2020\/03\/por_ti.png?resize=220%2C300&amp;ssl=1 220w\" sizes=\"auto, (max-width: 638px) 100vw, 638px\" \/><\/figure>\n","protected":false},"excerpt":{"rendered":"<p>Con el objetivo de ayudar a las v\u00edctimas de la violencia digital y evitar que aquellos contenidos, im\u00e1genes, audios o mensajes degradantes y humillantes, que la ocasionan se sigan difundiendo a trav\u00e9s de internet, el pasado 24 de septiembre, en la Agencia Espa\u00f1ola de Protecci\u00f3n de Datos se puso en marcha un sistema espec\u00edfico (Canal [&hellip;]<\/p>\n","protected":false},"author":3,"featured_media":3458,"comment_status":"open","ping_status":"open","sticky":false,"template":"","format":"standard","meta":{"_crdt_document":"","advanced_seo_description":"","jetpack_seo_html_title":"","jetpack_seo_noindex":false,"jetpack_post_was_ever_published":false,"_jetpack_newsletter_access":"","_jetpack_dont_email_post_to_subs":false,"_jetpack_newsletter_tier_id":0,"_jetpack_memberships_contains_paywalled_content":false,"_jetpack_memberships_contains_paid_content":false,"footnotes":"","jetpack_publicize_message":"","jetpack_publicize_feature_enabled":true,"jetpack_social_post_already_shared":true,"jetpack_social_options":{"image_generator_settings":{"template":"highway","default_image_id":0,"font":"","enabled":false},"version":2}},"categories":[5],"tags":[135],"class_list":{"0":"post-3457","1":"post","2":"type-post","3":"status-publish","4":"format-standard","5":"has-post-thumbnail","7":"category-noticias","8":"tag-proteccion-de-datos","9":"czr-hentry"},"jetpack_publicize_connections":[],"jetpack_featured_media_url":"https:\/\/i0.wp.com\/cepronda.com\/blog\/wp-content\/uploads\/2020\/03\/por_ti.png?fit=638%2C869&ssl=1","jetpack_shortlink":"https:\/\/wp.me\/p8M4X7-TL","jetpack-related-posts":[{"id":6149,"url":"https:\/\/cepronda.com\/blog\/curso-proteccion-de-datos-y-derechos-de-autor-en-contenidos-digitales-242923ge154\/","url_meta":{"origin":3457,"position":0},"title":"CURSO: PROTECCI\u00d3N DE DATOS Y DERECHOS DE AUTOR EN CONTENIDOS DIGITALES (242923GE154)","author":"Inmaculada Garc\u00eda","date":"25 octubre, 2023","format":false,"excerpt":"Os informamos de que est\u00e1 abierto plazo de inscripci\u00f3n para curso provincial PROTECCI\u00d3N DE DATOS Y DERECHOS DE AUTOR EN CONTENIDOS DIGITALES (242923GE154) Certificaci\u00f3n 30 horas, con mapeo de nivel de Competencia Digital Docente. Destinados a profesorado de TODOS LOS NIVELES EDUCATIVOS \ufe0fInscripci\u00f3n del 9 al 30 de octubre. Realizaci\u00f3n\u2026","rel":"","context":"En \u00abFormaciones\u00bb","block_context":{"text":"Formaciones","link":"https:\/\/cepronda.com\/blog\/category\/formaciones\/"},"img":{"alt_text":"","src":"https:\/\/i0.wp.com\/cepronda.com\/blog\/wp-content\/uploads\/2023\/10\/WhatsApp-Image-2023-10-25-at-12.39.41-1024x1024.jpeg?resize=350%2C200&ssl=1","width":350,"height":200,"srcset":"https:\/\/i0.wp.com\/cepronda.com\/blog\/wp-content\/uploads\/2023\/10\/WhatsApp-Image-2023-10-25-at-12.39.41-1024x1024.jpeg?resize=350%2C200&ssl=1 1x, https:\/\/i0.wp.com\/cepronda.com\/blog\/wp-content\/uploads\/2023\/10\/WhatsApp-Image-2023-10-25-at-12.39.41-1024x1024.jpeg?resize=525%2C300&ssl=1 1.5x"},"classes":[]},{"id":2082,"url":"https:\/\/cepronda.com\/blog\/informe-sobre-la-utilizacion-de-aplicaciones-y-su-almacenamiento-de-datos-por-parte-de-los-centros-educativos\/","url_meta":{"origin":3457,"position":1},"title":"Informe sobre la utilizaci\u00f3n de aplicaciones y su almacenamiento de datos por parte de los centros educativos","author":"V\u00edctor Caballero","date":"5 junio, 2018","format":false,"excerpt":"Muy buenas, Queremos compartir con todos los centros y docentes este informe realizado por la Agencia Espa\u00f1ola de Protecci\u00f3n de Datos con el fin de recabar informaci\u00f3n sobre el uso de aplicaciones y el almacenamiento de datos de las mismas\u00a0 en el \u00e1mbito escolar. En un primer lugar recaba los\u2026","rel":"","context":"En \u00abNoticias\u00bb","block_context":{"text":"Noticias","link":"https:\/\/cepronda.com\/blog\/category\/noticias\/"},"img":{"alt_text":"","src":"https:\/\/i0.wp.com\/cepronda.com\/blog\/wp-content\/uploads\/2018\/06\/aepd.png?fit=590%2C827&ssl=1&resize=350%2C200","width":350,"height":200,"srcset":"https:\/\/i0.wp.com\/cepronda.com\/blog\/wp-content\/uploads\/2018\/06\/aepd.png?fit=590%2C827&ssl=1&resize=350%2C200 1x, https:\/\/i0.wp.com\/cepronda.com\/blog\/wp-content\/uploads\/2018\/06\/aepd.png?fit=590%2C827&ssl=1&resize=525%2C300 1.5x"},"classes":[]},{"id":3636,"url":"https:\/\/cepronda.com\/blog\/proteccion-de-datos-y-ciberseguridad-en-entornos-educativos-para-equipos-directivos-2\/","url_meta":{"origin":3457,"position":2},"title":"PROTECCI\u00d3N DE DATOS Y CIBERSEGURIDAD EN ENTORNOS EDUCATIVOS PARA EQUIPOS DIRECTIVOS","author":"V\u00edctor Caballero","date":"7 julio, 2020","format":false,"excerpt":"","rel":"","context":"En \u00abFormaciones\u00bb","block_context":{"text":"Formaciones","link":"https:\/\/cepronda.com\/blog\/category\/formaciones\/"},"img":{"alt_text":"","src":"https:\/\/i0.wp.com\/cepronda.com\/blog\/wp-content\/uploads\/2020\/07\/WhatsApp-Image-2020-07-06-at-09.55.13.jpeg?fit=848%2C1200&ssl=1&resize=350%2C200","width":350,"height":200,"srcset":"https:\/\/i0.wp.com\/cepronda.com\/blog\/wp-content\/uploads\/2020\/07\/WhatsApp-Image-2020-07-06-at-09.55.13.jpeg?fit=848%2C1200&ssl=1&resize=350%2C200 1x, https:\/\/i0.wp.com\/cepronda.com\/blog\/wp-content\/uploads\/2020\/07\/WhatsApp-Image-2020-07-06-at-09.55.13.jpeg?fit=848%2C1200&ssl=1&resize=525%2C300 1.5x, https:\/\/i0.wp.com\/cepronda.com\/blog\/wp-content\/uploads\/2020\/07\/WhatsApp-Image-2020-07-06-at-09.55.13.jpeg?fit=848%2C1200&ssl=1&resize=700%2C400 2x"},"classes":[]},{"id":3587,"url":"https:\/\/cepronda.com\/blog\/proteccion-de-datos-y-ciberseguridad-en-entornos-educativos-para-equipos-directivos\/","url_meta":{"origin":3457,"position":3},"title":"PROTECCI\u00d3N DE DATOS Y CIBERSEGURIDAD EN ENTORNOS EDUCATIVOS PARA EQUIPOS DIRECTIVOS","author":"V\u00edctor Caballero","date":"21 mayo, 2020","format":false,"excerpt":"Hola de nuevo familia, Compartimos con los equipos directivos de la zona esta formaci\u00f3n totalmente online que creemos puede ser de vuestro inter\u00e9s. La formaci\u00f3n en ciberseguridad y protecci\u00f3n de datos se hace imprescindible para concienciar de la importancia de adoptar un comportamiento responsable y seguro en la red. La\u2026","rel":"","context":"En \u00abFormaciones\u00bb","block_context":{"text":"Formaciones","link":"https:\/\/cepronda.com\/blog\/category\/formaciones\/"},"img":{"alt_text":"","src":"https:\/\/i0.wp.com\/cepronda.com\/blog\/wp-content\/uploads\/2020\/05\/20200603Protecci%C3%B3n-de-datos-y-ciberseguridad202924GE083-2.png?fit=848%2C1200&ssl=1&resize=350%2C200","width":350,"height":200,"srcset":"https:\/\/i0.wp.com\/cepronda.com\/blog\/wp-content\/uploads\/2020\/05\/20200603Protecci%C3%B3n-de-datos-y-ciberseguridad202924GE083-2.png?fit=848%2C1200&ssl=1&resize=350%2C200 1x, https:\/\/i0.wp.com\/cepronda.com\/blog\/wp-content\/uploads\/2020\/05\/20200603Protecci%C3%B3n-de-datos-y-ciberseguridad202924GE083-2.png?fit=848%2C1200&ssl=1&resize=525%2C300 1.5x, https:\/\/i0.wp.com\/cepronda.com\/blog\/wp-content\/uploads\/2020\/05\/20200603Protecci%C3%B3n-de-datos-y-ciberseguridad202924GE083-2.png?fit=848%2C1200&ssl=1&resize=700%2C400 2x"},"classes":[]},{"id":3591,"url":"https:\/\/cepronda.com\/blog\/proteccion-de-datos-y-ciberseguridad-en-entornos-educativos\/","url_meta":{"origin":3457,"position":4},"title":"Protecci\u00f3n de datos y ciberseguridad en entornos educativos","author":"V\u00edctor Caballero","date":"27 mayo, 2020","format":false,"excerpt":"Muy buenas de nuevo familia, Dado el inter\u00e9s de esta actividad, se ha decidido abrir esta actividad a todo el profesorado interesado. Os dejamos con el enlace a la actividad donde pod\u00e9is ver los detalles e inscribiros en la misma. Un saludo.","rel":"","context":"En \u00abFormaciones\u00bb","block_context":{"text":"Formaciones","link":"https:\/\/cepronda.com\/blog\/category\/formaciones\/"},"img":{"alt_text":"","src":"https:\/\/i0.wp.com\/cepronda.com\/blog\/wp-content\/uploads\/2020\/05\/WhatsApp-Image-2020-05-27-at-12.01.43.jpeg?fit=848%2C1200&ssl=1&resize=350%2C200","width":350,"height":200,"srcset":"https:\/\/i0.wp.com\/cepronda.com\/blog\/wp-content\/uploads\/2020\/05\/WhatsApp-Image-2020-05-27-at-12.01.43.jpeg?fit=848%2C1200&ssl=1&resize=350%2C200 1x, https:\/\/i0.wp.com\/cepronda.com\/blog\/wp-content\/uploads\/2020\/05\/WhatsApp-Image-2020-05-27-at-12.01.43.jpeg?fit=848%2C1200&ssl=1&resize=525%2C300 1.5x, https:\/\/i0.wp.com\/cepronda.com\/blog\/wp-content\/uploads\/2020\/05\/WhatsApp-Image-2020-05-27-at-12.01.43.jpeg?fit=848%2C1200&ssl=1&resize=700%2C400 2x"},"classes":[]},{"id":8946,"url":"https:\/\/cepronda.com\/blog\/formacion-sobre-riesgos-y-emergencias-de-proteccion-civil-269924pf580\/","url_meta":{"origin":3457,"position":5},"title":"FORMACI\u00d3N SOBRE RIESGOS Y EMERGENCIAS DE PROTECCI\u00d3N CIVIL","author":"Inmaculada Garc\u00eda","date":"20 octubre, 2025","format":false,"excerpt":"Abierto plazo de inscripci\u00f3n para el curso online: FORMACI\u00d3N SOBRE RIESGOS Y EMERGENCIAS DE PROTECCI\u00d3N CIVIL, dirigido al profesorado de todas las etapas educativas. \u00a0 Fecha inscripci\u00f3n: 20\/10\/2025 hasta 28\/10\/2025 Fecha actividad: 31\/10\/2025 hasta 28\/11\/2025 Total horas: 10 horas \u00a0 \u00a1AP\u00daNTATE EN TU CEP DE REFERENCIA!: \u00a0 - CEP Ronda\u2026","rel":"","context":"En \u00abFormaciones\u00bb","block_context":{"text":"Formaciones","link":"https:\/\/cepronda.com\/blog\/category\/formaciones\/"},"img":{"alt_text":"","src":"https:\/\/i0.wp.com\/cepronda.com\/blog\/wp-content\/uploads\/2025\/10\/WhatsApp-Image-2025-10-17-at-13.39.28.jpeg?fit=1080%2C1080&ssl=1&resize=350%2C200","width":350,"height":200,"srcset":"https:\/\/i0.wp.com\/cepronda.com\/blog\/wp-content\/uploads\/2025\/10\/WhatsApp-Image-2025-10-17-at-13.39.28.jpeg?fit=1080%2C1080&ssl=1&resize=350%2C200 1x, https:\/\/i0.wp.com\/cepronda.com\/blog\/wp-content\/uploads\/2025\/10\/WhatsApp-Image-2025-10-17-at-13.39.28.jpeg?fit=1080%2C1080&ssl=1&resize=525%2C300 1.5x, https:\/\/i0.wp.com\/cepronda.com\/blog\/wp-content\/uploads\/2025\/10\/WhatsApp-Image-2025-10-17-at-13.39.28.jpeg?fit=1080%2C1080&ssl=1&resize=700%2C400 2x, https:\/\/i0.wp.com\/cepronda.com\/blog\/wp-content\/uploads\/2025\/10\/WhatsApp-Image-2025-10-17-at-13.39.28.jpeg?fit=1080%2C1080&ssl=1&resize=1050%2C600 3x"},"classes":[]}],"jetpack_sharing_enabled":true,"_links":{"self":[{"href":"https:\/\/cepronda.com\/blog\/wp-json\/wp\/v2\/posts\/3457","targetHints":{"allow":["GET"]}}],"collection":[{"href":"https:\/\/cepronda.com\/blog\/wp-json\/wp\/v2\/posts"}],"about":[{"href":"https:\/\/cepronda.com\/blog\/wp-json\/wp\/v2\/types\/post"}],"author":[{"embeddable":true,"href":"https:\/\/cepronda.com\/blog\/wp-json\/wp\/v2\/users\/3"}],"replies":[{"embeddable":true,"href":"https:\/\/cepronda.com\/blog\/wp-json\/wp\/v2\/comments?post=3457"}],"version-history":[{"count":1,"href":"https:\/\/cepronda.com\/blog\/wp-json\/wp\/v2\/posts\/3457\/revisions"}],"predecessor-version":[{"id":3459,"href":"https:\/\/cepronda.com\/blog\/wp-json\/wp\/v2\/posts\/3457\/revisions\/3459"}],"wp:featuredmedia":[{"embeddable":true,"href":"https:\/\/cepronda.com\/blog\/wp-json\/wp\/v2\/media\/3458"}],"wp:attachment":[{"href":"https:\/\/cepronda.com\/blog\/wp-json\/wp\/v2\/media?parent=3457"}],"wp:term":[{"taxonomy":"category","embeddable":true,"href":"https:\/\/cepronda.com\/blog\/wp-json\/wp\/v2\/categories?post=3457"},{"taxonomy":"post_tag","embeddable":true,"href":"https:\/\/cepronda.com\/blog\/wp-json\/wp\/v2\/tags?post=3457"}],"curies":[{"name":"wp","href":"https:\/\/api.w.org\/{rel}","templated":true}]}}