{"id":3439,"date":"2020-02-20T12:27:01","date_gmt":"2020-02-20T11:27:01","guid":{"rendered":"http:\/\/cepronda.com\/blog\/?p=3439"},"modified":"2020-02-20T12:27:08","modified_gmt":"2020-02-20T11:27:08","slug":"jornada-provincial-de-e-twinning","status":"publish","type":"post","link":"https:\/\/cepronda.com\/blog\/jornada-provincial-de-e-twinning\/","title":{"rendered":"Jornada provincial de E-Twinning"},"content":{"rendered":"\n<p class=\"wp-block-paragraph\">El pr\u00f3ximo 19 de marzo en el CEP de Marbella-Co\u00edn, tendr\u00e1 lugar la Jornada provincial de E-Twinning. Para toda la informaci\u00f3n e inscribiros s\u00f3lo ten\u00e9is que<a href=\"https:\/\/www.juntadeandalucia.es\/educacion\/secretariavirtual\/consultaCEP\/actividad\/202923IC610\/\" target=\"_blank\" rel=\"noreferrer noopener\" aria-label=\" seguir este enlace. (opens in a new tab)\"> seguir este enlace.<\/a><\/p>\n\n\n\n<p class=\"wp-block-paragraph\"><\/p>\n","protected":false},"excerpt":{"rendered":"<p>El pr\u00f3ximo 19 de marzo en el CEP de Marbella-Co\u00edn, tendr\u00e1 lugar la Jornada provincial de E-Twinning. Para toda la informaci\u00f3n e inscribiros s\u00f3lo ten\u00e9is que seguir este enlace.<\/p>\n","protected":false},"author":3,"featured_media":1483,"comment_status":"open","ping_status":"open","sticky":false,"template":"","format":"standard","meta":{"_crdt_document":"","advanced_seo_description":"","jetpack_seo_html_title":"","jetpack_seo_noindex":false,"jetpack_post_was_ever_published":false,"_jetpack_newsletter_access":"","_jetpack_dont_email_post_to_subs":false,"_jetpack_newsletter_tier_id":0,"_jetpack_memberships_contains_paywalled_content":false,"_jetpack_memberships_contains_paid_content":false,"footnotes":"","jetpack_publicize_message":"","jetpack_publicize_feature_enabled":true,"jetpack_social_post_already_shared":true,"jetpack_social_options":{"image_generator_settings":{"template":"highway","default_image_id":0,"font":"","enabled":false},"version":2}},"categories":[3],"tags":[190],"class_list":{"0":"post-3439","1":"post","2":"type-post","3":"status-publish","4":"format-standard","5":"has-post-thumbnail","7":"category-formaciones","8":"tag-e-twinning","9":"czr-hentry"},"jetpack_publicize_connections":[],"jetpack_featured_media_url":"https:\/\/i0.wp.com\/cepronda.com\/blog\/wp-content\/uploads\/2017\/12\/layout_icon-etwining.jpg?fit=194%2C250&ssl=1","jetpack_shortlink":"https:\/\/wp.me\/p8M4X7-Tt","jetpack-related-posts":[{"id":1443,"url":"https:\/\/cepronda.com\/blog\/jornada-provincial-e-twinning-en-marbella\/","url_meta":{"origin":3439,"position":0},"title":"JORNADA PROVINCIAL E-TWINNING EN MARBELLA","author":"V\u00edctor Caballero","date":"21 noviembre, 2017","format":false,"excerpt":"Os anuncio que va a haber una jornada a nivel provincial EN HORARIO DE MA\u00d1ANA EN EL CEP DE MARBELLA relativa a\u00a0e-Twinning\u00a0el PR\u00d3XIMO\u00a05 DE DICIEMBRE: Estas jornadas son interesantes para todas las personas\u00a0 que busquen socios para ERASMUS + o hacer intercambios con centros de otros pa\u00edses. En la redacci\u00f3n\u2026","rel":"","context":"En \u00abNoticias\u00bb","block_context":{"text":"Noticias","link":"https:\/\/cepronda.com\/blog\/category\/noticias\/"},"img":{"alt_text":"","src":"https:\/\/i0.wp.com\/cepronda.com\/blog\/wp-content\/uploads\/2017\/11\/logo_1269x942-300x223.png?resize=350%2C200","width":350,"height":200},"classes":[]},{"id":9053,"url":"https:\/\/cepronda.com\/blog\/jornada-provincial-de-educacion-permanente\/","url_meta":{"origin":3439,"position":1},"title":"JORNADA PROVINCIAL DE EDUCACI\u00d3N PERMANENTE.","author":"Inmaculada Garc\u00eda","date":"14 noviembre, 2025","format":false,"excerpt":"Se encuentra abierto el plazo de inscripci\u00f3n para la JORNADA PROVINCIAL: Ense\u00f1ar para transformar: repensar y actualizar la ense\u00f1anza de Educaci\u00f3n Permanente, con c\u00f3digo: 262922GE046. Tendr\u00e1 lugar el mi\u00e9rcoles, 21 de enero de 2026, de 08:30 a 14:30 h, en el Instituto Andaluz del Deporte (M\u00e1laga). Plazo de inscripci\u00f3n del\u2026","rel":"","context":"En \u00abFormaciones\u00bb","block_context":{"text":"Formaciones","link":"https:\/\/cepronda.com\/blog\/category\/formaciones\/"},"img":{"alt_text":"","src":"https:\/\/i0.wp.com\/cepronda.com\/blog\/wp-content\/uploads\/2025\/11\/WhatsApp-Image-2025-11-14-at-11.39.07.jpeg?fit=848%2C1200&ssl=1&resize=350%2C200","width":350,"height":200,"srcset":"https:\/\/i0.wp.com\/cepronda.com\/blog\/wp-content\/uploads\/2025\/11\/WhatsApp-Image-2025-11-14-at-11.39.07.jpeg?fit=848%2C1200&ssl=1&resize=350%2C200 1x, https:\/\/i0.wp.com\/cepronda.com\/blog\/wp-content\/uploads\/2025\/11\/WhatsApp-Image-2025-11-14-at-11.39.07.jpeg?fit=848%2C1200&ssl=1&resize=525%2C300 1.5x, https:\/\/i0.wp.com\/cepronda.com\/blog\/wp-content\/uploads\/2025\/11\/WhatsApp-Image-2025-11-14-at-11.39.07.jpeg?fit=848%2C1200&ssl=1&resize=700%2C400 2x"},"classes":[]},{"id":4633,"url":"https:\/\/cepronda.com\/blog\/jornada-de-sensibilizacion-del-proyecto-linguistico-de-centro-plc-provincial\/","url_meta":{"origin":3439,"position":2},"title":"JORNADA DE SENSIBILIZACI\u00d3N DEL PROYECTO LING\u00dc\u00cdSTICO DE CENTRO (PLC) PROVINCIAL","author":"Maribel Mu\u00f1oz","date":"21 septiembre, 2021","format":false,"excerpt":"Buenas tardes compa\u00f1eras y compa\u00f1eros, Os informamos que est\u00e1 abierto el plazo de inscripci\u00f3n en la JORNADA DE SENSIBILIZACI\u00d3N DEL PROYECTO LING\u00dc\u00cdSTICO DE CENTRO (PLC) PROVINCIAL, con c\u00f3digo 222922IC001 . La modalidad es: Jornada online 5h (2h presenciales y 3h no presenciales). Fecha actividad: 27\/09\/2021 Fecha inscripci\u00f3n: 20\/09\/2021 hasta las\u2026","rel":"","context":"En \u00abFormaciones\u00bb","block_context":{"text":"Formaciones","link":"https:\/\/cepronda.com\/blog\/category\/formaciones\/"},"img":{"alt_text":"","src":"https:\/\/i0.wp.com\/cepronda.com\/blog\/wp-content\/uploads\/2021\/09\/FOMENTO-DE-LA-COMUNICACION-LINGUISTICA-EN-LOS-CENTROS-EDUCATIVOS-1.png?fit=512%2C800&ssl=1&resize=350%2C200","width":350,"height":200},"classes":[]},{"id":1553,"url":"https:\/\/cepronda.com\/blog\/jornada-provincial-retos-educativos-educacion-emocional-y-comunicacion-en-las-familias-del-siglo-xxi\/","url_meta":{"origin":3439,"position":3},"title":"Jornada provincial \u00abRetos educativos. Educaci\u00f3n emocional y comunicaci\u00f3n en las familias del siglo XXI\u00bb","author":"V\u00edctor Caballero","date":"12 enero, 2018","format":false,"excerpt":"\u00a1Hola de nuevo! Queremos compartir con todos y todas vosotras esta jornada provincial que se va a desarrollar en M\u00e1laga el pr\u00f3ximo 24 de enero, y que va dirigida tanto a docentes como a las familias. La actividad se denomina \"Retos educativos. Educaci\u00f3n emocional y comunicaci\u00f3n en las familias del\u2026","rel":"","context":"En \u00abNoticias\u00bb","block_context":{"text":"Noticias","link":"https:\/\/cepronda.com\/blog\/category\/noticias\/"},"img":{"alt_text":"","src":"https:\/\/i0.wp.com\/cepronda.com\/blog\/wp-content\/uploads\/2018\/01\/familia_m%C3%A1laga.png?fit=643%2C903&ssl=1&resize=350%2C200","width":350,"height":200,"srcset":"https:\/\/i0.wp.com\/cepronda.com\/blog\/wp-content\/uploads\/2018\/01\/familia_m%C3%A1laga.png?fit=643%2C903&ssl=1&resize=350%2C200 1x, https:\/\/i0.wp.com\/cepronda.com\/blog\/wp-content\/uploads\/2018\/01\/familia_m%C3%A1laga.png?fit=643%2C903&ssl=1&resize=525%2C300 1.5x"},"classes":[]},{"id":7803,"url":"https:\/\/cepronda.com\/blog\/jornada-para-el-impulso-del-razonamiento-matematico\/","url_meta":{"origin":3439,"position":4},"title":"JORNADA PARA EL IMPULSO DEL RAZONAMIENTO MATEM\u00c1TICO","author":"Mamen Moreno","date":"16 octubre, 2024","format":false,"excerpt":"Os informamos que se encuentra abierta la inscripci\u00f3n en el curso provincial: JORNADA PARA EL IMPULSO DEL RAZONAMIENTO MATEM\u00c1TICO. Jornada de 8 horas. Internivelar. Inscripci\u00f3n: Del 16 de octubre al 25 de octubre de 2024. Realizaci\u00f3n: El martes 29\/10\/24. Enlace inscripci\u00f3n: P\u00daBLICA https:\/\/www.juntadeandalucia.es\/educacion\/secretariavirtual\/consultaCEP\/actividad\/259922KPFP001\/ CONCERTADA https:\/\/www.juntadeandalucia.es\/educacion\/secretariavirtual\/consultaCEP\/actividad\/259922KPFC001\/","rel":"","context":"En \u00abFormaciones\u00bb","block_context":{"text":"Formaciones","link":"https:\/\/cepronda.com\/blog\/category\/formaciones\/"},"img":{"alt_text":"","src":"https:\/\/i0.wp.com\/cepronda.com\/blog\/wp-content\/uploads\/2024\/10\/WhatsApp-Image-2024-10-16-at-12.28.17.jpeg?fit=1080%2C1080&ssl=1&resize=350%2C200","width":350,"height":200,"srcset":"https:\/\/i0.wp.com\/cepronda.com\/blog\/wp-content\/uploads\/2024\/10\/WhatsApp-Image-2024-10-16-at-12.28.17.jpeg?fit=1080%2C1080&ssl=1&resize=350%2C200 1x, https:\/\/i0.wp.com\/cepronda.com\/blog\/wp-content\/uploads\/2024\/10\/WhatsApp-Image-2024-10-16-at-12.28.17.jpeg?fit=1080%2C1080&ssl=1&resize=525%2C300 1.5x, https:\/\/i0.wp.com\/cepronda.com\/blog\/wp-content\/uploads\/2024\/10\/WhatsApp-Image-2024-10-16-at-12.28.17.jpeg?fit=1080%2C1080&ssl=1&resize=700%2C400 2x, https:\/\/i0.wp.com\/cepronda.com\/blog\/wp-content\/uploads\/2024\/10\/WhatsApp-Image-2024-10-16-at-12.28.17.jpeg?fit=1080%2C1080&ssl=1&resize=1050%2C600 3x"},"classes":[]},{"id":9134,"url":"https:\/\/cepronda.com\/blog\/jornada-de-formacion-cambridge-clil-methodology-and-practice-2\/","url_meta":{"origin":3439,"position":5},"title":"JORNADA DE FORMACI\u00d3N CAMBRIDGE: CLIL METHODOLOGY AND PRACTICE","author":"Inmaculada Garc\u00eda","date":"12 diciembre, 2025","format":false,"excerpt":"Se encuentra abierto el plazo de inscripci\u00f3n en la actividad provincial \"JORNADA DE FORMACI\u00d3N CAMBRIDGE: CLIL METHODOLOGY AND PRACTICE\", con c\u00f3digo: 269923KPI441. \u00a0 Curso a distancia: Aula Virtual de Formaci\u00f3n del Profesorado \u00a0 Periodo de inscripci\u00f3n: 12\/12\/2025 al 08\/01\/2025 a las 12:00 horas \u00a0 Plazo de realizaci\u00f3n desde el 15\u2026","rel":"","context":"En \u00abNoticias\u00bb","block_context":{"text":"Noticias","link":"https:\/\/cepronda.com\/blog\/category\/noticias\/"},"img":{"alt_text":"","src":"https:\/\/i0.wp.com\/cepronda.com\/blog\/wp-content\/uploads\/2025\/12\/IMG-20251210-WA0000-1024x1024.jpg?resize=350%2C200&ssl=1","width":350,"height":200},"classes":[]}],"jetpack_sharing_enabled":true,"_links":{"self":[{"href":"https:\/\/cepronda.com\/blog\/wp-json\/wp\/v2\/posts\/3439","targetHints":{"allow":["GET"]}}],"collection":[{"href":"https:\/\/cepronda.com\/blog\/wp-json\/wp\/v2\/posts"}],"about":[{"href":"https:\/\/cepronda.com\/blog\/wp-json\/wp\/v2\/types\/post"}],"author":[{"embeddable":true,"href":"https:\/\/cepronda.com\/blog\/wp-json\/wp\/v2\/users\/3"}],"replies":[{"embeddable":true,"href":"https:\/\/cepronda.com\/blog\/wp-json\/wp\/v2\/comments?post=3439"}],"version-history":[{"count":1,"href":"https:\/\/cepronda.com\/blog\/wp-json\/wp\/v2\/posts\/3439\/revisions"}],"predecessor-version":[{"id":3440,"href":"https:\/\/cepronda.com\/blog\/wp-json\/wp\/v2\/posts\/3439\/revisions\/3440"}],"wp:featuredmedia":[{"embeddable":true,"href":"https:\/\/cepronda.com\/blog\/wp-json\/wp\/v2\/media\/1483"}],"wp:attachment":[{"href":"https:\/\/cepronda.com\/blog\/wp-json\/wp\/v2\/media?parent=3439"}],"wp:term":[{"taxonomy":"category","embeddable":true,"href":"https:\/\/cepronda.com\/blog\/wp-json\/wp\/v2\/categories?post=3439"},{"taxonomy":"post_tag","embeddable":true,"href":"https:\/\/cepronda.com\/blog\/wp-json\/wp\/v2\/tags?post=3439"}],"curies":[{"name":"wp","href":"https:\/\/api.w.org\/{rel}","templated":true}]}}