{"id":3433,"date":"2020-02-17T17:07:57","date_gmt":"2020-02-17T16:07:57","guid":{"rendered":"http:\/\/cepronda.com\/blog\/?p=3433"},"modified":"2025-04-25T12:07:26","modified_gmt":"2025-04-25T10:07:26","slug":"xxxvi-olimpiada-matematica-thales","status":"publish","type":"post","link":"https:\/\/cepronda.com\/blog\/xxxvi-olimpiada-matematica-thales\/","title":{"rendered":"XXXVI Olimpiada Matem\u00e1tica Thales"},"content":{"rendered":"\n<p class=\"wp-block-paragraph\">La Sociedad Andaluza de Educaci\u00f3n Matem\u00e1tica Thales convoca la XXXVI edici\u00f3n de la Olimpiada Matem\u00e1tica para alumnos y alumnas matriculados en 2\u00ba ESO de los centros educativos de Andaluc\u00eda.<\/p>\n\n\n\n<p class=\"wp-block-paragraph\">El plazo de inscripci\u00f3n permanecer\u00e1 abierto hasta las 16:00 horas del martes 10 de marzo de 2020.<\/p>\n\n\n\n<p class=\"wp-block-paragraph\">Los centros inscribir\u00e1n a sus alumnos y alumnas a trav\u00e9s de la p\u00e1gina de Thales<\/p>\n\n\n\n<p class=\"wp-block-paragraph\">La Olimpiada Matem\u00e1tica se celebrar\u00e1 en dos fases: una de car\u00e1cter provincial y otra regional.<\/p>\n\n\n\n<p class=\"wp-block-paragraph\">La fase provincial se celebrar\u00e1 el 14 de marzo de 2020, fecha que ha sido declarada por la UNESCO D\u00eda Internacional de las Matem\u00e1ticas.<\/p>\n\n\n\n<p class=\"wp-block-paragraph\">Los cinco primeros clasificados de cada provincia participar\u00e1n en la Fase Regional que se celebrar\u00e1 en C\u00e1diz del 20 al 23 de mayo de 2020.<\/p>\n\n\n\n<p class=\"wp-block-paragraph\">Los seis primeros clasificados en la Fase Regional podr\u00e1n asistir a la Olimpiada Nacional, organizada por la Federaci\u00f3n de Sociedades de Profesores de Matem\u00e1ticas, del 24 al 28 de junio de 2020 en Asturias.<\/p>\n\n\n\n<h3 class=\"wp-block-heading\">Enlaces relacionados<\/h3>\n\n\n\n<ul class=\"wp-block-list\"><li><a rel=\"noreferrer noopener\" href=\"https:\/\/thales.cica.es\/olimpiada2\/files\/Bases%2036%20OMTH_0.pdf\" target=\"_blank\">Bases de la convocatoria<\/a><\/li><li><a rel=\"noreferrer noopener\" href=\"https:\/\/thales.cica.es\/~olimpiada\/proc_insc\/\" target=\"_blank\">P\u00e1gina de Thales<\/a><\/li><\/ul>\n","protected":false},"excerpt":{"rendered":"<p>La Sociedad Andaluza de Educaci\u00f3n Matem\u00e1tica Thales convoca la XXXVI edici\u00f3n de la Olimpiada Matem\u00e1tica para alumnos y alumnas matriculados en 2\u00ba ESO de los centros educativos de Andaluc\u00eda. El plazo de inscripci\u00f3n permanecer\u00e1 abierto hasta las 16:00 horas del martes 10 de marzo de 2020. Los centros inscribir\u00e1n a sus alumnos y alumnas a [&hellip;]<\/p>\n","protected":false},"author":3,"featured_media":858,"comment_status":"open","ping_status":"open","sticky":false,"template":"","format":"standard","meta":{"_crdt_document":"","advanced_seo_description":"","jetpack_seo_html_title":"","jetpack_seo_noindex":false,"jetpack_post_was_ever_published":false,"_jetpack_newsletter_access":"","_jetpack_dont_email_post_to_subs":false,"_jetpack_newsletter_tier_id":0,"_jetpack_memberships_contains_paywalled_content":false,"_jetpack_memberships_contains_paid_content":false,"footnotes":"","jetpack_publicize_message":"","jetpack_publicize_feature_enabled":true,"jetpack_social_post_already_shared":true,"jetpack_social_options":{"image_generator_settings":{"template":"highway","default_image_id":0,"font":"","enabled":false},"version":2}},"categories":[5],"tags":[231,180,48],"class_list":{"0":"post-3433","1":"post","2":"type-post","3":"status-publish","4":"format-standard","5":"has-post-thumbnail","7":"category-noticias","8":"tag-certamen","9":"tag-concursos","10":"tag-matematicas","11":"czr-hentry"},"jetpack_publicize_connections":[],"jetpack_featured_media_url":"https:\/\/i0.wp.com\/cepronda.com\/blog\/wp-content\/uploads\/2017\/05\/thales.png?fit=90%2C98&ssl=1","jetpack_shortlink":"https:\/\/wp.me\/p8M4X7-Tn","jetpack-related-posts":[{"id":1594,"url":"https:\/\/cepronda.com\/blog\/xxxiv-olimpiada-matematica-thales\/","url_meta":{"origin":3433,"position":0},"title":"XXXIV Olimpiada Matem\u00e1tica Thales","author":"V\u00edctor Caballero","date":"5 febrero, 2018","format":false,"excerpt":"Hola familia,\u00a0 Hoy queremos compartir con los centros de Educaci\u00f3n Secundaria\u00a0 que ya se encuentra abierto el plazo de inscripci\u00f3n para la Olimpiada Matem\u00e1tica Thales. El periodo de inscripci\u00f3n ser\u00e1 del 2 de febrero hasta las 16:00 del 2 de marzo de 2018 La fase provincial de la XXXIV edici\u00f3n\u2026","rel":"","context":"En \u00abNoticias\u00bb","block_context":{"text":"Noticias","link":"https:\/\/cepronda.com\/blog\/category\/noticias\/"},"img":{"alt_text":"","src":"https:\/\/i0.wp.com\/cepronda.com\/blog\/wp-content\/uploads\/2018\/02\/thales.png?fit=509%2C717&ssl=1&resize=350%2C200","width":350,"height":200},"classes":[]},{"id":673,"url":"https:\/\/cepronda.com\/blog\/xxxiii-olimpiada-matematica-thales\/","url_meta":{"origin":3433,"position":1},"title":"XXXIII Olimpiada Matem\u00e1tica Thales","author":"V\u00edctor Caballero","date":"15 febrero, 2017","format":false,"excerpt":"\u00a1Hola! \u00bfQu\u00e9 tal? Queremos aprovechar esta entrada para todos aquellos docentes que est\u00e9is trabajando en 2\u00ba ESO en el \u00e1rea de Matem\u00e1ticas. Y es que ya est\u00e1 abierto el plazo de inscripci\u00f3n en la XXXIII edici\u00f3n de la Olimpiada Matem\u00e1tica Thales. As\u00ed que os animamos a participar en esta Olimpiada.\u2026","rel":"","context":"En \u00abNoticias\u00bb","block_context":{"text":"Noticias","link":"https:\/\/cepronda.com\/blog\/category\/noticias\/"},"img":{"alt_text":"","src":"https:\/\/i0.wp.com\/cepronda.com\/blog\/wp-content\/uploads\/2017\/02\/thales.png?resize=350%2C200","width":350,"height":200},"classes":[]},{"id":2853,"url":"https:\/\/cepronda.com\/blog\/pruebas-de-seleccion-estalmat-2019\/","url_meta":{"origin":3433,"position":2},"title":"Pruebas de selecci\u00f3n ESTALMAT 2019","author":"V\u00edctor Caballero","date":"21 mayo, 2019","format":false,"excerpt":"Muy buenas familia, Queremos compartir con los y las docentes de matem\u00e1ticas esta informaci\u00f3n. Se trata de una iniciativa de la Sociedad Andaluza de Educaci\u00f3n Matem\u00e1tica Thales que propone una nueva edici\u00f3n de su Proyecto ESTALMAT para la selecci\u00f3n de un m\u00e1ximo de cincuenta ni\u00f1os y ni\u00f1as de centros andaluces,\u2026","rel":"","context":"En \u00abNoticias\u00bb","block_context":{"text":"Noticias","link":"https:\/\/cepronda.com\/blog\/category\/noticias\/"},"img":{"alt_text":"","src":"https:\/\/i0.wp.com\/cepronda.com\/blog\/wp-content\/uploads\/2017\/05\/thales.png?resize=350%2C200","width":350,"height":200},"classes":[]},{"id":4764,"url":"https:\/\/cepronda.com\/blog\/matematicas-manipulativas-desarrollo-de-la-competencia-matematica-infantil-y-primaria\/","url_meta":{"origin":3433,"position":3},"title":"MATEM\u00c1TICAS MANIPULATIVAS: DESARROLLO DE LA COMPETENCIA MATEM\u00c1TICA INFANTIL Y PRIMARIA","author":"V\u00edctor Caballero","date":"15 octubre, 2021","format":false,"excerpt":"Buenos d\u00edas. Os informamos que est\u00e1 abierto el plazo de inscripci\u00f3n de la formaci\u00f3n\u00a0 MATEM\u00c1TICAS MANIPULATIVAS: DESARROLLO DE LA COMPETENCIA MATEM\u00c1TICA INFANTIL Y PRIMARIA (C\u00f3digo: 222924GE043).\u00a0 Las fechas de inscripci\u00f3n son las comprendidas del 15 al 28 de octubre de 2021. La actividad se llevar\u00e1 a cabo los d\u00edas siguientes:\u2026","rel":"","context":"En \u00abFormaciones\u00bb","block_context":{"text":"Formaciones","link":"https:\/\/cepronda.com\/blog\/category\/formaciones\/"},"img":{"alt_text":"","src":"https:\/\/i0.wp.com\/cepronda.com\/blog\/wp-content\/uploads\/2021\/10\/Captura-de-pantalla-2021-10-15-a-las-13.52.24.png?fit=681%2C964&ssl=1&resize=350%2C200","width":350,"height":200,"srcset":"https:\/\/i0.wp.com\/cepronda.com\/blog\/wp-content\/uploads\/2021\/10\/Captura-de-pantalla-2021-10-15-a-las-13.52.24.png?fit=681%2C964&ssl=1&resize=350%2C200 1x, https:\/\/i0.wp.com\/cepronda.com\/blog\/wp-content\/uploads\/2021\/10\/Captura-de-pantalla-2021-10-15-a-las-13.52.24.png?fit=681%2C964&ssl=1&resize=525%2C300 1.5x"},"classes":[]},{"id":440,"url":"https:\/\/cepronda.com\/blog\/formacion-en-competencia-matematica\/","url_meta":{"origin":3433,"position":4},"title":"Formaci\u00f3n en competencia matem\u00e1tica","author":"V\u00edctor Caballero","date":"12 diciembre, 2016","format":false,"excerpt":"Hola de nuevo, En esta ocasi\u00f3n quiero comentaros que a la vuelta de las merecid\u00edsimas vacaciones de Navidad, ya con las pilas recargadas, pondremos en marcha un curso formativo en competencia matem\u00e1tica para Infantil y Primaria. Este curso est\u00e1 dirigido preferentemente al profesorado del CEIP Vicente Espinel, pero existen plazas\u2026","rel":"","context":"En \u00abFormaciones\u00bb","block_context":{"text":"Formaciones","link":"https:\/\/cepronda.com\/blog\/category\/formaciones\/"},"img":{"alt_text":"board-1103721_640","src":"https:\/\/i0.wp.com\/cepronda.com\/blog\/wp-content\/uploads\/2016\/12\/board-1103721_640.jpg?resize=350%2C200","width":350,"height":200,"srcset":"https:\/\/i0.wp.com\/cepronda.com\/blog\/wp-content\/uploads\/2016\/12\/board-1103721_640.jpg?resize=350%2C200 1x, https:\/\/i0.wp.com\/cepronda.com\/blog\/wp-content\/uploads\/2016\/12\/board-1103721_640.jpg?resize=525%2C300 1.5x"},"classes":[]},{"id":9047,"url":"https:\/\/cepronda.com\/blog\/569-mejora-de-la-competencia-matematica-en-el-aula-de-educacion-infantil-y-primaria-nivel-i\/","url_meta":{"origin":3433,"position":5},"title":"569. MEJORA DE LA COMPETENCIA MATEM\u00c1TICA EN EL AULA DE EDUCACI\u00d3N INFANTIL Y PRIMARIA. NIVEL I.","author":"Inmaculada Garc\u00eda","date":"14 noviembre, 2025","format":false,"excerpt":"Se encuentra abierto el plazo de inscripci\u00f3n para la formaci\u00f3n regional a distancia: 569. MEJORA DE LA COMPETENCIA MATEM\u00c1TICA EN EL AULA DE EDUCACI\u00d3N INFANTIL Y PRIMARIA. NIVEL I. C\u00f3digo: 269920KPF569. Con una dedicaci\u00f3n de 30 HORAS NO PRESENCIALES (AVFP). Plazo de solicitudes: 11 noviembre al 18 de noviembre. Listado\u2026","rel":"","context":"En \u00abFormaciones\u00bb","block_context":{"text":"Formaciones","link":"https:\/\/cepronda.com\/blog\/category\/formaciones\/"},"img":{"alt_text":"","src":"https:\/\/i0.wp.com\/cepronda.com\/blog\/wp-content\/uploads\/2025\/11\/Copia-de-CEP-MOTOR-INTERNACIONALIZACION-PRIMEROS-PASOS.pptx-3.jpg?fit=960%2C1200&ssl=1&resize=350%2C200","width":350,"height":200,"srcset":"https:\/\/i0.wp.com\/cepronda.com\/blog\/wp-content\/uploads\/2025\/11\/Copia-de-CEP-MOTOR-INTERNACIONALIZACION-PRIMEROS-PASOS.pptx-3.jpg?fit=960%2C1200&ssl=1&resize=350%2C200 1x, https:\/\/i0.wp.com\/cepronda.com\/blog\/wp-content\/uploads\/2025\/11\/Copia-de-CEP-MOTOR-INTERNACIONALIZACION-PRIMEROS-PASOS.pptx-3.jpg?fit=960%2C1200&ssl=1&resize=525%2C300 1.5x, https:\/\/i0.wp.com\/cepronda.com\/blog\/wp-content\/uploads\/2025\/11\/Copia-de-CEP-MOTOR-INTERNACIONALIZACION-PRIMEROS-PASOS.pptx-3.jpg?fit=960%2C1200&ssl=1&resize=700%2C400 2x"},"classes":[]}],"jetpack_sharing_enabled":true,"_links":{"self":[{"href":"https:\/\/cepronda.com\/blog\/wp-json\/wp\/v2\/posts\/3433","targetHints":{"allow":["GET"]}}],"collection":[{"href":"https:\/\/cepronda.com\/blog\/wp-json\/wp\/v2\/posts"}],"about":[{"href":"https:\/\/cepronda.com\/blog\/wp-json\/wp\/v2\/types\/post"}],"author":[{"embeddable":true,"href":"https:\/\/cepronda.com\/blog\/wp-json\/wp\/v2\/users\/3"}],"replies":[{"embeddable":true,"href":"https:\/\/cepronda.com\/blog\/wp-json\/wp\/v2\/comments?post=3433"}],"version-history":[{"count":1,"href":"https:\/\/cepronda.com\/blog\/wp-json\/wp\/v2\/posts\/3433\/revisions"}],"predecessor-version":[{"id":3434,"href":"https:\/\/cepronda.com\/blog\/wp-json\/wp\/v2\/posts\/3433\/revisions\/3434"}],"wp:featuredmedia":[{"embeddable":true,"href":"https:\/\/cepronda.com\/blog\/wp-json\/wp\/v2\/media\/858"}],"wp:attachment":[{"href":"https:\/\/cepronda.com\/blog\/wp-json\/wp\/v2\/media?parent=3433"}],"wp:term":[{"taxonomy":"category","embeddable":true,"href":"https:\/\/cepronda.com\/blog\/wp-json\/wp\/v2\/categories?post=3433"},{"taxonomy":"post_tag","embeddable":true,"href":"https:\/\/cepronda.com\/blog\/wp-json\/wp\/v2\/tags?post=3433"}],"curies":[{"name":"wp","href":"https:\/\/api.w.org\/{rel}","templated":true}]}}