{"id":3430,"date":"2020-02-14T13:51:04","date_gmt":"2020-02-14T12:51:04","guid":{"rendered":"http:\/\/cepronda.com\/blog\/?p=3430"},"modified":"2025-04-25T12:07:26","modified_gmt":"2025-04-25T10:07:26","slug":"concurso-de-video-experiencias-corto-y-jaque","status":"publish","type":"post","link":"https:\/\/cepronda.com\/blog\/concurso-de-video-experiencias-corto-y-jaque\/","title":{"rendered":"Concurso de v\u00eddeo-experiencias \u00abCORTO Y JAQUE\u00bb"},"content":{"rendered":"\n<p class=\"wp-block-paragraph\">Terminamos la semana con esta noticia, este <a href=\"http:\/\/portals.ced.junta-andalucia.es\/educacion\/portals\/web\/ced\/contenidos\/-\/contenidos\/detalle\/concurso-de-video-experiencias-corto-y-jaque\" target=\"_blank\" rel=\"noreferrer noopener\" aria-label=\"concurso (opens in a new tab)\">concurso<\/a> dirigido a los centros que est\u00e1n dentro del programa Aula DJaque. <\/p>\n\n\n\n<p class=\"wp-block-paragraph\">La Consejer\u00eda de Educaci\u00f3n y Deporte convoca la segunda edici\u00f3n del concurso de&nbsp;<strong>v\u00eddeo-experiencias 2020 CORTO Y JAQUE (CYJ)<\/strong>, dirigido al alumnado de los centros educativos que participan en el programa aulaDjaque.<\/p>\n\n\n\n<p class=\"wp-block-paragraph\">El concurso&nbsp;<strong>CYJ<\/strong>&nbsp;tiene como objetivo fomentar, a trav\u00e9s del medio audiovisual, la creatividad en el proceso educativo y, espec\u00edficamente, favorecer la elaboraci\u00f3n y el uso en el aula de aquellos recursos innovadores que est\u00e1n relacionados con la pr\u00e1ctica y ense\u00f1anza del ajedrez. Para participar ser\u00e1 imprescindible rellenar el formulario de participaci\u00f3n, adjuntando un enlace al trabajo audiovisual.<\/p>\n\n\n\n<p class=\"wp-block-paragraph\">El plazo para la recepci\u00f3n de los trabajos finalizar\u00e1 el d\u00eda 4 de mayo de 2020.<\/p>\n\n\n\n<h1 class=\"wp-block-heading\">Documentos relacionados<\/h1>\n\n\n\n<ul class=\"wp-block-list\"><li><a rel=\"noreferrer noopener\" href=\"http:\/\/portals.ced.junta-andalucia.es\/educacion\/portals\/delegate\/content\/732bfda9-94f6-4fbc-b190-cbb0ec9254eb\/Bases\" target=\"_blank\">Bases (PDF \/ 1083.03Kb)<\/a><\/li><\/ul>\n","protected":false},"excerpt":{"rendered":"<p>Terminamos la semana con esta noticia, este concurso dirigido a los centros que est\u00e1n dentro del programa Aula DJaque. La Consejer\u00eda de Educaci\u00f3n y Deporte convoca la segunda edici\u00f3n del concurso de&nbsp;v\u00eddeo-experiencias 2020 CORTO Y JAQUE (CYJ), dirigido al alumnado de los centros educativos que participan en el programa aulaDjaque. El concurso&nbsp;CYJ&nbsp;tiene como objetivo fomentar, [&hellip;]<\/p>\n","protected":false},"author":3,"featured_media":2849,"comment_status":"open","ping_status":"open","sticky":false,"template":"","format":"standard","meta":{"_crdt_document":"","advanced_seo_description":"","jetpack_seo_html_title":"","jetpack_seo_noindex":false,"jetpack_post_was_ever_published":false,"_jetpack_newsletter_access":"","_jetpack_dont_email_post_to_subs":false,"_jetpack_newsletter_tier_id":0,"_jetpack_memberships_contains_paywalled_content":false,"_jetpack_memberships_contains_paid_content":false,"footnotes":"","jetpack_publicize_message":"","jetpack_publicize_feature_enabled":true,"jetpack_social_post_already_shared":true,"jetpack_social_options":{"image_generator_settings":{"template":"highway","default_image_id":0,"font":"","enabled":false},"version":2}},"categories":[5],"tags":[142,231,180],"class_list":{"0":"post-3430","1":"post","2":"type-post","3":"status-publish","4":"format-standard","5":"has-post-thumbnail","7":"category-noticias","8":"tag-ajedrez","9":"tag-certamen","10":"tag-concursos","11":"czr-hentry"},"jetpack_publicize_connections":[],"jetpack_featured_media_url":"https:\/\/i0.wp.com\/cepronda.com\/blog\/wp-content\/uploads\/2019\/05\/logo-nuevo.jpg?fit=531%2C342&ssl=1","jetpack_shortlink":"https:\/\/wp.me\/p8M4X7-Tk","jetpack-related-posts":[{"id":2823,"url":"https:\/\/cepronda.com\/blog\/concurso-de-videoexperiencias-auladjaque-2019-show-your-best-move-sybm\/","url_meta":{"origin":3430,"position":0},"title":"Concurso de v\u00eddeoexperiencias aulaDjaque 2019 SHOW YOUR BEST MOVE (SYBM)","author":"V\u00edctor Caballero","date":"20 mayo, 2019","format":false,"excerpt":"Muy buenas a todas y a todos, Compartimos esta informaci\u00f3n dirigida a aquellos centros que este curso hayan estado inscritos en el programa Aula DJaque, por si es de vuestro inter\u00e9s. La Consejer\u00eda de Educaci\u00f3n y Deporte convoca la primera edici\u00f3n del concurso de\u00a0v\u00eddeoexperiencias aulaDjaque 2019 SHOW YOUR BEST MOVE\u2026","rel":"","context":"En \u00abNoticias\u00bb","block_context":{"text":"Noticias","link":"https:\/\/cepronda.com\/blog\/category\/noticias\/"},"img":{"alt_text":"","src":"https:\/\/i0.wp.com\/cepronda.com\/blog\/wp-content\/uploads\/2019\/05\/pawns-3467512_1920-1.jpg?resize=350%2C200&ssl=1","width":350,"height":200,"srcset":"https:\/\/i0.wp.com\/cepronda.com\/blog\/wp-content\/uploads\/2019\/05\/pawns-3467512_1920-1.jpg?resize=350%2C200&ssl=1 1x, https:\/\/i0.wp.com\/cepronda.com\/blog\/wp-content\/uploads\/2019\/05\/pawns-3467512_1920-1.jpg?resize=525%2C300&ssl=1 1.5x, https:\/\/i0.wp.com\/cepronda.com\/blog\/wp-content\/uploads\/2019\/05\/pawns-3467512_1920-1.jpg?resize=700%2C400&ssl=1 2x, https:\/\/i0.wp.com\/cepronda.com\/blog\/wp-content\/uploads\/2019\/05\/pawns-3467512_1920-1.jpg?resize=1050%2C600&ssl=1 3x, https:\/\/i0.wp.com\/cepronda.com\/blog\/wp-content\/uploads\/2019\/05\/pawns-3467512_1920-1.jpg?resize=1400%2C800&ssl=1 4x"},"classes":[]},{"id":125,"url":"https:\/\/cepronda.com\/blog\/inscripcion-vii-concurso-buenas-practicas-educativas\/","url_meta":{"origin":3430,"position":1},"title":"Inscripci\u00f3n VII Concurso Buenas Pr\u00e1cticas Educativas","author":"V\u00edctor Caballero","date":"22 septiembre, 2016","format":false,"excerpt":"Queremos compartir con todo el profesorado este concurso de Buenas Pr\u00e1cticas Educativas. La Asociaci\u00f3n Mejora tu Escuela P\u00fablica convoca la s\u00e9ptima edici\u00f3n de su concurso de Buenas Pr\u00e1cticas Educativas, en el que podr\u00e1n participar las experiencias educativas llevadas a cabo durante el curso 2015\/2016 en centros p\u00fablicos del Estado Espa\u00f1ol.\u2026","rel":"","context":"En \u00abNoticias\u00bb","block_context":{"text":"Noticias","link":"https:\/\/cepronda.com\/blog\/category\/noticias\/"},"img":{"alt_text":"logomep","src":"https:\/\/i0.wp.com\/cepronda.com\/blog\/wp-content\/uploads\/2016\/09\/logoMEP.png?resize=350%2C200","width":350,"height":200},"classes":[]},{"id":3279,"url":"https:\/\/cepronda.com\/blog\/x-concurso-de-buenas-practicas-educativas-de-la-asociacion-mejora-tu-escuela-publica\/","url_meta":{"origin":3430,"position":2},"title":"X concurso de Buenas Pr\u00e1cticas Educativas de la Asociaci\u00f3n &quot;Mejora tu Escuela P\u00fablica&quot;","author":"V\u00edctor Caballero","date":"7 enero, 2020","format":false,"excerpt":"La Asociaci\u00f3n Mejora tu Escuela P\u00fablica convoca la d\u00e9cima edici\u00f3n de su Concurso Nacional de Buenas Pr\u00e1cticas Educativas, en el que podr\u00e1n participar las experiencias educativas llevadas a cabo durante el curso 2018\/19 y\/o 2019\/2020 en centros p\u00fablicos del Estado Espa\u00f1ol. Podr\u00e1n participar los Profesores a nivel personal o colectivo,\u2026","rel":"","context":"En \u00abNoticias\u00bb","block_context":{"text":"Noticias","link":"https:\/\/cepronda.com\/blog\/category\/noticias\/"},"img":{"alt_text":"","src":"https:\/\/i0.wp.com\/cepronda.com\/blog\/wp-content\/uploads\/2019\/05\/logo-nuevo.jpg?fit=531%2C342&ssl=1&resize=350%2C200","width":350,"height":200,"srcset":"https:\/\/i0.wp.com\/cepronda.com\/blog\/wp-content\/uploads\/2019\/05\/logo-nuevo.jpg?fit=531%2C342&ssl=1&resize=350%2C200 1x, https:\/\/i0.wp.com\/cepronda.com\/blog\/wp-content\/uploads\/2019\/05\/logo-nuevo.jpg?fit=531%2C342&ssl=1&resize=525%2C300 1.5x"},"classes":[]},{"id":2456,"url":"https:\/\/cepronda.com\/blog\/19-de-noviembre-dia-mundial-del-ajedrez\/","url_meta":{"origin":3430,"position":3},"title":"19 de Noviembre, D\u00eda Mundial del Ajedrez","author":"V\u00edctor Caballero","date":"19 noviembre, 2018","format":false,"excerpt":"\u00bfQu\u00e9 tal familia? Comenzamos semana lluviosa compartiendo con todos los centros la celebraci\u00f3n del d\u00eda mundial de ajedrez.\u00a0 Cada 19 de noviembre se celebra el D\u00eda Mundial del Ajedrez. Esta fecha fue instaurada en 1988 por la Federaci\u00f3n Internacional de Ajedrez (FIDE) en homenaje al campe\u00f3n del mundo Jos\u00e9 Ra\u00fal\u2026","rel":"","context":"En \u00abNoticias\u00bb","block_context":{"text":"Noticias","link":"https:\/\/cepronda.com\/blog\/category\/noticias\/"},"img":{"alt_text":"","src":"https:\/\/i0.wp.com\/cepronda.com\/blog\/wp-content\/uploads\/2018\/11\/pawns-3467512_1920.jpg?fit=1200%2C855&ssl=1&resize=350%2C200","width":350,"height":200,"srcset":"https:\/\/i0.wp.com\/cepronda.com\/blog\/wp-content\/uploads\/2018\/11\/pawns-3467512_1920.jpg?fit=1200%2C855&ssl=1&resize=350%2C200 1x, https:\/\/i0.wp.com\/cepronda.com\/blog\/wp-content\/uploads\/2018\/11\/pawns-3467512_1920.jpg?fit=1200%2C855&ssl=1&resize=525%2C300 1.5x, https:\/\/i0.wp.com\/cepronda.com\/blog\/wp-content\/uploads\/2018\/11\/pawns-3467512_1920.jpg?fit=1200%2C855&ssl=1&resize=700%2C400 2x, https:\/\/i0.wp.com\/cepronda.com\/blog\/wp-content\/uploads\/2018\/11\/pawns-3467512_1920.jpg?fit=1200%2C855&ssl=1&resize=1050%2C600 3x"},"classes":[]},{"id":3166,"url":"https:\/\/cepronda.com\/blog\/concurso-de-meritos-para-la-seleccion-de-directores-y-directoras-de-centros-docentes-publicos-no-universitarios\/","url_meta":{"origin":3430,"position":4},"title":"Concurso de m\u00e9ritos para la selecci\u00f3n de directores y directoras de centros docentes p\u00fablicos no universitarios","author":"V\u00edctor Caballero","date":"25 noviembre, 2019","format":false,"excerpt":"Muy buenas familia, Comunicamos a todas las personas interesadas que acaba de salir publicada la resoluci\u00f3n de 19 de noviembre de 2019, por la que se convoca concurso de m\u00e9ritos para la selecci\u00f3n de directores y directoras de centros docentes p\u00fablicos no universitarios de titularidad de la Junta de Andaluc\u00eda.\u2026","rel":"","context":"En \u00abFormaciones\u00bb","block_context":{"text":"Formaciones","link":"https:\/\/cepronda.com\/blog\/category\/formaciones\/"},"img":{"alt_text":"","src":"https:\/\/i0.wp.com\/cepronda.com\/blog\/wp-content\/uploads\/2019\/05\/logo-nuevo.jpg?resize=350%2C200&ssl=1","width":350,"height":200,"srcset":"https:\/\/i0.wp.com\/cepronda.com\/blog\/wp-content\/uploads\/2019\/05\/logo-nuevo.jpg?resize=350%2C200&ssl=1 1x, https:\/\/i0.wp.com\/cepronda.com\/blog\/wp-content\/uploads\/2019\/05\/logo-nuevo.jpg?resize=525%2C300&ssl=1 1.5x"},"classes":[]},{"id":3469,"url":"https:\/\/cepronda.com\/blog\/ii-concurso-de-dibujo-y-relato-corto-por-un-mundo-en-igualdad-del-plan-director\/","url_meta":{"origin":3430,"position":5},"title":"II Concurso de dibujo y relato corto \u201cPor un mundo en igualdad\u201d del Plan Director","author":"V\u00edctor Caballero","date":"9 marzo, 2020","format":false,"excerpt":"La Subdelegaci\u00f3n del Gobierno, a trav\u00e9s del\u00a0Plan Director\u00a0y de la Unidad contra la violencia sobre la mujer, organiza, con motivo del 8M, la segunda edici\u00f3n del Concurso de Dibujo y Relato Corto\u00a0\u00abPor un mundo en igualdad\u00bb\u00a0en colaboraci\u00f3n con la Fundaci\u00f3n M\u00e1laga CF, la Fundaci\u00f3n Cueva de Nerja y El Corte\u2026","rel":"","context":"En \u00abNoticias\u00bb","block_context":{"text":"Noticias","link":"https:\/\/cepronda.com\/blog\/category\/noticias\/"},"img":{"alt_text":"","src":"https:\/\/i0.wp.com\/cepronda.com\/blog\/wp-content\/uploads\/2020\/03\/plan-director.png?resize=350%2C200","width":350,"height":200},"classes":[]}],"jetpack_sharing_enabled":true,"_links":{"self":[{"href":"https:\/\/cepronda.com\/blog\/wp-json\/wp\/v2\/posts\/3430","targetHints":{"allow":["GET"]}}],"collection":[{"href":"https:\/\/cepronda.com\/blog\/wp-json\/wp\/v2\/posts"}],"about":[{"href":"https:\/\/cepronda.com\/blog\/wp-json\/wp\/v2\/types\/post"}],"author":[{"embeddable":true,"href":"https:\/\/cepronda.com\/blog\/wp-json\/wp\/v2\/users\/3"}],"replies":[{"embeddable":true,"href":"https:\/\/cepronda.com\/blog\/wp-json\/wp\/v2\/comments?post=3430"}],"version-history":[{"count":1,"href":"https:\/\/cepronda.com\/blog\/wp-json\/wp\/v2\/posts\/3430\/revisions"}],"predecessor-version":[{"id":3431,"href":"https:\/\/cepronda.com\/blog\/wp-json\/wp\/v2\/posts\/3430\/revisions\/3431"}],"wp:featuredmedia":[{"embeddable":true,"href":"https:\/\/cepronda.com\/blog\/wp-json\/wp\/v2\/media\/2849"}],"wp:attachment":[{"href":"https:\/\/cepronda.com\/blog\/wp-json\/wp\/v2\/media?parent=3430"}],"wp:term":[{"taxonomy":"category","embeddable":true,"href":"https:\/\/cepronda.com\/blog\/wp-json\/wp\/v2\/categories?post=3430"},{"taxonomy":"post_tag","embeddable":true,"href":"https:\/\/cepronda.com\/blog\/wp-json\/wp\/v2\/tags?post=3430"}],"curies":[{"name":"wp","href":"https:\/\/api.w.org\/{rel}","templated":true}]}}