{"id":341,"date":"2016-11-16T18:31:17","date_gmt":"2016-11-16T17:31:17","guid":{"rendered":"http:\/\/cepronda.com\/blog\/?p=341"},"modified":"2016-11-16T18:31:17","modified_gmt":"2016-11-16T17:31:17","slug":"exposicion-andalucia-la-imagen-cartografica-malaga","status":"publish","type":"post","link":"https:\/\/cepronda.com\/blog\/exposicion-andalucia-la-imagen-cartografica-malaga\/","title":{"rendered":"Exposici\u00f3n: ANDALUCIA LA IMAGEN CARTOGR\u00c1FICA, M\u00e1laga"},"content":{"rendered":"<p>\u00a1Hola de nuevo!<\/p>\n<p>Nos ha llegado una informaci\u00f3n sobre una <a href=\"http:\/\/www.malaga.es\/bibcanovas\/2173\/com1_fb-0\/com1_md3_cd-11545\/\" target=\"_blank\">exposici\u00f3n<\/a> que creemos os puede resultar interesante a los centros para visitar con vuestro alumnado, ya que adem\u00e1s de la exposici\u00f3n cartogr\u00e1fica ponen a disposici\u00f3n de los centros un taller did\u00e1ctico en el que de forma amena aprender\u00e1n a reconocer los principales elementos de un mapa, a distinguir distintos tipos de cartograf\u00eda y se repasar\u00e1n algunos conceptos claves del mundo cartogr\u00e1fico (escalas, coordenadas,&#8230;).<\/p>\n<p>Esta exposici\u00f3n estar\u00e1 hasta el 24 de noviembre en la sala de exposiciones de la <a href=\"https:\/\/www.google.es\/maps\/place\/Universidad+Internacional+de+Andaluc%C3%ADa+Informaci%C3%B3n\/@36.718955,-4.4291027,17z\/data=!4m5!3m4!1s0xd72f02c3fe38b6d:0x2995e40663576ad6!8m2!3d36.718955!4d-4.426914\" target=\"_blank\">Universidad Internacional de Andaluc\u00eda<\/a>. Y si quer\u00e9is participar en el taller deber\u00e9is llamar al tel\u00e9fono 900 101 407 para hacer la reserva.<\/p>\n<p><a href=\"http:\/\/www.bibliotecavirtualdeandalucia.es\/catalogo\/exposicion\/expovirtual\/\" target=\"_blank\"><img data-recalc-dims=\"1\" loading=\"lazy\" decoding=\"async\" class=\"aligncenter wp-image-342\" src=\"https:\/\/i0.wp.com\/cepronda.com\/blog\/wp-content\/uploads\/2016\/11\/Jornadas-EXPO.png?resize=456%2C462\" alt=\"jornadas-expo\" width=\"456\" height=\"462\" \/><\/a><\/p>\n<p>&nbsp;<\/p>\n","protected":false},"excerpt":{"rendered":"<p>\u00a1Hola de nuevo! Nos ha llegado una informaci\u00f3n sobre una exposici\u00f3n que creemos os puede resultar interesante a los centros para visitar con vuestro alumnado, ya que adem\u00e1s de la exposici\u00f3n cartogr\u00e1fica ponen a disposici\u00f3n de los centros un taller did\u00e1ctico en el que de forma amena aprender\u00e1n a reconocer los principales elementos de un [&hellip;]<\/p>\n","protected":false},"author":3,"featured_media":342,"comment_status":"open","ping_status":"open","sticky":false,"template":"","format":"standard","meta":{"_crdt_document":"","advanced_seo_description":"","jetpack_seo_html_title":"","jetpack_seo_noindex":false,"jetpack_post_was_ever_published":false,"_jetpack_newsletter_access":"","_jetpack_dont_email_post_to_subs":false,"_jetpack_newsletter_tier_id":0,"_jetpack_memberships_contains_paywalled_content":false,"_jetpack_memberships_contains_paid_content":false,"footnotes":"","jetpack_publicize_message":"","jetpack_publicize_feature_enabled":true,"jetpack_social_post_already_shared":false,"jetpack_social_options":{"image_generator_settings":{"template":"highway","default_image_id":0,"font":"","enabled":false},"version":2}},"categories":[5],"tags":[33],"class_list":{"0":"post-341","1":"post","2":"type-post","3":"status-publish","4":"format-standard","5":"has-post-thumbnail","7":"category-noticias","8":"tag-geografia","9":"czr-hentry"},"jetpack_publicize_connections":[],"jetpack_featured_media_url":"","jetpack_shortlink":"https:\/\/wp.me\/p8M4X7-5v","jetpack-related-posts":[{"id":3101,"url":"https:\/\/cepronda.com\/blog\/concurso-escolar-andalucia-en-un-mapa\/","url_meta":{"origin":341,"position":0},"title":"Concurso escolar \u00abAndaluc\u00eda en un mapa\u00bb","author":"V\u00edctor Caballero","date":"17 octubre, 2019","format":false,"excerpt":"El objeto de este concurso es promover la utilizaci\u00f3n de la cartograf\u00eda y la estad\u00edstica entre la comunidad escolar como herramientas did\u00e1cticas y de representaci\u00f3n creativa del territorio andaluz, con el fin \u00faltimo de aproximar a las personas participantes en el concurso a la importancia que la representaci\u00f3n cartogr\u00e1fica y\u2026","rel":"","context":"En \u00abNoticias\u00bb","block_context":{"text":"Noticias","link":"https:\/\/cepronda.com\/blog\/category\/noticias\/"},"img":{"alt_text":"","src":"","width":0,"height":0},"classes":[]},{"id":5854,"url":"https:\/\/cepronda.com\/blog\/exposicion-fotografica-con-ojos-de-mujer-en-el-cep-de-ronda\/","url_meta":{"origin":341,"position":1},"title":"EXPOSICI\u00d3N FOTOGR\u00c1FICA \u00abCON OJOS DE MUJER\u00bb EN EL CEP DE RONDA","author":"Mamen Moreno","date":"21 marzo, 2023","format":false,"excerpt":"Os invitamos a la exposici\u00f3n de fotograf\u00eda itinerante de USTEA, en el CEP de Ronda, con la finalidad de continuar con su apuesta de impulsar una educaci\u00f3n en igualdad, as\u00ed como promocionar la creaci\u00f3n art\u00edstica y la participaci\u00f3n de las mujeres a trav\u00e9s de la fotograf\u00eda. Se pone a disposici\u00f3n\u2026","rel":"","context":"En \u00abFormaciones\u00bb","block_context":{"text":"Formaciones","link":"https:\/\/cepronda.com\/blog\/category\/formaciones\/"},"img":{"alt_text":"","src":"https:\/\/i0.wp.com\/cepronda.com\/blog\/wp-content\/uploads\/2023\/03\/CURSO-2.jpg?fit=1080%2C1080&ssl=1&resize=350%2C200","width":350,"height":200,"srcset":"https:\/\/i0.wp.com\/cepronda.com\/blog\/wp-content\/uploads\/2023\/03\/CURSO-2.jpg?fit=1080%2C1080&ssl=1&resize=350%2C200 1x, https:\/\/i0.wp.com\/cepronda.com\/blog\/wp-content\/uploads\/2023\/03\/CURSO-2.jpg?fit=1080%2C1080&ssl=1&resize=525%2C300 1.5x, https:\/\/i0.wp.com\/cepronda.com\/blog\/wp-content\/uploads\/2023\/03\/CURSO-2.jpg?fit=1080%2C1080&ssl=1&resize=700%2C400 2x, https:\/\/i0.wp.com\/cepronda.com\/blog\/wp-content\/uploads\/2023\/03\/CURSO-2.jpg?fit=1080%2C1080&ssl=1&resize=1050%2C600 3x"},"classes":[]},{"id":2588,"url":"https:\/\/cepronda.com\/blog\/exposicion-bachillerato-artistico-ies-martin-rivero\/","url_meta":{"origin":341,"position":2},"title":"Exposici\u00f3n Bachillerato Art\u00edstico IES Mart\u00edn Rivero","author":"V\u00edctor Caballero","date":"17 enero, 2019","format":false,"excerpt":"\u00a1Hola familia! Compartimos con todos los centros de nuestra zona esta noticia. Y es que el Bachillerato de Bellas Artes del IES Mart\u00edn Rivero ha organziado una exposici\u00f3n para celebrar el 20\u00ba Aniversario de esta modalidad organizada por el IES Mart\u00edn Rivero. Las visitas ser\u00e1n guiadas, dirigidas al alumnado de\u2026","rel":"","context":"En \u00abNoticias\u00bb","block_context":{"text":"Noticias","link":"https:\/\/cepronda.com\/blog\/category\/noticias\/"},"img":{"alt_text":"","src":"https:\/\/i0.wp.com\/cepronda.com\/blog\/wp-content\/uploads\/2019\/01\/expo20ba.jpg?fit=931%2C1200&ssl=1&resize=350%2C200","width":350,"height":200,"srcset":"https:\/\/i0.wp.com\/cepronda.com\/blog\/wp-content\/uploads\/2019\/01\/expo20ba.jpg?fit=931%2C1200&ssl=1&resize=350%2C200 1x, https:\/\/i0.wp.com\/cepronda.com\/blog\/wp-content\/uploads\/2019\/01\/expo20ba.jpg?fit=931%2C1200&ssl=1&resize=525%2C300 1.5x, https:\/\/i0.wp.com\/cepronda.com\/blog\/wp-content\/uploads\/2019\/01\/expo20ba.jpg?fit=931%2C1200&ssl=1&resize=700%2C400 2x"},"classes":[]},{"id":5307,"url":"https:\/\/cepronda.com\/blog\/la-realidad-de-los-centros-publicos-rurales-revista-andalucia-educativa\/","url_meta":{"origin":341,"position":3},"title":"LA REALIDAD DE LOS CENTROS P\u00daBLICOS RURALES. REVISTA ANDALUC\u00cdA EDUCATIVA.","author":"Inmaculada Garc\u00eda","date":"12 mayo, 2022","format":false,"excerpt":"Estimados compa\u00f1eros y compa\u00f1eras, el pasado 26 de abril la revista Andaluc\u00eda Educativa public\u00f3 un art\u00edculo en el que contamos las necesidades detectadas en los CPRs de nuestra zona desde el CEP de Ronda y su asesor\u00eda de referencia, as\u00ed como las diferentes acciones que llevamos a cabo en esta\u2026","rel":"","context":"En \u00abNoticias\u00bb","block_context":{"text":"Noticias","link":"https:\/\/cepronda.com\/blog\/category\/noticias\/"},"img":{"alt_text":"","src":"https:\/\/i0.wp.com\/cepronda.com\/blog\/wp-content\/uploads\/2022\/05\/Captura-de-pantalla-104.png?fit=608%2C596&ssl=1&resize=350%2C200","width":350,"height":200,"srcset":"https:\/\/i0.wp.com\/cepronda.com\/blog\/wp-content\/uploads\/2022\/05\/Captura-de-pantalla-104.png?fit=608%2C596&ssl=1&resize=350%2C200 1x, https:\/\/i0.wp.com\/cepronda.com\/blog\/wp-content\/uploads\/2022\/05\/Captura-de-pantalla-104.png?fit=608%2C596&ssl=1&resize=525%2C300 1.5x"},"classes":[]},{"id":384,"url":"https:\/\/cepronda.com\/blog\/exposicion-es-natural-diversidad-en-el-reino-animal\/","url_meta":{"origin":341,"position":4},"title":"Exposici\u00f3n \u00abES NATURAL: diversidad en el reino animal\u00bb","author":"V\u00edctor Caballero","date":"25 noviembre, 2016","format":false,"excerpt":"Hola a todas y a todos, \u00a0 Os informaros de una actividad que tendr\u00e1 lugar el pr\u00f3ximo mi\u00e9rcoles d\u00eda 30 de noviembre aqu\u00ed en el CEP de Ronda, y que creemos que puede resultar muy interesante. \u00a0 Desde la Federaci\u00f3n Arco Iris, de M\u00e1laga, se pusieron en contacto con el\u2026","rel":"","context":"En \u00abNoticias\u00bb","block_context":{"text":"Noticias","link":"https:\/\/cepronda.com\/blog\/category\/noticias\/"},"img":{"alt_text":"zz-imagenes-sueltas-ovejas","src":"https:\/\/i0.wp.com\/cepronda.com\/blog\/wp-content\/uploads\/2016\/11\/zz-imagenes-sueltas-OVEJAS.jpg?resize=350%2C200","width":350,"height":200},"classes":[]},{"id":9484,"url":"https:\/\/cepronda.com\/blog\/la-coordinacion-del-bienestar-y-proteccion-del-alumnado-en-centros-docentes-de-andalucia\/","url_meta":{"origin":341,"position":5},"title":"LA COORDINACI\u00d3N DEL BIENESTAR Y PROTECCI\u00d3N DEL ALUMNADO EN CENTROS DOCENTES DE ANDALUC\u00cdA","author":"Inmaculada Garc\u00eda","date":"27 marzo, 2026","format":false,"excerpt":"Se encuentra abierto el plazo de inscripci\u00f3n para la formaci\u00f3n provincial a distancia: LA COORDINACI\u00d3N DEL BIENESTAR Y PROTECCI\u00d3N DEL ALUMNADO EN CENTROS DOCENTES DE ANDALUC\u00cdA, con c\u00f3digo: 269923CI437 \u00bfEres la persona encargada de la coordinaci\u00f3n de bienestar en tu centro? Esta actividad es para ti. Potencia la seguridad y\u2026","rel":"","context":"En \u00abFormaciones\u00bb","block_context":{"text":"Formaciones","link":"https:\/\/cepronda.com\/blog\/category\/formaciones\/"},"img":{"alt_text":"","src":"https:\/\/i0.wp.com\/cepronda.com\/blog\/wp-content\/uploads\/2026\/03\/Modelo-Plantilla-publicaciones.jpg?fit=960%2C1200&ssl=1&resize=350%2C200","width":350,"height":200,"srcset":"https:\/\/i0.wp.com\/cepronda.com\/blog\/wp-content\/uploads\/2026\/03\/Modelo-Plantilla-publicaciones.jpg?fit=960%2C1200&ssl=1&resize=350%2C200 1x, https:\/\/i0.wp.com\/cepronda.com\/blog\/wp-content\/uploads\/2026\/03\/Modelo-Plantilla-publicaciones.jpg?fit=960%2C1200&ssl=1&resize=525%2C300 1.5x, https:\/\/i0.wp.com\/cepronda.com\/blog\/wp-content\/uploads\/2026\/03\/Modelo-Plantilla-publicaciones.jpg?fit=960%2C1200&ssl=1&resize=700%2C400 2x"},"classes":[]}],"jetpack_sharing_enabled":true,"_links":{"self":[{"href":"https:\/\/cepronda.com\/blog\/wp-json\/wp\/v2\/posts\/341","targetHints":{"allow":["GET"]}}],"collection":[{"href":"https:\/\/cepronda.com\/blog\/wp-json\/wp\/v2\/posts"}],"about":[{"href":"https:\/\/cepronda.com\/blog\/wp-json\/wp\/v2\/types\/post"}],"author":[{"embeddable":true,"href":"https:\/\/cepronda.com\/blog\/wp-json\/wp\/v2\/users\/3"}],"replies":[{"embeddable":true,"href":"https:\/\/cepronda.com\/blog\/wp-json\/wp\/v2\/comments?post=341"}],"version-history":[{"count":0,"href":"https:\/\/cepronda.com\/blog\/wp-json\/wp\/v2\/posts\/341\/revisions"}],"wp:featuredmedia":[{"embeddable":true,"href":"https:\/\/cepronda.com\/blog\/wp-json\/"}],"wp:attachment":[{"href":"https:\/\/cepronda.com\/blog\/wp-json\/wp\/v2\/media?parent=341"}],"wp:term":[{"taxonomy":"category","embeddable":true,"href":"https:\/\/cepronda.com\/blog\/wp-json\/wp\/v2\/categories?post=341"},{"taxonomy":"post_tag","embeddable":true,"href":"https:\/\/cepronda.com\/blog\/wp-json\/wp\/v2\/tags?post=341"}],"curies":[{"name":"wp","href":"https:\/\/api.w.org\/{rel}","templated":true}]}}