{"id":3403,"date":"2020-02-12T18:47:47","date_gmt":"2020-02-12T17:47:47","guid":{"rendered":"http:\/\/cepronda.com\/blog\/?p=3403"},"modified":"2020-02-12T18:47:56","modified_gmt":"2020-02-12T17:47:56","slug":"dolor-ante-el-nuevo-asesinato-machista","status":"publish","type":"post","link":"https:\/\/cepronda.com\/blog\/dolor-ante-el-nuevo-asesinato-machista\/","title":{"rendered":"Dolor ante el nuevo asesinato machista"},"content":{"rendered":"\n<p class=\"wp-block-paragraph\">Muy buenas familia, <\/p>\n\n\n\n<p class=\"wp-block-paragraph\">Sabemos que, muchos y muchas de nosotras lamentamos profundamente todos los asesinatos machistas que, por desgracia, se siguen produciendo en nuestro pa\u00eds. Pero hay ocasiones en las que estos nos resultan m\u00e1s cercanos, y esto fue lo sucedido con el asesinato cometido el domingo pasado en Granada. Ana era maestra y coordinadora de igualdad de su centro, y aunque no la conoc\u00edamos personalmente, nos podemos imaginar sus ganas de vivir, ense\u00f1ar, aprender, disfrutar,&#8230;<\/p>\n\n\n\n<p class=\"wp-block-paragraph\">En algunos de nuestros centros se han producido peque\u00f1os homenajes y actos simb\u00f3licos en contra de este asesinato. Desde el CEIP San Jos\u00e9 Obrero de Cuevas del Becerro nos hacen llegar esta foto&#8230;<\/p>\n\n\n\n<figure class=\"wp-block-image size-large\"><img loading=\"lazy\" decoding=\"async\" width=\"1600\" height=\"1200\" src=\"https:\/\/i2.wp.com\/cepronda.com\/blog\/wp-content\/uploads\/2020\/02\/CEIP-San-Jos\u00e9-Obrero.jpeg?fit=1024%2C768\" alt=\"\" class=\"wp-image-3404\" srcset=\"https:\/\/i0.wp.com\/cepronda.com\/blog\/wp-content\/uploads\/2020\/02\/CEIP-San-Jos%C3%A9-Obrero.jpeg?w=1600&amp;ssl=1 1600w, https:\/\/i0.wp.com\/cepronda.com\/blog\/wp-content\/uploads\/2020\/02\/CEIP-San-Jos%C3%A9-Obrero.jpeg?resize=300%2C225&amp;ssl=1 300w, https:\/\/i0.wp.com\/cepronda.com\/blog\/wp-content\/uploads\/2020\/02\/CEIP-San-Jos%C3%A9-Obrero.jpeg?resize=1024%2C768&amp;ssl=1 1024w, https:\/\/i0.wp.com\/cepronda.com\/blog\/wp-content\/uploads\/2020\/02\/CEIP-San-Jos%C3%A9-Obrero.jpeg?resize=768%2C576&amp;ssl=1 768w, https:\/\/i0.wp.com\/cepronda.com\/blog\/wp-content\/uploads\/2020\/02\/CEIP-San-Jos%C3%A9-Obrero.jpeg?resize=1536%2C1152&amp;ssl=1 1536w\" sizes=\"auto, (max-width: 1170px) 100vw, 1170px\" \/><figcaption>El CEIP San Jos\u00e9 Obrero de Cuevas del Becerro dibuja flores para no olvidarte Se\u00f1o Ana<\/figcaption><\/figure>\n\n\n\n<p class=\"wp-block-paragraph\">Desde el CEP de Ronda nos sumamos a todos estos actos, y seguiremos poniendo todas nuestras energ\u00edas en seguir educando en igualdad en nuestros centros. <\/p>\n","protected":false},"excerpt":{"rendered":"<p>Muy buenas familia, Sabemos que, muchos y muchas de nosotras lamentamos profundamente todos los asesinatos machistas que, por desgracia, se siguen produciendo en nuestro pa\u00eds. Pero hay ocasiones en las que estos nos resultan m\u00e1s cercanos, y esto fue lo sucedido con el asesinato cometido el domingo pasado en Granada. Ana era maestra y coordinadora [&hellip;]<\/p>\n","protected":false},"author":3,"featured_media":3404,"comment_status":"open","ping_status":"open","sticky":false,"template":"","format":"standard","meta":{"_crdt_document":"","advanced_seo_description":"","jetpack_seo_html_title":"","jetpack_seo_noindex":false,"jetpack_post_was_ever_published":false,"_jetpack_newsletter_access":"","_jetpack_dont_email_post_to_subs":false,"_jetpack_newsletter_tier_id":0,"_jetpack_memberships_contains_paywalled_content":false,"_jetpack_memberships_contains_paid_content":false,"footnotes":"","jetpack_publicize_message":"","jetpack_publicize_feature_enabled":true,"jetpack_social_post_already_shared":true,"jetpack_social_options":{"image_generator_settings":{"template":"highway","default_image_id":0,"font":"","enabled":false},"version":2}},"categories":[5],"tags":[37],"class_list":{"0":"post-3403","1":"post","2":"type-post","3":"status-publish","4":"format-standard","5":"has-post-thumbnail","7":"category-noticias","8":"tag-igualdad","9":"czr-hentry"},"jetpack_publicize_connections":[],"jetpack_featured_media_url":"https:\/\/i0.wp.com\/cepronda.com\/blog\/wp-content\/uploads\/2020\/02\/CEIP-San-Jos%C3%A9-Obrero.jpeg?fit=1600%2C1200&ssl=1","jetpack_shortlink":"https:\/\/wp.me\/p8M4X7-ST","jetpack-related-posts":[{"id":766,"url":"https:\/\/cepronda.com\/blog\/ix-jornada-de-equipos-directivos-y-responsables-del-plan-de-igualdad\/","url_meta":{"origin":3403,"position":0},"title":"IX Jornada de Equipos directivos y responsables del plan de igualdad","author":"V\u00edctor Caballero","date":"5 abril, 2017","format":false,"excerpt":"Muy buenas familia, Tras la \"locura\" de esta ma\u00f1ana, y a\u00fan con las buenas sensaciones vividas y lo aprendido en la ma\u00f1ana de hoy, os dejo con las fotos realizadas. Espero que todos y todas est\u00e9is tan satisfechas como estamos aqu\u00ed en el CEP, creemos realmente que han sido productivas\u2026","rel":"","context":"En \u00abNoticias\u00bb","block_context":{"text":"Noticias","link":"https:\/\/cepronda.com\/blog\/category\/noticias\/"},"img":{"alt_text":"","src":"https:\/\/i0.wp.com\/cepronda.com\/blog\/wp-content\/uploads\/2017\/05\/team-2044760_640.jpg?fit=640%2C479&ssl=1&resize=350%2C200","width":350,"height":200,"srcset":"https:\/\/i0.wp.com\/cepronda.com\/blog\/wp-content\/uploads\/2017\/05\/team-2044760_640.jpg?fit=640%2C479&ssl=1&resize=350%2C200 1x, https:\/\/i0.wp.com\/cepronda.com\/blog\/wp-content\/uploads\/2017\/05\/team-2044760_640.jpg?fit=640%2C479&ssl=1&resize=525%2C300 1.5x"},"classes":[]},{"id":1280,"url":"https:\/\/cepronda.com\/blog\/nuevo-curso-sobre-coeducacion-e-igualdad\/","url_meta":{"origin":3403,"position":1},"title":"Nuevo curso sobre coeducaci\u00f3n e igualdad","author":"V\u00edctor Caballero","date":"25 septiembre, 2017","format":false,"excerpt":"Muy buenas, Uno de nuestros objetivos este curso es trabajar la igualdad y la coeducaci\u00f3n de forma espec\u00edfica y de manera transversal, de modo que no s\u00f3lo sea responsabilidad de la persona coordinadora del plan de igualdad. Para ello hemos dise\u00f1ado esta actividad en la que programaremos, dise\u00f1aremos y evaluaremos\u2026","rel":"","context":"En \u00abFormaciones\u00bb","block_context":{"text":"Formaciones","link":"https:\/\/cepronda.com\/blog\/category\/formaciones\/"},"img":{"alt_text":"","src":"https:\/\/i0.wp.com\/cepronda.com\/blog\/wp-content\/uploads\/2017\/09\/man-2660414_640.jpg?fit=640%2C640&ssl=1&resize=350%2C200","width":350,"height":200,"srcset":"https:\/\/i0.wp.com\/cepronda.com\/blog\/wp-content\/uploads\/2017\/09\/man-2660414_640.jpg?fit=640%2C640&ssl=1&resize=350%2C200 1x, https:\/\/i0.wp.com\/cepronda.com\/blog\/wp-content\/uploads\/2017\/09\/man-2660414_640.jpg?fit=640%2C640&ssl=1&resize=525%2C300 1.5x"},"classes":[]},{"id":2917,"url":"https:\/\/cepronda.com\/blog\/video-en-el-ceip-virgen-de-la-aurora-de-arriate\/","url_meta":{"origin":3403,"position":2},"title":"V\u00eddeo en el CEIP Virgen de la Aurora de Arriate","author":"V\u00edctor Caballero","date":"21 junio, 2019","format":false,"excerpt":"Y siguiendo con la \"ruta\" de vuestras actividades finales de curso nos desplazamos a Arriate. En este caso, y enmarcada dentro del proyecto \"Vac\u00fanate con la igualdad\" que en el pueblo de Arriate est\u00e1n llevando a cabo, y del que el colegio es uno de los motores principales; se est\u00e1\u2026","rel":"","context":"En \u00abNoticias\u00bb","block_context":{"text":"Noticias","link":"https:\/\/cepronda.com\/blog\/category\/noticias\/"},"img":{"alt_text":"","src":"https:\/\/i0.wp.com\/cepronda.com\/blog\/wp-content\/uploads\/2017\/05\/silhouettes-1186990_640.png?fit=640%2C496&ssl=1&resize=350%2C200","width":350,"height":200,"srcset":"https:\/\/i0.wp.com\/cepronda.com\/blog\/wp-content\/uploads\/2017\/05\/silhouettes-1186990_640.png?fit=640%2C496&ssl=1&resize=350%2C200 1x, https:\/\/i0.wp.com\/cepronda.com\/blog\/wp-content\/uploads\/2017\/05\/silhouettes-1186990_640.png?fit=640%2C496&ssl=1&resize=525%2C300 1.5x"},"classes":[]},{"id":2923,"url":"https:\/\/cepronda.com\/blog\/puerta-violeta-en-el-burgo\/","url_meta":{"origin":3403,"position":3},"title":"Puerta violeta en El Burgo","author":"V\u00edctor Caballero","date":"21 junio, 2019","format":false,"excerpt":"Y seguimos con nuestra visita virtual de final de curso a vuestras actividades. En este caso nos vamos al CEIP San Agust\u00edn de El Burgo donde hoy han tenido una muy agradable sorpresa al encontrarse este mural en la puerta de su centro... \u00a1qu\u00e9 bonito!","rel":"","context":"En \u00abNoticias\u00bb","block_context":{"text":"Noticias","link":"https:\/\/cepronda.com\/blog\/category\/noticias\/"},"img":{"alt_text":"","src":"https:\/\/i0.wp.com\/cepronda.com\/blog\/wp-content\/uploads\/2019\/06\/Angeles-Merino.jpeg?fit=1200%2C901&ssl=1&resize=350%2C200","width":350,"height":200,"srcset":"https:\/\/i0.wp.com\/cepronda.com\/blog\/wp-content\/uploads\/2019\/06\/Angeles-Merino.jpeg?fit=1200%2C901&ssl=1&resize=350%2C200 1x, https:\/\/i0.wp.com\/cepronda.com\/blog\/wp-content\/uploads\/2019\/06\/Angeles-Merino.jpeg?fit=1200%2C901&ssl=1&resize=525%2C300 1.5x, https:\/\/i0.wp.com\/cepronda.com\/blog\/wp-content\/uploads\/2019\/06\/Angeles-Merino.jpeg?fit=1200%2C901&ssl=1&resize=700%2C400 2x, https:\/\/i0.wp.com\/cepronda.com\/blog\/wp-content\/uploads\/2019\/06\/Angeles-Merino.jpeg?fit=1200%2C901&ssl=1&resize=1050%2C600 3x"},"classes":[]},{"id":223,"url":"https:\/\/cepronda.com\/blog\/jornada-de-presentacion-ii-plan-de-igualdad\/","url_meta":{"origin":3403,"position":4},"title":"Jornada de presentaci\u00f3n II Plan de Igualdad","author":"V\u00edctor Caballero","date":"17 octubre, 2016","format":false,"excerpt":"\u00a1Coordinadoras y coordinadores del Plan de Igualdad! Comenzamos curso con bastantes novedades en este plan. Para aclarar todas las dudas, ayudar en todo lo referente al plan de igualdad, y sobre todo para volver a encontrarnos y conocernos, se ha preparado una Jornada de presentaci\u00f3n del II Plan de Igualdad\u2026","rel":"","context":"En \u00abNoticias\u00bb","block_context":{"text":"Noticias","link":"https:\/\/cepronda.com\/blog\/category\/noticias\/"},"img":{"alt_text":"man-101001_640","src":"https:\/\/i0.wp.com\/cepronda.com\/blog\/wp-content\/uploads\/2016\/10\/man-101001_640-300x212.jpg?resize=350%2C200","width":350,"height":200},"classes":[]},{"id":4695,"url":"https:\/\/cepronda.com\/blog\/itinerario-formativo-en-igualdad-y-convivencia-cep-de-ronda\/","url_meta":{"origin":3403,"position":5},"title":"ITINERARIO FORMATIVO EN IGUALDAD Y CONVIVENCIA. CEP DE RONDA.","author":"Inmaculada Garc\u00eda","date":"29 septiembre, 2021","format":false,"excerpt":"Buenos d\u00edas compa\u00f1eros y compa\u00f1eras, os presentamos nuestro ITINERARIO FORMATIVO EN IGUALDAD Y CONVIVENCIA, en el que podr\u00e9is encontrar actividades formativas centradas en la implementaci\u00f3n del Programa de Inteligencia Emocional, Disciplina positiva, Mediaci\u00f3n, Acoso y Ciberacoso, Identidad Sexual, Masculinidades Diversas, y, adem\u00e1s, nuestras MALETAS VIAJERAS POR LA INCLUSI\u00d3N. Esperamos que\u2026","rel":"","context":"En \u00abNoticias\u00bb","block_context":{"text":"Noticias","link":"https:\/\/cepronda.com\/blog\/category\/noticias\/"},"img":{"alt_text":"","src":"https:\/\/i0.wp.com\/cepronda.com\/blog\/wp-content\/uploads\/2021\/09\/Captura-de-pantalla-68.png?fit=1200%2C678&ssl=1&resize=350%2C200","width":350,"height":200,"srcset":"https:\/\/i0.wp.com\/cepronda.com\/blog\/wp-content\/uploads\/2021\/09\/Captura-de-pantalla-68.png?fit=1200%2C678&ssl=1&resize=350%2C200 1x, https:\/\/i0.wp.com\/cepronda.com\/blog\/wp-content\/uploads\/2021\/09\/Captura-de-pantalla-68.png?fit=1200%2C678&ssl=1&resize=525%2C300 1.5x, https:\/\/i0.wp.com\/cepronda.com\/blog\/wp-content\/uploads\/2021\/09\/Captura-de-pantalla-68.png?fit=1200%2C678&ssl=1&resize=700%2C400 2x, https:\/\/i0.wp.com\/cepronda.com\/blog\/wp-content\/uploads\/2021\/09\/Captura-de-pantalla-68.png?fit=1200%2C678&ssl=1&resize=1050%2C600 3x"},"classes":[]}],"jetpack_sharing_enabled":true,"_links":{"self":[{"href":"https:\/\/cepronda.com\/blog\/wp-json\/wp\/v2\/posts\/3403","targetHints":{"allow":["GET"]}}],"collection":[{"href":"https:\/\/cepronda.com\/blog\/wp-json\/wp\/v2\/posts"}],"about":[{"href":"https:\/\/cepronda.com\/blog\/wp-json\/wp\/v2\/types\/post"}],"author":[{"embeddable":true,"href":"https:\/\/cepronda.com\/blog\/wp-json\/wp\/v2\/users\/3"}],"replies":[{"embeddable":true,"href":"https:\/\/cepronda.com\/blog\/wp-json\/wp\/v2\/comments?post=3403"}],"version-history":[{"count":1,"href":"https:\/\/cepronda.com\/blog\/wp-json\/wp\/v2\/posts\/3403\/revisions"}],"predecessor-version":[{"id":3405,"href":"https:\/\/cepronda.com\/blog\/wp-json\/wp\/v2\/posts\/3403\/revisions\/3405"}],"wp:featuredmedia":[{"embeddable":true,"href":"https:\/\/cepronda.com\/blog\/wp-json\/wp\/v2\/media\/3404"}],"wp:attachment":[{"href":"https:\/\/cepronda.com\/blog\/wp-json\/wp\/v2\/media?parent=3403"}],"wp:term":[{"taxonomy":"category","embeddable":true,"href":"https:\/\/cepronda.com\/blog\/wp-json\/wp\/v2\/categories?post=3403"},{"taxonomy":"post_tag","embeddable":true,"href":"https:\/\/cepronda.com\/blog\/wp-json\/wp\/v2\/tags?post=3403"}],"curies":[{"name":"wp","href":"https:\/\/api.w.org\/{rel}","templated":true}]}}