{"id":3381,"date":"2020-02-03T10:28:21","date_gmt":"2020-02-03T09:28:21","guid":{"rendered":"http:\/\/cepronda.com\/blog\/?p=3381"},"modified":"2025-04-25T12:07:26","modified_gmt":"2025-04-25T10:07:26","slug":"i-certamen-de-pintura-y-dibujo-2020-hacer-lo-invisible-visible","status":"publish","type":"post","link":"https:\/\/cepronda.com\/blog\/i-certamen-de-pintura-y-dibujo-2020-hacer-lo-invisible-visible\/","title":{"rendered":"I CERTAMEN DE PINTURA Y DIBUJO 2020 Hacer lo Invisible, Visible"},"content":{"rendered":"\n<p class=\"wp-block-paragraph\">Muy buenas,<\/p>\n\n\n\n<p class=\"wp-block-paragraph\">Comenzamos la semana compartiendo este certamen por parte de la Concejal\u00eda de Mujer del Ayuntamiento de Ronda que convoca el I Certamen de Pintura y dibujo \u201cHacer lo invisible, visible\u201d, contra la violencia hacia las mujeres, con el fin de plasmar la situaci\u00f3n de maltrato f\u00edsico, psicol\u00f3gico, sexual y todas las formas de violencia que se ejercen sobre las mujeres, v\u00edctimas de violencia de g\u00e9nero. <\/p>\n\n\n\n<p class=\"wp-block-paragraph\">Su objetivo es denunciar a trav\u00e9s de la expresi\u00f3n art\u00edstica esta problem\u00e1tica y promover la no tolerancia ante las agresiones.  <\/p>\n\n\n\n<p class=\"wp-block-paragraph\">Os dejamos con las bases del certamen. <\/p>\n\n\n\n<div class=\"wp-block-file\"><a href=\"http:\/\/cepronda.com\/blog\/wp-content\/uploads\/2020\/02\/I-CERTAMEN-DE-PINTURA-Y-DIBUJO.pdf\">I-CERTAMEN-DE-PINTURA-Y-DIBUJO<\/a><a href=\"http:\/\/cepronda.com\/blog\/wp-content\/uploads\/2020\/02\/I-CERTAMEN-DE-PINTURA-Y-DIBUJO.pdf\" class=\"wp-block-file__button\" download>Descarga<\/a><\/div>\n\n\n\n<figure class=\"wp-block-image size-large\"><img data-recalc-dims=\"1\" loading=\"lazy\" decoding=\"async\" width=\"534\" height=\"800\" src=\"https:\/\/i0.wp.com\/cepronda.com\/blog\/wp-content\/uploads\/2020\/02\/Certamen-dibujo.jpg?resize=534%2C800\" alt=\"\" class=\"wp-image-3383\" srcset=\"https:\/\/i0.wp.com\/cepronda.com\/blog\/wp-content\/uploads\/2020\/02\/Certamen-dibujo.jpg?w=534&amp;ssl=1 534w, https:\/\/i0.wp.com\/cepronda.com\/blog\/wp-content\/uploads\/2020\/02\/Certamen-dibujo.jpg?resize=200%2C300&amp;ssl=1 200w\" sizes=\"auto, (max-width: 534px) 100vw, 534px\" \/><\/figure>\n","protected":false},"excerpt":{"rendered":"<p>Muy buenas, Comenzamos la semana compartiendo este certamen por parte de la Concejal\u00eda de Mujer del Ayuntamiento de Ronda que convoca el I Certamen de Pintura y dibujo \u201cHacer lo invisible, visible\u201d, contra la violencia hacia las mujeres, con el fin de plasmar la situaci\u00f3n de maltrato f\u00edsico, psicol\u00f3gico, sexual y todas las formas de [&hellip;]<\/p>\n","protected":false},"author":3,"featured_media":3383,"comment_status":"open","ping_status":"open","sticky":false,"template":"","format":"standard","meta":{"_crdt_document":"","advanced_seo_description":"","jetpack_seo_html_title":"","jetpack_seo_noindex":false,"jetpack_post_was_ever_published":false,"_jetpack_newsletter_access":"","_jetpack_dont_email_post_to_subs":false,"_jetpack_newsletter_tier_id":0,"_jetpack_memberships_contains_paywalled_content":false,"_jetpack_memberships_contains_paid_content":false,"footnotes":"","jetpack_publicize_message":"","jetpack_publicize_feature_enabled":true,"jetpack_social_post_already_shared":true,"jetpack_social_options":{"image_generator_settings":{"template":"highway","default_image_id":0,"font":"","enabled":false},"version":2}},"categories":[5],"tags":[231,180,37],"class_list":{"0":"post-3381","1":"post","2":"type-post","3":"status-publish","4":"format-standard","5":"has-post-thumbnail","7":"category-noticias","8":"tag-certamen","9":"tag-concursos","10":"tag-igualdad","11":"czr-hentry"},"jetpack_publicize_connections":[],"jetpack_featured_media_url":"https:\/\/i0.wp.com\/cepronda.com\/blog\/wp-content\/uploads\/2020\/02\/Certamen-dibujo.jpg?fit=534%2C800&ssl=1","jetpack_shortlink":"https:\/\/wp.me\/p8M4X7-Sx","jetpack-related-posts":[{"id":2501,"url":"https:\/\/cepronda.com\/blog\/premiados-en-el-iii-certamen-de-microrrelatos-sobre-violencia-de-genero-en-la-juventud\/","url_meta":{"origin":3381,"position":0},"title":"Premiados en el III CERTAMEN DE MICRORRELATOS SOBRE VIOLENCIA DE G\u00c9NERO EN LA JUVENTUD","author":"V\u00edctor Caballero","date":"30 noviembre, 2018","format":false,"excerpt":"Muy buenas, terminamos la semana con una magn\u00edfica noticia, y es que 3 relatos presentados por 3 alumnas del IES Profesor Gonzalo Huesa han sido seleccionados en el\u00a0III CERTAMEN DE MICRORRELATOS SOBREVIOLENCIA DE G\u00c9NERO EN LA JUVENTUD. Os dejamos con algunas fotos tomadas en el d\u00eda de la entrega de\u2026","rel":"","context":"En \u00abNoticias\u00bb","block_context":{"text":"Noticias","link":"https:\/\/cepronda.com\/blog\/category\/noticias\/"},"img":{"alt_text":"","src":"https:\/\/i0.wp.com\/cepronda.com\/blog\/wp-content\/uploads\/2018\/11\/Gonzalo-Huesa-premio.jpg?fit=576%2C1024&ssl=1&resize=350%2C200","width":350,"height":200,"srcset":"https:\/\/i0.wp.com\/cepronda.com\/blog\/wp-content\/uploads\/2018\/11\/Gonzalo-Huesa-premio.jpg?fit=576%2C1024&ssl=1&resize=350%2C200 1x, https:\/\/i0.wp.com\/cepronda.com\/blog\/wp-content\/uploads\/2018\/11\/Gonzalo-Huesa-premio.jpg?fit=576%2C1024&ssl=1&resize=525%2C300 1.5x"},"classes":[]},{"id":2272,"url":"https:\/\/cepronda.com\/blog\/iii-certamen-de-microrrelatos-sobre-violencia-de-genero-en-la-juventud-malaga-2018\/","url_meta":{"origin":3381,"position":1},"title":"III Certamen de Microrrelatos sobre Violencia de g\u00e9nero en la juventud &#8211; M\u00e1laga 2018","author":"V\u00edctor Caballero","date":"7 septiembre, 2018","format":false,"excerpt":"Muy buenas de nuevo familia.\u00a0 Hoy queremos compartir con todas y todos vosotros una iniciativa que nos ha llegado por medio de Antonio Poleo. Se trata del III Certamen de Microrrelatos sobre violencia de g\u00e9nero en la juventud. Va dirigido a j\u00f3venes hasta 20 a\u00f1os, as\u00ed que pod\u00e9is participar con\u2026","rel":"","context":"En \u00abNoticias\u00bb","block_context":{"text":"Noticias","link":"https:\/\/cepronda.com\/blog\/category\/noticias\/"},"img":{"alt_text":"","src":"https:\/\/i0.wp.com\/cepronda.com\/blog\/wp-content\/uploads\/2018\/09\/Cartel_Microrrelatos.png?fit=608%2C855&ssl=1&resize=350%2C200","width":350,"height":200,"srcset":"https:\/\/i0.wp.com\/cepronda.com\/blog\/wp-content\/uploads\/2018\/09\/Cartel_Microrrelatos.png?fit=608%2C855&ssl=1&resize=350%2C200 1x, https:\/\/i0.wp.com\/cepronda.com\/blog\/wp-content\/uploads\/2018\/09\/Cartel_Microrrelatos.png?fit=608%2C855&ssl=1&resize=525%2C300 1.5x"},"classes":[]},{"id":3084,"url":"https:\/\/cepronda.com\/blog\/iv-certamen-de-microrrelatos-sobre-violencia-de-genero-en-la-juventud-malaga-2019\/","url_meta":{"origin":3381,"position":2},"title":"IV Certamen de microrrelatos sobre Violencia de g\u00e9nero en la juventud &#8211; M\u00e1laga 2019","author":"V\u00edctor Caballero","date":"8 octubre, 2019","format":false,"excerpt":"Muy buenas, como ya publicamos hace unso d\u00edas ya est\u00e1 en marcha el IV Certamen de microrrelatos sobre violencia de g\u00e9nero. Desde la organizaci\u00f3n del mismo nos hacen llegar esta informaci\u00f3n que pasamos a compartir con todos y todas vosotras. Estimads amigs: Os adjuntamos una infograf\u00eda para ayudar al alumnado\u2026","rel":"","context":"En \u00abNoticias\u00bb","block_context":{"text":"Noticias","link":"https:\/\/cepronda.com\/blog\/category\/noticias\/"},"img":{"alt_text":"","src":"https:\/\/i0.wp.com\/cepronda.com\/blog\/wp-content\/uploads\/2019\/10\/image.png?fit=849%2C1200&ssl=1&resize=350%2C200","width":350,"height":200,"srcset":"https:\/\/i0.wp.com\/cepronda.com\/blog\/wp-content\/uploads\/2019\/10\/image.png?fit=849%2C1200&ssl=1&resize=350%2C200 1x, https:\/\/i0.wp.com\/cepronda.com\/blog\/wp-content\/uploads\/2019\/10\/image.png?fit=849%2C1200&ssl=1&resize=525%2C300 1.5x, https:\/\/i0.wp.com\/cepronda.com\/blog\/wp-content\/uploads\/2019\/10\/image.png?fit=849%2C1200&ssl=1&resize=700%2C400 2x"},"classes":[]},{"id":3153,"url":"https:\/\/cepronda.com\/blog\/iv-certamen-de-microrrelatos-sobre-violencia-de-genero-en-la-juventud-malaga-2019-2\/","url_meta":{"origin":3381,"position":3},"title":"IV Certamen de microrrelatos sobre Violencia de g\u00e9nero en la juventud &#8211; M\u00e1laga 2019","author":"V\u00edctor Caballero","date":"19 noviembre, 2019","format":false,"excerpt":"\u00a1Buenos d\u00edas! Nos acaban de comunicar los doce microrrelatos que han sido elegidos por el jurado para el Acto de lectura p\u00fablica\u00a0del pr\u00f3ximo s\u00e1bado 23 de noviembre, a las 11:30 de la ma\u00f1ana en el Auditorio Edgar Neville de la Diputaci\u00f3n de M\u00e1laga. Y nuevamente tenemos que celebrar que cuatro\u2026","rel":"","context":"En \u00abNoticias\u00bb","block_context":{"text":"Noticias","link":"https:\/\/cepronda.com\/blog\/category\/noticias\/"},"img":{"alt_text":"","src":"https:\/\/i0.wp.com\/cepronda.com\/blog\/wp-content\/uploads\/2019\/09\/IES-Gonzalo-Huesa.png?resize=350%2C200","width":350,"height":200},"classes":[]},{"id":7374,"url":"https:\/\/cepronda.com\/blog\/ix-certamen-de-teatro-en-el-aula-ciudad-de-ronda\/","url_meta":{"origin":3381,"position":4},"title":"IX CERTAMEN DE TEATRO EN EL AULA. CIUDAD DE RONDA.","author":"Mamen Moreno","date":"16 enero, 2024","format":false,"excerpt":"Desde el d\u00eda 02 de enero hasta el 31 de enero los centros educativos de Educaci\u00f3n Secundaria y Bachillerato de Ronda y la Comarca que lo deseen, podr\u00e1n inscribirse en el IX CERTAMEN DE TEATRO EN EL AULA \u201cCIUDAD DE RONDA\u201d para participar con una o dos obras de teatro\u2026","rel":"","context":"En \u00abFormaciones\u00bb","block_context":{"text":"Formaciones","link":"https:\/\/cepronda.com\/blog\/category\/formaciones\/"},"img":{"alt_text":"","src":"https:\/\/i0.wp.com\/cepronda.com\/blog\/wp-content\/uploads\/2024\/01\/Logo-Tacir-768x733-1.jpg?fit=768%2C733&ssl=1&resize=350%2C200","width":350,"height":200,"srcset":"https:\/\/i0.wp.com\/cepronda.com\/blog\/wp-content\/uploads\/2024\/01\/Logo-Tacir-768x733-1.jpg?fit=768%2C733&ssl=1&resize=350%2C200 1x, https:\/\/i0.wp.com\/cepronda.com\/blog\/wp-content\/uploads\/2024\/01\/Logo-Tacir-768x733-1.jpg?fit=768%2C733&ssl=1&resize=525%2C300 1.5x, https:\/\/i0.wp.com\/cepronda.com\/blog\/wp-content\/uploads\/2024\/01\/Logo-Tacir-768x733-1.jpg?fit=768%2C733&ssl=1&resize=700%2C400 2x"},"classes":[]},{"id":5949,"url":"https:\/\/cepronda.com\/blog\/viii-certamen-de-teatro-en-el-aula-ciudad-de-ronda\/","url_meta":{"origin":3381,"position":5},"title":"VIII CERTAMEN DE TEATRO EN EL AULA \u00abCIUDAD DE RONDA\u00bb","author":"Mamen Moreno","date":"18 abril, 2023","format":false,"excerpt":"Os informamos que el pasado lunes 17 de abril se presento el cartel anunciador del VII Certamen de Teatro en el aula Ciudad de Ronda (TACIR) Este certamen se de desarrollara durante el 26 de mayo al 2 de junio Los teatros se realizaran en el Teatro Vicente Espinel de\u2026","rel":"","context":"En \u00abNoticias\u00bb","block_context":{"text":"Noticias","link":"https:\/\/cepronda.com\/blog\/category\/noticias\/"},"img":{"alt_text":"","src":"https:\/\/i0.wp.com\/cepronda.com\/blog\/wp-content\/uploads\/2023\/04\/CARTEL-CERTAMEN-DEFINITIVO.jpg?fit=1200%2C812&ssl=1&resize=350%2C200","width":350,"height":200,"srcset":"https:\/\/i0.wp.com\/cepronda.com\/blog\/wp-content\/uploads\/2023\/04\/CARTEL-CERTAMEN-DEFINITIVO.jpg?fit=1200%2C812&ssl=1&resize=350%2C200 1x, https:\/\/i0.wp.com\/cepronda.com\/blog\/wp-content\/uploads\/2023\/04\/CARTEL-CERTAMEN-DEFINITIVO.jpg?fit=1200%2C812&ssl=1&resize=525%2C300 1.5x, https:\/\/i0.wp.com\/cepronda.com\/blog\/wp-content\/uploads\/2023\/04\/CARTEL-CERTAMEN-DEFINITIVO.jpg?fit=1200%2C812&ssl=1&resize=700%2C400 2x, https:\/\/i0.wp.com\/cepronda.com\/blog\/wp-content\/uploads\/2023\/04\/CARTEL-CERTAMEN-DEFINITIVO.jpg?fit=1200%2C812&ssl=1&resize=1050%2C600 3x"},"classes":[]}],"jetpack_sharing_enabled":true,"_links":{"self":[{"href":"https:\/\/cepronda.com\/blog\/wp-json\/wp\/v2\/posts\/3381","targetHints":{"allow":["GET"]}}],"collection":[{"href":"https:\/\/cepronda.com\/blog\/wp-json\/wp\/v2\/posts"}],"about":[{"href":"https:\/\/cepronda.com\/blog\/wp-json\/wp\/v2\/types\/post"}],"author":[{"embeddable":true,"href":"https:\/\/cepronda.com\/blog\/wp-json\/wp\/v2\/users\/3"}],"replies":[{"embeddable":true,"href":"https:\/\/cepronda.com\/blog\/wp-json\/wp\/v2\/comments?post=3381"}],"version-history":[{"count":1,"href":"https:\/\/cepronda.com\/blog\/wp-json\/wp\/v2\/posts\/3381\/revisions"}],"predecessor-version":[{"id":3384,"href":"https:\/\/cepronda.com\/blog\/wp-json\/wp\/v2\/posts\/3381\/revisions\/3384"}],"wp:featuredmedia":[{"embeddable":true,"href":"https:\/\/cepronda.com\/blog\/wp-json\/wp\/v2\/media\/3383"}],"wp:attachment":[{"href":"https:\/\/cepronda.com\/blog\/wp-json\/wp\/v2\/media?parent=3381"}],"wp:term":[{"taxonomy":"category","embeddable":true,"href":"https:\/\/cepronda.com\/blog\/wp-json\/wp\/v2\/categories?post=3381"},{"taxonomy":"post_tag","embeddable":true,"href":"https:\/\/cepronda.com\/blog\/wp-json\/wp\/v2\/tags?post=3381"}],"curies":[{"name":"wp","href":"https:\/\/api.w.org\/{rel}","templated":true}]}}