{"id":3374,"date":"2020-01-28T12:33:07","date_gmt":"2020-01-28T11:33:07","guid":{"rendered":"http:\/\/cepronda.com\/blog\/?p=3374"},"modified":"2020-01-28T12:33:16","modified_gmt":"2020-01-28T11:33:16","slug":"crecer-con-miedo-ninos-y-ninas-ante-la-violencia-de-genero","status":"publish","type":"post","link":"https:\/\/cepronda.com\/blog\/crecer-con-miedo-ninos-y-ninas-ante-la-violencia-de-genero\/","title":{"rendered":"CRECER CON MIEDO: NI\u00d1OS Y NI\u00d1AS ANTE LA VIOLENCIA DE G\u00c9NERO"},"content":{"rendered":"\n<p class=\"wp-block-paragraph\">Muy buenas familia, <\/p>\n\n\n\n<p class=\"wp-block-paragraph\">Desde el Centro Municipal de Informaci\u00f3n a la Mujer de Ronda nos hacen llegar esta informaci\u00f3n y la queremos compartir con todas y todos vosotros porque creemos que puede resultar de gran inter\u00e9s para vuestra albor docente y para vuestro alumnado. <\/p>\n\n\n\n<p class=\"wp-block-paragraph\">Os invitamos a visitar la exposici\u00f3n CRECER CON MIEDO: NI\u00d1OS Y NI\u00d1AS ANTE LA VIOLENCIA DE G\u00c9NERO que estar\u00e1 expuesta en la Sala De Exposiciones de la Casa de Cultura del d\u00eda 29&nbsp; de enero al 17 de febrero en horario de 11 a 13:00 h y de 17 a 19:30horas.<\/p>\n\n\n\n<p class=\"wp-block-paragraph\"><br>Esta exposici\u00f3n realizada por la Comisi\u00f3n para la investigaci\u00f3n de malos tratos a mujeres y la Federaci\u00f3n Espa\u00f1ola de Municipios y Provincias presenta 60 dibujos creados por hijos e hijas de v\u00edctimas de violencia de g\u00e9nero, que ilustran sobre el papel las situaciones de maltrato que han vivido. Forma parte del proyecto \u00abintervenci\u00f3n Psicosocial con Menores\u00bb que adem\u00e1s de un trabajo terap\u00e9utico ,\u00a0 intenta paliar los efectos de esa violencia con un trabajo preventivo, para evitar que el modelo desigual de relaciones entre mujeres y hombres se reproduzca en el futuro.<\/p>\n\n\n\n<figure class=\"wp-block-image size-large\"><img loading=\"lazy\" decoding=\"async\" width=\"1898\" height=\"2560\" src=\"https:\/\/i1.wp.com\/cepronda.com\/blog\/wp-content\/uploads\/2020\/01\/Crecer-con-miedo-scaled.jpg?fit=759%2C1024\" alt=\"\" class=\"wp-image-3375\" srcset=\"https:\/\/i0.wp.com\/cepronda.com\/blog\/wp-content\/uploads\/2020\/01\/Crecer-con-miedo-scaled.jpg?w=1898&amp;ssl=1 1898w, https:\/\/i0.wp.com\/cepronda.com\/blog\/wp-content\/uploads\/2020\/01\/Crecer-con-miedo-scaled.jpg?resize=222%2C300&amp;ssl=1 222w, https:\/\/i0.wp.com\/cepronda.com\/blog\/wp-content\/uploads\/2020\/01\/Crecer-con-miedo-scaled.jpg?resize=759%2C1024&amp;ssl=1 759w, https:\/\/i0.wp.com\/cepronda.com\/blog\/wp-content\/uploads\/2020\/01\/Crecer-con-miedo-scaled.jpg?resize=768%2C1036&amp;ssl=1 768w, https:\/\/i0.wp.com\/cepronda.com\/blog\/wp-content\/uploads\/2020\/01\/Crecer-con-miedo-scaled.jpg?resize=1139%2C1536&amp;ssl=1 1139w, https:\/\/i0.wp.com\/cepronda.com\/blog\/wp-content\/uploads\/2020\/01\/Crecer-con-miedo-scaled.jpg?resize=1518%2C2048&amp;ssl=1 1518w\" sizes=\"auto, (max-width: 1170px) 100vw, 1170px\" \/><\/figure>\n","protected":false},"excerpt":{"rendered":"<p>Muy buenas familia, Desde el Centro Municipal de Informaci\u00f3n a la Mujer de Ronda nos hacen llegar esta informaci\u00f3n y la queremos compartir con todas y todos vosotros porque creemos que puede resultar de gran inter\u00e9s para vuestra albor docente y para vuestro alumnado. Os invitamos a visitar la exposici\u00f3n CRECER CON MIEDO: NI\u00d1OS Y [&hellip;]<\/p>\n","protected":false},"author":3,"featured_media":3375,"comment_status":"open","ping_status":"open","sticky":false,"template":"","format":"standard","meta":{"_crdt_document":"","advanced_seo_description":"","jetpack_seo_html_title":"","jetpack_seo_noindex":false,"jetpack_post_was_ever_published":false,"_jetpack_newsletter_access":"","_jetpack_dont_email_post_to_subs":false,"_jetpack_newsletter_tier_id":0,"_jetpack_memberships_contains_paywalled_content":false,"_jetpack_memberships_contains_paid_content":false,"footnotes":"","jetpack_publicize_message":"","jetpack_publicize_feature_enabled":true,"jetpack_social_post_already_shared":true,"jetpack_social_options":{"image_generator_settings":{"template":"highway","default_image_id":0,"font":"","enabled":false},"version":2}},"categories":[5],"tags":[101,191,176],"class_list":{"0":"post-3374","1":"post","2":"type-post","3":"status-publish","4":"format-standard","5":"has-post-thumbnail","7":"category-noticias","8":"tag-actividades","9":"tag-exposiciones","10":"tag-violencia-de-genero","11":"czr-hentry"},"jetpack_publicize_connections":[],"jetpack_featured_media_url":"https:\/\/i0.wp.com\/cepronda.com\/blog\/wp-content\/uploads\/2020\/01\/Crecer-con-miedo-scaled.jpg?fit=1898%2C2560&ssl=1","jetpack_shortlink":"https:\/\/wp.me\/p8M4X7-Sq","jetpack-related-posts":[{"id":3084,"url":"https:\/\/cepronda.com\/blog\/iv-certamen-de-microrrelatos-sobre-violencia-de-genero-en-la-juventud-malaga-2019\/","url_meta":{"origin":3374,"position":0},"title":"IV Certamen de microrrelatos sobre Violencia de g\u00e9nero en la juventud &#8211; M\u00e1laga 2019","author":"V\u00edctor Caballero","date":"8 octubre, 2019","format":false,"excerpt":"Muy buenas, como ya publicamos hace unso d\u00edas ya est\u00e1 en marcha el IV Certamen de microrrelatos sobre violencia de g\u00e9nero. Desde la organizaci\u00f3n del mismo nos hacen llegar esta informaci\u00f3n que pasamos a compartir con todos y todas vosotras. Estimads amigs: Os adjuntamos una infograf\u00eda para ayudar al alumnado\u2026","rel":"","context":"En \u00abNoticias\u00bb","block_context":{"text":"Noticias","link":"https:\/\/cepronda.com\/blog\/category\/noticias\/"},"img":{"alt_text":"","src":"https:\/\/i0.wp.com\/cepronda.com\/blog\/wp-content\/uploads\/2019\/10\/image.png?fit=849%2C1200&ssl=1&resize=350%2C200","width":350,"height":200,"srcset":"https:\/\/i0.wp.com\/cepronda.com\/blog\/wp-content\/uploads\/2019\/10\/image.png?fit=849%2C1200&ssl=1&resize=350%2C200 1x, https:\/\/i0.wp.com\/cepronda.com\/blog\/wp-content\/uploads\/2019\/10\/image.png?fit=849%2C1200&ssl=1&resize=525%2C300 1.5x, https:\/\/i0.wp.com\/cepronda.com\/blog\/wp-content\/uploads\/2019\/10\/image.png?fit=849%2C1200&ssl=1&resize=700%2C400 2x"},"classes":[]},{"id":2501,"url":"https:\/\/cepronda.com\/blog\/premiados-en-el-iii-certamen-de-microrrelatos-sobre-violencia-de-genero-en-la-juventud\/","url_meta":{"origin":3374,"position":1},"title":"Premiados en el III CERTAMEN DE MICRORRELATOS SOBRE VIOLENCIA DE G\u00c9NERO EN LA JUVENTUD","author":"V\u00edctor Caballero","date":"30 noviembre, 2018","format":false,"excerpt":"Muy buenas, terminamos la semana con una magn\u00edfica noticia, y es que 3 relatos presentados por 3 alumnas del IES Profesor Gonzalo Huesa han sido seleccionados en el\u00a0III CERTAMEN DE MICRORRELATOS SOBREVIOLENCIA DE G\u00c9NERO EN LA JUVENTUD. Os dejamos con algunas fotos tomadas en el d\u00eda de la entrega de\u2026","rel":"","context":"En \u00abNoticias\u00bb","block_context":{"text":"Noticias","link":"https:\/\/cepronda.com\/blog\/category\/noticias\/"},"img":{"alt_text":"","src":"https:\/\/i0.wp.com\/cepronda.com\/blog\/wp-content\/uploads\/2018\/11\/Gonzalo-Huesa-premio.jpg?fit=576%2C1024&ssl=1&resize=350%2C200","width":350,"height":200,"srcset":"https:\/\/i0.wp.com\/cepronda.com\/blog\/wp-content\/uploads\/2018\/11\/Gonzalo-Huesa-premio.jpg?fit=576%2C1024&ssl=1&resize=350%2C200 1x, https:\/\/i0.wp.com\/cepronda.com\/blog\/wp-content\/uploads\/2018\/11\/Gonzalo-Huesa-premio.jpg?fit=576%2C1024&ssl=1&resize=525%2C300 1.5x"},"classes":[]},{"id":400,"url":"https:\/\/cepronda.com\/blog\/pildora-formate-en-5-minutos-en-materia-de-genero\/","url_meta":{"origin":3374,"position":2},"title":"P\u00edldora: F\u00f3rmate en 5 minutos en materia de g\u00e9nero","author":"V\u00edctor Caballero","date":"1 diciembre, 2016","format":false,"excerpt":"La violencia de g\u00e9nero es la expresi\u00f3n m\u00e1s grave de la discriminaci\u00f3n y de la situaci\u00f3n de desigualdad de las mujeres, ya que se ejerce sobre \u00e9stas por el hecho de serlo. Es un problema que requiere para su erradicaci\u00f3n de la implicaci\u00f3n de toda la sociedad y de respuestas\u2026","rel":"","context":"En \u00abNoticias\u00bb","block_context":{"text":"Noticias","link":"https:\/\/cepronda.com\/blog\/category\/noticias\/"},"img":{"alt_text":"","src":"","width":0,"height":0},"classes":[]},{"id":5628,"url":"https:\/\/cepronda.com\/blog\/enhorabuena-por-vuestro-premio-en-la-campana-entonces-quien\/","url_meta":{"origin":3374,"position":3},"title":"Enhorabuena por vuestro premio en la Campa\u00f1a \u00ab\u00bfEntonces Qui\u00e9n?\u00bb","author":"Inmaculada Garc\u00eda","date":"23 noviembre, 2022","format":false,"excerpt":"La Delegaci\u00f3n del Gobierno contra la violencia de g\u00e9nero hizo ayer oficial el nombre de las personas premiadas con motivo de la Campa\u00f1a \"\u00bfEntonces qui\u00e9n?\", con motivo del 25 N, D\u00eda internacional para la eliminaci\u00f3n de la Violencia contra las mujeres.\u00a0 La secretaria de Estado de Igualdad y contra la\u2026","rel":"","context":"En \u00abNoticias\u00bb","block_context":{"text":"Noticias","link":"https:\/\/cepronda.com\/blog\/category\/noticias\/"},"img":{"alt_text":"","src":"https:\/\/i0.wp.com\/cepronda.com\/blog\/wp-content\/uploads\/2022\/11\/Post-de-Instagram-para-rebajas-y-ofertas-tiendas-azul-y-terracota.png?fit=1080%2C1080&ssl=1&resize=350%2C200","width":350,"height":200,"srcset":"https:\/\/i0.wp.com\/cepronda.com\/blog\/wp-content\/uploads\/2022\/11\/Post-de-Instagram-para-rebajas-y-ofertas-tiendas-azul-y-terracota.png?fit=1080%2C1080&ssl=1&resize=350%2C200 1x, https:\/\/i0.wp.com\/cepronda.com\/blog\/wp-content\/uploads\/2022\/11\/Post-de-Instagram-para-rebajas-y-ofertas-tiendas-azul-y-terracota.png?fit=1080%2C1080&ssl=1&resize=525%2C300 1.5x, https:\/\/i0.wp.com\/cepronda.com\/blog\/wp-content\/uploads\/2022\/11\/Post-de-Instagram-para-rebajas-y-ofertas-tiendas-azul-y-terracota.png?fit=1080%2C1080&ssl=1&resize=700%2C400 2x, https:\/\/i0.wp.com\/cepronda.com\/blog\/wp-content\/uploads\/2022\/11\/Post-de-Instagram-para-rebajas-y-ofertas-tiendas-azul-y-terracota.png?fit=1080%2C1080&ssl=1&resize=1050%2C600 3x"},"classes":[]},{"id":2272,"url":"https:\/\/cepronda.com\/blog\/iii-certamen-de-microrrelatos-sobre-violencia-de-genero-en-la-juventud-malaga-2018\/","url_meta":{"origin":3374,"position":4},"title":"III Certamen de Microrrelatos sobre Violencia de g\u00e9nero en la juventud &#8211; M\u00e1laga 2018","author":"V\u00edctor Caballero","date":"7 septiembre, 2018","format":false,"excerpt":"Muy buenas de nuevo familia.\u00a0 Hoy queremos compartir con todas y todos vosotros una iniciativa que nos ha llegado por medio de Antonio Poleo. Se trata del III Certamen de Microrrelatos sobre violencia de g\u00e9nero en la juventud. Va dirigido a j\u00f3venes hasta 20 a\u00f1os, as\u00ed que pod\u00e9is participar con\u2026","rel":"","context":"En \u00abNoticias\u00bb","block_context":{"text":"Noticias","link":"https:\/\/cepronda.com\/blog\/category\/noticias\/"},"img":{"alt_text":"","src":"https:\/\/i0.wp.com\/cepronda.com\/blog\/wp-content\/uploads\/2018\/09\/Cartel_Microrrelatos.png?fit=608%2C855&ssl=1&resize=350%2C200","width":350,"height":200,"srcset":"https:\/\/i0.wp.com\/cepronda.com\/blog\/wp-content\/uploads\/2018\/09\/Cartel_Microrrelatos.png?fit=608%2C855&ssl=1&resize=350%2C200 1x, https:\/\/i0.wp.com\/cepronda.com\/blog\/wp-content\/uploads\/2018\/09\/Cartel_Microrrelatos.png?fit=608%2C855&ssl=1&resize=525%2C300 1.5x"},"classes":[]},{"id":2474,"url":"https:\/\/cepronda.com\/blog\/video-contra-la-violencia-de-genero-del-ies-profesor-goznalo-huesa\/","url_meta":{"origin":3374,"position":5},"title":"V\u00eddeo contra la violencia de g\u00e9nero del IES Profesor Goznalo Huesa","author":"V\u00edctor Caballero","date":"27 noviembre, 2018","format":false,"excerpt":"Hola de nuevo, Desde el IES Profesor Gonzalo Huesa nos mandan este v\u00eddeo donde podemos ver como el alumnado se pronuncia contra la violencia de g\u00e9nero. Desde el CEP queremos dar la enhorabuena a todo el profesorado y alumnado participante, ya que han hecho un trabajo excelente.\u00a0 Enlace al v\u00eddeo","rel":"","context":"En \u00abNoticias\u00bb","block_context":{"text":"Noticias","link":"https:\/\/cepronda.com\/blog\/category\/noticias\/"},"img":{"alt_text":"","src":"https:\/\/i0.wp.com\/cepronda.com\/blog\/wp-content\/uploads\/2018\/11\/man-101001_1920.jpg?fit=1200%2C848&ssl=1&resize=350%2C200","width":350,"height":200,"srcset":"https:\/\/i0.wp.com\/cepronda.com\/blog\/wp-content\/uploads\/2018\/11\/man-101001_1920.jpg?fit=1200%2C848&ssl=1&resize=350%2C200 1x, https:\/\/i0.wp.com\/cepronda.com\/blog\/wp-content\/uploads\/2018\/11\/man-101001_1920.jpg?fit=1200%2C848&ssl=1&resize=525%2C300 1.5x, https:\/\/i0.wp.com\/cepronda.com\/blog\/wp-content\/uploads\/2018\/11\/man-101001_1920.jpg?fit=1200%2C848&ssl=1&resize=700%2C400 2x, https:\/\/i0.wp.com\/cepronda.com\/blog\/wp-content\/uploads\/2018\/11\/man-101001_1920.jpg?fit=1200%2C848&ssl=1&resize=1050%2C600 3x"},"classes":[]}],"jetpack_sharing_enabled":true,"_links":{"self":[{"href":"https:\/\/cepronda.com\/blog\/wp-json\/wp\/v2\/posts\/3374","targetHints":{"allow":["GET"]}}],"collection":[{"href":"https:\/\/cepronda.com\/blog\/wp-json\/wp\/v2\/posts"}],"about":[{"href":"https:\/\/cepronda.com\/blog\/wp-json\/wp\/v2\/types\/post"}],"author":[{"embeddable":true,"href":"https:\/\/cepronda.com\/blog\/wp-json\/wp\/v2\/users\/3"}],"replies":[{"embeddable":true,"href":"https:\/\/cepronda.com\/blog\/wp-json\/wp\/v2\/comments?post=3374"}],"version-history":[{"count":1,"href":"https:\/\/cepronda.com\/blog\/wp-json\/wp\/v2\/posts\/3374\/revisions"}],"predecessor-version":[{"id":3376,"href":"https:\/\/cepronda.com\/blog\/wp-json\/wp\/v2\/posts\/3374\/revisions\/3376"}],"wp:featuredmedia":[{"embeddable":true,"href":"https:\/\/cepronda.com\/blog\/wp-json\/wp\/v2\/media\/3375"}],"wp:attachment":[{"href":"https:\/\/cepronda.com\/blog\/wp-json\/wp\/v2\/media?parent=3374"}],"wp:term":[{"taxonomy":"category","embeddable":true,"href":"https:\/\/cepronda.com\/blog\/wp-json\/wp\/v2\/categories?post=3374"},{"taxonomy":"post_tag","embeddable":true,"href":"https:\/\/cepronda.com\/blog\/wp-json\/wp\/v2\/tags?post=3374"}],"curies":[{"name":"wp","href":"https:\/\/api.w.org\/{rel}","templated":true}]}}