{"id":3372,"date":"2020-01-28T09:22:00","date_gmt":"2020-01-28T08:22:00","guid":{"rendered":"http:\/\/cepronda.com\/blog\/?p=3372"},"modified":"2020-01-28T09:22:08","modified_gmt":"2020-01-28T08:22:08","slug":"actividades-en-el-c-e-i-p-ntra-sra-del-rosario-de-cortes-de-la-frontera","status":"publish","type":"post","link":"https:\/\/cepronda.com\/blog\/actividades-en-el-c-e-i-p-ntra-sra-del-rosario-de-cortes-de-la-frontera\/","title":{"rendered":"Actividades en el C.E.I.P. Ntra. Sra. del Rosario de Cortes de la Frontera"},"content":{"rendered":"\n<p class=\"wp-block-paragraph\">Muy buenas familia, <\/p>\n\n\n\n<p class=\"wp-block-paragraph\">Muchos de vuestros colegios ten\u00e9is blogs y redes sociales donde nos vais contando vuestras actividades. En este caso desde el cole de Cortes de la Frontera quieren compartir con todas y todos nosotros unas actividades muy interesantes. Para ello os dejamos con el <a href=\"https:\/\/periodicoescolardecortes.blogspot.com\/?m=1\" target=\"_blank\" rel=\"noreferrer noopener\" aria-label=\"enlace a su blog (opens in a new tab)\">enlace a su blog<\/a>. <\/p>\n","protected":false},"excerpt":{"rendered":"<p>Muy buenas familia, Muchos de vuestros colegios ten\u00e9is blogs y redes sociales donde nos vais contando vuestras actividades. En este caso desde el cole de Cortes de la Frontera quieren compartir con todas y todos nosotros unas actividades muy interesantes. Para ello os dejamos con el enlace a su blog.<\/p>\n","protected":false},"author":3,"featured_media":0,"comment_status":"open","ping_status":"open","sticky":false,"template":"","format":"standard","meta":{"_crdt_document":"","advanced_seo_description":"","jetpack_seo_html_title":"","jetpack_seo_noindex":false,"jetpack_post_was_ever_published":false,"_jetpack_newsletter_access":"","_jetpack_dont_email_post_to_subs":false,"_jetpack_newsletter_tier_id":0,"_jetpack_memberships_contains_paywalled_content":false,"_jetpack_memberships_contains_paid_content":false,"footnotes":"","jetpack_publicize_message":"","jetpack_publicize_feature_enabled":true,"jetpack_social_post_already_shared":true,"jetpack_social_options":{"image_generator_settings":{"template":"highway","default_image_id":0,"font":"","enabled":false},"version":2}},"categories":[5],"tags":[101],"class_list":{"0":"post-3372","1":"post","2":"type-post","3":"status-publish","4":"format-standard","6":"category-noticias","7":"tag-actividades","8":"czr-hentry"},"jetpack_publicize_connections":[],"jetpack_featured_media_url":"","jetpack_shortlink":"https:\/\/wp.me\/p8M4X7-So","jetpack-related-posts":[{"id":7531,"url":"https:\/\/cepronda.com\/blog\/%e2%9c%a8-celebramos-la-internacionalizacion-educativa-en-el-ceip-ntra-sra-del-rosario-de-cortes-de-la-frontera-%e2%9c%a8\/","url_meta":{"origin":3372,"position":0},"title":"\u2728 \u00a1Celebramos la Internacionalizaci\u00f3n Educativa en el CEIP Ntra. Sra. Del Rosario de Cortes de la Frontera! \u2728","author":"Inmaculada Garc\u00eda","date":"20 marzo, 2024","format":false,"excerpt":"Nos emociona compartir que desde el 18 al 23 de marzo estamos recibiendo la visita del \u00c9cole Saint Joseph de M\u00e9an (Francia) con 23 alumnos y alumnas con edades entre los 9 y 11 a\u00f1os. Esta iniciativa parte del programa del consorcio Erasmus MEPRural coordinado desde el CEP de Ronda,\u2026","rel":"","context":"En \u00abFormaciones\u00bb","block_context":{"text":"Formaciones","link":"https:\/\/cepronda.com\/blog\/category\/formaciones\/"},"img":{"alt_text":"","src":"https:\/\/i0.wp.com\/cepronda.com\/blog\/wp-content\/uploads\/2024\/03\/WhatsApp-Image-2024-03-20-at-16.37.09.jpeg?fit=1200%2C689&ssl=1&resize=350%2C200","width":350,"height":200,"srcset":"https:\/\/i0.wp.com\/cepronda.com\/blog\/wp-content\/uploads\/2024\/03\/WhatsApp-Image-2024-03-20-at-16.37.09.jpeg?fit=1200%2C689&ssl=1&resize=350%2C200 1x, https:\/\/i0.wp.com\/cepronda.com\/blog\/wp-content\/uploads\/2024\/03\/WhatsApp-Image-2024-03-20-at-16.37.09.jpeg?fit=1200%2C689&ssl=1&resize=525%2C300 1.5x, https:\/\/i0.wp.com\/cepronda.com\/blog\/wp-content\/uploads\/2024\/03\/WhatsApp-Image-2024-03-20-at-16.37.09.jpeg?fit=1200%2C689&ssl=1&resize=700%2C400 2x, https:\/\/i0.wp.com\/cepronda.com\/blog\/wp-content\/uploads\/2024\/03\/WhatsApp-Image-2024-03-20-at-16.37.09.jpeg?fit=1200%2C689&ssl=1&resize=1050%2C600 3x"},"classes":[]},{"id":697,"url":"https:\/\/cepronda.com\/blog\/inteligencia-emocional-nivel-i-zona-cortes-de-la-frontera\/","url_meta":{"origin":3372,"position":1},"title":"INTELIGENCIA EMOCIONAL. NIVEL I (ZONA CORTES DE LA FRONTERA)","author":"V\u00edctor Caballero","date":"22 febrero, 2017","format":false,"excerpt":"Abierto el plazo de solicitudes para el curso Inteligencia Emocional. Nivel I en Cortes de la Frontera, que comenzaremos a la vuelta de las vacaciones\u00a0Semana Blanca (mi\u00e9rcoles 8 de marzo) Para saber m\u00e1s e inscribirte pincha AQU\u00cd","rel":"","context":"En \u00abFormaciones\u00bb","block_context":{"text":"Formaciones","link":"https:\/\/cepronda.com\/blog\/category\/formaciones\/"},"img":{"alt_text":"","src":"","width":0,"height":0},"classes":[]},{"id":1114,"url":"https:\/\/cepronda.com\/blog\/jornadas-de-educacion-fisica\/","url_meta":{"origin":3372,"position":2},"title":"Jornadas de Educaci\u00f3n F\u00edsica","author":"V\u00edctor Caballero","date":"9 junio, 2017","format":false,"excerpt":"Muy buenas, Como sab\u00e9is desde ayer tarde estamos celebrando las Jornadas Provinciales de Educaci\u00f3n F\u00edsica en el Albergue de Cortes de la Frontera. Est\u00e1n siendo unas jornadas muy muy divertidas, din\u00e1micas, activas, l\u00fadicas,... Como muestra aqu\u00ed ten\u00e9is algunas fotos y v\u00eddeos \u00a0 https:\/\/youtu.be\/Arpu3HCIIkk https:\/\/youtu.be\/5m7Tf8Hpp_w","rel":"","context":"En \u00abNoticias\u00bb","block_context":{"text":"Noticias","link":"https:\/\/cepronda.com\/blog\/category\/noticias\/"},"img":{"alt_text":"","src":"https:\/\/i0.wp.com\/cepronda.com\/blog\/wp-content\/uploads\/2017\/06\/WhatsApp-Image-2017-06-09-at-09.25.16-300x225.jpeg?resize=350%2C200","width":350,"height":200},"classes":[]},{"id":9466,"url":"https:\/\/cepronda.com\/blog\/aa\/","url_meta":{"origin":3372,"position":3},"title":"USO DEL GPS EN ACTIVIDADES DEPORTIVAS AL AIRE LIBRE","author":"Encarni Jim\u00e9nez Rosado","date":"16 marzo, 2026","format":false,"excerpt":"Se encuentra abierto el plazo de inscripci\u00f3n al curso a distancia regional, \"Uso del GPS en actividades deportivas al aire libre\", con c\u00f3digo 264128FP024. Aprende a utilizar herramientas digitales para dise\u00f1ar actividades como: \ud83d\udeb6\u200d\u2642\ufe0f Senderismo \ud83e\udded Orientaci\u00f3n \ud83d\udeb4 Rutas en bicicleta \ud83c\udf3f Actividades educativas en el medio natural Trabajaremos con\u2026","rel":"","context":"En \u00abFormaciones\u00bb","block_context":{"text":"Formaciones","link":"https:\/\/cepronda.com\/blog\/category\/formaciones\/"},"img":{"alt_text":"","src":"https:\/\/i0.wp.com\/cepronda.com\/blog\/wp-content\/uploads\/2026\/03\/actividades-deportivas-al-aire-libre.jpg?fit=1080%2C1080&ssl=1&resize=350%2C200","width":350,"height":200,"srcset":"https:\/\/i0.wp.com\/cepronda.com\/blog\/wp-content\/uploads\/2026\/03\/actividades-deportivas-al-aire-libre.jpg?fit=1080%2C1080&ssl=1&resize=350%2C200 1x, https:\/\/i0.wp.com\/cepronda.com\/blog\/wp-content\/uploads\/2026\/03\/actividades-deportivas-al-aire-libre.jpg?fit=1080%2C1080&ssl=1&resize=525%2C300 1.5x, https:\/\/i0.wp.com\/cepronda.com\/blog\/wp-content\/uploads\/2026\/03\/actividades-deportivas-al-aire-libre.jpg?fit=1080%2C1080&ssl=1&resize=700%2C400 2x, https:\/\/i0.wp.com\/cepronda.com\/blog\/wp-content\/uploads\/2026\/03\/actividades-deportivas-al-aire-libre.jpg?fit=1080%2C1080&ssl=1&resize=1050%2C600 3x"},"classes":[]},{"id":648,"url":"https:\/\/cepronda.com\/blog\/curso-de-cuaderno-de-seneca-para-la-zona-de-cortes-de-la-frontera\/","url_meta":{"origin":3372,"position":4},"title":"Curso de Cuaderno de S\u00e9neca para la zona de Cortes de la Frontera","author":"V\u00edctor Caballero","date":"2 febrero, 2017","format":false,"excerpt":"\u00a1Hola! Desde hace algunos d\u00edas ten\u00e9is a disposici\u00f3n para el profesorado de la zona de Cortes de la Frontera de un curso que est\u00e1 resultando muy interesante para el profesorado. Se trata del curso de Cuaderno S\u00e9neca Pasen donde aprenderemos a configurar y manejar la herramienta que desde la Junta\u2026","rel":"","context":"En \u00abFormaciones\u00bb","block_context":{"text":"Formaciones","link":"https:\/\/cepronda.com\/blog\/category\/formaciones\/"},"img":{"alt_text":"","src":"","width":0,"height":0},"classes":[]},{"id":1091,"url":"https:\/\/cepronda.com\/blog\/nuevo-ciclo-formativo-de-grado-medio-en-el-ies-de-cortes\/","url_meta":{"origin":3372,"position":5},"title":"Nuevo ciclo formativo de grado medio en el IES de Cortes","author":"V\u00edctor Caballero","date":"29 mayo, 2017","format":false,"excerpt":"\u00a1Muy buenas! Comenzamos la semana con una buena noticia para nuestra zona, y es que se ampl\u00eda la oferta formativa de ciclos formativos de grado medio con uno muy caracter\u00edstico y propio de nuestra zona, el denominado \"T\u00e9cnico en producci\u00f3n agroecol\u00f3gica\". La informaci\u00f3n nos llega desde el IES Andr\u00e9s P\u00e9rez\u2026","rel":"","context":"En \u00abNoticias\u00bb","block_context":{"text":"Noticias","link":"https:\/\/cepronda.com\/blog\/category\/noticias\/"},"img":{"alt_text":"","src":"https:\/\/i0.wp.com\/cepronda.com\/blog\/wp-content\/uploads\/2017\/05\/video_agricultura_ecol%C3%B3gica.png?fit=934%2C665&ssl=1&resize=350%2C200","width":350,"height":200,"srcset":"https:\/\/i0.wp.com\/cepronda.com\/blog\/wp-content\/uploads\/2017\/05\/video_agricultura_ecol%C3%B3gica.png?fit=934%2C665&ssl=1&resize=350%2C200 1x, https:\/\/i0.wp.com\/cepronda.com\/blog\/wp-content\/uploads\/2017\/05\/video_agricultura_ecol%C3%B3gica.png?fit=934%2C665&ssl=1&resize=525%2C300 1.5x, https:\/\/i0.wp.com\/cepronda.com\/blog\/wp-content\/uploads\/2017\/05\/video_agricultura_ecol%C3%B3gica.png?fit=934%2C665&ssl=1&resize=700%2C400 2x"},"classes":[]}],"jetpack_sharing_enabled":true,"_links":{"self":[{"href":"https:\/\/cepronda.com\/blog\/wp-json\/wp\/v2\/posts\/3372","targetHints":{"allow":["GET"]}}],"collection":[{"href":"https:\/\/cepronda.com\/blog\/wp-json\/wp\/v2\/posts"}],"about":[{"href":"https:\/\/cepronda.com\/blog\/wp-json\/wp\/v2\/types\/post"}],"author":[{"embeddable":true,"href":"https:\/\/cepronda.com\/blog\/wp-json\/wp\/v2\/users\/3"}],"replies":[{"embeddable":true,"href":"https:\/\/cepronda.com\/blog\/wp-json\/wp\/v2\/comments?post=3372"}],"version-history":[{"count":1,"href":"https:\/\/cepronda.com\/blog\/wp-json\/wp\/v2\/posts\/3372\/revisions"}],"predecessor-version":[{"id":3373,"href":"https:\/\/cepronda.com\/blog\/wp-json\/wp\/v2\/posts\/3372\/revisions\/3373"}],"wp:attachment":[{"href":"https:\/\/cepronda.com\/blog\/wp-json\/wp\/v2\/media?parent=3372"}],"wp:term":[{"taxonomy":"category","embeddable":true,"href":"https:\/\/cepronda.com\/blog\/wp-json\/wp\/v2\/categories?post=3372"},{"taxonomy":"post_tag","embeddable":true,"href":"https:\/\/cepronda.com\/blog\/wp-json\/wp\/v2\/tags?post=3372"}],"curies":[{"name":"wp","href":"https:\/\/api.w.org\/{rel}","templated":true}]}}