{"id":3370,"date":"2020-01-27T19:25:06","date_gmt":"2020-01-27T18:25:06","guid":{"rendered":"http:\/\/cepronda.com\/blog\/?p=3370"},"modified":"2025-04-25T12:07:26","modified_gmt":"2025-04-25T10:07:26","slug":"ix-certamen-del-sur-incubadora-de-sondeos-y-experimentos","status":"publish","type":"post","link":"https:\/\/cepronda.com\/blog\/ix-certamen-del-sur-incubadora-de-sondeos-y-experimentos\/","title":{"rendered":"IX Certamen del Sur \u00abIncubadora de Sondeos y Experimentos\u00bb"},"content":{"rendered":"\n<p class=\"wp-block-paragraph\">Organizado por el departamento de Estad\u00edstica e Investigaci\u00f3n \nOperativa de la Universidad de Granada para trabajos de Estad\u00edstica \npresentados por grupos de estudiantes de ESO, Bachillerato y Ciclos \nFormativos de Grado Medio. Dicho concurso corresponde a la fase local \n(en Andaluc\u00eda, Ceuta y Melilla) del Concurso Tipo <em>Incubadora de Sondeos y Experimentos<\/em> (fase nacional) organizado por la Sociedad de Estad\u00edstica e Investigaci\u00f3n Operativa SEIO.<\/p>\n\n\n\n<p class=\"wp-block-paragraph\">Con esta iniciativa se pretende fomentar la ense\u00f1anza y el aprendizaje de la Estad\u00edstica en los niveles no universitarios.<\/p>\n\n\n\n<p class=\"wp-block-paragraph\">Para participar, tan solo es necesario que los estudiantes dise\u00f1en \n(con ayuda de un tutor o profesor, que no tiene que pertenecer \nnecesariamente al \u00e1mbito de las matem\u00e1ticas) un trabajo de Estad\u00edstica \nque puede definirse como el proceso de dar respuesta a una pregunta \nrelevante usando t\u00e9cnicas estad\u00edsticas y cuyo resultado se presenta \nmediante un informe escrito.<\/p>\n\n\n\n<p class=\"wp-block-paragraph\">Tanto el alumnado participante como sus tutores recibir\u00e1n un \ncertificado acreditativo de su participaci\u00f3n y podr\u00e1n optar a una serie \nde premios de patrocinadores privados y de la administraci\u00f3n p\u00fablica.<\/p>\n\n\n\n<p class=\"wp-block-paragraph\">El Certamen consta de una <strong>primera fase de inscripci\u00f3n hasta el 24 de abril de 2020<\/strong> y el plazo de presentaci\u00f3n de trabajos finaliza el 8 de mayo de 2020.<\/p>\n\n\n\n<p class=\"wp-block-paragraph\">Si quer\u00e9is mas informaci\u00f3n <a href=\"http:\/\/portals.ced.junta-andalucia.es\/educacion\/portals\/web\/ced\/contenidos\/-\/contenidos\/detalle\/ix-certamen-del-sur-incubadora-de-sondeos-y-experimentos\" target=\"_blank\" rel=\"noreferrer noopener\" aria-label=\"seguid este enlace. (opens in a new tab)\">seguid este enlace.<\/a><\/p>\n","protected":false},"excerpt":{"rendered":"<p>Organizado por el departamento de Estad\u00edstica e Investigaci\u00f3n Operativa de la Universidad de Granada para trabajos de Estad\u00edstica presentados por grupos de estudiantes de ESO, Bachillerato y Ciclos Formativos de Grado Medio. Dicho concurso corresponde a la fase local (en Andaluc\u00eda, Ceuta y Melilla) del Concurso Tipo Incubadora de Sondeos y Experimentos (fase nacional) organizado [&hellip;]<\/p>\n","protected":false},"author":3,"featured_media":0,"comment_status":"open","ping_status":"open","sticky":false,"template":"","format":"standard","meta":{"_crdt_document":"","advanced_seo_description":"","jetpack_seo_html_title":"","jetpack_seo_noindex":false,"jetpack_post_was_ever_published":false,"_jetpack_newsletter_access":"","_jetpack_dont_email_post_to_subs":false,"_jetpack_newsletter_tier_id":0,"_jetpack_memberships_contains_paywalled_content":false,"_jetpack_memberships_contains_paid_content":false,"footnotes":"","jetpack_publicize_message":"","jetpack_publicize_feature_enabled":true,"jetpack_social_post_already_shared":true,"jetpack_social_options":{"image_generator_settings":{"template":"highway","default_image_id":0,"font":"","enabled":false},"version":2}},"categories":[5],"tags":[231,180,48],"class_list":{"0":"post-3370","1":"post","2":"type-post","3":"status-publish","4":"format-standard","6":"category-noticias","7":"tag-certamen","8":"tag-concursos","9":"tag-matematicas","10":"czr-hentry"},"jetpack_publicize_connections":[],"jetpack_featured_media_url":"","jetpack_shortlink":"https:\/\/wp.me\/p8M4X7-Sm","jetpack-related-posts":[{"id":3101,"url":"https:\/\/cepronda.com\/blog\/concurso-escolar-andalucia-en-un-mapa\/","url_meta":{"origin":3370,"position":0},"title":"Concurso escolar \u00abAndaluc\u00eda en un mapa\u00bb","author":"V\u00edctor Caballero","date":"17 octubre, 2019","format":false,"excerpt":"El objeto de este concurso es promover la utilizaci\u00f3n de la cartograf\u00eda y la estad\u00edstica entre la comunidad escolar como herramientas did\u00e1cticas y de representaci\u00f3n creativa del territorio andaluz, con el fin \u00faltimo de aproximar a las personas participantes en el concurso a la importancia que la representaci\u00f3n cartogr\u00e1fica y\u2026","rel":"","context":"En \u00abNoticias\u00bb","block_context":{"text":"Noticias","link":"https:\/\/cepronda.com\/blog\/category\/noticias\/"},"img":{"alt_text":"","src":"","width":0,"height":0},"classes":[]},{"id":673,"url":"https:\/\/cepronda.com\/blog\/xxxiii-olimpiada-matematica-thales\/","url_meta":{"origin":3370,"position":1},"title":"XXXIII Olimpiada Matem\u00e1tica Thales","author":"V\u00edctor Caballero","date":"15 febrero, 2017","format":false,"excerpt":"\u00a1Hola! \u00bfQu\u00e9 tal? Queremos aprovechar esta entrada para todos aquellos docentes que est\u00e9is trabajando en 2\u00ba ESO en el \u00e1rea de Matem\u00e1ticas. Y es que ya est\u00e1 abierto el plazo de inscripci\u00f3n en la XXXIII edici\u00f3n de la Olimpiada Matem\u00e1tica Thales. As\u00ed que os animamos a participar en esta Olimpiada.\u2026","rel":"","context":"En \u00abNoticias\u00bb","block_context":{"text":"Noticias","link":"https:\/\/cepronda.com\/blog\/category\/noticias\/"},"img":{"alt_text":"","src":"https:\/\/i0.wp.com\/cepronda.com\/blog\/wp-content\/uploads\/2017\/02\/thales.png?resize=350%2C200","width":350,"height":200},"classes":[]},{"id":245,"url":"https:\/\/cepronda.com\/blog\/concurso-consumopolis12\/","url_meta":{"origin":3370,"position":2},"title":"Concurso Consum\u00f3polis12","author":"V\u00edctor Caballero","date":"27 octubre, 2016","format":false,"excerpt":"\u00a1Hola de nuevo! Nos acaba de llegar un concurso para tercer ciclo de primaria, y para 1\u00ba,2\u00ba,3\u00ba y 4\u00ba de ESO que creemos puede ser muy interesante. Es un concurso on-line\u00a0sobre consumo responsable con el lema \u201cInternet: \u00bfhaces un uso responsable?\u201d, y tiene como objetivo ofrecer a la comunidad escolar\u2026","rel":"","context":"En \u00abNoticias\u00bb","block_context":{"text":"Noticias","link":"https:\/\/cepronda.com\/blog\/category\/noticias\/"},"img":{"alt_text":"consumopolis","src":"https:\/\/i0.wp.com\/cepronda.com\/blog\/wp-content\/uploads\/2016\/10\/consum%C3%B3polis-300x77.png?resize=350%2C200","width":350,"height":200},"classes":[]},{"id":3281,"url":"https:\/\/cepronda.com\/blog\/concurso-ensenamos-a-leer-2019-2020\/","url_meta":{"origin":3370,"position":3},"title":"Concurso &quot;Ense\u00f1amos a leer&quot; 2019-2020","author":"V\u00edctor Caballero","date":"7 enero, 2020","format":false,"excerpt":"La Universidad Internacional de Valencia (VIU) y la Fundaci\u00f3n Jos\u00e9 Manuel Lara convocan la segunda edici\u00f3n del certamen \"Ense\u00f1amos a leer\", dirigido a profesionales docentes en Andaluc\u00eda. Este concurso tiene como objetivo \u00bfcontribuir a la divulgaci\u00f3n, fomento, desarrollo, investigaci\u00f3n y protecci\u00f3n del h\u00e1bito de la lectura\u00bf, tal y como se\u2026","rel":"","context":"En \u00abNoticias\u00bb","block_context":{"text":"Noticias","link":"https:\/\/cepronda.com\/blog\/category\/noticias\/"},"img":{"alt_text":"","src":"https:\/\/i0.wp.com\/cepronda.com\/blog\/wp-content\/uploads\/2019\/05\/logo-nuevo.jpg?fit=531%2C342&ssl=1&resize=350%2C200","width":350,"height":200,"srcset":"https:\/\/i0.wp.com\/cepronda.com\/blog\/wp-content\/uploads\/2019\/05\/logo-nuevo.jpg?fit=531%2C342&ssl=1&resize=350%2C200 1x, https:\/\/i0.wp.com\/cepronda.com\/blog\/wp-content\/uploads\/2019\/05\/logo-nuevo.jpg?fit=531%2C342&ssl=1&resize=525%2C300 1.5x"},"classes":[]},{"id":3433,"url":"https:\/\/cepronda.com\/blog\/xxxvi-olimpiada-matematica-thales\/","url_meta":{"origin":3370,"position":4},"title":"XXXVI Olimpiada Matem\u00e1tica Thales","author":"V\u00edctor Caballero","date":"17 febrero, 2020","format":false,"excerpt":"La Sociedad Andaluza de Educaci\u00f3n Matem\u00e1tica Thales convoca la XXXVI edici\u00f3n de la Olimpiada Matem\u00e1tica para alumnos y alumnas matriculados en 2\u00ba ESO de los centros educativos de Andaluc\u00eda. El plazo de inscripci\u00f3n permanecer\u00e1 abierto hasta las 16:00 horas del martes 10 de marzo de 2020. Los centros inscribir\u00e1n a\u2026","rel":"","context":"En \u00abNoticias\u00bb","block_context":{"text":"Noticias","link":"https:\/\/cepronda.com\/blog\/category\/noticias\/"},"img":{"alt_text":"","src":"","width":0,"height":0},"classes":[]},{"id":3347,"url":"https:\/\/cepronda.com\/blog\/viii-concurso-explica-geografia-con-tus-fotos\/","url_meta":{"origin":3370,"position":5},"title":"VIII CONCURSO \u00abExplica Geograf\u00eda con tus fotos\u00bb","author":"V\u00edctor Caballero","date":"20 enero, 2020","format":false,"excerpt":"\u00a1Buenos y helados d\u00edas! Se ha convocado\u00a0el VIII Concurso \"Explica-Geograf\u00eda con tus fotos\" de la Asociaci\u00f3n Espa\u00f1ola de Geograf\u00eda que tiene como objetivo despertar y fomentar el inter\u00e9s por la fotograf\u00eda como medio para el conocimiento geogr\u00e1fico y la explicaci\u00f3n del territorio y el paisaje. Las fechas de participaci\u00f3n son\u2026","rel":"","context":"En \u00abNoticias\u00bb","block_context":{"text":"Noticias","link":"https:\/\/cepronda.com\/blog\/category\/noticias\/"},"img":{"alt_text":"","src":"https:\/\/i0.wp.com\/cepronda.com\/blog\/wp-content\/uploads\/2020\/01\/travel-2650303_1920.jpg?fit=1200%2C703&ssl=1&resize=350%2C200","width":350,"height":200,"srcset":"https:\/\/i0.wp.com\/cepronda.com\/blog\/wp-content\/uploads\/2020\/01\/travel-2650303_1920.jpg?fit=1200%2C703&ssl=1&resize=350%2C200 1x, https:\/\/i0.wp.com\/cepronda.com\/blog\/wp-content\/uploads\/2020\/01\/travel-2650303_1920.jpg?fit=1200%2C703&ssl=1&resize=525%2C300 1.5x, https:\/\/i0.wp.com\/cepronda.com\/blog\/wp-content\/uploads\/2020\/01\/travel-2650303_1920.jpg?fit=1200%2C703&ssl=1&resize=700%2C400 2x, https:\/\/i0.wp.com\/cepronda.com\/blog\/wp-content\/uploads\/2020\/01\/travel-2650303_1920.jpg?fit=1200%2C703&ssl=1&resize=1050%2C600 3x"},"classes":[]}],"jetpack_sharing_enabled":true,"_links":{"self":[{"href":"https:\/\/cepronda.com\/blog\/wp-json\/wp\/v2\/posts\/3370","targetHints":{"allow":["GET"]}}],"collection":[{"href":"https:\/\/cepronda.com\/blog\/wp-json\/wp\/v2\/posts"}],"about":[{"href":"https:\/\/cepronda.com\/blog\/wp-json\/wp\/v2\/types\/post"}],"author":[{"embeddable":true,"href":"https:\/\/cepronda.com\/blog\/wp-json\/wp\/v2\/users\/3"}],"replies":[{"embeddable":true,"href":"https:\/\/cepronda.com\/blog\/wp-json\/wp\/v2\/comments?post=3370"}],"version-history":[{"count":1,"href":"https:\/\/cepronda.com\/blog\/wp-json\/wp\/v2\/posts\/3370\/revisions"}],"predecessor-version":[{"id":3371,"href":"https:\/\/cepronda.com\/blog\/wp-json\/wp\/v2\/posts\/3370\/revisions\/3371"}],"wp:attachment":[{"href":"https:\/\/cepronda.com\/blog\/wp-json\/wp\/v2\/media?parent=3370"}],"wp:term":[{"taxonomy":"category","embeddable":true,"href":"https:\/\/cepronda.com\/blog\/wp-json\/wp\/v2\/categories?post=3370"},{"taxonomy":"post_tag","embeddable":true,"href":"https:\/\/cepronda.com\/blog\/wp-json\/wp\/v2\/tags?post=3370"}],"curies":[{"name":"wp","href":"https:\/\/api.w.org\/{rel}","templated":true}]}}