{"id":3358,"date":"2020-01-21T12:25:13","date_gmt":"2020-01-21T11:25:13","guid":{"rendered":"http:\/\/cepronda.com\/blog\/?p=3358"},"modified":"2025-04-25T12:07:27","modified_gmt":"2025-04-25T10:07:27","slug":"concurso-un-viaje-por-el-patrimonio-de-mi-comunidad","status":"publish","type":"post","link":"https:\/\/cepronda.com\/blog\/concurso-un-viaje-por-el-patrimonio-de-mi-comunidad\/","title":{"rendered":"Concurso \u201cUn Viaje por el Patrimonio de mi Comunidad\u201d"},"content":{"rendered":"\n<p class=\"wp-block-paragraph\">La Red Espa\u00f1ola de Albergues Juveniles (REAJ) organiza un concurso de\n v\u00eddeos dirigido a clases de 6\u00ba de Primaria de cualquier colegio del \nterritorio espa\u00f1ol.<\/p>\n\n\n\n<p class=\"wp-block-paragraph\">Para participar los colegios tendr\u00e1n que presentar un v\u00eddeo en el que\n muestren el Patrimonio Mundial y los albergues juveniles de su \nComunidad.<\/p>\n\n\n\n<p class=\"wp-block-paragraph\">El v\u00eddeo tendr\u00e1 una duraci\u00f3n m\u00e1xima de 4 minutos, y no ser\u00e1 necesario\n trasladarse hasta el bien Patrimonio Mundial ni hasta los albergues.<\/p>\n\n\n\n<p class=\"wp-block-paragraph\">El formato es totalmente libre: puede ser una explicaci\u00f3n, una \nentrevista, un spot, una representaci\u00f3n teatral, un baile, una canci\u00f3n\u2026 o\n cualquier otro formato que sirva para dar a conocer el Patrimonio \nMundial y los albergues de la Comunidad.<\/p>\n\n\n\n<p class=\"wp-block-paragraph\">Dos premios:<\/p>\n\n\n\n<p class=\"wp-block-paragraph\">\u00b75.000 \u20ac (IVA Incluido) para que el colegio ganador organice un viaje\n con alojamiento en albergues REAJ para que toda la clase visite un bien\n declarado Patrimonio Mundial por la UNESCO.<\/p>\n\n\n\n<p class=\"wp-block-paragraph\">\u00b7Equipaci\u00f3n deportiva valorada en 1.000 \u20ac (IVA Incluido) a sortear entre todos los colegios participantes<\/p>\n\n\n\n<p class=\"wp-block-paragraph\"><strong>Inscripci\u00f3n y presentaci\u00f3n de v\u00eddeos hasta el 12 de marzo a las 15.00 horas<\/strong><\/p>\n\n\n\n<p class=\"wp-block-paragraph\">Web de la REAJ<\/p>\n","protected":false},"excerpt":{"rendered":"<p>La Red Espa\u00f1ola de Albergues Juveniles (REAJ) organiza un concurso de v\u00eddeos dirigido a clases de 6\u00ba de Primaria de cualquier colegio del territorio espa\u00f1ol. Para participar los colegios tendr\u00e1n que presentar un v\u00eddeo en el que muestren el Patrimonio Mundial y los albergues juveniles de su Comunidad. El v\u00eddeo tendr\u00e1 una duraci\u00f3n m\u00e1xima de [&hellip;]<\/p>\n","protected":false},"author":3,"featured_media":2849,"comment_status":"open","ping_status":"open","sticky":false,"template":"","format":"standard","meta":{"_crdt_document":"","advanced_seo_description":"","jetpack_seo_html_title":"","jetpack_seo_noindex":false,"jetpack_post_was_ever_published":false,"_jetpack_newsletter_access":"","_jetpack_dont_email_post_to_subs":false,"_jetpack_newsletter_tier_id":0,"_jetpack_memberships_contains_paywalled_content":false,"_jetpack_memberships_contains_paid_content":false,"footnotes":"","jetpack_publicize_message":"","jetpack_publicize_feature_enabled":true,"jetpack_social_post_already_shared":true,"jetpack_social_options":{"image_generator_settings":{"template":"highway","default_image_id":0,"font":"","enabled":false},"version":2}},"categories":[5],"tags":[231,122,180],"class_list":{"0":"post-3358","1":"post","2":"type-post","3":"status-publish","4":"format-standard","5":"has-post-thumbnail","7":"category-noticias","8":"tag-certamen","9":"tag-concurso","10":"tag-concursos","11":"czr-hentry"},"jetpack_publicize_connections":[],"jetpack_featured_media_url":"https:\/\/i0.wp.com\/cepronda.com\/blog\/wp-content\/uploads\/2019\/05\/logo-nuevo.jpg?fit=531%2C342&ssl=1","jetpack_shortlink":"https:\/\/wp.me\/p8M4X7-Sa","jetpack-related-posts":[{"id":1606,"url":"https:\/\/cepronda.com\/blog\/concurso-un-viaje-por-el-patrimonio-y-los-albergues-de-mi-comunidad\/","url_meta":{"origin":3358,"position":0},"title":"Concurso \u00abUn Viaje por el Patrimonio y los Albergues de mi Comunidad\u00bb","author":"V\u00edctor Caballero","date":"13 febrero, 2018","format":false,"excerpt":"\u00a1Hola a todo el mundo! Escribimos esta entrada para informaros de este concurso, que creemos que puede ser de gran inter\u00e9s para los centros de primaria, ya que va destinado a alumnado de 6\u00ba de primaria.\u00a0 La Red Espa\u00f1ola de Albergues Juveniles (REAJ) organiza un concurso de v\u00eddeos dirigido a\u2026","rel":"","context":"En \u00abNoticias\u00bb","block_context":{"text":"Noticias","link":"https:\/\/cepronda.com\/blog\/category\/noticias\/"},"img":{"alt_text":"","src":"https:\/\/i0.wp.com\/cepronda.com\/blog\/wp-content\/uploads\/2018\/02\/concurso_patrimonio.png?fit=444%2C395&ssl=1&resize=350%2C200","width":350,"height":200},"classes":[]},{"id":2637,"url":"https:\/\/cepronda.com\/blog\/informacion-sobre-varias-concursos-interesantes\/","url_meta":{"origin":3358,"position":1},"title":"Informaci\u00f3n sobre varias concursos interesantes","author":"V\u00edctor Caballero","date":"13 febrero, 2019","format":false,"excerpt":"Buenas familia, Compartimos con todas y todos vosotros en una misma entrada varias propuestas que nos llegan sobre concursos que pueden resultar interesantes para vuestros centros. Cada uno de ellos os env\u00eda el enlace a la p\u00e1gina informativa sobre las caracter\u00edsticas de cada uno de ellos. Concurso \"Magallanes-Elcano y la\u2026","rel":"","context":"En \u00abNoticias\u00bb","block_context":{"text":"Noticias","link":"https:\/\/cepronda.com\/blog\/category\/noticias\/"},"img":{"alt_text":"","src":"https:\/\/i0.wp.com\/cepronda.com\/blog\/wp-content\/uploads\/2017\/05\/logo_ja_ce_mejor.jpg?fit=732%2C600&ssl=1&resize=350%2C200","width":350,"height":200,"srcset":"https:\/\/i0.wp.com\/cepronda.com\/blog\/wp-content\/uploads\/2017\/05\/logo_ja_ce_mejor.jpg?fit=732%2C600&ssl=1&resize=350%2C200 1x, https:\/\/i0.wp.com\/cepronda.com\/blog\/wp-content\/uploads\/2017\/05\/logo_ja_ce_mejor.jpg?fit=732%2C600&ssl=1&resize=525%2C300 1.5x, https:\/\/i0.wp.com\/cepronda.com\/blog\/wp-content\/uploads\/2017\/05\/logo_ja_ce_mejor.jpg?fit=732%2C600&ssl=1&resize=700%2C400 2x"},"classes":[]},{"id":3353,"url":"https:\/\/cepronda.com\/blog\/xxix-concurso-patrimonio-nacional-de-pintura-infantil-y-juvenil-curso-2019-2020\/","url_meta":{"origin":3358,"position":2},"title":"XXIX Concurso Patrimonio Nacional de Pintura Infantil y Juvenil, curso 2019-2020","author":"V\u00edctor Caballero","date":"20 enero, 2020","format":false,"excerpt":"Patrimonio Nacional convoca el XXIX Concurso de Pintura Infantil y Juvenil para Centros Escolares. El prop\u00f3sito de este concurso es divulgar, entre los ni\u00f1os, ni\u00f1as y j\u00f3venes, los monumentos, palacios y monasterios reales que integran Patrimonio Nacional, a trav\u00e9s de su expresi\u00f3n pl\u00e1stica. El concurso tiene dos categor\u00edas: A) Alumnado\u2026","rel":"","context":"En \u00abNoticias\u00bb","block_context":{"text":"Noticias","link":"https:\/\/cepronda.com\/blog\/category\/noticias\/"},"img":{"alt_text":"","src":"","width":0,"height":0},"classes":[]},{"id":2178,"url":"https:\/\/cepronda.com\/blog\/2-microrrelatos-escolares-premiados-que-conmemoran-el-ano-europeo-del-patrimonio-cultural\/","url_meta":{"origin":3358,"position":3},"title":"2 Microrrelatos escolares premiados que conmemoran el A\u00f1o Europeo del Patrimonio Cultural","author":"V\u00edctor Caballero","date":"12 junio, 2018","format":false,"excerpt":"Muy buenas,\u00a0 Hoy estamos de enhorabuena ya que dos microrrelatos de centros de nuestra zona ha sido premiados en el concurso de microrrelatos educativos \"Cu\u00e9ntanos una historia\". M\u00e1s concretamente se trata de\u00a0\u201cNoche que alegra el alma\u201d de\u00a0Mar\u00eda Guerrero Garc\u00eda, del\u00a0IES Profesor Gonzalo Huesa de Ronda\u00a0y\u00a0\u00a0\u201cAdi\u00f3s\u201d de\u00a0Javier Aguilar M\u00e9ndez, del\u00a0IES Valle\u2026","rel":"","context":"En \u00abNoticias\u00bb","block_context":{"text":"Noticias","link":"https:\/\/cepronda.com\/blog\/category\/noticias\/"},"img":{"alt_text":"","src":"https:\/\/i0.wp.com\/cepronda.com\/blog\/wp-content\/uploads\/2018\/06\/premios.jpg?fit=1200%2C792&ssl=1&resize=350%2C200","width":350,"height":200,"srcset":"https:\/\/i0.wp.com\/cepronda.com\/blog\/wp-content\/uploads\/2018\/06\/premios.jpg?fit=1200%2C792&ssl=1&resize=350%2C200 1x, https:\/\/i0.wp.com\/cepronda.com\/blog\/wp-content\/uploads\/2018\/06\/premios.jpg?fit=1200%2C792&ssl=1&resize=525%2C300 1.5x, https:\/\/i0.wp.com\/cepronda.com\/blog\/wp-content\/uploads\/2018\/06\/premios.jpg?fit=1200%2C792&ssl=1&resize=700%2C400 2x, https:\/\/i0.wp.com\/cepronda.com\/blog\/wp-content\/uploads\/2018\/06\/premios.jpg?fit=1200%2C792&ssl=1&resize=1050%2C600 3x"},"classes":[]},{"id":660,"url":"https:\/\/cepronda.com\/blog\/concurso-6-grados\/","url_meta":{"origin":3358,"position":4},"title":"Concurso 6 grados","author":"V\u00edctor Caballero","date":"6 febrero, 2017","format":false,"excerpt":"Hola de nuevo, Nos ha llegado esta informaci\u00f3n a trav\u00e9s del CEP de Marbella, y os la queremos pasar para todas aquellas personas que est\u00e9is interesadas... \"Estimados docentes, Desde la Campa\u00f1a de Fotoprotecci\u00f3n y Prevenci\u00f3n del C\u00e1ncer de Piel del \u00c1rea Sanitaria Costa del Sol, queremos haceros part\u00edcipes del concurso\u2026","rel":"","context":"En \u00abNoticias\u00bb","block_context":{"text":"Noticias","link":"https:\/\/cepronda.com\/blog\/category\/noticias\/"},"img":{"alt_text":"","src":"","width":0,"height":0},"classes":[]},{"id":9322,"url":"https:\/\/cepronda.com\/blog\/concurso-cartel-anunciador-its-ronda-2025-26\/","url_meta":{"origin":3358,"position":5},"title":"CONCURSO CARTEL ANUNCIADOR.  IT\u2019s Ronda 2025\/26","author":"Inmaculada Garc\u00eda","date":"29 enero, 2026","format":false,"excerpt":"\u00bfVives en la Serran\u00eda de Ronda y te apasiona crear? Entonces, el Concurso de Cartel Anunciador para la V Feria de Inventos y Talentos, IT's Ronda 2026, es tu oportunidad para brillar. \u00bfQui\u00e9n puede participar? Este concurso est\u00e1 abierto para estudiantes de educaci\u00f3n infantil, primaria, secundaria, bachillerato y FP de\u2026","rel":"","context":"En \u00abNoticias\u00bb","block_context":{"text":"Noticias","link":"https:\/\/cepronda.com\/blog\/category\/noticias\/"},"img":{"alt_text":"","src":"https:\/\/i0.wp.com\/cepronda.com\/blog\/wp-content\/uploads\/2026\/01\/de.jpg?fit=1080%2C1080&ssl=1&resize=350%2C200","width":350,"height":200,"srcset":"https:\/\/i0.wp.com\/cepronda.com\/blog\/wp-content\/uploads\/2026\/01\/de.jpg?fit=1080%2C1080&ssl=1&resize=350%2C200 1x, https:\/\/i0.wp.com\/cepronda.com\/blog\/wp-content\/uploads\/2026\/01\/de.jpg?fit=1080%2C1080&ssl=1&resize=525%2C300 1.5x, https:\/\/i0.wp.com\/cepronda.com\/blog\/wp-content\/uploads\/2026\/01\/de.jpg?fit=1080%2C1080&ssl=1&resize=700%2C400 2x, https:\/\/i0.wp.com\/cepronda.com\/blog\/wp-content\/uploads\/2026\/01\/de.jpg?fit=1080%2C1080&ssl=1&resize=1050%2C600 3x"},"classes":[]}],"jetpack_sharing_enabled":true,"_links":{"self":[{"href":"https:\/\/cepronda.com\/blog\/wp-json\/wp\/v2\/posts\/3358","targetHints":{"allow":["GET"]}}],"collection":[{"href":"https:\/\/cepronda.com\/blog\/wp-json\/wp\/v2\/posts"}],"about":[{"href":"https:\/\/cepronda.com\/blog\/wp-json\/wp\/v2\/types\/post"}],"author":[{"embeddable":true,"href":"https:\/\/cepronda.com\/blog\/wp-json\/wp\/v2\/users\/3"}],"replies":[{"embeddable":true,"href":"https:\/\/cepronda.com\/blog\/wp-json\/wp\/v2\/comments?post=3358"}],"version-history":[{"count":1,"href":"https:\/\/cepronda.com\/blog\/wp-json\/wp\/v2\/posts\/3358\/revisions"}],"predecessor-version":[{"id":3359,"href":"https:\/\/cepronda.com\/blog\/wp-json\/wp\/v2\/posts\/3358\/revisions\/3359"}],"wp:featuredmedia":[{"embeddable":true,"href":"https:\/\/cepronda.com\/blog\/wp-json\/wp\/v2\/media\/2849"}],"wp:attachment":[{"href":"https:\/\/cepronda.com\/blog\/wp-json\/wp\/v2\/media?parent=3358"}],"wp:term":[{"taxonomy":"category","embeddable":true,"href":"https:\/\/cepronda.com\/blog\/wp-json\/wp\/v2\/categories?post=3358"},{"taxonomy":"post_tag","embeddable":true,"href":"https:\/\/cepronda.com\/blog\/wp-json\/wp\/v2\/tags?post=3358"}],"curies":[{"name":"wp","href":"https:\/\/api.w.org\/{rel}","templated":true}]}}