{"id":3355,"date":"2020-01-21T11:52:11","date_gmt":"2020-01-21T10:52:11","guid":{"rendered":"http:\/\/cepronda.com\/blog\/?p=3355"},"modified":"2025-04-28T12:05:53","modified_gmt":"2025-04-28T10:05:53","slug":"abierto-el-plazo-de-inscripcion-i-congreso-de-buenas-practicas-en-educacion-infantil","status":"publish","type":"post","link":"https:\/\/cepronda.com\/blog\/abierto-el-plazo-de-inscripcion-i-congreso-de-buenas-practicas-en-educacion-infantil\/","title":{"rendered":"Abierto el plazo de inscripci\u00f3n I Congreso de Buenas Pr\u00e1cticas en Educaci\u00f3n Infantil"},"content":{"rendered":"\n<p class=\"wp-block-paragraph\">Muy buenas familia de Infantil,<\/p>\n\n\n\n<p class=\"wp-block-paragraph\">Hoy se abre el plazo de inscripci\u00f3n en el I Congreso de Buenas Pr\u00e1cticas de Educaci\u00f3n Infantil desde el CEP de M\u00e1laga en colaboraci\u00f3n con la UMA, se est\u00e1 organizando el\u00a0<strong>I Congreso de Buenas pr\u00e1cticas en Educaci\u00f3n Infantil,<\/strong>\u00a0que tendr\u00e1 lugar los pr\u00f3ximos\u00a0<strong>23, 24 y 25 de Abril.<\/strong>\u00a0Os dejo el enlace para que pod\u00e1is ver toda la informaci\u00f3n\u00a0<a href=\"https:\/\/www.congresobbppinfantil.uma.es\/\">https:\/\/www.congresobbppinfantil.uma.es\/<\/a>.\u00a0 <\/p>\n\n\n\n<p class=\"wp-block-paragraph\">Para\u00a0<strong>participar como asistente<\/strong>\u00a0(no para exponer buenas pr\u00e1cticas), adem\u00e1s del orden de inscripci\u00f3n,\u00a0 tendr\u00e1n prioridad las solicitudes que aporten un \u00abp\u00f3ster\u00bb o \u00abcomunicaci\u00f3n\u00bb de una experiencia pr\u00e1ctica, que ser\u00e1n presentadas en un momento de este congreso por las personas organizadoras.<\/p>\n\n\n\n<p class=\"wp-block-paragraph\">Os dejamos el enlace a la\u00a0<a href=\"http:\/\/portals.ced.junta-andalucia.es\/educacion\/portals\/web\/cep-malaga\/cursos\">solicitud de inscripci\u00f3n<\/a>, cualquier consulta, no dud\u00e9is en contactar con Claudia, la asesora de Educaci\u00f3n Infantil. \u00a1Un abrazo! \u00a1Esperamos veros por all\u00ed!!<\/p>\n\n\n\n<div class=\"wp-block-image\"><figure class=\"aligncenter size-large\"><img data-recalc-dims=\"1\" loading=\"lazy\" decoding=\"async\" width=\"224\" height=\"78\" src=\"https:\/\/i0.wp.com\/cepronda.com\/blog\/wp-content\/uploads\/2020\/01\/cropped-logo_HUM205-1.jpg?resize=224%2C78\" alt=\"\" class=\"wp-image-3356\"\/><\/figure><\/div>\n","protected":false},"excerpt":{"rendered":"<p>Muy buenas familia de Infantil, Hoy se abre el plazo de inscripci\u00f3n en el I Congreso de Buenas Pr\u00e1cticas de Educaci\u00f3n Infantil desde el CEP de M\u00e1laga en colaboraci\u00f3n con la UMA, se est\u00e1 organizando el\u00a0I Congreso de Buenas pr\u00e1cticas en Educaci\u00f3n Infantil,\u00a0que tendr\u00e1 lugar los pr\u00f3ximos\u00a023, 24 y 25 de Abril.\u00a0Os dejo el enlace [&hellip;]<\/p>\n","protected":false},"author":3,"featured_media":3356,"comment_status":"open","ping_status":"open","sticky":false,"template":"","format":"standard","meta":{"_crdt_document":"","advanced_seo_description":"","jetpack_seo_html_title":"","jetpack_seo_noindex":false,"jetpack_post_was_ever_published":false,"_jetpack_newsletter_access":"","_jetpack_dont_email_post_to_subs":false,"_jetpack_newsletter_tier_id":0,"_jetpack_memberships_contains_paywalled_content":false,"_jetpack_memberships_contains_paid_content":false,"footnotes":"","jetpack_publicize_message":"","jetpack_publicize_feature_enabled":true,"jetpack_social_post_already_shared":true,"jetpack_social_options":{"image_generator_settings":{"template":"highway","default_image_id":0,"font":"","enabled":false},"version":2}},"categories":[5],"tags":[23,174],"class_list":{"0":"post-3355","1":"post","2":"type-post","3":"status-publish","4":"format-standard","5":"has-post-thumbnail","7":"category-noticias","8":"tag-educacion-infantil","9":"tag-jornadas","10":"czr-hentry"},"jetpack_publicize_connections":[],"jetpack_featured_media_url":"https:\/\/i0.wp.com\/cepronda.com\/blog\/wp-content\/uploads\/2020\/01\/cropped-logo_HUM205-1.jpg?fit=224%2C78&ssl=1","jetpack_shortlink":"https:\/\/wp.me\/p8M4X7-S7","jetpack-related-posts":[{"id":4122,"url":"https:\/\/cepronda.com\/blog\/4122-2\/","url_meta":{"origin":3355,"position":0},"title":"1\u00ba Congreso Virtual de Buenas Pr\u00e1cticas en la Educaci\u00f3n Infantil.","author":"Maribel Mu\u00f1oz","date":"20 enero, 2021","format":false,"excerpt":"Buenas tardes compa\u00f1eras y compa\u00f1eros, Os informamos que est\u00e1 abierto el plazo de inscripci\u00f3n del\u00a0 1\u00ba Congreso Virtual de Buenas Pr\u00e1cticas en la Educaci\u00f3n Infantil. Se desarrollar\u00e1 los d\u00edas\u00a0 22, 23, 24 de Abril del 2021 . Adjuntamos enlace : https:\/\/www.congresobbppinfantil.uma.es\/ Deseamos que sea de vuestro inter\u00e9s.\u00a0 Saludos.","rel":"","context":"En \u00abFormaciones\u00bb","block_context":{"text":"Formaciones","link":"https:\/\/cepronda.com\/blog\/category\/formaciones\/"},"img":{"alt_text":"","src":"https:\/\/i0.wp.com\/cepronda.com\/blog\/wp-content\/uploads\/2021\/01\/WhatsApp-Image-2021-01-20-at-13.46.54.jpeg?fit=857%2C1200&ssl=1&resize=350%2C200","width":350,"height":200,"srcset":"https:\/\/i0.wp.com\/cepronda.com\/blog\/wp-content\/uploads\/2021\/01\/WhatsApp-Image-2021-01-20-at-13.46.54.jpeg?fit=857%2C1200&ssl=1&resize=350%2C200 1x, https:\/\/i0.wp.com\/cepronda.com\/blog\/wp-content\/uploads\/2021\/01\/WhatsApp-Image-2021-01-20-at-13.46.54.jpeg?fit=857%2C1200&ssl=1&resize=525%2C300 1.5x, https:\/\/i0.wp.com\/cepronda.com\/blog\/wp-content\/uploads\/2021\/01\/WhatsApp-Image-2021-01-20-at-13.46.54.jpeg?fit=857%2C1200&ssl=1&resize=700%2C400 2x"},"classes":[]},{"id":8800,"url":"https:\/\/cepronda.com\/blog\/x-congreso-internacional-de-buenas-practicas-con-tic\/","url_meta":{"origin":3355,"position":1},"title":"X CONGRESO INTERNACIONAL DE BUENAS PR\u00c1CTICAS CON TIC","author":"Mamen Moreno","date":"18 septiembre, 2025","format":false,"excerpt":"Abierto el plazo de inscripci\u00f3n para el congreso \"X CONGRESO INTERNACIONAL DE BUENAS PR\u00c1CTICAS CON TIC\" \u27a1\ufe0f Dirigido a: Internivelar \u270f\ufe0f Inscripci\u00f3n: desde 17\/09\/2025 a 08\/10\/2025 Actividad: 22\/10\/2025 y 23\/10\/2025 \u231bDuraci\u00f3n: 8 horas Lugar: Sede UNIA Puerto de M\u00e1laga (de 16:30 a 20:30 horas) M\u00e1s informaci\u00f3n en: https:\/\/www.juntadeandalucia.es\/educacion\/secretariavirtual\/consultaCEP\/actividad\/262922GE056\/","rel":"","context":"En \u00abFormaciones\u00bb","block_context":{"text":"Formaciones","link":"https:\/\/cepronda.com\/blog\/category\/formaciones\/"},"img":{"alt_text":"","src":"https:\/\/i0.wp.com\/cepronda.com\/blog\/wp-content\/uploads\/2025\/09\/WhatsApp-Image-2025-09-17-at-22.19.47-215x300.jpeg?resize=350%2C200&ssl=1","width":350,"height":200},"classes":[]},{"id":3378,"url":"https:\/\/cepronda.com\/blog\/rutinas-en-educacion-infantil-una-perspectiva-innovadora\/","url_meta":{"origin":3355,"position":2},"title":"RUTINAS EN EDUCACI\u00d3N INFANTIL: UNA PERSPECTIVA INNOVADORA.","author":"V\u00edctor Caballero","date":"31 enero, 2020","format":false,"excerpt":"Muy buenas familia de Infantil, Abrimos el plazo de inscripci\u00f3n para esta actividad dirigida a todo el profesorado de Educaci\u00f3n Infantil. Para ver los detalles, las fechas e inscribiros s\u00f3lo ten\u00e9is que seguir este enlace. Os animamos a participar, seguro que seguimos aprendiendo un mont\u00f3n.","rel":"","context":"En \u00abFormaciones\u00bb","block_context":{"text":"Formaciones","link":"https:\/\/cepronda.com\/blog\/category\/formaciones\/"},"img":{"alt_text":"","src":"https:\/\/i0.wp.com\/cepronda.com\/blog\/wp-content\/uploads\/2020\/01\/Ed._Infantil.png?fit=657%2C929&ssl=1&resize=350%2C200","width":350,"height":200,"srcset":"https:\/\/i0.wp.com\/cepronda.com\/blog\/wp-content\/uploads\/2020\/01\/Ed._Infantil.png?fit=657%2C929&ssl=1&resize=350%2C200 1x, https:\/\/i0.wp.com\/cepronda.com\/blog\/wp-content\/uploads\/2020\/01\/Ed._Infantil.png?fit=657%2C929&ssl=1&resize=525%2C300 1.5x"},"classes":[]},{"id":5468,"url":"https:\/\/cepronda.com\/blog\/aproximacion-al-marco-general-de-la-lomloe-educacion-infantil\/","url_meta":{"origin":3355,"position":3},"title":"APROXIMACI\u00d3N AL MARCO GENERAL DE LA LOMLOE.EDUCACI\u00d3N INFANTIL.","author":"Maribel Mu\u00f1oz","date":"16 septiembre, 2022","format":false,"excerpt":"Buenas tardes compa\u00f1eras y compa\u00f1eros, Os\u00a0 informamos que est\u00e1 abierto el plazo de inscripci\u00f3n en el curso a distancia APROXIMACI\u00d3N AL MARCO GENERAL DE LA LOMLOE. EDUCACI\u00d3N INFANTIL con c\u00f3digo 232924PF403. Fechas de inscripci\u00f3n : del 16\/09\/2022 al 03\/10\/2022 Fecha de inicio: 10\/10\/2022 Fecha finalizaci\u00f3n: 10\/11\/2022 Horas: 15\u00a0 ( online\u2026","rel":"","context":"En \u00abFormaciones\u00bb","block_context":{"text":"Formaciones","link":"https:\/\/cepronda.com\/blog\/category\/formaciones\/"},"img":{"alt_text":"","src":"https:\/\/i0.wp.com\/cepronda.com\/blog\/wp-content\/uploads\/2022\/09\/WhatsApp-Image-2022-09-16-at-11.24.09.jpeg?fit=1200%2C675&ssl=1&resize=350%2C200","width":350,"height":200,"srcset":"https:\/\/i0.wp.com\/cepronda.com\/blog\/wp-content\/uploads\/2022\/09\/WhatsApp-Image-2022-09-16-at-11.24.09.jpeg?fit=1200%2C675&ssl=1&resize=350%2C200 1x, https:\/\/i0.wp.com\/cepronda.com\/blog\/wp-content\/uploads\/2022\/09\/WhatsApp-Image-2022-09-16-at-11.24.09.jpeg?fit=1200%2C675&ssl=1&resize=525%2C300 1.5x, https:\/\/i0.wp.com\/cepronda.com\/blog\/wp-content\/uploads\/2022\/09\/WhatsApp-Image-2022-09-16-at-11.24.09.jpeg?fit=1200%2C675&ssl=1&resize=700%2C400 2x, https:\/\/i0.wp.com\/cepronda.com\/blog\/wp-content\/uploads\/2022\/09\/WhatsApp-Image-2022-09-16-at-11.24.09.jpeg?fit=1200%2C675&ssl=1&resize=1050%2C600 3x"},"classes":[]},{"id":4510,"url":"https:\/\/cepronda.com\/blog\/i-congreso-de-ajedrez-y-buenas-practicas-educativas\/","url_meta":{"origin":3355,"position":4},"title":"I CONGRESO DE AJEDREZ Y BUENAS PR\u00c1CTICAS EDUCATIVAS","author":"Maribel Mu\u00f1oz","date":"4 mayo, 2021","format":false,"excerpt":"Estimados\/as compa\u00f1eros\/as, Os informamos que est\u00e1 abierta la convocatoria para el \"I CONGRESO DE AJEDREZ Y BUENAS PR\u00c1CTICAS EDUCATIVAS\" que se realizar\u00e1 los d\u00edas 20, 25 y 27 de mayo. Ser\u00e1 un congreso con ponentes de repercusi\u00f3n internacional con un formato din\u00e1mico, como pod\u00e9is ver en el siguiente \"teaser trailer\":\u2026","rel":"","context":"En \u00abFormaciones\u00bb","block_context":{"text":"Formaciones","link":"https:\/\/cepronda.com\/blog\/category\/formaciones\/"},"img":{"alt_text":"","src":"https:\/\/i0.wp.com\/cepronda.com\/blog\/wp-content\/uploads\/2021\/05\/chess-316657_1280.jpg?fit=1200%2C794&ssl=1&resize=350%2C200","width":350,"height":200,"srcset":"https:\/\/i0.wp.com\/cepronda.com\/blog\/wp-content\/uploads\/2021\/05\/chess-316657_1280.jpg?fit=1200%2C794&ssl=1&resize=350%2C200 1x, https:\/\/i0.wp.com\/cepronda.com\/blog\/wp-content\/uploads\/2021\/05\/chess-316657_1280.jpg?fit=1200%2C794&ssl=1&resize=525%2C300 1.5x, https:\/\/i0.wp.com\/cepronda.com\/blog\/wp-content\/uploads\/2021\/05\/chess-316657_1280.jpg?fit=1200%2C794&ssl=1&resize=700%2C400 2x, https:\/\/i0.wp.com\/cepronda.com\/blog\/wp-content\/uploads\/2021\/05\/chess-316657_1280.jpg?fit=1200%2C794&ssl=1&resize=1050%2C600 3x"},"classes":[]},{"id":3557,"url":"https:\/\/cepronda.com\/blog\/distintos-cursos-para-ayudaros-en-vuestras-clases-on-line\/","url_meta":{"origin":3355,"position":5},"title":"Distintos cursos para ayudaros en vuestras clases on line","author":"V\u00edctor Caballero","date":"27 abril, 2020","format":false,"excerpt":"Muy buenas familia, Hoy os queremos comunicar que se abren los plazos de inscripci\u00f3n para tres cursos que creemos que os pueden ayudar en esta nueva situaci\u00f3n de clases en l\u00ednea. Se trata de tres cursos diferenciados para las distintas etas educativas, ya que intentamos adaptarnos a vuestras necesidades y\u2026","rel":"","context":"En \u00abFormaciones\u00bb","block_context":{"text":"Formaciones","link":"https:\/\/cepronda.com\/blog\/category\/formaciones\/"},"img":{"alt_text":"","src":"https:\/\/i0.wp.com\/cepronda.com\/blog\/wp-content\/uploads\/2020\/04\/24042020RECURSOS-DIGITALES-infantil.jpg?fit=848%2C1200&ssl=1&resize=350%2C200","width":350,"height":200,"srcset":"https:\/\/i0.wp.com\/cepronda.com\/blog\/wp-content\/uploads\/2020\/04\/24042020RECURSOS-DIGITALES-infantil.jpg?fit=848%2C1200&ssl=1&resize=350%2C200 1x, https:\/\/i0.wp.com\/cepronda.com\/blog\/wp-content\/uploads\/2020\/04\/24042020RECURSOS-DIGITALES-infantil.jpg?fit=848%2C1200&ssl=1&resize=525%2C300 1.5x, https:\/\/i0.wp.com\/cepronda.com\/blog\/wp-content\/uploads\/2020\/04\/24042020RECURSOS-DIGITALES-infantil.jpg?fit=848%2C1200&ssl=1&resize=700%2C400 2x"},"classes":[]}],"jetpack_sharing_enabled":true,"_links":{"self":[{"href":"https:\/\/cepronda.com\/blog\/wp-json\/wp\/v2\/posts\/3355","targetHints":{"allow":["GET"]}}],"collection":[{"href":"https:\/\/cepronda.com\/blog\/wp-json\/wp\/v2\/posts"}],"about":[{"href":"https:\/\/cepronda.com\/blog\/wp-json\/wp\/v2\/types\/post"}],"author":[{"embeddable":true,"href":"https:\/\/cepronda.com\/blog\/wp-json\/wp\/v2\/users\/3"}],"replies":[{"embeddable":true,"href":"https:\/\/cepronda.com\/blog\/wp-json\/wp\/v2\/comments?post=3355"}],"version-history":[{"count":1,"href":"https:\/\/cepronda.com\/blog\/wp-json\/wp\/v2\/posts\/3355\/revisions"}],"predecessor-version":[{"id":3357,"href":"https:\/\/cepronda.com\/blog\/wp-json\/wp\/v2\/posts\/3355\/revisions\/3357"}],"wp:featuredmedia":[{"embeddable":true,"href":"https:\/\/cepronda.com\/blog\/wp-json\/wp\/v2\/media\/3356"}],"wp:attachment":[{"href":"https:\/\/cepronda.com\/blog\/wp-json\/wp\/v2\/media?parent=3355"}],"wp:term":[{"taxonomy":"category","embeddable":true,"href":"https:\/\/cepronda.com\/blog\/wp-json\/wp\/v2\/categories?post=3355"},{"taxonomy":"post_tag","embeddable":true,"href":"https:\/\/cepronda.com\/blog\/wp-json\/wp\/v2\/tags?post=3355"}],"curies":[{"name":"wp","href":"https:\/\/api.w.org\/{rel}","templated":true}]}}