{"id":3353,"date":"2020-01-20T18:57:46","date_gmt":"2020-01-20T17:57:46","guid":{"rendered":"http:\/\/cepronda.com\/blog\/?p=3353"},"modified":"2025-04-25T12:07:27","modified_gmt":"2025-04-25T10:07:27","slug":"xxix-concurso-patrimonio-nacional-de-pintura-infantil-y-juvenil-curso-2019-2020","status":"publish","type":"post","link":"https:\/\/cepronda.com\/blog\/xxix-concurso-patrimonio-nacional-de-pintura-infantil-y-juvenil-curso-2019-2020\/","title":{"rendered":"XXIX Concurso Patrimonio Nacional de Pintura Infantil y Juvenil, curso 2019-2020"},"content":{"rendered":"\n<p class=\"wp-block-paragraph\">Patrimonio Nacional convoca el XXIX Concurso de Pintura Infantil y Juvenil para Centros Escolares.<\/p>\n\n\n\n<p class=\"wp-block-paragraph\">El prop\u00f3sito de este concurso es divulgar, entre los ni\u00f1os, ni\u00f1as y \nj\u00f3venes, los monumentos, palacios y monasterios reales que integran \nPatrimonio Nacional, a trav\u00e9s de su expresi\u00f3n pl\u00e1stica.<\/p>\n\n\n\n<p class=\"wp-block-paragraph\"><br>\nEl concurso tiene dos categor\u00edas:<\/p>\n\n\n\n<p class=\"wp-block-paragraph\">A) Alumnado de<strong> 5\u00ba y 6\u00ba de Educaci\u00f3n Primaria (EP<\/strong>) \nprocedentes de centros educativos p\u00fablicos, concertados, privados y de \neducaci\u00f3n especial, ubicados dentro del territorio nacional.<\/p>\n\n\n\n<p class=\"wp-block-paragraph\">B) Alumnado de<strong> 1\u00ba y 2\u00ba de Educaci\u00f3n Secundaria Obligatoria (ESO)<\/strong>\n procedentes de centros educativos p\u00fablicos, concertados, privados y de \neducaci\u00f3n especial, ubicados dentro del territorio nacional.<\/p>\n\n\n\n<p class=\"wp-block-paragraph\">Plazo de inscripci\u00f3n; Hasta el <strong>viernes 6 de marzo<\/strong> de\n 2020, inclusive. Se enviar\u00e1 el bolet\u00edn de inscripci\u00f3n debidamente \ncumplimentado por el centro escolar a la siguiente direcci\u00f3n: \nconcursopintura@patrimonionacional.es<\/p>\n\n\n\n<p class=\"wp-block-paragraph\">Los trabajos podr\u00e1n ser presentados hasta el 27 de marzo de 2020, inclusive.<\/p>\n\n\n\n<p class=\"wp-block-paragraph\">Documentos:<\/p>\n\n\n\n<p class=\"wp-block-paragraph\">&#8211; Bases de la convocatoria<\/p>\n\n\n\n<p class=\"wp-block-paragraph\">&#8211; Cartel del XXIX Concurso<\/p>\n\n\n\n<p class=\"wp-block-paragraph\">&#8211; Bolet\u00edn de inscripci\u00f3n. Anexo 1<\/p>\n\n\n\n<p class=\"wp-block-paragraph\">M\u00e1s informaci\u00f3n:<\/p>\n\n\n\n<p class=\"wp-block-paragraph\"><a href=\"https:\/\/www.patrimonionacional.es\/actos-oficiales-culturales\/premios-concursos\/xxix-concurso-patrimonio-nacional-de-pintura-infantil\">Portal de Patrimonio Nacional<\/a><\/p>\n","protected":false},"excerpt":{"rendered":"<p>Patrimonio Nacional convoca el XXIX Concurso de Pintura Infantil y Juvenil para Centros Escolares. El prop\u00f3sito de este concurso es divulgar, entre los ni\u00f1os, ni\u00f1as y j\u00f3venes, los monumentos, palacios y monasterios reales que integran Patrimonio Nacional, a trav\u00e9s de su expresi\u00f3n pl\u00e1stica. El concurso tiene dos categor\u00edas: A) Alumnado de 5\u00ba y 6\u00ba de [&hellip;]<\/p>\n","protected":false},"author":3,"featured_media":0,"comment_status":"open","ping_status":"open","sticky":false,"template":"","format":"standard","meta":{"_crdt_document":"","advanced_seo_description":"","jetpack_seo_html_title":"","jetpack_seo_noindex":false,"jetpack_post_was_ever_published":false,"_jetpack_newsletter_access":"","_jetpack_dont_email_post_to_subs":false,"_jetpack_newsletter_tier_id":0,"_jetpack_memberships_contains_paywalled_content":false,"_jetpack_memberships_contains_paid_content":false,"footnotes":"","jetpack_publicize_message":"","jetpack_publicize_feature_enabled":true,"jetpack_social_post_already_shared":true,"jetpack_social_options":{"image_generator_settings":{"template":"highway","default_image_id":0,"font":"","enabled":false},"version":2}},"categories":[5],"tags":[231,180],"class_list":{"0":"post-3353","1":"post","2":"type-post","3":"status-publish","4":"format-standard","6":"category-noticias","7":"tag-certamen","8":"tag-concursos","9":"czr-hentry"},"jetpack_publicize_connections":[],"jetpack_featured_media_url":"","jetpack_shortlink":"https:\/\/wp.me\/p8M4X7-S5","jetpack-related-posts":[{"id":2637,"url":"https:\/\/cepronda.com\/blog\/informacion-sobre-varias-concursos-interesantes\/","url_meta":{"origin":3353,"position":0},"title":"Informaci\u00f3n sobre varias concursos interesantes","author":"V\u00edctor Caballero","date":"13 febrero, 2019","format":false,"excerpt":"Buenas familia, Compartimos con todas y todos vosotros en una misma entrada varias propuestas que nos llegan sobre concursos que pueden resultar interesantes para vuestros centros. Cada uno de ellos os env\u00eda el enlace a la p\u00e1gina informativa sobre las caracter\u00edsticas de cada uno de ellos. Concurso \"Magallanes-Elcano y la\u2026","rel":"","context":"En \u00abNoticias\u00bb","block_context":{"text":"Noticias","link":"https:\/\/cepronda.com\/blog\/category\/noticias\/"},"img":{"alt_text":"","src":"https:\/\/i0.wp.com\/cepronda.com\/blog\/wp-content\/uploads\/2017\/05\/logo_ja_ce_mejor.jpg?fit=732%2C600&ssl=1&resize=350%2C200","width":350,"height":200,"srcset":"https:\/\/i0.wp.com\/cepronda.com\/blog\/wp-content\/uploads\/2017\/05\/logo_ja_ce_mejor.jpg?fit=732%2C600&ssl=1&resize=350%2C200 1x, https:\/\/i0.wp.com\/cepronda.com\/blog\/wp-content\/uploads\/2017\/05\/logo_ja_ce_mejor.jpg?fit=732%2C600&ssl=1&resize=525%2C300 1.5x, https:\/\/i0.wp.com\/cepronda.com\/blog\/wp-content\/uploads\/2017\/05\/logo_ja_ce_mejor.jpg?fit=732%2C600&ssl=1&resize=700%2C400 2x"},"classes":[]},{"id":5499,"url":"https:\/\/cepronda.com\/blog\/xxi-certamen-literario-escolar-andaluz-en-materia-de-voluntariado-solidaridad-en-letras-2022\/","url_meta":{"origin":3353,"position":1},"title":"XXI CERTAMEN LITERARIO ESCOLAR ANDALUZ EN MATERIA DE VOLUNTARIADO \u00abSOLIDARIDAD EN LETRAS\u00bb 2022","author":"Mamen Moreno","date":"21 septiembre, 2022","format":false,"excerpt":"La Junta de Andaluc\u00eda, a trav\u00e9s de la Consejer\u00eda de Igualdad, Pol\u00edticas Sociales y Conciliaci\u00f3n, tiene abierto el plazo de presentaci\u00f3n de candidaturas para el\u00a0 XXI Certamen Literario Escolar Andaluz en materia de voluntariado: \u00abSolidaridad en Letras. El plazo de presentaci\u00f3n finaliza el d\u00eda 28 de octubre de 2022. Dicho\u2026","rel":"","context":"En \u00abNoticias\u00bb","block_context":{"text":"Noticias","link":"https:\/\/cepronda.com\/blog\/category\/noticias\/"},"img":{"alt_text":"","src":"https:\/\/i0.wp.com\/cepronda.com\/blog\/wp-content\/uploads\/2022\/09\/f06ccb03-e9d6-4236-bc0e-f8c34407feb0.jpg?fit=1080%2C1080&ssl=1&resize=350%2C200","width":350,"height":200,"srcset":"https:\/\/i0.wp.com\/cepronda.com\/blog\/wp-content\/uploads\/2022\/09\/f06ccb03-e9d6-4236-bc0e-f8c34407feb0.jpg?fit=1080%2C1080&ssl=1&resize=350%2C200 1x, https:\/\/i0.wp.com\/cepronda.com\/blog\/wp-content\/uploads\/2022\/09\/f06ccb03-e9d6-4236-bc0e-f8c34407feb0.jpg?fit=1080%2C1080&ssl=1&resize=525%2C300 1.5x, https:\/\/i0.wp.com\/cepronda.com\/blog\/wp-content\/uploads\/2022\/09\/f06ccb03-e9d6-4236-bc0e-f8c34407feb0.jpg?fit=1080%2C1080&ssl=1&resize=700%2C400 2x, https:\/\/i0.wp.com\/cepronda.com\/blog\/wp-content\/uploads\/2022\/09\/f06ccb03-e9d6-4236-bc0e-f8c34407feb0.jpg?fit=1080%2C1080&ssl=1&resize=1050%2C600 3x"},"classes":[]},{"id":3430,"url":"https:\/\/cepronda.com\/blog\/concurso-de-video-experiencias-corto-y-jaque\/","url_meta":{"origin":3353,"position":2},"title":"Concurso de v\u00eddeo-experiencias \u00abCORTO Y JAQUE\u00bb","author":"V\u00edctor Caballero","date":"14 febrero, 2020","format":false,"excerpt":"Terminamos la semana con esta noticia, este concurso dirigido a los centros que est\u00e1n dentro del programa Aula DJaque. La Consejer\u00eda de Educaci\u00f3n y Deporte convoca la segunda edici\u00f3n del concurso de\u00a0v\u00eddeo-experiencias 2020 CORTO Y JAQUE (CYJ), dirigido al alumnado de los centros educativos que participan en el programa aulaDjaque.\u2026","rel":"","context":"En \u00abNoticias\u00bb","block_context":{"text":"Noticias","link":"https:\/\/cepronda.com\/blog\/category\/noticias\/"},"img":{"alt_text":"","src":"https:\/\/i0.wp.com\/cepronda.com\/blog\/wp-content\/uploads\/2019\/05\/logo-nuevo.jpg?fit=531%2C342&ssl=1&resize=350%2C200","width":350,"height":200,"srcset":"https:\/\/i0.wp.com\/cepronda.com\/blog\/wp-content\/uploads\/2019\/05\/logo-nuevo.jpg?fit=531%2C342&ssl=1&resize=350%2C200 1x, https:\/\/i0.wp.com\/cepronda.com\/blog\/wp-content\/uploads\/2019\/05\/logo-nuevo.jpg?fit=531%2C342&ssl=1&resize=525%2C300 1.5x"},"classes":[]},{"id":2302,"url":"https:\/\/cepronda.com\/blog\/concurso-nacional-de-buenas-practicas\/","url_meta":{"origin":3353,"position":3},"title":"Concurso nacional de Buenas Pr\u00e1cticas","author":"V\u00edctor Caballero","date":"11 septiembre, 2018","format":false,"excerpt":"\u00bfQu\u00e9 tal? Para todos aquellos centros que est\u00e9is interesados en presentar alguna de vuestra buena pr\u00e1ctica sabed que desde el Ministerio de Educaci\u00f3n han convocado un concurso nacional. Os dejamos con el enlace al extracto de las instrucciones, para que as\u00ed lo pod\u00e1is consultar. El plazo es hasta el 30\u2026","rel":"","context":"En \u00abFormaciones\u00bb","block_context":{"text":"Formaciones","link":"https:\/\/cepronda.com\/blog\/category\/formaciones\/"},"img":{"alt_text":"","src":"https:\/\/i0.wp.com\/cepronda.com\/blog\/wp-content\/uploads\/2018\/09\/escudo-mefp-mcd.gif?resize=350%2C200","width":350,"height":200},"classes":[]},{"id":780,"url":"https:\/\/cepronda.com\/blog\/convocatoria-de-la-xxix-edicion-del-concurso-de-los-premios-joaquin-guichot-y-antonio-dominguez-ortiz\/","url_meta":{"origin":3353,"position":4},"title":"Convocatoria de la XXIX edici\u00f3n del concurso de los Premios Joaqu\u00edn Guichot y Antonio Dom\u00ednguez Ortiz.","author":"V\u00edctor Caballero","date":"18 abril, 2017","format":false,"excerpt":"Muy buenas, Compartimos con todas y todos vosotros esta informaci\u00f3n relativa al concurso de los premios Joaqu\u00edn Guichot y Antonio Dom\u00ednguez Ort\u00edz. Se convoca la XXIX edici\u00f3n del concurso para el fomento de la investigaci\u00f3n e innovaci\u00f3n educativa en sus dos modalidades, Premio \u00abJoaqu\u00edn Guichot\u00bb y Premio \u00abAntonio Dom\u00ednguez Ortiz\u00bb\u2026","rel":"","context":"En \u00abNoticias\u00bb","block_context":{"text":"Noticias","link":"https:\/\/cepronda.com\/blog\/category\/noticias\/"},"img":{"alt_text":"","src":"https:\/\/i0.wp.com\/cepronda.com\/blog\/wp-content\/uploads\/2017\/05\/logo_ja_ce_mejor.jpg?fit=732%2C600&ssl=1&resize=350%2C200","width":350,"height":200,"srcset":"https:\/\/i0.wp.com\/cepronda.com\/blog\/wp-content\/uploads\/2017\/05\/logo_ja_ce_mejor.jpg?fit=732%2C600&ssl=1&resize=350%2C200 1x, https:\/\/i0.wp.com\/cepronda.com\/blog\/wp-content\/uploads\/2017\/05\/logo_ja_ce_mejor.jpg?fit=732%2C600&ssl=1&resize=525%2C300 1.5x, https:\/\/i0.wp.com\/cepronda.com\/blog\/wp-content\/uploads\/2017\/05\/logo_ja_ce_mejor.jpg?fit=732%2C600&ssl=1&resize=700%2C400 2x"},"classes":[]},{"id":311,"url":"https:\/\/cepronda.com\/blog\/la-pequena-cerillera\/","url_meta":{"origin":3353,"position":5},"title":"La peque\u00f1a cerillera","author":"V\u00edctor Caballero","date":"11 noviembre, 2016","format":false,"excerpt":"Hola de nuevo, Queremos compartir con todos los centros esta informaci\u00f3n que nos ha llegado desde la Consejer\u00eda de Educaci\u00f3n: \"Retransmisi\u00f3n del espect\u00e1culo infantil \"La peque\u00f1a cerillera\", basado en un cuento de Hans Christian Andersen. La Consejer\u00eda de Educaci\u00f3n, entre los compromisos adquiridos dentro del convenio firmado con el Teatro\u2026","rel":"","context":"En \u00abNoticias\u00bb","block_context":{"text":"Noticias","link":"https:\/\/cepronda.com\/blog\/category\/noticias\/"},"img":{"alt_text":"","src":"","width":0,"height":0},"classes":[]}],"jetpack_sharing_enabled":true,"_links":{"self":[{"href":"https:\/\/cepronda.com\/blog\/wp-json\/wp\/v2\/posts\/3353","targetHints":{"allow":["GET"]}}],"collection":[{"href":"https:\/\/cepronda.com\/blog\/wp-json\/wp\/v2\/posts"}],"about":[{"href":"https:\/\/cepronda.com\/blog\/wp-json\/wp\/v2\/types\/post"}],"author":[{"embeddable":true,"href":"https:\/\/cepronda.com\/blog\/wp-json\/wp\/v2\/users\/3"}],"replies":[{"embeddable":true,"href":"https:\/\/cepronda.com\/blog\/wp-json\/wp\/v2\/comments?post=3353"}],"version-history":[{"count":1,"href":"https:\/\/cepronda.com\/blog\/wp-json\/wp\/v2\/posts\/3353\/revisions"}],"predecessor-version":[{"id":3354,"href":"https:\/\/cepronda.com\/blog\/wp-json\/wp\/v2\/posts\/3353\/revisions\/3354"}],"wp:attachment":[{"href":"https:\/\/cepronda.com\/blog\/wp-json\/wp\/v2\/media?parent=3353"}],"wp:term":[{"taxonomy":"category","embeddable":true,"href":"https:\/\/cepronda.com\/blog\/wp-json\/wp\/v2\/categories?post=3353"},{"taxonomy":"post_tag","embeddable":true,"href":"https:\/\/cepronda.com\/blog\/wp-json\/wp\/v2\/tags?post=3353"}],"curies":[{"name":"wp","href":"https:\/\/api.w.org\/{rel}","templated":true}]}}