{"id":3347,"date":"2020-01-20T10:29:21","date_gmt":"2020-01-20T09:29:21","guid":{"rendered":"http:\/\/cepronda.com\/blog\/?p=3347"},"modified":"2025-04-25T12:07:27","modified_gmt":"2025-04-25T10:07:27","slug":"viii-concurso-explica-geografia-con-tus-fotos","status":"publish","type":"post","link":"https:\/\/cepronda.com\/blog\/viii-concurso-explica-geografia-con-tus-fotos\/","title":{"rendered":"VIII CONCURSO \u00abExplica Geograf\u00eda con tus fotos\u00bb"},"content":{"rendered":"\n<p class=\"wp-block-paragraph\">\u00a1Buenos y helados d\u00edas!<\/p>\n\n\n\n<p class=\"wp-block-paragraph\"><br>Se ha convocado&nbsp;el VIII Concurso \u00abExplica-Geograf\u00eda con tus fotos\u00bb de la Asociaci\u00f3n Espa\u00f1ola de Geograf\u00eda que tiene como objetivo despertar y fomentar el inter\u00e9s por la fotograf\u00eda como medio para el conocimiento geogr\u00e1fico y la explicaci\u00f3n del territorio y el paisaje.<\/p>\n\n\n\n<p class=\"wp-block-paragraph\">Las fechas de participaci\u00f3n son entre el 20 enero al 1 marzo 2020 a las 14 horas.<\/p>\n\n\n\n<p class=\"wp-block-paragraph\">Se establecen tres categor\u00edas:<\/p>\n\n\n\n<p class=\"wp-block-paragraph\">&#8211;&nbsp;&nbsp;&nbsp;&nbsp;&nbsp;&nbsp;&nbsp;Estudiantes de ESO y Bachillerato.<\/p>\n\n\n\n<p class=\"wp-block-paragraph\">&#8211;&nbsp;&nbsp;&nbsp;&nbsp;&nbsp;&nbsp;&nbsp;Profesorado Secundaria<\/p>\n\n\n\n<p class=\"wp-block-paragraph\">&#8211;&nbsp;&nbsp;&nbsp;&nbsp;&nbsp;&nbsp;&nbsp;Profesorado universitario<\/p>\n\n\n\n<p class=\"wp-block-paragraph\">Se enviar\u00e1&nbsp;&nbsp;una fotograf\u00eda en formato digital de un aspecto de inter\u00e9s geogr\u00e1fico y una breve explicaci\u00f3n del tema geogr\u00e1fico representado en la fotograf\u00eda que resulte clara y did\u00e1ctica.<\/p>\n\n\n\n<p class=\"wp-block-paragraph\">Para participar en el concurso es necesario acceder a un formulario rellenar los campos solicitados y aceptar las bases del concurso.<\/p>\n\n\n\n<p class=\"wp-block-paragraph\"><a href=\"https:\/\/forms.gle\/5wPizyEJHPipt57T7\">https:\/\/forms.gle\/5wPizyEJHPipt57T7<\/a><\/p>\n\n\n\n<p class=\"wp-block-paragraph\">Esperamos que sea de vuestro inter\u00e9s.<\/p>\n\n\n\n<figure class=\"wp-block-image size-large\"><img loading=\"lazy\" decoding=\"async\" width=\"1920\" height=\"1124\" src=\"https:\/\/i1.wp.com\/cepronda.com\/blog\/wp-content\/uploads\/2020\/01\/travel-2650303_1920.jpg?fit=1024%2C599\" alt=\"\" class=\"wp-image-3348\" srcset=\"https:\/\/i0.wp.com\/cepronda.com\/blog\/wp-content\/uploads\/2020\/01\/travel-2650303_1920.jpg?w=1920&amp;ssl=1 1920w, https:\/\/i0.wp.com\/cepronda.com\/blog\/wp-content\/uploads\/2020\/01\/travel-2650303_1920.jpg?resize=300%2C176&amp;ssl=1 300w, https:\/\/i0.wp.com\/cepronda.com\/blog\/wp-content\/uploads\/2020\/01\/travel-2650303_1920.jpg?resize=1024%2C599&amp;ssl=1 1024w, https:\/\/i0.wp.com\/cepronda.com\/blog\/wp-content\/uploads\/2020\/01\/travel-2650303_1920.jpg?resize=768%2C450&amp;ssl=1 768w, https:\/\/i0.wp.com\/cepronda.com\/blog\/wp-content\/uploads\/2020\/01\/travel-2650303_1920.jpg?resize=1536%2C899&amp;ssl=1 1536w\" sizes=\"auto, (max-width: 1170px) 100vw, 1170px\" \/><\/figure>\n","protected":false},"excerpt":{"rendered":"<p>\u00a1Buenos y helados d\u00edas! Se ha convocado&nbsp;el VIII Concurso \u00abExplica-Geograf\u00eda con tus fotos\u00bb de la Asociaci\u00f3n Espa\u00f1ola de Geograf\u00eda que tiene como objetivo despertar y fomentar el inter\u00e9s por la fotograf\u00eda como medio para el conocimiento geogr\u00e1fico y la explicaci\u00f3n del territorio y el paisaje. Las fechas de participaci\u00f3n son entre el 20 enero al [&hellip;]<\/p>\n","protected":false},"author":3,"featured_media":3348,"comment_status":"open","ping_status":"open","sticky":false,"template":"","format":"standard","meta":{"_crdt_document":"","advanced_seo_description":"","jetpack_seo_html_title":"","jetpack_seo_noindex":false,"jetpack_post_was_ever_published":false,"_jetpack_newsletter_access":"","_jetpack_dont_email_post_to_subs":false,"_jetpack_newsletter_tier_id":0,"_jetpack_memberships_contains_paywalled_content":false,"_jetpack_memberships_contains_paid_content":false,"footnotes":"","jetpack_publicize_message":"","jetpack_publicize_feature_enabled":true,"jetpack_social_post_already_shared":true,"jetpack_social_options":{"image_generator_settings":{"template":"highway","default_image_id":0,"font":"","enabled":false},"version":2}},"categories":[5],"tags":[231,180],"class_list":{"0":"post-3347","1":"post","2":"type-post","3":"status-publish","4":"format-standard","5":"has-post-thumbnail","7":"category-noticias","8":"tag-certamen","9":"tag-concursos","10":"czr-hentry"},"jetpack_publicize_connections":[],"jetpack_featured_media_url":"https:\/\/i0.wp.com\/cepronda.com\/blog\/wp-content\/uploads\/2020\/01\/travel-2650303_1920.jpg?fit=1920%2C1124&ssl=1","jetpack_shortlink":"https:\/\/wp.me\/p8M4X7-RZ","jetpack-related-posts":[{"id":7848,"url":"https:\/\/cepronda.com\/blog\/conoce-herramientas-digitales-aplicadas-al-area-de-geografia-e-historia\/","url_meta":{"origin":3347,"position":0},"title":"CONOCE HERRAMIENTAS DIGITALES APLICADAS AL \u00c1REA DE GEOGRAF\u00cdA E HISTORIA","author":"Mamen Moreno","date":"6 noviembre, 2024","format":false,"excerpt":"Le informamos que se encuentra abierto el plazo de solicitudes de la actividad formativa:\u00a0CONOCE HERRAMIENTAS DIGITALES APLICADAS AL \u00c1REA DE GEOGRAF\u00cdA E HISTORIA. C\u00f3digo:\u00a0259920KPF541 \u00a0 \u00c1MBITO REGIONAL Destinado a docentes del \u00e1rea de\u00a0Geograf\u00eda e Historia que imparten docencia en centros financiados con fondos p\u00fablicos. N\u00ba de horas: 50 horas en\u2026","rel":"","context":"En \u00abFormaciones\u00bb","block_context":{"text":"Formaciones","link":"https:\/\/cepronda.com\/blog\/category\/formaciones\/"},"img":{"alt_text":"","src":"https:\/\/i0.wp.com\/cepronda.com\/blog\/wp-content\/uploads\/2024\/11\/465965964_8712274245503368_7021311457035245855_n.jpg?fit=700%2C400&ssl=1&resize=350%2C200","width":350,"height":200,"srcset":"https:\/\/i0.wp.com\/cepronda.com\/blog\/wp-content\/uploads\/2024\/11\/465965964_8712274245503368_7021311457035245855_n.jpg?fit=700%2C400&ssl=1&resize=350%2C200 1x, https:\/\/i0.wp.com\/cepronda.com\/blog\/wp-content\/uploads\/2024\/11\/465965964_8712274245503368_7021311457035245855_n.jpg?fit=700%2C400&ssl=1&resize=525%2C300 1.5x, https:\/\/i0.wp.com\/cepronda.com\/blog\/wp-content\/uploads\/2024\/11\/465965964_8712274245503368_7021311457035245855_n.jpg?fit=700%2C400&ssl=1&resize=700%2C400 2x"},"classes":[]},{"id":3922,"url":"https:\/\/cepronda.com\/blog\/ii-concurso-fotografia-te-quiero-con-cordura\/","url_meta":{"origin":3347,"position":1},"title":"II Concurso Fotograf\u00eda \u00abTE QUIERO CON CORDURA\u00bb","author":"Maribel Mu\u00f1oz","date":"26 octubre, 2020","format":false,"excerpt":"Buenos d\u00edas compa\u00f1eras y compa\u00f1eros, Os informamos que est\u00e1 abierto el plazo \u00a0de recepci\u00f3n de las fotograf\u00edas\u00a0 para el\u00a0 II Concurso de Fotograf\u00edas \"TE QUIERO CON CORDURA\" organizado por el IES Alfaguar dirigido a toda la provincia de M\u00e1laga. El plazo estar\u00e1 abierto hasta las 23:59 horas del 15 de\u2026","rel":"","context":"En \u00abNoticias\u00bb","block_context":{"text":"Noticias","link":"https:\/\/cepronda.com\/blog\/category\/noticias\/"},"img":{"alt_text":"","src":"https:\/\/i0.wp.com\/cepronda.com\/blog\/wp-content\/uploads\/2020\/10\/cartel-concurso-205x300.png?resize=350%2C200","width":350,"height":200},"classes":[]},{"id":5739,"url":"https:\/\/cepronda.com\/blog\/concurso-escolar-2023-demuestra-tus-capacidades-con-europass\/","url_meta":{"origin":3347,"position":2},"title":"CONCURSO ESCOLAR 2023:\u00a0\u201cDEMUESTRA TUS CAPACIDADES CON EUROPASS\u201d","author":"Mamen Moreno","date":"25 enero, 2023","format":false,"excerpt":"En l\u00ednea con la celebraci\u00f3n del\u00a0A\u00f1o Europeo de las Capacidades, el Centro Nacional Europass en Espa\u00f1a ha puesto en marcha la nueva edici\u00f3n del\u00a0Concurso Escolar 2023:\u00a0\u201cDemuestra tus capacidades con Europass\u201d \/ \u201cShowcase your skills with Europass\u201d. El concurso va dirigido a\u00a0estudiantes, de cualquier modalidad educativa, de entre 14 y 18\u2026","rel":"","context":"En \u00abNoticias\u00bb","block_context":{"text":"Noticias","link":"https:\/\/cepronda.com\/blog\/category\/noticias\/"},"img":{"alt_text":"","src":"https:\/\/i0.wp.com\/cepronda.com\/blog\/wp-content\/uploads\/2023\/01\/image002.png?fit=1200%2C673&ssl=1&resize=350%2C200","width":350,"height":200,"srcset":"https:\/\/i0.wp.com\/cepronda.com\/blog\/wp-content\/uploads\/2023\/01\/image002.png?fit=1200%2C673&ssl=1&resize=350%2C200 1x, https:\/\/i0.wp.com\/cepronda.com\/blog\/wp-content\/uploads\/2023\/01\/image002.png?fit=1200%2C673&ssl=1&resize=525%2C300 1.5x, https:\/\/i0.wp.com\/cepronda.com\/blog\/wp-content\/uploads\/2023\/01\/image002.png?fit=1200%2C673&ssl=1&resize=700%2C400 2x, https:\/\/i0.wp.com\/cepronda.com\/blog\/wp-content\/uploads\/2023\/01\/image002.png?fit=1200%2C673&ssl=1&resize=1050%2C600 3x"},"classes":[]},{"id":3279,"url":"https:\/\/cepronda.com\/blog\/x-concurso-de-buenas-practicas-educativas-de-la-asociacion-mejora-tu-escuela-publica\/","url_meta":{"origin":3347,"position":3},"title":"X concurso de Buenas Pr\u00e1cticas Educativas de la Asociaci\u00f3n &quot;Mejora tu Escuela P\u00fablica&quot;","author":"V\u00edctor Caballero","date":"7 enero, 2020","format":false,"excerpt":"La Asociaci\u00f3n Mejora tu Escuela P\u00fablica convoca la d\u00e9cima edici\u00f3n de su Concurso Nacional de Buenas Pr\u00e1cticas Educativas, en el que podr\u00e1n participar las experiencias educativas llevadas a cabo durante el curso 2018\/19 y\/o 2019\/2020 en centros p\u00fablicos del Estado Espa\u00f1ol. Podr\u00e1n participar los Profesores a nivel personal o colectivo,\u2026","rel":"","context":"En \u00abNoticias\u00bb","block_context":{"text":"Noticias","link":"https:\/\/cepronda.com\/blog\/category\/noticias\/"},"img":{"alt_text":"","src":"https:\/\/i0.wp.com\/cepronda.com\/blog\/wp-content\/uploads\/2019\/05\/logo-nuevo.jpg?fit=531%2C342&ssl=1&resize=350%2C200","width":350,"height":200,"srcset":"https:\/\/i0.wp.com\/cepronda.com\/blog\/wp-content\/uploads\/2019\/05\/logo-nuevo.jpg?fit=531%2C342&ssl=1&resize=350%2C200 1x, https:\/\/i0.wp.com\/cepronda.com\/blog\/wp-content\/uploads\/2019\/05\/logo-nuevo.jpg?fit=531%2C342&ssl=1&resize=525%2C300 1.5x"},"classes":[]},{"id":125,"url":"https:\/\/cepronda.com\/blog\/inscripcion-vii-concurso-buenas-practicas-educativas\/","url_meta":{"origin":3347,"position":4},"title":"Inscripci\u00f3n VII Concurso Buenas Pr\u00e1cticas Educativas","author":"V\u00edctor Caballero","date":"22 septiembre, 2016","format":false,"excerpt":"Queremos compartir con todo el profesorado este concurso de Buenas Pr\u00e1cticas Educativas. La Asociaci\u00f3n Mejora tu Escuela P\u00fablica convoca la s\u00e9ptima edici\u00f3n de su concurso de Buenas Pr\u00e1cticas Educativas, en el que podr\u00e1n participar las experiencias educativas llevadas a cabo durante el curso 2015\/2016 en centros p\u00fablicos del Estado Espa\u00f1ol.\u2026","rel":"","context":"En \u00abNoticias\u00bb","block_context":{"text":"Noticias","link":"https:\/\/cepronda.com\/blog\/category\/noticias\/"},"img":{"alt_text":"logomep","src":"https:\/\/i0.wp.com\/cepronda.com\/blog\/wp-content\/uploads\/2016\/09\/logoMEP.png?resize=350%2C200","width":350,"height":200},"classes":[]},{"id":780,"url":"https:\/\/cepronda.com\/blog\/convocatoria-de-la-xxix-edicion-del-concurso-de-los-premios-joaquin-guichot-y-antonio-dominguez-ortiz\/","url_meta":{"origin":3347,"position":5},"title":"Convocatoria de la XXIX edici\u00f3n del concurso de los Premios Joaqu\u00edn Guichot y Antonio Dom\u00ednguez Ortiz.","author":"V\u00edctor Caballero","date":"18 abril, 2017","format":false,"excerpt":"Muy buenas, Compartimos con todas y todos vosotros esta informaci\u00f3n relativa al concurso de los premios Joaqu\u00edn Guichot y Antonio Dom\u00ednguez Ort\u00edz. Se convoca la XXIX edici\u00f3n del concurso para el fomento de la investigaci\u00f3n e innovaci\u00f3n educativa en sus dos modalidades, Premio \u00abJoaqu\u00edn Guichot\u00bb y Premio \u00abAntonio Dom\u00ednguez Ortiz\u00bb\u2026","rel":"","context":"En \u00abNoticias\u00bb","block_context":{"text":"Noticias","link":"https:\/\/cepronda.com\/blog\/category\/noticias\/"},"img":{"alt_text":"","src":"https:\/\/i0.wp.com\/cepronda.com\/blog\/wp-content\/uploads\/2017\/05\/logo_ja_ce_mejor.jpg?fit=732%2C600&ssl=1&resize=350%2C200","width":350,"height":200,"srcset":"https:\/\/i0.wp.com\/cepronda.com\/blog\/wp-content\/uploads\/2017\/05\/logo_ja_ce_mejor.jpg?fit=732%2C600&ssl=1&resize=350%2C200 1x, https:\/\/i0.wp.com\/cepronda.com\/blog\/wp-content\/uploads\/2017\/05\/logo_ja_ce_mejor.jpg?fit=732%2C600&ssl=1&resize=525%2C300 1.5x, https:\/\/i0.wp.com\/cepronda.com\/blog\/wp-content\/uploads\/2017\/05\/logo_ja_ce_mejor.jpg?fit=732%2C600&ssl=1&resize=700%2C400 2x"},"classes":[]}],"jetpack_sharing_enabled":true,"_links":{"self":[{"href":"https:\/\/cepronda.com\/blog\/wp-json\/wp\/v2\/posts\/3347","targetHints":{"allow":["GET"]}}],"collection":[{"href":"https:\/\/cepronda.com\/blog\/wp-json\/wp\/v2\/posts"}],"about":[{"href":"https:\/\/cepronda.com\/blog\/wp-json\/wp\/v2\/types\/post"}],"author":[{"embeddable":true,"href":"https:\/\/cepronda.com\/blog\/wp-json\/wp\/v2\/users\/3"}],"replies":[{"embeddable":true,"href":"https:\/\/cepronda.com\/blog\/wp-json\/wp\/v2\/comments?post=3347"}],"version-history":[{"count":1,"href":"https:\/\/cepronda.com\/blog\/wp-json\/wp\/v2\/posts\/3347\/revisions"}],"predecessor-version":[{"id":3349,"href":"https:\/\/cepronda.com\/blog\/wp-json\/wp\/v2\/posts\/3347\/revisions\/3349"}],"wp:featuredmedia":[{"embeddable":true,"href":"https:\/\/cepronda.com\/blog\/wp-json\/wp\/v2\/media\/3348"}],"wp:attachment":[{"href":"https:\/\/cepronda.com\/blog\/wp-json\/wp\/v2\/media?parent=3347"}],"wp:term":[{"taxonomy":"category","embeddable":true,"href":"https:\/\/cepronda.com\/blog\/wp-json\/wp\/v2\/categories?post=3347"},{"taxonomy":"post_tag","embeddable":true,"href":"https:\/\/cepronda.com\/blog\/wp-json\/wp\/v2\/tags?post=3347"}],"curies":[{"name":"wp","href":"https:\/\/api.w.org\/{rel}","templated":true}]}}