{"id":3335,"date":"2020-01-14T11:58:55","date_gmt":"2020-01-14T10:58:55","guid":{"rendered":"http:\/\/cepronda.com\/blog\/?p=3335"},"modified":"2025-04-28T11:56:30","modified_gmt":"2025-04-28T09:56:30","slug":"premios-andaluces-el-audiovisual-en-la-escuela","status":"publish","type":"post","link":"https:\/\/cepronda.com\/blog\/premios-andaluces-el-audiovisual-en-la-escuela\/","title":{"rendered":"Premios Andaluces \u2018El Audiovisual en la Escuela\u2019"},"content":{"rendered":"\n<p class=\"wp-block-paragraph\">El Consejo Audiovisual de Andaluc\u00eda (CAA) ha convocado la VI edici\u00f3n de los Premios Andaluces \u2018El Audiovisual de Andaluc\u00eda\u2019, que tienen como objetivo reforzar las competencias en comunicaci\u00f3n audiovisual de los estudiantes durante las distintas etapas educativas, para favorecer as\u00ed la capacidad cr\u00edtica de los m\u00e1s j\u00f3venes ante los mensajes y la publicidad difundidos a trav\u00e9s de los medios de comunicaci\u00f3n e internet.<\/p>\n\n\n\n<p class=\"wp-block-paragraph\">Al certamen, que est\u00e1 organizado por el CAA con la colaboraci\u00f3n de la Fundaci\u00f3n Cajasol, la RTVA y del Consejo Escolar de Andaluc\u00eda, pueden concurrir en esta edici\u00f3n tanto los centros educativos p\u00fablicos y concertados como los privados. Los trabajos, en formato audiovisual, pueden presentarse hasta el 30 de abril de 2020.<\/p>\n\n\n\n<p class=\"wp-block-paragraph\">Pueden participar escolares andaluces de entre 6 y 18 a\u00f1os y sus profesores. Como en las anteriores ediciones, los premios se convocan en seis categor\u00edas: cinco para cada una de las etapas del ciclo educativo, desde Primaria hasta Secundaria Posobligatoria, Bachillerato y ciclos formativos de grado medio, y una para el profesorado.<\/p>\n\n\n\n<p class=\"wp-block-paragraph\">Cada uno de estos seis premios est\u00e1 dotado con 1.000 euros, que los centros deber\u00e1n destinar a la adquisici\u00f3n de material o a la realizaci\u00f3n de actividades relacionadas con la comunicaci\u00f3n visual. Los v\u00eddeos ganadores ser\u00e1n emitidos por los canales de televisi\u00f3n p\u00fablica andaluza, siempre que superen los par\u00e1metros de calidad establecidos por Canal Sur TV.<\/p>\n\n\n\n<p class=\"wp-block-paragraph\">Las tem\u00e1ticas de los los trabajos estar\u00e1n relacionadas con la incorporaci\u00f3n de la educaci\u00f3n en comunicaci\u00f3n audiovisual en cualquiera de las material del curr\u00edculo, con especial hincapi\u00e9 en el an\u00e1lisis y la reflexi\u00f3n sobre los contenidos que se emiten en los medios. Asimismo, y dada la consolidaci\u00f3n de internet como elemento clave en la educaci\u00f3n y el desarrollo de los m\u00e1s j\u00f3venes y en la configuraci\u00f3n de sus h\u00e1bitos de consumo, se incluyen tambi\u00e9n como temas las posibilidades educativas de la red, el desarrollo de la capacidad cr\u00edtica o los riesgos (ciberacoso, sexting, grooming, etc\u00e9tera) y recursos para la protecci\u00f3n de menores ante los contenidos difundidos en internet.<\/p>\n\n\n\n<p class=\"wp-block-paragraph\">Por su parte, los docentes que deseen participar deber\u00e1n presentar trabajos que desarrollen experiencias de educaci\u00f3n en comunicaci\u00f3n audiovisual dentro del \u00e1mbito escolar, o bien propuestas de la inclusi\u00f3n de la alfabetizaci\u00f3n medi\u00e1tica en la Educaci\u00f3n Infantil, Primaria y Secundaria y su evaluaci\u00f3n, adem\u00e1s de v\u00eddeos sobre las posibilidades educativas y los riesgos de la internet.<\/p>\n\n\n\n<p class=\"wp-block-paragraph\">Los trabajos se presentar\u00e1n en formato audiovisual y no podr\u00e1n superar una duraci\u00f3n de 8 minutos, salvo que la tem\u00e1tica elegida verse sobre internet, en cuyo caso habr\u00e1 de ser inferior a 5 minutos. En ambos supuestos, las obras presentadas en formato digital deber\u00e1n ser susceptibles de almacenamiento en un DVD grabable de simple cara, simple capa (tama\u00f1o m\u00e1ximo 4.480 MiB).<\/p>\n\n\n\n<p class=\"wp-block-paragraph\">Las solicitudes ser\u00e1n examinadas por un jurado, compuesto por representantes del Consejo Audiovisual y de la Fundaci\u00f3n Cajasol, que valorar\u00e1n el inter\u00e9s educativo, la calidad y coherencia del trabajo y su car\u00e1cter innovador. Tambi\u00e9n se reconocer\u00e1n particularmente aquellos v\u00eddeos cuya innovaci\u00f3n metodol\u00f3gica o conclusiones supongan una aportaci\u00f3n valiosa para el conocimiento y comprensi\u00f3n cr\u00edtica de los medios, especialmente ante los contenidos audiovisuales que se emiten a trav\u00e9s de internet.<\/p>\n\n\n\n<p class=\"wp-block-paragraph\">Para acceder a las bases s\u00f3lo ten\u00e9is que <a rel=\"noreferrer noopener\" aria-label=\"seguir este enlace (opens in a new tab)\" href=\"https:\/\/www.consejoaudiovisualdeandalucia.es\/node\/7221\" target=\"_blank\">seguir este enlace<\/a>. Os animamos a participar. <\/p>\n\n\n\n<div class=\"wp-block-image\"><figure class=\"aligncenter size-large\"><a href=\"https:\/\/www.consejoaudiovisualdeandalucia.es\/node\/7221\" target=\"_blank\" rel=\"noreferrer noopener\"><img data-recalc-dims=\"1\" loading=\"lazy\" decoding=\"async\" width=\"160\" height=\"224\" src=\"https:\/\/i0.wp.com\/cepronda.com\/blog\/wp-content\/uploads\/2020\/01\/cartel_ave_2019.jpg?resize=160%2C224\" alt=\"\" class=\"wp-image-3336\"\/><\/a><\/figure><\/div>\n","protected":false},"excerpt":{"rendered":"<p>El Consejo Audiovisual de Andaluc\u00eda (CAA) ha convocado la VI edici\u00f3n de los Premios Andaluces \u2018El Audiovisual de Andaluc\u00eda\u2019, que tienen como objetivo reforzar las competencias en comunicaci\u00f3n audiovisual de los estudiantes durante las distintas etapas educativas, para favorecer as\u00ed la capacidad cr\u00edtica de los m\u00e1s j\u00f3venes ante los mensajes y la publicidad difundidos a [&hellip;]<\/p>\n","protected":false},"author":3,"featured_media":3336,"comment_status":"open","ping_status":"open","sticky":false,"template":"","format":"standard","meta":{"_crdt_document":"","advanced_seo_description":"","jetpack_seo_html_title":"","jetpack_seo_noindex":false,"jetpack_post_was_ever_published":false,"_jetpack_newsletter_access":"","_jetpack_dont_email_post_to_subs":false,"_jetpack_newsletter_tier_id":0,"_jetpack_memberships_contains_paywalled_content":false,"_jetpack_memberships_contains_paid_content":false,"footnotes":"","jetpack_publicize_message":"","jetpack_publicize_feature_enabled":true,"jetpack_social_post_already_shared":true,"jetpack_social_options":{"image_generator_settings":{"template":"highway","default_image_id":0,"font":"","enabled":false},"version":2}},"categories":[3,5],"tags":[95],"class_list":{"0":"post-3335","1":"post","2":"type-post","3":"status-publish","4":"format-standard","5":"has-post-thumbnail","7":"category-formaciones","8":"category-noticias","9":"tag-cine","10":"czr-hentry"},"jetpack_publicize_connections":[],"jetpack_featured_media_url":"https:\/\/i0.wp.com\/cepronda.com\/blog\/wp-content\/uploads\/2020\/01\/cartel_ave_2019.jpg?fit=160%2C224&ssl=1","jetpack_shortlink":"https:\/\/wp.me\/p8M4X7-RN","jetpack-related-posts":[{"id":1557,"url":"https:\/\/cepronda.com\/blog\/iv-edicion-de-los-premios-andaluces-el-audiovisual-en-la-escuela\/","url_meta":{"origin":3335,"position":0},"title":"IV Edici\u00f3n de los Premios Andaluces \u201d El Audiovisual en la Escuela \u201c","author":"V\u00edctor Caballero","date":"15 enero, 2018","format":false,"excerpt":"\u00a1Hola familia! Quer\u00edamos compartir con todos los centros esta informaci\u00f3n que nos llega y creemos que puede ser de vuestro inter\u00e9s. Se trata de la IV edici\u00f3n delos premios \"El audiovisual en la escuela\".\u00a0 El Consejo Audiovisual de Andaluc\u00eda convoca la IV edici\u00f3n de los\u00a0premios andaluces El Audiovisual en la\u2026","rel":"","context":"En \u00abNoticias\u00bb","block_context":{"text":"Noticias","link":"https:\/\/cepronda.com\/blog\/category\/noticias\/"},"img":{"alt_text":"","src":"https:\/\/i0.wp.com\/cepronda.com\/blog\/wp-content\/uploads\/2018\/01\/ave-cartel-4-001.jpg?fit=740%2C1024&ssl=1&resize=350%2C200","width":350,"height":200,"srcset":"https:\/\/i0.wp.com\/cepronda.com\/blog\/wp-content\/uploads\/2018\/01\/ave-cartel-4-001.jpg?fit=740%2C1024&ssl=1&resize=350%2C200 1x, https:\/\/i0.wp.com\/cepronda.com\/blog\/wp-content\/uploads\/2018\/01\/ave-cartel-4-001.jpg?fit=740%2C1024&ssl=1&resize=525%2C300 1.5x, https:\/\/i0.wp.com\/cepronda.com\/blog\/wp-content\/uploads\/2018\/01\/ave-cartel-4-001.jpg?fit=740%2C1024&ssl=1&resize=700%2C400 2x"},"classes":[]},{"id":2848,"url":"https:\/\/cepronda.com\/blog\/premios-andalucia-sobre-migraciones-xv-edicion-2019\/","url_meta":{"origin":3335,"position":1},"title":"Premios Andaluc\u00eda sobre Migraciones. XV edici\u00f3n (2019)","author":"V\u00edctor Caballero","date":"20 mayo, 2019","format":false,"excerpt":"Hola de nuevo, Queremos compartir con todos los centros de nuestra zona la convocatoria de estos premios, ya que una de las modalidades de los mismos est\u00e1 dedicada a la Modalidad Programas Educativos de Fomento de la Interculturalidad, y sabemos que muchos y muchas de nuestras docentes est\u00e1is haciendo grandes\u2026","rel":"","context":"En \u00abFormaciones\u00bb","block_context":{"text":"Formaciones","link":"https:\/\/cepronda.com\/blog\/category\/formaciones\/"},"img":{"alt_text":"","src":"https:\/\/i0.wp.com\/cepronda.com\/blog\/wp-content\/uploads\/2019\/05\/logo-nuevo.jpg?fit=531%2C342&ssl=1&resize=350%2C200","width":350,"height":200,"srcset":"https:\/\/i0.wp.com\/cepronda.com\/blog\/wp-content\/uploads\/2019\/05\/logo-nuevo.jpg?fit=531%2C342&ssl=1&resize=350%2C200 1x, https:\/\/i0.wp.com\/cepronda.com\/blog\/wp-content\/uploads\/2019\/05\/logo-nuevo.jpg?fit=531%2C342&ssl=1&resize=525%2C300 1.5x"},"classes":[]},{"id":4387,"url":"https:\/\/cepronda.com\/blog\/plan-estrategico-de-innovacion-educativa-2021-2027\/","url_meta":{"origin":3335,"position":2},"title":"Plan Estrat\u00e9gico de Innovaci\u00f3n Educativa 2021-2027","author":"Maribel Mu\u00f1oz","date":"9 abril, 2021","format":false,"excerpt":"Buenos d\u00edas compa\u00f1eras y compa\u00f1eros, Os recordamos que ten\u00e9is en SENECA el formulario para conocer el grado de innovaci\u00f3n de los centros andaluces. No obstante aqu\u00ed ten\u00e9is el enlace: https:\/\/ec.europa.eu\/eusurvey\/runner\/InnoEdu El plazo para la cumplimentaci\u00f3n del cuestionario por parte de los docentes finaliza el martes 20 de abril (23.59). Os\u2026","rel":"","context":"En \u00abFormaciones\u00bb","block_context":{"text":"Formaciones","link":"https:\/\/cepronda.com\/blog\/category\/formaciones\/"},"img":{"alt_text":"","src":"https:\/\/i0.wp.com\/cepronda.com\/blog\/wp-content\/uploads\/2020\/03\/S%C2%B0mbolo-gen%C3%87rico-RRSS-redondo-negativo.png?fit=1200%2C1200&ssl=1&resize=350%2C200","width":350,"height":200,"srcset":"https:\/\/i0.wp.com\/cepronda.com\/blog\/wp-content\/uploads\/2020\/03\/S%C2%B0mbolo-gen%C3%87rico-RRSS-redondo-negativo.png?fit=1200%2C1200&ssl=1&resize=350%2C200 1x, https:\/\/i0.wp.com\/cepronda.com\/blog\/wp-content\/uploads\/2020\/03\/S%C2%B0mbolo-gen%C3%87rico-RRSS-redondo-negativo.png?fit=1200%2C1200&ssl=1&resize=525%2C300 1.5x, https:\/\/i0.wp.com\/cepronda.com\/blog\/wp-content\/uploads\/2020\/03\/S%C2%B0mbolo-gen%C3%87rico-RRSS-redondo-negativo.png?fit=1200%2C1200&ssl=1&resize=700%2C400 2x, https:\/\/i0.wp.com\/cepronda.com\/blog\/wp-content\/uploads\/2020\/03\/S%C2%B0mbolo-gen%C3%87rico-RRSS-redondo-negativo.png?fit=1200%2C1200&ssl=1&resize=1050%2C600 3x"},"classes":[]},{"id":3006,"url":"https:\/\/cepronda.com\/blog\/premios-anuales-a-la-promocion-de-la-cultura-de-paz-y-la-convivencia-escolar-en-andalucia-para-el-curso-escolar-2019-2020\/","url_meta":{"origin":3335,"position":3},"title":"Premios Anuales a la Promoci\u00f3n de la Cultura de Paz y la Convivencia Escolar en Andaluc\u00eda para el curso escolar 2019-2020.","author":"V\u00edctor Caballero","date":"18 septiembre, 2019","format":false,"excerpt":"Muy buenas de nuevo, Compartimos tambi\u00e9n la convocatoria de los Premios Anuales a la Promoci\u00f3n de la Cultura de Paz y la Convivencia Escolar en Andaluc\u00eda para el curso escolar 2019-2020. Pod\u00e9is encontrar toda la informaci\u00f3n en el siguiente enlace.","rel":"","context":"En \u00abNoticias\u00bb","block_context":{"text":"Noticias","link":"https:\/\/cepronda.com\/blog\/category\/noticias\/"},"img":{"alt_text":"","src":"https:\/\/i0.wp.com\/cepronda.com\/blog\/wp-content\/uploads\/2019\/09\/vw-1308501_1920.jpg?resize=350%2C200&ssl=1","width":350,"height":200,"srcset":"https:\/\/i0.wp.com\/cepronda.com\/blog\/wp-content\/uploads\/2019\/09\/vw-1308501_1920.jpg?resize=350%2C200&ssl=1 1x, https:\/\/i0.wp.com\/cepronda.com\/blog\/wp-content\/uploads\/2019\/09\/vw-1308501_1920.jpg?resize=525%2C300&ssl=1 1.5x, https:\/\/i0.wp.com\/cepronda.com\/blog\/wp-content\/uploads\/2019\/09\/vw-1308501_1920.jpg?resize=700%2C400&ssl=1 2x, https:\/\/i0.wp.com\/cepronda.com\/blog\/wp-content\/uploads\/2019\/09\/vw-1308501_1920.jpg?resize=1050%2C600&ssl=1 3x, https:\/\/i0.wp.com\/cepronda.com\/blog\/wp-content\/uploads\/2019\/09\/vw-1308501_1920.jpg?resize=1400%2C800&ssl=1 4x"},"classes":[]},{"id":7539,"url":"https:\/\/cepronda.com\/blog\/profesorado-de-educacion-plastica-visual-y-audiovisual-necesidades-formativas\/","url_meta":{"origin":3335,"position":4},"title":"PROFESORADO DE EDUCACI\u00d3N PL\u00c1STICA, VISUAL Y AUDIOVISUAL. Necesidades formativas","author":"V\u00edctor Caballero","date":"1 abril, 2024","format":false,"excerpt":"Desde los CEP de la provincia de M\u00e1laga queremos conocer las Necesidades Formativas del profesorado de educaci\u00f3n pl\u00e1stica, visual y audiovisual de cara a un encuentro. Adem\u00e1s, nos gustar\u00eda saber si dicho profesorado ha realizado alguna experiencia educativa que pueda ser desarrollada en otros Centros. Para ello hemos preparado un\u2026","rel":"","context":"En \u00abFormaciones\u00bb","block_context":{"text":"Formaciones","link":"https:\/\/cepronda.com\/blog\/category\/formaciones\/"},"img":{"alt_text":"","src":"https:\/\/i0.wp.com\/cepronda.com\/blog\/wp-content\/uploads\/2024\/04\/WhatsApp-Image-2024-04-01-at-11.40.46.jpeg?fit=1024%2C1024&ssl=1&resize=350%2C200","width":350,"height":200,"srcset":"https:\/\/i0.wp.com\/cepronda.com\/blog\/wp-content\/uploads\/2024\/04\/WhatsApp-Image-2024-04-01-at-11.40.46.jpeg?fit=1024%2C1024&ssl=1&resize=350%2C200 1x, https:\/\/i0.wp.com\/cepronda.com\/blog\/wp-content\/uploads\/2024\/04\/WhatsApp-Image-2024-04-01-at-11.40.46.jpeg?fit=1024%2C1024&ssl=1&resize=525%2C300 1.5x, https:\/\/i0.wp.com\/cepronda.com\/blog\/wp-content\/uploads\/2024\/04\/WhatsApp-Image-2024-04-01-at-11.40.46.jpeg?fit=1024%2C1024&ssl=1&resize=700%2C400 2x"},"classes":[]},{"id":3062,"url":"https:\/\/cepronda.com\/blog\/ii-torneo-de-debate-educativo-de-andalucia\/","url_meta":{"origin":3335,"position":5},"title":"II Torneo de Debate Educativo de Andaluc\u00eda","author":"V\u00edctor Caballero","date":"30 septiembre, 2019","format":false,"excerpt":"Muy buenas familia, Comenzamos esta semana calurosa con vosotros compartiendo esta informaci\u00f3n que creemos os puede resultar interesante. Se convoca el II Torneo de Debate Educativo de Andaluc\u00eda y sus fases correspondientes, de centros docentes, provincial y auton\u00f3mica para el curso 2019\/2020. El Torneo se concibe como un foro de\u2026","rel":"","context":"En \u00abFormaciones\u00bb","block_context":{"text":"Formaciones","link":"https:\/\/cepronda.com\/blog\/category\/formaciones\/"},"img":{"alt_text":"","src":"https:\/\/i0.wp.com\/cepronda.com\/blog\/wp-content\/uploads\/2019\/09\/man-2814937_1920-1.jpg?fit=1200%2C526&ssl=1&resize=350%2C200","width":350,"height":200,"srcset":"https:\/\/i0.wp.com\/cepronda.com\/blog\/wp-content\/uploads\/2019\/09\/man-2814937_1920-1.jpg?fit=1200%2C526&ssl=1&resize=350%2C200 1x, https:\/\/i0.wp.com\/cepronda.com\/blog\/wp-content\/uploads\/2019\/09\/man-2814937_1920-1.jpg?fit=1200%2C526&ssl=1&resize=525%2C300 1.5x, https:\/\/i0.wp.com\/cepronda.com\/blog\/wp-content\/uploads\/2019\/09\/man-2814937_1920-1.jpg?fit=1200%2C526&ssl=1&resize=700%2C400 2x, https:\/\/i0.wp.com\/cepronda.com\/blog\/wp-content\/uploads\/2019\/09\/man-2814937_1920-1.jpg?fit=1200%2C526&ssl=1&resize=1050%2C600 3x"},"classes":[]}],"jetpack_sharing_enabled":true,"_links":{"self":[{"href":"https:\/\/cepronda.com\/blog\/wp-json\/wp\/v2\/posts\/3335","targetHints":{"allow":["GET"]}}],"collection":[{"href":"https:\/\/cepronda.com\/blog\/wp-json\/wp\/v2\/posts"}],"about":[{"href":"https:\/\/cepronda.com\/blog\/wp-json\/wp\/v2\/types\/post"}],"author":[{"embeddable":true,"href":"https:\/\/cepronda.com\/blog\/wp-json\/wp\/v2\/users\/3"}],"replies":[{"embeddable":true,"href":"https:\/\/cepronda.com\/blog\/wp-json\/wp\/v2\/comments?post=3335"}],"version-history":[{"count":1,"href":"https:\/\/cepronda.com\/blog\/wp-json\/wp\/v2\/posts\/3335\/revisions"}],"predecessor-version":[{"id":3337,"href":"https:\/\/cepronda.com\/blog\/wp-json\/wp\/v2\/posts\/3335\/revisions\/3337"}],"wp:featuredmedia":[{"embeddable":true,"href":"https:\/\/cepronda.com\/blog\/wp-json\/wp\/v2\/media\/3336"}],"wp:attachment":[{"href":"https:\/\/cepronda.com\/blog\/wp-json\/wp\/v2\/media?parent=3335"}],"wp:term":[{"taxonomy":"category","embeddable":true,"href":"https:\/\/cepronda.com\/blog\/wp-json\/wp\/v2\/categories?post=3335"},{"taxonomy":"post_tag","embeddable":true,"href":"https:\/\/cepronda.com\/blog\/wp-json\/wp\/v2\/tags?post=3335"}],"curies":[{"name":"wp","href":"https:\/\/api.w.org\/{rel}","templated":true}]}}