{"id":3331,"date":"2020-01-13T10:59:01","date_gmt":"2020-01-13T09:59:01","guid":{"rendered":"http:\/\/cepronda.com\/blog\/?p=3331"},"modified":"2020-01-13T10:59:09","modified_gmt":"2020-01-13T09:59:09","slug":"educacion-afectivo-sexual-en-nuestros-centros","status":"publish","type":"post","link":"https:\/\/cepronda.com\/blog\/educacion-afectivo-sexual-en-nuestros-centros\/","title":{"rendered":"Educaci\u00f3n afectivo sexual en nuestros centros"},"content":{"rendered":"\n<p class=\"wp-block-paragraph\">\u00a1Hola de nuevo!<\/p>\n\n\n\n<p class=\"wp-block-paragraph\">Volvemos a compartir con todas y todos vosotros este curso de educaci\u00f3n afectivo sexual que creemos puede resultar muy interesante y de gran aplicabilidad en el aula. Se trata de 5 sesiones, una cada mes, y donde trabajremos violencia de g\u00e9nero, nuevas masculinidades, educaci\u00f3n afectivo sexual y salud sexual.<\/p>\n\n\n\n<p class=\"wp-block-paragraph\">Os dejamos con el <a rel=\"noreferrer noopener\" aria-label=\"enlace a la actividad (opens in a new tab)\" href=\"https:\/\/www.juntadeandalucia.es\/educacion\/secretariavirtual\/consultaCEP\/actividad\/202924GE026\/\" target=\"_blank\">enlace a la actividad<\/a> para que pod\u00e1is ver las fechas y pod\u00e1is inscribiros. Un abrazo.   <\/p>\n\n\n\n<figure class=\"wp-block-image size-large\"><a href=\"https:\/\/www.juntadeandalucia.es\/educacion\/secretariavirtual\/consultaCEP\/actividad\/202924GE026\/\" target=\"_blank\" rel=\"noreferrer noopener\"><img loading=\"lazy\" decoding=\"async\" width=\"1587\" height=\"2245\" src=\"https:\/\/i1.wp.com\/cepronda.com\/blog\/wp-content\/uploads\/2020\/01\/EDUCACI\u00d3N-AFECTIVO-SEXUAL-EN-NUESTROS-CENTROS_-WE-LOVE-EDUCACI\u00d3N-SEXUAL-Y-COEDUCACI\u00d3N.jpg?fit=724%2C1024\" alt=\"\" class=\"wp-image-3332\" srcset=\"https:\/\/i0.wp.com\/cepronda.com\/blog\/wp-content\/uploads\/2020\/01\/EDUCACI%C3%93N-AFECTIVO-SEXUAL-EN-NUESTROS-CENTROS_-WE-LOVE-EDUCACI%C3%93N-SEXUAL-Y-COEDUCACI%C3%93N.jpg?w=1587&amp;ssl=1 1587w, https:\/\/i0.wp.com\/cepronda.com\/blog\/wp-content\/uploads\/2020\/01\/EDUCACI%C3%93N-AFECTIVO-SEXUAL-EN-NUESTROS-CENTROS_-WE-LOVE-EDUCACI%C3%93N-SEXUAL-Y-COEDUCACI%C3%93N.jpg?resize=212%2C300&amp;ssl=1 212w, https:\/\/i0.wp.com\/cepronda.com\/blog\/wp-content\/uploads\/2020\/01\/EDUCACI%C3%93N-AFECTIVO-SEXUAL-EN-NUESTROS-CENTROS_-WE-LOVE-EDUCACI%C3%93N-SEXUAL-Y-COEDUCACI%C3%93N.jpg?resize=724%2C1024&amp;ssl=1 724w, https:\/\/i0.wp.com\/cepronda.com\/blog\/wp-content\/uploads\/2020\/01\/EDUCACI%C3%93N-AFECTIVO-SEXUAL-EN-NUESTROS-CENTROS_-WE-LOVE-EDUCACI%C3%93N-SEXUAL-Y-COEDUCACI%C3%93N.jpg?resize=768%2C1086&amp;ssl=1 768w, https:\/\/i0.wp.com\/cepronda.com\/blog\/wp-content\/uploads\/2020\/01\/EDUCACI%C3%93N-AFECTIVO-SEXUAL-EN-NUESTROS-CENTROS_-WE-LOVE-EDUCACI%C3%93N-SEXUAL-Y-COEDUCACI%C3%93N.jpg?resize=1086%2C1536&amp;ssl=1 1086w, https:\/\/i0.wp.com\/cepronda.com\/blog\/wp-content\/uploads\/2020\/01\/EDUCACI%C3%93N-AFECTIVO-SEXUAL-EN-NUESTROS-CENTROS_-WE-LOVE-EDUCACI%C3%93N-SEXUAL-Y-COEDUCACI%C3%93N.jpg?resize=1448%2C2048&amp;ssl=1 1448w\" sizes=\"auto, (max-width: 1170px) 100vw, 1170px\" \/><\/a><\/figure>\n","protected":false},"excerpt":{"rendered":"<p>\u00a1Hola de nuevo! Volvemos a compartir con todas y todos vosotros este curso de educaci\u00f3n afectivo sexual que creemos puede resultar muy interesante y de gran aplicabilidad en el aula. Se trata de 5 sesiones, una cada mes, y donde trabajremos violencia de g\u00e9nero, nuevas masculinidades, educaci\u00f3n afectivo sexual y salud sexual. Os dejamos con [&hellip;]<\/p>\n","protected":false},"author":3,"featured_media":3332,"comment_status":"open","ping_status":"open","sticky":false,"template":"","format":"standard","meta":{"_crdt_document":"","advanced_seo_description":"","jetpack_seo_html_title":"","jetpack_seo_noindex":false,"jetpack_post_was_ever_published":false,"_jetpack_newsletter_access":"","_jetpack_dont_email_post_to_subs":false,"_jetpack_newsletter_tier_id":0,"_jetpack_memberships_contains_paywalled_content":false,"_jetpack_memberships_contains_paid_content":false,"footnotes":"","jetpack_publicize_message":"Educaci\u00f3n afectivo sexual en nuestros centros, una formaci\u00f3n muy interesante con @Apoyopositivo","jetpack_publicize_feature_enabled":true,"jetpack_social_post_already_shared":true,"jetpack_social_options":{"image_generator_settings":{"template":"highway","default_image_id":0,"font":"","enabled":false},"version":2}},"categories":[3],"tags":[37],"class_list":{"0":"post-3331","1":"post","2":"type-post","3":"status-publish","4":"format-standard","5":"has-post-thumbnail","7":"category-formaciones","8":"tag-igualdad","9":"czr-hentry"},"jetpack_publicize_connections":[],"jetpack_featured_media_url":"https:\/\/i0.wp.com\/cepronda.com\/blog\/wp-content\/uploads\/2020\/01\/EDUCACI%C3%93N-AFECTIVO-SEXUAL-EN-NUESTROS-CENTROS_-WE-LOVE-EDUCACI%C3%93N-SEXUAL-Y-COEDUCACI%C3%93N.jpg?fit=1587%2C2245&ssl=1","jetpack_shortlink":"https:\/\/wp.me\/p8M4X7-RJ","jetpack-related-posts":[{"id":6109,"url":"https:\/\/cepronda.com\/blog\/la-educacion-afectivo-sexual-en-la-escuela-del-siglo-xxi\/","url_meta":{"origin":3331,"position":0},"title":"LA EDUCACI\u00d3N AFECTIVO-SEXUAL EN LA ESCUELA DEL SIGLO XXI","author":"Mamen Moreno","date":"24 octubre, 2023","format":false,"excerpt":"Os informamos que se encuentra\u00a0abierto el plazo de inscripci\u00f3n para la formaci\u00f3n LA EDUCACI\u00d3N AFECTIVO-SEXUAL EN LA ESCUELA DEL SIGLO XXI\u00a0 (c\u00f3digo 242924GE024) que est\u00e1 compuesta por los siguientes talleres: Taller 1. Estela Moreno Berm\u00fadez.\u00a0 16 de noviembre\u00a0 Taller 2. Mercedes M\u00e1rquez Flores.\u00a0 16\u00a0 y\u00a0 30 de enero Taller 3.\u2026","rel":"","context":"En \u00abFormaciones\u00bb","block_context":{"text":"Formaciones","link":"https:\/\/cepronda.com\/blog\/category\/formaciones\/"},"img":{"alt_text":"","src":"https:\/\/i0.wp.com\/cepronda.com\/blog\/wp-content\/uploads\/2023\/10\/Itinerario-Igualdad.png?fit=848%2C1200&ssl=1&resize=350%2C200","width":350,"height":200,"srcset":"https:\/\/i0.wp.com\/cepronda.com\/blog\/wp-content\/uploads\/2023\/10\/Itinerario-Igualdad.png?fit=848%2C1200&ssl=1&resize=350%2C200 1x, https:\/\/i0.wp.com\/cepronda.com\/blog\/wp-content\/uploads\/2023\/10\/Itinerario-Igualdad.png?fit=848%2C1200&ssl=1&resize=525%2C300 1.5x, https:\/\/i0.wp.com\/cepronda.com\/blog\/wp-content\/uploads\/2023\/10\/Itinerario-Igualdad.png?fit=848%2C1200&ssl=1&resize=700%2C400 2x"},"classes":[]},{"id":3285,"url":"https:\/\/cepronda.com\/blog\/educacion-afectivo-sexual-en-nuestros-centros-we-love-educacion-sexual-y-coeducacion\/","url_meta":{"origin":3331,"position":1},"title":"EDUCACI\u00d3N AFECTIVO SEXUAL EN NUESTROS CENTROS: WE LOVE EDUCACI\u00d3N SEXUAL Y COEDUCACI\u00d3N","author":"V\u00edctor Caballero","date":"7 enero, 2020","format":false,"excerpt":"Muy buenas de nuevo, Otro de los cursos que abrimos plazo de inscripci\u00f3n es el dedicado a la educaci\u00f3n afectivo sexual en nuestras aulas. para ello contaremos con una ponente que ya tuvimos el a\u00f1o pasado, y con la que aprendimos much\u00edsimo, Maite Heredia de la Asociaci\u00f3n Apoyo Positivo. El\u2026","rel":"","context":"En \u00abFormaciones\u00bb","block_context":{"text":"Formaciones","link":"https:\/\/cepronda.com\/blog\/category\/formaciones\/"},"img":{"alt_text":"","src":"https:\/\/i0.wp.com\/cepronda.com\/blog\/wp-content\/uploads\/2020\/01\/equality-2110594_1920.jpg?fit=1200%2C1200&ssl=1&resize=350%2C200","width":350,"height":200,"srcset":"https:\/\/i0.wp.com\/cepronda.com\/blog\/wp-content\/uploads\/2020\/01\/equality-2110594_1920.jpg?fit=1200%2C1200&ssl=1&resize=350%2C200 1x, https:\/\/i0.wp.com\/cepronda.com\/blog\/wp-content\/uploads\/2020\/01\/equality-2110594_1920.jpg?fit=1200%2C1200&ssl=1&resize=525%2C300 1.5x, https:\/\/i0.wp.com\/cepronda.com\/blog\/wp-content\/uploads\/2020\/01\/equality-2110594_1920.jpg?fit=1200%2C1200&ssl=1&resize=700%2C400 2x, https:\/\/i0.wp.com\/cepronda.com\/blog\/wp-content\/uploads\/2020\/01\/equality-2110594_1920.jpg?fit=1200%2C1200&ssl=1&resize=1050%2C600 3x"},"classes":[]},{"id":3350,"url":"https:\/\/cepronda.com\/blog\/cambio-de-fechas-en-curso-de-diversidad-afectivo-sexual\/","url_meta":{"origin":3331,"position":2},"title":"Cambio de fechas en curso de Diversidad afectivo-sexual","author":"V\u00edctor Caballero","date":"20 enero, 2020","format":false,"excerpt":"Muy buenas familia, Comunicamos a todas las personas inscritas que ha habido un cambio de fechas en el curso de diversidad afectivo sexual que comenzaba este mi\u00e9rcoles, y que comenzar\u00e1 el pr\u00f3ximo 19 de febrero. La fecha cambia al 11 de marzo quedando entonces las fechas en las siguientes: 19\u2026","rel":"","context":"En \u00abFormaciones\u00bb","block_context":{"text":"Formaciones","link":"https:\/\/cepronda.com\/blog\/category\/formaciones\/"},"img":{"alt_text":"","src":"https:\/\/i0.wp.com\/cepronda.com\/blog\/wp-content\/uploads\/2020\/01\/EDUCACI%C3%93N-AFECTIVO-SEXUAL-EN-NUESTROS-CENTROS_-WE-LOVE-EDUCACI%C3%93N-SEXUAL-Y-COEDUCACI%C3%93N-1.jpg?fit=848%2C1200&ssl=1&resize=350%2C200","width":350,"height":200,"srcset":"https:\/\/i0.wp.com\/cepronda.com\/blog\/wp-content\/uploads\/2020\/01\/EDUCACI%C3%93N-AFECTIVO-SEXUAL-EN-NUESTROS-CENTROS_-WE-LOVE-EDUCACI%C3%93N-SEXUAL-Y-COEDUCACI%C3%93N-1.jpg?fit=848%2C1200&ssl=1&resize=350%2C200 1x, https:\/\/i0.wp.com\/cepronda.com\/blog\/wp-content\/uploads\/2020\/01\/EDUCACI%C3%93N-AFECTIVO-SEXUAL-EN-NUESTROS-CENTROS_-WE-LOVE-EDUCACI%C3%93N-SEXUAL-Y-COEDUCACI%C3%93N-1.jpg?fit=848%2C1200&ssl=1&resize=525%2C300 1.5x, https:\/\/i0.wp.com\/cepronda.com\/blog\/wp-content\/uploads\/2020\/01\/EDUCACI%C3%93N-AFECTIVO-SEXUAL-EN-NUESTROS-CENTROS_-WE-LOVE-EDUCACI%C3%93N-SEXUAL-Y-COEDUCACI%C3%93N-1.jpg?fit=848%2C1200&ssl=1&resize=700%2C400 2x"},"classes":[]},{"id":2693,"url":"https:\/\/cepronda.com\/blog\/we-love-diversidad-una-actividad-formativa-para-trabajar-la-igualdad-y-la-diversidad\/","url_meta":{"origin":3331,"position":3},"title":"We Love Diversidad, una actividad formativa para trabajar la igualdad y la diversidad","author":"V\u00edctor Caballero","date":"1 abril, 2019","format":false,"excerpt":"Hoy en d\u00eda en muchos centros se comienzan a trabajan temas tan necesarios como la resoluci\u00f3n de conflictos, el control de impulsos o los buenos tratos. Pero todo este trabajo puede quedar incompleto si no se aborda desde la perspectiva de g\u00e9nero y de diversidad. En este taller veremos como\u2026","rel":"","context":"En \u00abFormaciones\u00bb","block_context":{"text":"Formaciones","link":"https:\/\/cepronda.com\/blog\/category\/formaciones\/"},"img":{"alt_text":"","src":"https:\/\/i0.wp.com\/cepronda.com\/blog\/wp-content\/uploads\/2019\/04\/family-2112266_1280.png?fit=1200%2C600&ssl=1&resize=350%2C200","width":350,"height":200,"srcset":"https:\/\/i0.wp.com\/cepronda.com\/blog\/wp-content\/uploads\/2019\/04\/family-2112266_1280.png?fit=1200%2C600&ssl=1&resize=350%2C200 1x, https:\/\/i0.wp.com\/cepronda.com\/blog\/wp-content\/uploads\/2019\/04\/family-2112266_1280.png?fit=1200%2C600&ssl=1&resize=525%2C300 1.5x, https:\/\/i0.wp.com\/cepronda.com\/blog\/wp-content\/uploads\/2019\/04\/family-2112266_1280.png?fit=1200%2C600&ssl=1&resize=700%2C400 2x, https:\/\/i0.wp.com\/cepronda.com\/blog\/wp-content\/uploads\/2019\/04\/family-2112266_1280.png?fit=1200%2C600&ssl=1&resize=1050%2C600 3x"},"classes":[]},{"id":7427,"url":"https:\/\/cepronda.com\/blog\/claves-para-la-educacion-sexual-en-el-ambito-educativo\/","url_meta":{"origin":3331,"position":4},"title":"CLAVES PARA LA EDUCACI\u00d3N SEXUAL EN EL \u00c1MBITO EDUCATIVO","author":"Mamen Moreno","date":"2 febrero, 2024","format":false,"excerpt":"CURSO PROVINCIAL A DISTANCIA: CLAVES PARA LA EDUCACI\u00d3N SEXUAL EN EL \u00c1MBITO EDUCATIVO. Nivel I C\u00f3digo: 242922GE059 Curso Provincial a Distancia (AVFP) de 30 horas. Fecha inscripci\u00f3n: 01\/02\/2024 hasta el 15\/02\/2024 Fecha actividad: 07\/03\/2024 hasta 26\/04\/2024. M\u00e1s informaci\u00f3n e inscripci\u00f3n en: https:\/\/bit.ly\/3SFE9yr","rel":"","context":"En \u00abFormaciones\u00bb","block_context":{"text":"Formaciones","link":"https:\/\/cepronda.com\/blog\/category\/formaciones\/"},"img":{"alt_text":"","src":"https:\/\/i0.wp.com\/cepronda.com\/blog\/wp-content\/uploads\/2024\/02\/WhatsApp-Image-2024-02-01-at-08.47.28.jpeg?fit=1080%2C1080&ssl=1&resize=350%2C200","width":350,"height":200,"srcset":"https:\/\/i0.wp.com\/cepronda.com\/blog\/wp-content\/uploads\/2024\/02\/WhatsApp-Image-2024-02-01-at-08.47.28.jpeg?fit=1080%2C1080&ssl=1&resize=350%2C200 1x, https:\/\/i0.wp.com\/cepronda.com\/blog\/wp-content\/uploads\/2024\/02\/WhatsApp-Image-2024-02-01-at-08.47.28.jpeg?fit=1080%2C1080&ssl=1&resize=525%2C300 1.5x, https:\/\/i0.wp.com\/cepronda.com\/blog\/wp-content\/uploads\/2024\/02\/WhatsApp-Image-2024-02-01-at-08.47.28.jpeg?fit=1080%2C1080&ssl=1&resize=700%2C400 2x, https:\/\/i0.wp.com\/cepronda.com\/blog\/wp-content\/uploads\/2024\/02\/WhatsApp-Image-2024-02-01-at-08.47.28.jpeg?fit=1080%2C1080&ssl=1&resize=1050%2C600 3x"},"classes":[]},{"id":681,"url":"https:\/\/cepronda.com\/blog\/educacion-sexual-y-discapacidad-intelectual\/","url_meta":{"origin":3331,"position":5},"title":"EDUCACI\u00d3N SEXUAL Y DISCAPACIDAD INTELECTUAL","author":"V\u00edctor Caballero","date":"16 febrero, 2017","format":false,"excerpt":"Hola \u00bfqu\u00e9 tal? Para la vuelta de Semana Blanca queremos poner a vuestra disposici\u00f3n un curso de \"Educaci\u00f3n sexual y discapacidad intelectual\".\u00a0Esta actividad va dirigida al profesorado de Educaci\u00f3n Especial y a todo el profesorado en general. Partiendo del principio de que la sexualidad marca claramente nuestra forma de interaccionar\u2026","rel":"","context":"En \u00abFormaciones\u00bb","block_context":{"text":"Formaciones","link":"https:\/\/cepronda.com\/blog\/category\/formaciones\/"},"img":{"alt_text":"","src":"","width":0,"height":0},"classes":[]}],"jetpack_sharing_enabled":true,"_links":{"self":[{"href":"https:\/\/cepronda.com\/blog\/wp-json\/wp\/v2\/posts\/3331","targetHints":{"allow":["GET"]}}],"collection":[{"href":"https:\/\/cepronda.com\/blog\/wp-json\/wp\/v2\/posts"}],"about":[{"href":"https:\/\/cepronda.com\/blog\/wp-json\/wp\/v2\/types\/post"}],"author":[{"embeddable":true,"href":"https:\/\/cepronda.com\/blog\/wp-json\/wp\/v2\/users\/3"}],"replies":[{"embeddable":true,"href":"https:\/\/cepronda.com\/blog\/wp-json\/wp\/v2\/comments?post=3331"}],"version-history":[{"count":1,"href":"https:\/\/cepronda.com\/blog\/wp-json\/wp\/v2\/posts\/3331\/revisions"}],"predecessor-version":[{"id":3333,"href":"https:\/\/cepronda.com\/blog\/wp-json\/wp\/v2\/posts\/3331\/revisions\/3333"}],"wp:featuredmedia":[{"embeddable":true,"href":"https:\/\/cepronda.com\/blog\/wp-json\/wp\/v2\/media\/3332"}],"wp:attachment":[{"href":"https:\/\/cepronda.com\/blog\/wp-json\/wp\/v2\/media?parent=3331"}],"wp:term":[{"taxonomy":"category","embeddable":true,"href":"https:\/\/cepronda.com\/blog\/wp-json\/wp\/v2\/categories?post=3331"},{"taxonomy":"post_tag","embeddable":true,"href":"https:\/\/cepronda.com\/blog\/wp-json\/wp\/v2\/tags?post=3331"}],"curies":[{"name":"wp","href":"https:\/\/api.w.org\/{rel}","templated":true}]}}