{"id":3329,"date":"2020-01-13T10:53:07","date_gmt":"2020-01-13T09:53:07","guid":{"rendered":"http:\/\/cepronda.com\/blog\/?p=3329"},"modified":"2025-04-28T11:56:30","modified_gmt":"2025-04-28T09:56:30","slug":"segunda-convocatoria-regional-2019-2020-oferta-formativa-del-aula-virtual-de-formacion-del-profesorado","status":"publish","type":"post","link":"https:\/\/cepronda.com\/blog\/segunda-convocatoria-regional-2019-2020-oferta-formativa-del-aula-virtual-de-formacion-del-profesorado\/","title":{"rendered":"Segunda convocatoria regional 2019\/2020. Oferta formativa del aula virtual de formaci\u00f3n del profesorado"},"content":{"rendered":"\n<p class=\"wp-block-paragraph\">Dentro del plan de formaci\u00f3n del profesorado de la Consejer\u00eda de Educaci\u00f3n se ofertan 23 cursos en la modalidad de cursos a distancia.<\/p>\n\n\n\n<p class=\"wp-block-paragraph\">Las condiciones de la oferta son las siguientes:<\/p>\n\n\n\n<ul class=\"wp-block-list\"><li><strong>Plazo de inscripci\u00f3n<\/strong>: Desde el 13 de enero de 2020 a las 15:00 horas al 16 de enero de 2020 a las 15:00h.<\/li><li><strong>Publicaci\u00f3n de listas de admisi\u00f3n en los cursos<\/strong>: 27 de enero de 2020.<\/li><li><strong>Fechas de realizaci\u00f3n<\/strong>: Los cursos se iniciar\u00e1n el 4 de febrero de 2020. La fecha de finalizaci\u00f3n estar\u00e1 en funci\u00f3n de la duraci\u00f3n de cada curso.<\/li><li><strong>Destinatarios<\/strong>: Profesorado de los centros docentes andaluces no universitarios sostenidos con fondos p\u00fablicos.<\/li><li><strong>Cursos convocados<\/strong>:&nbsp;<a href=\"https:\/\/www.juntadeandalucia.es\/educacion\/secretariavirtual\/consultaCEP\/?X_CATMODACT=3&amp;ID=3003&amp;F_INICIO=01\/02\/2020&amp;C_EDIACTFOR=20Q&amp;F_FINAL=25\/03\/2020&amp;\">Listado de cursos de la Convocatoria<\/a>.<\/li><li><strong>Modalidad y lugar de realizaci\u00f3n<\/strong>: Los cursos se realizar\u00e1n en la modalidad de teleformaci\u00f3n, en el&nbsp;<a href=\"https:\/\/educacionadistancia.juntadeandalucia.es\/profesorado\">Aula Virtual de Formaci\u00f3n del Profesorado<\/a>&nbsp;de la Consejer\u00eda de Educaci\u00f3n. Una vez realizada la adjudicaci\u00f3n de las solicitudes los cursos ser\u00e1n gestionados por los Centros de Profesorado, apareciendo a partir de ese momento en la ficha del curso en S\u00e9neca el CEP correspondiente.<\/li><li><strong>Duraci\u00f3n<\/strong>: Los cursos tendr\u00e1n una duraci\u00f3n variable seg\u00fan las tem\u00e1ticas.<\/li><li><strong>Procedimiento de solicitud<\/strong>: La inscripci\u00f3n en los cursos se realiza a trav\u00e9s de la&nbsp;<a href=\"https:\/\/www.juntadeandalucia.es\/educacion\/secretariavirtual\/consultaCEP\/?X_CATMODACT=3&amp;ID=3003&amp;F_INICIO=01\/02\/2020&amp;C_EDIACTFOR=20Q&amp;F_FINAL=25\/03\/2020&amp;\">web de Formaci\u00f3n del Profesorado<\/a>. Podr\u00e1n solicitarse hasta 3 cursos simult\u00e1neamente,&nbsp;<strong>se considerar\u00e1 prioridad en la adjudicaci\u00f3n de cursos el orden cronol\u00f3gico en el que han sido realizadas las solicitudes<\/strong>, es decir, una solicitud realizada a las 10:00 tendr\u00e1 prioridad sobre una realizada a las 10:05. Solo se adjudicar\u00e1 un curso por cada solicitante, si bien podr\u00e1 realizarse nuevamente la petici\u00f3n de los cursos no adjudicados en siguientes convocatorias.<\/li><li><strong>Criterios de adjudicaci\u00f3n<\/strong>:&nbsp;<em><strong>Los cursos se adjudicar\u00e1n por estricto orden de entrada de las solicitudes en S\u00e9neca, salvo que se indique lo contrario en las observaciones de la ficha del curso<\/strong><\/em>.<\/li><li><strong>Criterios de abandono<\/strong>: Si en un plazo de 15 d\u00edas una vez empezado el curso un participante no ha realizado la primera actividad del primer m\u00f3dulo posterior al m\u00f3dulo de Inicio, se entender\u00e1 que dicho participante abandona el curso y se cursar\u00e1 su baja en el mismo. Tambi\u00e9n se dar\u00e1 de baja en el curso a aquellas personas que a\u00fan habi\u00e9ndose presentado en el foro, soliciten su baja voluntaria. Las plazas sobrantes producidas por esos abandonos se adjudicar\u00e1n a las siguientes personas de la lista de solicitudes a las que no se les haya adjudicado ning\u00fan otro curso y que verifiquen fehacientemente su intenci\u00f3n de realizarlo previa llamada telef\u00f3nica o correo electr\u00f3nico. Una vez transcurridos estos 15 d\u00edas, no se cubrir\u00e1n las plazas sobrantes producidas por el abandono de participantes.<\/li><\/ul>\n\n\n\n<p class=\"wp-block-paragraph\"><em><strong>No podr\u00e1n participar en un curso aquellas personas que ya lo hayan realizado con evaluaci\u00f3n positiva en ediciones anteriores<\/strong><\/em>.<\/p>\n","protected":false},"excerpt":{"rendered":"<p>Dentro del plan de formaci\u00f3n del profesorado de la Consejer\u00eda de Educaci\u00f3n se ofertan 23 cursos en la modalidad de cursos a distancia. Las condiciones de la oferta son las siguientes: Plazo de inscripci\u00f3n: Desde el 13 de enero de 2020 a las 15:00 horas al 16 de enero de 2020 a las 15:00h. Publicaci\u00f3n [&hellip;]<\/p>\n","protected":false},"author":3,"featured_media":2849,"comment_status":"open","ping_status":"open","sticky":false,"template":"","format":"standard","meta":{"_crdt_document":"","advanced_seo_description":"","jetpack_seo_html_title":"","jetpack_seo_noindex":false,"jetpack_post_was_ever_published":false,"_jetpack_newsletter_access":"","_jetpack_dont_email_post_to_subs":false,"_jetpack_newsletter_tier_id":0,"_jetpack_memberships_contains_paywalled_content":false,"_jetpack_memberships_contains_paid_content":false,"footnotes":"","jetpack_publicize_message":"","jetpack_publicize_feature_enabled":true,"jetpack_social_post_already_shared":true,"jetpack_social_options":{"image_generator_settings":{"template":"highway","default_image_id":0,"font":"","enabled":false},"version":2}},"categories":[3,5],"tags":[144],"class_list":{"0":"post-3329","1":"post","2":"type-post","3":"status-publish","4":"format-standard","5":"has-post-thumbnail","7":"category-formaciones","8":"category-noticias","9":"tag-aula-virtual-de-formacion-del-profesorado","10":"czr-hentry"},"jetpack_publicize_connections":[],"jetpack_featured_media_url":"https:\/\/i0.wp.com\/cepronda.com\/blog\/wp-content\/uploads\/2019\/05\/logo-nuevo.jpg?fit=531%2C342&ssl=1","jetpack_shortlink":"https:\/\/wp.me\/p8M4X7-RH","jetpack-related-posts":[{"id":2879,"url":"https:\/\/cepronda.com\/blog\/cursos-en-abierto-en-el-aula-virtual-del-profesorado\/","url_meta":{"origin":3329,"position":0},"title":"Cursos en abierto en el Aula Virtual del Profesorado","author":"V\u00edctor Caballero","date":"18 junio, 2019","format":false,"excerpt":"Muy buenas familia, Os comentamos que se ha actualizado el cat\u00e1logo de cursos en abierto del Aula Virtual de Formaci\u00f3n del Profesorado. Para acceder a ellos no es necesario registrarse ni identificarse con el usuario habitual.\u00a0 Puedes ver todo el cat\u00e1logo de cursos en el siguiente enlace.","rel":"","context":"En \u00abNoticias\u00bb","block_context":{"text":"Noticias","link":"https:\/\/cepronda.com\/blog\/category\/noticias\/"},"img":{"alt_text":"","src":"https:\/\/i0.wp.com\/cepronda.com\/blog\/wp-content\/uploads\/2016\/09\/AVFP.jpg?resize=350%2C200","width":350,"height":200},"classes":[]},{"id":3091,"url":"https:\/\/cepronda.com\/blog\/primera-convocatoria-regional-2019-2020-oferta-formativa-del-aula-virtual-de-formacion-del-profesorado\/","url_meta":{"origin":3329,"position":1},"title":"Primera convocatoria regional 2019\/2020. Oferta formativa del aula virtual de formaci\u00f3n del profesorado.","author":"V\u00edctor Caballero","date":"12 octubre, 2019","format":false,"excerpt":"Dentro del plan de formaci\u00f3n del profesorado de la Consejer\u00eda de Educaci\u00f3n se ofertan 35 cursos en la modalidad de cursos a distancia. Las condiciones de la oferta son las siguientes: Plazo de inscripci\u00f3n:\u00a0Desde el 14 de octubre de 2019 a las 15:00 horas hasta el 17 de octubre de\u2026","rel":"","context":"En \u00abFormaciones\u00bb","block_context":{"text":"Formaciones","link":"https:\/\/cepronda.com\/blog\/category\/formaciones\/"},"img":{"alt_text":"","src":"https:\/\/i0.wp.com\/cepronda.com\/blog\/wp-content\/uploads\/2019\/10\/AVFP1920.png?resize=350%2C200&ssl=1","width":350,"height":200,"srcset":"https:\/\/i0.wp.com\/cepronda.com\/blog\/wp-content\/uploads\/2019\/10\/AVFP1920.png?resize=350%2C200&ssl=1 1x, https:\/\/i0.wp.com\/cepronda.com\/blog\/wp-content\/uploads\/2019\/10\/AVFP1920.png?resize=525%2C300&ssl=1 1.5x"},"classes":[]},{"id":2496,"url":"https:\/\/cepronda.com\/blog\/primera-convocatoria-regional-de-teleformacion-2018-19\/","url_meta":{"origin":3329,"position":2},"title":"Primera Convocatoria Regional de Teleformaci\u00f3n 2018\/19","author":"V\u00edctor Caballero","date":"29 noviembre, 2018","format":false,"excerpt":"Muy buenas familia,\u00a0 Sabemos que muchas y muchos de vosotros estabais esperando esta convocatoria, y ya la tenemos aqu\u00ed.\u00a0Para m\u00e1s informaci\u00f3n y solicitar la inscripci\u00f3n en alguna de la oferta s\u00f3lo ten\u00e9is que seguir este enlace. El plazo de inscripci\u00f3n se abre ma\u00f1ana 30 de noviembre a las 10:00. Dentro\u2026","rel":"","context":"En \u00abFormaciones\u00bb","block_context":{"text":"Formaciones","link":"https:\/\/cepronda.com\/blog\/category\/formaciones\/"},"img":{"alt_text":"","src":"https:\/\/i0.wp.com\/cepronda.com\/blog\/wp-content\/uploads\/2017\/05\/logo_ja_ce_mejor.jpg?fit=732%2C600&ssl=1&resize=350%2C200","width":350,"height":200,"srcset":"https:\/\/i0.wp.com\/cepronda.com\/blog\/wp-content\/uploads\/2017\/05\/logo_ja_ce_mejor.jpg?fit=732%2C600&ssl=1&resize=350%2C200 1x, https:\/\/i0.wp.com\/cepronda.com\/blog\/wp-content\/uploads\/2017\/05\/logo_ja_ce_mejor.jpg?fit=732%2C600&ssl=1&resize=525%2C300 1.5x, https:\/\/i0.wp.com\/cepronda.com\/blog\/wp-content\/uploads\/2017\/05\/logo_ja_ce_mejor.jpg?fit=732%2C600&ssl=1&resize=700%2C400 2x"},"classes":[]},{"id":1512,"url":"https:\/\/cepronda.com\/blog\/convocatoria-de-cursos-a-distancia-del-aula-virtual-de-formacion\/","url_meta":{"origin":3329,"position":3},"title":"Convocatoria de cursos a distancia del Aula Virtual de Formaci\u00f3n","author":"V\u00edctor Caballero","date":"8 enero, 2018","format":false,"excerpt":"\u00a1Hola a todo el mundo! \u00bfQu\u00e9 tal esas vacaciones? Esperamos desde el CEP que haya ido todo muy bien, y hayamos recuperado energ\u00edas...que falta nos hace que entre las clases y las nuevas actividades formativas que ponemos en marcha nos vamos a ver mucho en las pr\u00f3ximas semanas. En esta\u2026","rel":"","context":"En \u00abFormaciones\u00bb","block_context":{"text":"Formaciones","link":"https:\/\/cepronda.com\/blog\/category\/formaciones\/"},"img":{"alt_text":"","src":"https:\/\/i0.wp.com\/cepronda.com\/blog\/wp-content\/uploads\/2018\/01\/laptop-1071779_640.jpg?fit=640%2C381&ssl=1&resize=350%2C200","width":350,"height":200,"srcset":"https:\/\/i0.wp.com\/cepronda.com\/blog\/wp-content\/uploads\/2018\/01\/laptop-1071779_640.jpg?fit=640%2C381&ssl=1&resize=350%2C200 1x, https:\/\/i0.wp.com\/cepronda.com\/blog\/wp-content\/uploads\/2018\/01\/laptop-1071779_640.jpg?fit=640%2C381&ssl=1&resize=525%2C300 1.5x"},"classes":[]},{"id":8304,"url":"https:\/\/cepronda.com\/blog\/%e2%9a%a1%e2%9a%a1nueva-convocatoria-regional-de-cursos%e2%9a%a1%e2%9a%a1\/","url_meta":{"origin":3329,"position":4},"title":"\u26a1\u26a1NUEVA CONVOCATORIA REGIONAL DE CURSOS\u26a1\u26a1","author":"Inmaculada Garc\u00eda","date":"7 marzo, 2025","format":false,"excerpt":"\u26a1\u26a1NUEVA CONVOCATORIA REGIONAL DE CURSOS\u26a1\u26a1 \u00a0 \u00a1A\u00fan puedes certificar un nivel en Competencia Digital Docente! Pincha en el enlace y accede a la nueva oferta formativa regional. Plazos de inscripci\u00f3n: 10\/03\/2025 hasta 17\/03\/2025. A desarrollar en el Aula Virtual de Formaci\u00f3n al Profesorado. INFORMACI\u00d3N E INSCRIPCIONES: https:\/\/bit.ly\/41JycpE","rel":"","context":"En \u00abFormaciones\u00bb","block_context":{"text":"Formaciones","link":"https:\/\/cepronda.com\/blog\/category\/formaciones\/"},"img":{"alt_text":"","src":"https:\/\/i0.wp.com\/cepronda.com\/blog\/wp-content\/uploads\/2025\/03\/Captura-de-pantalla-2025-03-07-132914.png?fit=1200%2C735&ssl=1&resize=350%2C200","width":350,"height":200,"srcset":"https:\/\/i0.wp.com\/cepronda.com\/blog\/wp-content\/uploads\/2025\/03\/Captura-de-pantalla-2025-03-07-132914.png?fit=1200%2C735&ssl=1&resize=350%2C200 1x, https:\/\/i0.wp.com\/cepronda.com\/blog\/wp-content\/uploads\/2025\/03\/Captura-de-pantalla-2025-03-07-132914.png?fit=1200%2C735&ssl=1&resize=525%2C300 1.5x, https:\/\/i0.wp.com\/cepronda.com\/blog\/wp-content\/uploads\/2025\/03\/Captura-de-pantalla-2025-03-07-132914.png?fit=1200%2C735&ssl=1&resize=700%2C400 2x, https:\/\/i0.wp.com\/cepronda.com\/blog\/wp-content\/uploads\/2025\/03\/Captura-de-pantalla-2025-03-07-132914.png?fit=1200%2C735&ssl=1&resize=1050%2C600 3x"},"classes":[]},{"id":1389,"url":"https:\/\/cepronda.com\/blog\/oferta-formativa-aprendeintef\/","url_meta":{"origin":3329,"position":5},"title":"Oferta formativa AprendeINTEF","author":"V\u00edctor Caballero","date":"2 noviembre, 2017","format":false,"excerpt":"Adem\u00e1s de nuestros cursos de formaci\u00f3n presenciales y en l\u00ednea, como profesorado tenemos multitud de opciones de formarnos on-line. Una de las opciones es a trav\u00e9s de los cursos que nos oferta el INTEF a trav\u00e9s de su plataforma Educalab.\u00a0 Os dejamos con el enlace a la web donde podr\u00e9is\u2026","rel":"","context":"En \u00abNoticias\u00bb","block_context":{"text":"Noticias","link":"https:\/\/cepronda.com\/blog\/category\/noticias\/"},"img":{"alt_text":"","src":"https:\/\/i0.wp.com\/cepronda.com\/blog\/wp-content\/uploads\/2016\/09\/intef.png?resize=350%2C200","width":350,"height":200},"classes":[]}],"jetpack_sharing_enabled":true,"_links":{"self":[{"href":"https:\/\/cepronda.com\/blog\/wp-json\/wp\/v2\/posts\/3329","targetHints":{"allow":["GET"]}}],"collection":[{"href":"https:\/\/cepronda.com\/blog\/wp-json\/wp\/v2\/posts"}],"about":[{"href":"https:\/\/cepronda.com\/blog\/wp-json\/wp\/v2\/types\/post"}],"author":[{"embeddable":true,"href":"https:\/\/cepronda.com\/blog\/wp-json\/wp\/v2\/users\/3"}],"replies":[{"embeddable":true,"href":"https:\/\/cepronda.com\/blog\/wp-json\/wp\/v2\/comments?post=3329"}],"version-history":[{"count":1,"href":"https:\/\/cepronda.com\/blog\/wp-json\/wp\/v2\/posts\/3329\/revisions"}],"predecessor-version":[{"id":3330,"href":"https:\/\/cepronda.com\/blog\/wp-json\/wp\/v2\/posts\/3329\/revisions\/3330"}],"wp:featuredmedia":[{"embeddable":true,"href":"https:\/\/cepronda.com\/blog\/wp-json\/wp\/v2\/media\/2849"}],"wp:attachment":[{"href":"https:\/\/cepronda.com\/blog\/wp-json\/wp\/v2\/media?parent=3329"}],"wp:term":[{"taxonomy":"category","embeddable":true,"href":"https:\/\/cepronda.com\/blog\/wp-json\/wp\/v2\/categories?post=3329"},{"taxonomy":"post_tag","embeddable":true,"href":"https:\/\/cepronda.com\/blog\/wp-json\/wp\/v2\/tags?post=3329"}],"curies":[{"name":"wp","href":"https:\/\/api.w.org\/{rel}","templated":true}]}}