{"id":3303,"date":"2020-01-09T09:47:18","date_gmt":"2020-01-09T08:47:18","guid":{"rendered":"http:\/\/cepronda.com\/blog\/?p=3303"},"modified":"2020-01-09T09:47:26","modified_gmt":"2020-01-09T08:47:26","slug":"cursos-tutorizados-en-linea-del-intef-1a-edicion-2020","status":"publish","type":"post","link":"https:\/\/cepronda.com\/blog\/cursos-tutorizados-en-linea-del-intef-1a-edicion-2020\/","title":{"rendered":"Cursos tutorizados en l\u00ednea del INTEF, 1\u00aa edici\u00f3n 2020"},"content":{"rendered":"\n<p class=\"wp-block-paragraph\">Muy buenas de nuevo familia,<\/p>\n\n\n\n<p class=\"wp-block-paragraph\">Sabemos que muchas y muchos de vosotros hac\u00e9is de forma habitual formaciones on-line, siendo una muy buena opci\u00f3n los cursos organizados por el INTEF. Os dejamos con el <a rel=\"noreferrer noopener\" aria-label=\"enlace a la informaci\u00f3n (abre en una nueva pesta\u00f1a)\" href=\"https:\/\/intef.es\/Noticias\/apertura-del-plazo-de-inscripcion-para-la-1a-edicion-de-cursos-de-formacion-en-red-del-profesorado-2020\/\" target=\"_blank\">enlace a la informaci\u00f3n<\/a>. <\/p>\n\n\n\n<p class=\"wp-block-paragraph\">El Ministerio de Educaci\u00f3n y Formaci\u00f3n Profesional, a trav\u00e9s del INTEF, convoca 7.550 plazas para la 1\u00aa edici\u00f3n de&nbsp;<strong>cursos tutorizados de formaci\u00f3n en l\u00ednea<\/strong>&nbsp;para el profesorado. El plazo de inscripci\u00f3n<strong>&nbsp;empieza el 9 de enero y finaliza el 28 de enero de 2020<\/strong>&nbsp;(ambos incluidos).<\/p>\n\n\n\n<p class=\"wp-block-paragraph\">En esta primera edici\u00f3n se ofertan&nbsp;<strong>21 cursos<\/strong>&nbsp;cuya descripci\u00f3n, incluida la<strong>&nbsp;informaci\u00f3n necesaria<\/strong>&nbsp;para la inscripci\u00f3n, se puede consultar&nbsp;<strong>en la p\u00e1gina de la<a href=\"http:\/\/www.educacionyfp.gob.es\/servicios-al-ciudadano\/catalogo\/general\/20\/201533\/ficha\/201533-2020-1.html\" target=\"_blank\" rel=\"noreferrer noopener\">&nbsp;sede electr\u00f3nica<\/a><\/strong>&nbsp;<strong>del Ministerio de Educaci\u00f3n y Formaci\u00f3n<\/strong>&nbsp;<strong>Profesional<\/strong>, en la que se ir\u00e1n publicando tambi\u00e9n las novedades relativas a la misma.<\/p>\n\n\n\n<p class=\"wp-block-paragraph\">Estas actividades formativas se caracterizan por tener una estructura modular con contenidos y actividades planteados de forma gradual y cuentan con apoyo experto y atenci\u00f3n personalizada de un equipo de tutor\u00eda. Dicho equipo se encarga de evaluar los trabajos y actividades presentadas por los participantes.<\/p>\n\n\n\n<p class=\"wp-block-paragraph\">Los cursos tienen una duraci\u00f3n de dos meses (del 10 de marzo al 12 de mayo), a excepci\u00f3n de \u201cEl desarrollo de la funci\u00f3n directiva\u201d (hasta el 23 de junio). Para facilitar el trabajo y la planificaci\u00f3n, todos los cursos estar\u00e1n disponibles con unos d\u00edas de antelaci\u00f3n, de modo que los participantes vayan familiariz\u00e1ndose con el aula virtual.<\/p>\n\n\n\n<p class=\"wp-block-paragraph\">Finalmente, todos los cursos contribuyen al desarrollo de la Competencia Digital Docente y se certifican con 70 horas de formaci\u00f3n, salvo el curso de \u201cEl desarrollo de la funci\u00f3n directiva\u201d,&nbsp; que se certifica con 150 horas.<\/p>\n\n\n\n<p class=\"wp-block-paragraph\"><strong>Cursos de la 1\u00aa edici\u00f3n:<\/strong><\/p>\n\n\n\n<p class=\"wp-block-paragraph\"><a href=\"https:\/\/www.educacionyfp.gob.es\/dam\/jcr:9ba43884-a5c8-481b-88f2-d396635f8155\/01-ficha-intef-aprendizaje-servicio.pdf\" target=\"_blank\" rel=\"noreferrer noopener\">Aprendizaje-Servicio a trav\u00e9s de la programaci\u00f3n de apps<\/a><br><a href=\"https:\/\/www.educacionyfp.gob.es\/dam\/jcr:5b1fd7c5-9673-42bd-bd59-ebc8774229d4\/02-ficha-intef-ciudadaniadigital.pdf\" target=\"_blank\" rel=\"noreferrer noopener\">Ciudadan\u00eda e Identidad Digital<\/a><br><a href=\"http:\/\/www.educacionyfp.gob.es\/dam\/jcr:af20432b-3fa3-4229-be68-00613552238e\/03-ficha-intef-creatividad.pdf\" target=\"_blank\" rel=\"noreferrer noopener\">Creatividad, dise\u00f1o y aprendizaje mediante retos<\/a><br><a href=\"http:\/\/www.educacionyfp.gob.es\/dam\/jcr:6e8ecedb-30cf-42d6-b47b-d086c4de333a\/04-ficha-intef-dua.pdf\" target=\"_blank\" rel=\"noreferrer noopener\">Dise\u00f1o Universal de Aprendizaje<\/a><br><a href=\"http:\/\/www.educacionyfp.gob.es\/dam\/jcr:d1e17ae5-ce06-4fcf-986b-9ddcd4ba97c5\/05-ficha-intef-educacionafectivosexual.pdf\" target=\"_blank\" rel=\"noreferrer noopener\">Educaci\u00f3n afectivo sexual<\/a><br><a href=\"http:\/\/www.educacionyfp.gob.es\/dam\/jcr:43ff68b5-1bbe-458e-a7ff-85346bb21e51\/06-ficha-intef-portafolio-educativo.pdf\" target=\"_blank\" rel=\"noreferrer noopener\">El portafolio educativo como instrumento de aprendizaje y evaluaci\u00f3n<\/a><br><a href=\"http:\/\/www.educacionyfp.gob.es\/dam\/jcr:1ce458c3-3ec9-4e24-aa22-e079c8d8f0c0\/07-ficha-intef-el-tutor-en-red.pdf\" target=\"_blank\" rel=\"noreferrer noopener\">El tutor en red<\/a><br><a href=\"http:\/\/www.educacionyfp.gob.es\/dam\/jcr:3d3e232e-957c-4e70-a83a-bda1340a979c\/08-ficha-intef-escritura-creativa.pdf\" target=\"_blank\" rel=\"noreferrer noopener\">Escritura Creativa: de la teor\u00eda a la pr\u00e1ctica en el aula<\/a><br><a href=\"http:\/\/www.educacionyfp.gob.es\/dam\/jcr:86004be1-a0df-4727-9ead-5b79ab178a2d\/09-ficha-intef-competencias.pdf\" target=\"_blank\" rel=\"noreferrer noopener\">Evaluaci\u00f3n por competencias: Estrategias e Instrumentos<\/a><br><a href=\"http:\/\/www.educacionyfp.gob.es\/dam\/jcr:0fe0b01e-c822-4fa1-9c06-679168ec3f13\/10-ficha-intef-pensamiento-computacional-scratch.pdf\" target=\"_blank\" rel=\"noreferrer noopener\">Pensamiento computacional en el aula con Scratch<\/a><br><a href=\"http:\/\/www.educacionyfp.gob.es\/dam\/jcr:d6309dee-74a0-4db0-9336-8b6e21ea5848\/11-ficha-intef-etwinning.pdf\" target=\"_blank\" rel=\"noreferrer noopener\">Proyecta eTwinning (Nivel inicial)<\/a><br><a href=\"http:\/\/www.educacionyfp.gob.es\/dam\/jcr:976351f2-53c8-43c3-8ccf-58a6b3ace721\/12-ficha-intef-abpinf.pdf\" target=\"_blank\" rel=\"noreferrer noopener\">ABP. Aprendizaje basado en proyectos (Infantil y Primaria)<\/a><br><a href=\"http:\/\/www.educacionyfp.gob.es\/dam\/jcr:183d444d-6967-4b12-834c-cc59a8ed1bf7\/13-ficha-intef-abpsec.pdf\" target=\"_blank\" rel=\"noreferrer noopener\">ABP. Aprendizaje basado en proyectos (ESO y Bachillerato)<\/a><br><a href=\"http:\/\/www.educacionyfp.gob.es\/dam\/jcr:ca764d8e-c3a5-4ac8-87bb-29ffcf7922eb\/14-ficha-intef-bibliotecas-escolares-abies-web.pdf\" target=\"_blank\" rel=\"noreferrer noopener\">Bibliotecas escolares y uso de AbiesWeb<\/a><br><a href=\"http:\/\/www.educacionyfp.gob.es\/dam\/jcr:da0b23c3-9a79-4496-a4af-557e6cba694f\/15-ficha-intef-desarrollo-pensamiento-logico-infantil.pdf\" target=\"_blank\" rel=\"noreferrer noopener\">Desarrollo del pensamiento l\u00f3gico en Educaci\u00f3n Infantil<\/a><br><a href=\"http:\/\/www.educacionyfp.gob.es\/dam\/jcr:0b058a5e-5b50-48b8-94e8-4946fee6998a\/16-ficha-intef-desarrollo-de-la-funci-n-directiva.pdf\" target=\"_blank\" rel=\"noreferrer noopener\">El desarrollo de la funci\u00f3n directiva<\/a><br><a href=\"http:\/\/www.educacionyfp.gob.es\/dam\/jcr:1e76805f-e629-4840-a17f-2d08d26fe633\/17-ficha-intef-fp-de-las-politicas-educativas-a-la-practica-new.pdf\" target=\"_blank\" rel=\"noreferrer noopener\">Formaci\u00f3n Profesional: de las pol\u00edticas educativas a la pr\u00e1ctica en el aula<\/a><br><a href=\"http:\/\/www.educacionyfp.gob.es\/dam\/jcr:8088438b-453d-4927-97f5-5e44c2718cb3\/18-ficha-intef-investigaci-n-cient-fica.pdf\" target=\"_blank\" rel=\"noreferrer noopener\">La investigaci\u00f3n cient\u00edfica en el aula: de la transmisi\u00f3n a la creaci\u00f3n de conocimientos<\/a><br><a href=\"http:\/\/www.educacionyfp.gob.es\/dam\/jcr:4f27d791-41c9-4cb7-8877-22ba3d68358e\/19-ficha-intef-curso-orientaci-n-educativa-y-profesional.pdf\" target=\"_blank\" rel=\"noreferrer noopener\">Orientaci\u00f3n educativa y profesional en centros educativos<\/a><br><a href=\"http:\/\/www.educacionyfp.gob.es\/dam\/jcr:a401b269-5bfb-4cbf-8d94-b204e80ff677\/20-ficha-intef-tea.pdf\" target=\"_blank\" rel=\"noreferrer noopener\">Pr\u00e1cticas educativas inclusivas para el alumnado con trastorno del espectro del autismo (TEA)<\/a><br><a href=\"http:\/\/www.educacionyfp.gob.es\/dam\/jcr:920d3929-240e-493e-ad81-da9aa7fb390e\/21-ficha-intef-bachibac.pdf\" target=\"_blank\" rel=\"noreferrer noopener\">Programa Bachibac<\/a><\/p>\n\n\n\n<p class=\"wp-block-paragraph\">Puedes dirigir tus dudas y consultas a\u00a0<a href=\"mailto:formacionenred@educacion.gob.es\">formacionenred@educacion.gob.es<\/a><br>\u00a1Te esperamos!<\/p>\n\n\n\n<div class=\"wp-block-image\"><figure class=\"aligncenter size-large\"><a href=\"http:\/\/www.educacionyfp.gob.es\/servicios-al-ciudadano\/catalogo\/general\/20\/201533\/ficha\/201533-2020-1.html\" target=\"_blank\" rel=\"noopener noreferrer\"><img data-recalc-dims=\"1\" loading=\"lazy\" decoding=\"async\" width=\"272\" height=\"185\" src=\"https:\/\/i0.wp.com\/cepronda.com\/blog\/wp-content\/uploads\/2016\/09\/intef.png?resize=272%2C185\" alt=\"\" class=\"wp-image-1059\" srcset=\"https:\/\/i0.wp.com\/cepronda.com\/blog\/wp-content\/uploads\/2016\/09\/intef.png?w=272&amp;ssl=1 272w, https:\/\/i0.wp.com\/cepronda.com\/blog\/wp-content\/uploads\/2016\/09\/intef.png?resize=270%2C185&amp;ssl=1 270w\" sizes=\"auto, (max-width: 272px) 100vw, 272px\" \/><\/a><\/figure><\/div>\n","protected":false},"excerpt":{"rendered":"<p>Muy buenas de nuevo familia, Sabemos que muchas y muchos de vosotros hac\u00e9is de forma habitual formaciones on-line, siendo una muy buena opci\u00f3n los cursos organizados por el INTEF. Os dejamos con el enlace a la informaci\u00f3n. El Ministerio de Educaci\u00f3n y Formaci\u00f3n Profesional, a trav\u00e9s del INTEF, convoca 7.550 plazas para la 1\u00aa edici\u00f3n [&hellip;]<\/p>\n","protected":false},"author":3,"featured_media":1059,"comment_status":"open","ping_status":"open","sticky":false,"template":"","format":"standard","meta":{"_crdt_document":"","advanced_seo_description":"","jetpack_seo_html_title":"","jetpack_seo_noindex":false,"jetpack_post_was_ever_published":false,"_jetpack_newsletter_access":"","_jetpack_dont_email_post_to_subs":false,"_jetpack_newsletter_tier_id":0,"_jetpack_memberships_contains_paywalled_content":false,"_jetpack_memberships_contains_paid_content":false,"footnotes":"","jetpack_publicize_message":"","jetpack_publicize_feature_enabled":true,"jetpack_social_post_already_shared":true,"jetpack_social_options":{"image_generator_settings":{"template":"highway","default_image_id":0,"font":"","enabled":false},"version":2}},"categories":[3],"tags":[29],"class_list":{"0":"post-3303","1":"post","2":"type-post","3":"status-publish","4":"format-standard","5":"has-post-thumbnail","7":"category-formaciones","8":"tag-formacion-on-line","9":"czr-hentry"},"jetpack_publicize_connections":[],"jetpack_featured_media_url":"https:\/\/i0.wp.com\/cepronda.com\/blog\/wp-content\/uploads\/2016\/09\/intef.png?fit=272%2C185&ssl=1","jetpack_shortlink":"https:\/\/wp.me\/p8M4X7-Rh","jetpack-related-posts":[{"id":3596,"url":"https:\/\/cepronda.com\/blog\/apertura-del-plazo-de-inscripcion-para-la-2a-edicion-de-cursos-de-formacion-en-linea-del-profesorado-2020\/","url_meta":{"origin":3303,"position":0},"title":"Apertura del plazo de inscripci\u00f3n para la 2\u00aa edici\u00f3n de cursos de formaci\u00f3n en l\u00ednea del Profesorado 2020","author":"V\u00edctor Caballero","date":"1 junio, 2020","format":false,"excerpt":"Muy buenas familia, Comenzamos la semana compartiendo que a partir de hoy se abre el plazo de inscripci\u00f3n para la 2\u00aa edici\u00f3n de los cursos de formaci\u00f3n en l\u00ednea del profesorado del INTEF. Cursos que se realizar\u00edan entre septiembre y noviembre. Como siempre son muy interesantes y pueden resultarnos muy\u2026","rel":"","context":"En \u00abFormaciones\u00bb","block_context":{"text":"Formaciones","link":"https:\/\/cepronda.com\/blog\/category\/formaciones\/"},"img":{"alt_text":"","src":"https:\/\/i0.wp.com\/cepronda.com\/blog\/wp-content\/uploads\/2020\/06\/INTEF.png?fit=803%2C306&ssl=1&resize=350%2C200","width":350,"height":200,"srcset":"https:\/\/i0.wp.com\/cepronda.com\/blog\/wp-content\/uploads\/2020\/06\/INTEF.png?fit=803%2C306&ssl=1&resize=350%2C200 1x, https:\/\/i0.wp.com\/cepronda.com\/blog\/wp-content\/uploads\/2020\/06\/INTEF.png?fit=803%2C306&ssl=1&resize=525%2C300 1.5x, https:\/\/i0.wp.com\/cepronda.com\/blog\/wp-content\/uploads\/2020\/06\/INTEF.png?fit=803%2C306&ssl=1&resize=700%2C400 2x"},"classes":[]},{"id":818,"url":"https:\/\/cepronda.com\/blog\/2a-edicion-cursos-de-formacion-en-red-del-profesorado-2017-del-intef\/","url_meta":{"origin":3303,"position":1},"title":"2\u00aa Edici\u00f3n Cursos de Formaci\u00f3n en Red del Profesorado 2017 del INTEF","author":"V\u00edctor Caballero","date":"11 mayo, 2017","format":false,"excerpt":"\u00a1Hola a todo el mundo! Escribimos esta entrada para contaros que el pasado martes se abri\u00f3 el plazo de inscripci\u00f3n de los cursos de formaci\u00f3n del INTEF. Se trata de una serie de cursos on-line y la oferta es bastante amplia. El pasado\u00a0martes, 9 de mayo de 2017, se abrir\u00e1\u2026","rel":"","context":"En \u00abNoticias\u00bb","block_context":{"text":"Noticias","link":"https:\/\/cepronda.com\/blog\/category\/noticias\/"},"img":{"alt_text":"","src":"https:\/\/i0.wp.com\/cepronda.com\/blog\/wp-content\/uploads\/2017\/05\/intef.png?resize=350%2C200","width":350,"height":200},"classes":[]},{"id":1888,"url":"https:\/\/cepronda.com\/blog\/2a-convocatoria-de-2018-del-intef\/","url_meta":{"origin":3303,"position":2},"title":"2\u00aa convocatoria de 2018 del INTEF","author":"V\u00edctor Caballero","date":"22 mayo, 2018","format":false,"excerpt":"Muy buenas,\u00a0 Queremos compartir la 2\u00aa convocatoria de este a\u00f1o 2018 del INTEF. Se trata de una convocatoria de plazas en concurrencia competitiva para la realizaci\u00f3n de cursos de formaci\u00f3n en Red para la formaci\u00f3n permanente del profesorado que ejerce en niveles anteriores al universitario, en centros sostenidos con fondos\u2026","rel":"","context":"En \u00abNoticias\u00bb","block_context":{"text":"Noticias","link":"https:\/\/cepronda.com\/blog\/category\/noticias\/"},"img":{"alt_text":"","src":"","width":0,"height":0},"classes":[]},{"id":2594,"url":"https:\/\/cepronda.com\/blog\/1a-edicion-de-la-convocatoria-de-2019-de-cursos-en-red-del-intef-para-el-profesorado-de-los-centros-educativos\/","url_meta":{"origin":3303,"position":3},"title":"1\u00aa edici\u00f3n de la convocatoria de 2019 de cursos en red del INTEF para el profesorado de los centros educativos.","author":"V\u00edctor Caballero","date":"17 enero, 2019","format":false,"excerpt":"C\u00f3mo sab\u00e9is una de las modalidades formativas m\u00e1s interesantes es la formaci\u00f3n on-line. En este sentido, adem\u00e1s del Aula Virtual de Formaci\u00f3n del Profesorado de la Junta de Andaluc\u00eda, tenemos la opci\u00f3n de inscribirnos en los cursos ofertados por el INTEF. El plazo de inscripci\u00f3n finalizar\u00e1 el 28 de enero.\u2026","rel":"","context":"En \u00abFormaciones\u00bb","block_context":{"text":"Formaciones","link":"https:\/\/cepronda.com\/blog\/category\/formaciones\/"},"img":{"alt_text":"","src":"","width":0,"height":0},"classes":[]},{"id":1515,"url":"https:\/\/cepronda.com\/blog\/cursos-a-distancia-ofertados-por-el-intef\/","url_meta":{"origin":3303,"position":4},"title":"Cursos a distancia ofertados por el INTEF","author":"V\u00edctor Caballero","date":"8 enero, 2018","format":false,"excerpt":"\u00a1Hola de nuevo familia! En esta entrada queremos compartir otra oferta formativa a distancia, en esta ocasi\u00f3n a trav\u00e9s del INTEF y el MECD. EL plazo de inscripci\u00f3n tambi\u00e9n se abre ma\u00f1ana, y tambi\u00e9n ten\u00e9is varios cursos interesantes a vuestra disposici\u00f3n.\u00a0 Para acceder a toda la informaci\u00f3n s\u00f3lo ten\u00e9is que\u2026","rel":"","context":"En \u00abFormaciones\u00bb","block_context":{"text":"Formaciones","link":"https:\/\/cepronda.com\/blog\/category\/formaciones\/"},"img":{"alt_text":"","src":"https:\/\/i0.wp.com\/cepronda.com\/blog\/wp-content\/uploads\/2018\/01\/notebook-2560953_640.jpg?fit=640%2C426&ssl=1&resize=350%2C200","width":350,"height":200,"srcset":"https:\/\/i0.wp.com\/cepronda.com\/blog\/wp-content\/uploads\/2018\/01\/notebook-2560953_640.jpg?fit=640%2C426&ssl=1&resize=350%2C200 1x, https:\/\/i0.wp.com\/cepronda.com\/blog\/wp-content\/uploads\/2018\/01\/notebook-2560953_640.jpg?fit=640%2C426&ssl=1&resize=525%2C300 1.5x"},"classes":[]},{"id":1389,"url":"https:\/\/cepronda.com\/blog\/oferta-formativa-aprendeintef\/","url_meta":{"origin":3303,"position":5},"title":"Oferta formativa AprendeINTEF","author":"V\u00edctor Caballero","date":"2 noviembre, 2017","format":false,"excerpt":"Adem\u00e1s de nuestros cursos de formaci\u00f3n presenciales y en l\u00ednea, como profesorado tenemos multitud de opciones de formarnos on-line. Una de las opciones es a trav\u00e9s de los cursos que nos oferta el INTEF a trav\u00e9s de su plataforma Educalab.\u00a0 Os dejamos con el enlace a la web donde podr\u00e9is\u2026","rel":"","context":"En \u00abNoticias\u00bb","block_context":{"text":"Noticias","link":"https:\/\/cepronda.com\/blog\/category\/noticias\/"},"img":{"alt_text":"","src":"https:\/\/i0.wp.com\/cepronda.com\/blog\/wp-content\/uploads\/2016\/09\/intef.png?resize=350%2C200","width":350,"height":200},"classes":[]}],"jetpack_sharing_enabled":true,"_links":{"self":[{"href":"https:\/\/cepronda.com\/blog\/wp-json\/wp\/v2\/posts\/3303","targetHints":{"allow":["GET"]}}],"collection":[{"href":"https:\/\/cepronda.com\/blog\/wp-json\/wp\/v2\/posts"}],"about":[{"href":"https:\/\/cepronda.com\/blog\/wp-json\/wp\/v2\/types\/post"}],"author":[{"embeddable":true,"href":"https:\/\/cepronda.com\/blog\/wp-json\/wp\/v2\/users\/3"}],"replies":[{"embeddable":true,"href":"https:\/\/cepronda.com\/blog\/wp-json\/wp\/v2\/comments?post=3303"}],"version-history":[{"count":1,"href":"https:\/\/cepronda.com\/blog\/wp-json\/wp\/v2\/posts\/3303\/revisions"}],"predecessor-version":[{"id":3304,"href":"https:\/\/cepronda.com\/blog\/wp-json\/wp\/v2\/posts\/3303\/revisions\/3304"}],"wp:featuredmedia":[{"embeddable":true,"href":"https:\/\/cepronda.com\/blog\/wp-json\/wp\/v2\/media\/1059"}],"wp:attachment":[{"href":"https:\/\/cepronda.com\/blog\/wp-json\/wp\/v2\/media?parent=3303"}],"wp:term":[{"taxonomy":"category","embeddable":true,"href":"https:\/\/cepronda.com\/blog\/wp-json\/wp\/v2\/categories?post=3303"},{"taxonomy":"post_tag","embeddable":true,"href":"https:\/\/cepronda.com\/blog\/wp-json\/wp\/v2\/tags?post=3303"}],"curies":[{"name":"wp","href":"https:\/\/api.w.org\/{rel}","templated":true}]}}