{"id":3298,"date":"2020-01-09T09:31:29","date_gmt":"2020-01-09T08:31:29","guid":{"rendered":"http:\/\/cepronda.com\/blog\/?p=3298"},"modified":"2020-01-09T09:31:37","modified_gmt":"2020-01-09T08:31:37","slug":"formacion-destinada-a-jueces-y-juezas-de-debate","status":"publish","type":"post","link":"https:\/\/cepronda.com\/blog\/formacion-destinada-a-jueces-y-juezas-de-debate\/","title":{"rendered":"FORMACI\u00d3N DESTINADA A JUECES Y JUEZAS DE DEBATE"},"content":{"rendered":"\n<p class=\"wp-block-paragraph\">Muy buenos d\u00edas,<\/p>\n\n\n\n<p class=\"wp-block-paragraph\">Os trasladamos esta informaci\u00f3n a nivel provincial para todas aquellas personas que est\u00e9n interesadas en formarse para ser jueces y juezas en los torneos de debate. <\/p>\n\n\n\n<p class=\"wp-block-paragraph\">Desde hoy, pod\u00e9is inscribiros en el curso sobre debate educativo que&nbsp; os enlazo m\u00e1s abajo y que est\u00e1 organizado por el CEP Marbella-Co\u00edn, <strong>FORMACI\u00d3N DESTINADA A JUECES Y JUEZAS DE DEBATE con c\u00f3digo 209923LIN003<\/strong><\/p>\n\n\n\n<p class=\"wp-block-paragraph\">Dado su car\u00e1cter provincial, lo realizaremos <strong>en las instalaciones del CEP de M\u00c1LAGA el pr\u00f3ximo 29 de enero de 2020 de 16:30 a 20:30 horas.<\/strong> Su objetivo es la capacitaci\u00f3n con criterios homologados de jueces de debate escolar, adem\u00e1s de dar herramientas para la integraci\u00f3n curricular y formativa de la oralidad en las aulas andaluzas.<\/p>\n\n\n\n<p class=\"wp-block-paragraph\">Lo impartir\u00e1 el profesor Daniel Quijano Ramos, como experto e impulsor del debate educativo en M\u00e1laga.&nbsp;<\/p>\n\n\n\n<p class=\"wp-block-paragraph\">Independientemente de asistir o no a torneos con un equipo de escolares, ahora tienes una oportunidad \u00fanica para realizar esta actividad formativa y aprender con nosotros sobre debate. En esta actividad nos centramos en la evaluaci\u00f3n de las intervenciones y en la evaluaci\u00f3n formativa y retroalimentaci\u00f3n para el desarrollo de las competencias comunicativas del alumnado. Aquellos interesados que no certifiquen la actividad por no pertenecer a la red de centros p\u00fablicos o concertados de la Consejer\u00eda pueden participar como oyentes, si las plazas lo permiten.<\/p>\n\n\n\n<p class=\"wp-block-paragraph\">Se dar\u00e1 informaci\u00f3n de gran relevancia para participar en el torneo, por lo que es muy aconsejable la asistencia al curso. Todos los participantes contar\u00e9is, adem\u00e1s de la con la certificaci\u00f3n correspondiente de nuestro CEP, con un nombramiento de la persona titular de la Consejer\u00eda de Educaci\u00f3n y Deporte de la Delegaci\u00f3n Territorial en M\u00e1laga.<\/p>\n\n\n\n<p class=\"wp-block-paragraph\">Puedes difundir este correo entre aquellos contactos con inter\u00e9s por la lengua oral, la deliberaci\u00f3n y el debate educativo<\/p>\n\n\n\n<p class=\"wp-block-paragraph\"><strong><a href=\"https:\/\/www.juntadeandalucia.es\/educacion\/secretariavirtual\/consultaCEP\/actividad\/209923LIN00\" target=\"_blank\" rel=\"noreferrer noopener\" aria-label=\"INSCRIPCI\u00d3N OFICIAL EN EL CURSO DE CAR\u00c1CTER PROVINCIAL (abre en una nueva pesta\u00f1a)\">INSCRIPCI\u00d3N OFICIAL EN EL CURSO DE CAR\u00c1CTER PROVINCIAL<\/a><\/strong><\/p>\n\n\n\n<div class=\"wp-block-image\"><figure class=\"aligncenter size-large\"><a href=\"https:\/\/www.juntadeandalucia.es\/educacion\/secretariavirtual\/consultaCEP\/actividad\/209923LIN00\" target=\"_blank\" rel=\"noopener noreferrer\"><img data-recalc-dims=\"1\" loading=\"lazy\" decoding=\"async\" width=\"400\" height=\"566\" src=\"https:\/\/i0.wp.com\/cepronda.com\/blog\/wp-content\/uploads\/2020\/01\/image.png?resize=400%2C566\" alt=\"209923LIN003 Cartel.jpg\" class=\"wp-image-3300\" srcset=\"https:\/\/i0.wp.com\/cepronda.com\/blog\/wp-content\/uploads\/2020\/01\/image.png?w=400&amp;ssl=1 400w, https:\/\/i0.wp.com\/cepronda.com\/blog\/wp-content\/uploads\/2020\/01\/image.png?resize=212%2C300&amp;ssl=1 212w\" sizes=\"auto, (max-width: 400px) 100vw, 400px\" \/><\/a><\/figure><\/div>\n","protected":false},"excerpt":{"rendered":"<p>Muy buenos d\u00edas, Os trasladamos esta informaci\u00f3n a nivel provincial para todas aquellas personas que est\u00e9n interesadas en formarse para ser jueces y juezas en los torneos de debate. Desde hoy, pod\u00e9is inscribiros en el curso sobre debate educativo que&nbsp; os enlazo m\u00e1s abajo y que est\u00e1 organizado por el CEP Marbella-Co\u00edn, FORMACI\u00d3N DESTINADA A [&hellip;]<\/p>\n","protected":false},"author":3,"featured_media":3300,"comment_status":"open","ping_status":"open","sticky":false,"template":"","format":"standard","meta":{"_crdt_document":"","advanced_seo_description":"","jetpack_seo_html_title":"","jetpack_seo_noindex":false,"jetpack_post_was_ever_published":false,"_jetpack_newsletter_access":"","_jetpack_dont_email_post_to_subs":false,"_jetpack_newsletter_tier_id":0,"_jetpack_memberships_contains_paywalled_content":false,"_jetpack_memberships_contains_paid_content":false,"footnotes":"","jetpack_publicize_message":"","jetpack_publicize_feature_enabled":true,"jetpack_social_post_already_shared":true,"jetpack_social_options":{"image_generator_settings":{"template":"highway","default_image_id":0,"font":"","enabled":false},"version":2}},"categories":[3],"tags":[154],"class_list":{"0":"post-3298","1":"post","2":"type-post","3":"status-publish","4":"format-standard","5":"has-post-thumbnail","7":"category-formaciones","8":"tag-debate","9":"czr-hentry"},"jetpack_publicize_connections":[],"jetpack_featured_media_url":"https:\/\/i0.wp.com\/cepronda.com\/blog\/wp-content\/uploads\/2020\/01\/image.png?fit=400%2C566&ssl=1","jetpack_shortlink":"https:\/\/wp.me\/p8M4X7-Rc","jetpack-related-posts":[{"id":3062,"url":"https:\/\/cepronda.com\/blog\/ii-torneo-de-debate-educativo-de-andalucia\/","url_meta":{"origin":3298,"position":0},"title":"II Torneo de Debate Educativo de Andaluc\u00eda","author":"V\u00edctor Caballero","date":"30 septiembre, 2019","format":false,"excerpt":"Muy buenas familia, Comenzamos esta semana calurosa con vosotros compartiendo esta informaci\u00f3n que creemos os puede resultar interesante. Se convoca el II Torneo de Debate Educativo de Andaluc\u00eda y sus fases correspondientes, de centros docentes, provincial y auton\u00f3mica para el curso 2019\/2020. El Torneo se concibe como un foro de\u2026","rel":"","context":"En \u00abFormaciones\u00bb","block_context":{"text":"Formaciones","link":"https:\/\/cepronda.com\/blog\/category\/formaciones\/"},"img":{"alt_text":"","src":"https:\/\/i0.wp.com\/cepronda.com\/blog\/wp-content\/uploads\/2019\/09\/man-2814937_1920-1.jpg?fit=1200%2C526&ssl=1&resize=350%2C200","width":350,"height":200,"srcset":"https:\/\/i0.wp.com\/cepronda.com\/blog\/wp-content\/uploads\/2019\/09\/man-2814937_1920-1.jpg?fit=1200%2C526&ssl=1&resize=350%2C200 1x, https:\/\/i0.wp.com\/cepronda.com\/blog\/wp-content\/uploads\/2019\/09\/man-2814937_1920-1.jpg?fit=1200%2C526&ssl=1&resize=525%2C300 1.5x, https:\/\/i0.wp.com\/cepronda.com\/blog\/wp-content\/uploads\/2019\/09\/man-2814937_1920-1.jpg?fit=1200%2C526&ssl=1&resize=700%2C400 2x, https:\/\/i0.wp.com\/cepronda.com\/blog\/wp-content\/uploads\/2019\/09\/man-2814937_1920-1.jpg?fit=1200%2C526&ssl=1&resize=1050%2C600 3x"},"classes":[]},{"id":2599,"url":"https:\/\/cepronda.com\/blog\/debates-escolares-principios-y-evaluacion\/","url_meta":{"origin":3298,"position":1},"title":"DEBATES ESCOLARES: PRINCIPIOS Y EVALUACI\u00d3N","author":"V\u00edctor Caballero","date":"18 enero, 2019","format":false,"excerpt":"\u00a1Hola familia! Desde el CEP de Marbella-Co\u00edn nos piden que demos difusi\u00f3n entre nuestros centros de esta actividad sobre debates escolares. Estamos ante una actividad destinada al profesorado interesado en una evaluaci\u00f3n formativa de las todas las destrezas orales implicadas en el en el debate escolar y acad\u00e9mico. El profesorado\u2026","rel":"","context":"En \u00abFormaciones\u00bb","block_context":{"text":"Formaciones","link":"https:\/\/cepronda.com\/blog\/category\/formaciones\/"},"img":{"alt_text":"","src":"https:\/\/i0.wp.com\/cepronda.com\/blog\/wp-content\/uploads\/2019\/01\/man-2814937_1920.jpg?fit=1200%2C526&ssl=1&resize=350%2C200","width":350,"height":200,"srcset":"https:\/\/i0.wp.com\/cepronda.com\/blog\/wp-content\/uploads\/2019\/01\/man-2814937_1920.jpg?fit=1200%2C526&ssl=1&resize=350%2C200 1x, https:\/\/i0.wp.com\/cepronda.com\/blog\/wp-content\/uploads\/2019\/01\/man-2814937_1920.jpg?fit=1200%2C526&ssl=1&resize=525%2C300 1.5x, https:\/\/i0.wp.com\/cepronda.com\/blog\/wp-content\/uploads\/2019\/01\/man-2814937_1920.jpg?fit=1200%2C526&ssl=1&resize=700%2C400 2x, https:\/\/i0.wp.com\/cepronda.com\/blog\/wp-content\/uploads\/2019\/01\/man-2814937_1920.jpg?fit=1200%2C526&ssl=1&resize=1050%2C600 3x"},"classes":[]},{"id":9182,"url":"https:\/\/cepronda.com\/blog\/curso-formacion-en-debate-academico-jurados-curso-25-26\/","url_meta":{"origin":3298,"position":2},"title":"CURSO FORMACI\u00d3N EN DEBATE ACAD\u00c9MICO: JURADOS. CURSO 25-26","author":"Encarni Jim\u00e9nez Rosado","date":"13 enero, 2026","format":false,"excerpt":"Abierto el plazo de inscripci\u00f3n para el curso \"FORMACI\u00d3N EN DEBATE ACAD\u00c9MICO: JURADOS. CURSO 25-26\" Dirigido a: Profesorado de Educaci\u00f3n Secundaria Obligatoria, Bachillerato, FP de Grado Medio. Inscripci\u00f3n: desde 13\/01\/2026 a 23\/01\/2026 Actividad: 27\/01\/2026 a 27\/02\/2026 Duraci\u00f3n: 12 horas (9 presenciales + 3 no presenciales) Lugar: Webex (de 16:00 a\u2026","rel":"","context":"En \u00abNoticias\u00bb","block_context":{"text":"Noticias","link":"https:\/\/cepronda.com\/blog\/category\/noticias\/"},"img":{"alt_text":"","src":"","width":0,"height":0},"classes":[]},{"id":4793,"url":"https:\/\/cepronda.com\/blog\/iii-torneo-de-debate-educativo-de-andalucia\/","url_meta":{"origin":3298,"position":3},"title":"III TORNEO DE DEBATE EDUCATIVO DE ANDALUC\u00cdA","author":"Maribel Mu\u00f1oz","date":"21 octubre, 2021","format":false,"excerpt":"Buenos d\u00edas compa\u00f1eras y compa\u00f1eros, Os informamos que se ha publicado la\u00a0 convocatoria del\u00a0 III Torneo de Debate Educativo de Andaluc\u00eda. El plazo\u00a0de inscripci\u00f3n est\u00e1 abierto hasta el 29 de octubre inclusive. Para poder participar en este III Torneo de Debate Educativo, los centros docentes de Andaluc\u00eda que imparten Ense\u00f1anza\u2026","rel":"","context":"En \u00abFormaciones\u00bb","block_context":{"text":"Formaciones","link":"https:\/\/cepronda.com\/blog\/category\/formaciones\/"},"img":{"alt_text":"","src":"https:\/\/i0.wp.com\/cepronda.com\/blog\/wp-content\/uploads\/2020\/03\/S%C2%B0mbolo-gen%C3%87rico-RRSS-redondo-negativo.png?fit=1200%2C1200&ssl=1&resize=350%2C200","width":350,"height":200,"srcset":"https:\/\/i0.wp.com\/cepronda.com\/blog\/wp-content\/uploads\/2020\/03\/S%C2%B0mbolo-gen%C3%87rico-RRSS-redondo-negativo.png?fit=1200%2C1200&ssl=1&resize=350%2C200 1x, https:\/\/i0.wp.com\/cepronda.com\/blog\/wp-content\/uploads\/2020\/03\/S%C2%B0mbolo-gen%C3%87rico-RRSS-redondo-negativo.png?fit=1200%2C1200&ssl=1&resize=525%2C300 1.5x, https:\/\/i0.wp.com\/cepronda.com\/blog\/wp-content\/uploads\/2020\/03\/S%C2%B0mbolo-gen%C3%87rico-RRSS-redondo-negativo.png?fit=1200%2C1200&ssl=1&resize=700%2C400 2x, https:\/\/i0.wp.com\/cepronda.com\/blog\/wp-content\/uploads\/2020\/03\/S%C2%B0mbolo-gen%C3%87rico-RRSS-redondo-negativo.png?fit=1200%2C1200&ssl=1&resize=1050%2C600 3x"},"classes":[]},{"id":7950,"url":"https:\/\/cepronda.com\/blog\/actividad-regional-formacion-en-debate-academico-jurados-curso-24-25-con-codigo-259922in007\/","url_meta":{"origin":3298,"position":4},"title":"ACTIVIDAD REGIONAL: FORMACI\u00d3N EN DEBATE ACAD\u00c9MICO: JURADOS. CURSO 24-25, con c\u00f3digo 259922IN007.","author":"Inmaculada Garc\u00eda","date":"17 diciembre, 2024","format":false,"excerpt":"Se encuentra abierto el plazo de inscripci\u00f3n en la ACTIVIDAD REGIONAL: FORMACI\u00d3N EN DEBATE ACAD\u00c9MICO: JURADOS. CURSO 24-25, con c\u00f3digo 259922IN007. \u270f\ufe0fPlazo de inscripci\u00f3n:17\/12\/2024-14\/01\/2025 Fecha de actividad: 21\/01\/2025-14\/02\/2025. Sesiones presenciales online (Webex): 21 y 28 de enero, 4 de febrero en horario de tarde. \u23f3Duraci\u00f3n: 12 horas (9 horas presenciales\u2026","rel":"","context":"En \u00abFormaciones\u00bb","block_context":{"text":"Formaciones","link":"https:\/\/cepronda.com\/blog\/category\/formaciones\/"},"img":{"alt_text":"","src":"https:\/\/i0.wp.com\/cepronda.com\/blog\/wp-content\/uploads\/2024\/12\/WhatsApp-Image-2024-12-17-at-11.11.56.jpeg?fit=1080%2C1080&ssl=1&resize=350%2C200","width":350,"height":200,"srcset":"https:\/\/i0.wp.com\/cepronda.com\/blog\/wp-content\/uploads\/2024\/12\/WhatsApp-Image-2024-12-17-at-11.11.56.jpeg?fit=1080%2C1080&ssl=1&resize=350%2C200 1x, https:\/\/i0.wp.com\/cepronda.com\/blog\/wp-content\/uploads\/2024\/12\/WhatsApp-Image-2024-12-17-at-11.11.56.jpeg?fit=1080%2C1080&ssl=1&resize=525%2C300 1.5x, https:\/\/i0.wp.com\/cepronda.com\/blog\/wp-content\/uploads\/2024\/12\/WhatsApp-Image-2024-12-17-at-11.11.56.jpeg?fit=1080%2C1080&ssl=1&resize=700%2C400 2x, https:\/\/i0.wp.com\/cepronda.com\/blog\/wp-content\/uploads\/2024\/12\/WhatsApp-Image-2024-12-17-at-11.11.56.jpeg?fit=1080%2C1080&ssl=1&resize=1050%2C600 3x"},"classes":[]},{"id":3143,"url":"https:\/\/cepronda.com\/blog\/el-debate-como-herramienta-curricular\/","url_meta":{"origin":3298,"position":5},"title":"EL DEBATE COMO HERRAMIENTA CURRICULAR","author":"V\u00edctor Caballero","date":"15 noviembre, 2019","format":false,"excerpt":"Buenas famlia, Cerramos la semana informando de esta actividad que creemos puede ser muy interesante. Los objetivos de esta formaci\u00f3n son: . Facilitar al profesorado las estrategias necesarias para utilizar el debate como recurso did\u00e1ctico. \u00b7 Promover el debate acad\u00e9mico en la ense\u00f1anza de los contenidos curriculares de las diferentes\u2026","rel":"","context":"En \u00abFormaciones\u00bb","block_context":{"text":"Formaciones","link":"https:\/\/cepronda.com\/blog\/category\/formaciones\/"},"img":{"alt_text":"","src":"https:\/\/i0.wp.com\/cepronda.com\/blog\/wp-content\/uploads\/2019\/11\/20191125-El-debate-como-herramienta-curricular.png?fit=848%2C1200&ssl=1&resize=350%2C200","width":350,"height":200,"srcset":"https:\/\/i0.wp.com\/cepronda.com\/blog\/wp-content\/uploads\/2019\/11\/20191125-El-debate-como-herramienta-curricular.png?fit=848%2C1200&ssl=1&resize=350%2C200 1x, https:\/\/i0.wp.com\/cepronda.com\/blog\/wp-content\/uploads\/2019\/11\/20191125-El-debate-como-herramienta-curricular.png?fit=848%2C1200&ssl=1&resize=525%2C300 1.5x, https:\/\/i0.wp.com\/cepronda.com\/blog\/wp-content\/uploads\/2019\/11\/20191125-El-debate-como-herramienta-curricular.png?fit=848%2C1200&ssl=1&resize=700%2C400 2x"},"classes":[]}],"jetpack_sharing_enabled":true,"_links":{"self":[{"href":"https:\/\/cepronda.com\/blog\/wp-json\/wp\/v2\/posts\/3298","targetHints":{"allow":["GET"]}}],"collection":[{"href":"https:\/\/cepronda.com\/blog\/wp-json\/wp\/v2\/posts"}],"about":[{"href":"https:\/\/cepronda.com\/blog\/wp-json\/wp\/v2\/types\/post"}],"author":[{"embeddable":true,"href":"https:\/\/cepronda.com\/blog\/wp-json\/wp\/v2\/users\/3"}],"replies":[{"embeddable":true,"href":"https:\/\/cepronda.com\/blog\/wp-json\/wp\/v2\/comments?post=3298"}],"version-history":[{"count":1,"href":"https:\/\/cepronda.com\/blog\/wp-json\/wp\/v2\/posts\/3298\/revisions"}],"predecessor-version":[{"id":3302,"href":"https:\/\/cepronda.com\/blog\/wp-json\/wp\/v2\/posts\/3298\/revisions\/3302"}],"wp:featuredmedia":[{"embeddable":true,"href":"https:\/\/cepronda.com\/blog\/wp-json\/wp\/v2\/media\/3300"}],"wp:attachment":[{"href":"https:\/\/cepronda.com\/blog\/wp-json\/wp\/v2\/media?parent=3298"}],"wp:term":[{"taxonomy":"category","embeddable":true,"href":"https:\/\/cepronda.com\/blog\/wp-json\/wp\/v2\/categories?post=3298"},{"taxonomy":"post_tag","embeddable":true,"href":"https:\/\/cepronda.com\/blog\/wp-json\/wp\/v2\/tags?post=3298"}],"curies":[{"name":"wp","href":"https:\/\/api.w.org\/{rel}","templated":true}]}}