{"id":3296,"date":"2020-01-08T13:28:33","date_gmt":"2020-01-08T12:28:33","guid":{"rendered":"http:\/\/cepronda.com\/blog\/?p=3296"},"modified":"2020-01-08T13:28:39","modified_gmt":"2020-01-08T12:28:39","slug":"actualizacion-didactica-en-el-area-de-educacion-fisica-2","status":"publish","type":"post","link":"https:\/\/cepronda.com\/blog\/actualizacion-didactica-en-el-area-de-educacion-fisica-2\/","title":{"rendered":"ACTUALIZACI\u00d3N DID\u00c1CTICA EN EL \u00c1REA DE EDUCACI\u00d3N F\u00cdSICA"},"content":{"rendered":"\n<p class=\"wp-block-paragraph\">\u00a1Hola de nuevo!<\/p>\n\n\n\n<p class=\"wp-block-paragraph\">Os recordamos que sigue abierto el plazo de inscripci\u00f3n hasta el 20 de enero de 2020 para esta formaci\u00f3n destinada a todas las personas especialistas de Educaci\u00f3n F\u00edsica. Os dejamos con el <a rel=\"noreferrer noopener\" aria-label=\"enlace a la actividad. (opens in a new tab)\" href=\"https:\/\/www.juntadeandalucia.es\/educacion\/secretariavirtual\/consultaCEP\/actividad\/202924GE040\/\" target=\"_blank\">enlace a la actividad.<\/a> <\/p>\n\n\n\n<p class=\"wp-block-paragraph\">Es una actividad formativa a propuesta de un Grupo de Trabajo con posibilidad de formaci\u00f3n al profesorado de la especialidad de Educaci\u00f3n F\u00edsica en general. Se har\u00e1 una formaci\u00f3n sobre actualizaci\u00f3n did\u00e1ctica de la Educaci\u00f3n F\u00edsica en varios m\u00f3dulos consistentes en :<\/p>\n\n\n\n<p class=\"wp-block-paragraph\">&#8211; Iniciaci\u00f3n al Judo <\/p>\n\n\n\n<p class=\"wp-block-paragraph\">&#8211; Otros deportes de lucha y artes marciales. <\/p>\n\n\n\n<p class=\"wp-block-paragraph\">&#8211; Din\u00e1micas pr\u00e1cticas sobre organizaci\u00f3n de una sesi\u00f3n <\/p>\n\n\n\n<p class=\"wp-block-paragraph\">&#8211; Planteamientos pr\u00e1cticos sobre aprendizaje basado en juegos y gamificaci\u00f3n.<\/p>\n\n\n\n<figure class=\"wp-block-image size-large\"><a href=\"https:\/\/www.juntadeandalucia.es\/educacion\/secretariavirtual\/consultaCEP\/actividad\/202924GE040\/\" target=\"_blank\" rel=\"noreferrer noopener\"><img loading=\"lazy\" decoding=\"async\" width=\"1414\" height=\"2000\" src=\"https:\/\/i1.wp.com\/cepronda.com\/blog\/wp-content\/uploads\/2019\/12\/actualizaci\u00f3n-did\u00e1ctica-EF.jpeg?fit=724%2C1024\" alt=\"\" class=\"wp-image-3239\" srcset=\"https:\/\/i0.wp.com\/cepronda.com\/blog\/wp-content\/uploads\/2019\/12\/actualizaci%C3%B3n-did%C3%A1ctica-EF.jpeg?w=1414&amp;ssl=1 1414w, https:\/\/i0.wp.com\/cepronda.com\/blog\/wp-content\/uploads\/2019\/12\/actualizaci%C3%B3n-did%C3%A1ctica-EF.jpeg?resize=212%2C300&amp;ssl=1 212w, https:\/\/i0.wp.com\/cepronda.com\/blog\/wp-content\/uploads\/2019\/12\/actualizaci%C3%B3n-did%C3%A1ctica-EF.jpeg?resize=724%2C1024&amp;ssl=1 724w, https:\/\/i0.wp.com\/cepronda.com\/blog\/wp-content\/uploads\/2019\/12\/actualizaci%C3%B3n-did%C3%A1ctica-EF.jpeg?resize=768%2C1086&amp;ssl=1 768w, https:\/\/i0.wp.com\/cepronda.com\/blog\/wp-content\/uploads\/2019\/12\/actualizaci%C3%B3n-did%C3%A1ctica-EF.jpeg?resize=1086%2C1536&amp;ssl=1 1086w\" sizes=\"auto, (max-width: 1170px) 100vw, 1170px\" \/><\/a><\/figure>\n","protected":false},"excerpt":{"rendered":"<p>\u00a1Hola de nuevo! Os recordamos que sigue abierto el plazo de inscripci\u00f3n hasta el 20 de enero de 2020 para esta formaci\u00f3n destinada a todas las personas especialistas de Educaci\u00f3n F\u00edsica. Os dejamos con el enlace a la actividad. Es una actividad formativa a propuesta de un Grupo de Trabajo con posibilidad de formaci\u00f3n al [&hellip;]<\/p>\n","protected":false},"author":3,"featured_media":0,"comment_status":"open","ping_status":"open","sticky":false,"template":"","format":"standard","meta":{"_crdt_document":"","advanced_seo_description":"","jetpack_seo_html_title":"","jetpack_seo_noindex":false,"jetpack_post_was_ever_published":false,"_jetpack_newsletter_access":"","_jetpack_dont_email_post_to_subs":false,"_jetpack_newsletter_tier_id":0,"_jetpack_memberships_contains_paywalled_content":false,"_jetpack_memberships_contains_paid_content":false,"footnotes":"","jetpack_publicize_message":"","jetpack_publicize_feature_enabled":true,"jetpack_social_post_already_shared":true,"jetpack_social_options":{"image_generator_settings":{"template":"highway","default_image_id":0,"font":"","enabled":false},"version":2}},"categories":[3],"tags":[],"class_list":{"0":"post-3296","1":"post","2":"type-post","3":"status-publish","4":"format-standard","6":"category-formaciones","7":"czr-hentry"},"jetpack_publicize_connections":[],"jetpack_featured_media_url":"","jetpack_shortlink":"https:\/\/wp.me\/p8M4X7-Ra","jetpack-related-posts":[{"id":7500,"url":"https:\/\/cepronda.com\/blog\/nuevas-tendencias-en-clases-de-educacion-fisica-salud-corporal\/","url_meta":{"origin":3296,"position":0},"title":"NUEVAS TENDENCIAS EN CLASES DE EDUCACI\u00d3N F\u00cdSICA. SALUD CORPORAL","author":"V\u00edctor Caballero","date":"6 marzo, 2024","format":false,"excerpt":"Se encuentra abierto el plazo de inscripci\u00f3n para la formaci\u00f3n \u201cNUEVAS TENDENCIAS EN CLASES DE EDUCACI\u00d3N F\u00cdSICA. SALUD CORPORAL.\" C\u00d3DIGO 242924GE052. Duraci\u00f3n de la actividad 15 horas presenciales. Fecha actividad: X3 y X10 abril (17 a 19:30h): Pickleball (Antonio Casquero) X17 y X24 abril (17 a 19:30h): Tchoukball (Roc\u00edo Carro\u2026","rel":"","context":"En \u00abFormaciones\u00bb","block_context":{"text":"Formaciones","link":"https:\/\/cepronda.com\/blog\/category\/formaciones\/"},"img":{"alt_text":"","src":"https:\/\/i0.wp.com\/cepronda.com\/blog\/wp-content\/uploads\/2024\/03\/242924GE052-CARTEL-Nuevas-tendencias-EF.png?fit=1080%2C1080&ssl=1&resize=350%2C200","width":350,"height":200,"srcset":"https:\/\/i0.wp.com\/cepronda.com\/blog\/wp-content\/uploads\/2024\/03\/242924GE052-CARTEL-Nuevas-tendencias-EF.png?fit=1080%2C1080&ssl=1&resize=350%2C200 1x, https:\/\/i0.wp.com\/cepronda.com\/blog\/wp-content\/uploads\/2024\/03\/242924GE052-CARTEL-Nuevas-tendencias-EF.png?fit=1080%2C1080&ssl=1&resize=525%2C300 1.5x, https:\/\/i0.wp.com\/cepronda.com\/blog\/wp-content\/uploads\/2024\/03\/242924GE052-CARTEL-Nuevas-tendencias-EF.png?fit=1080%2C1080&ssl=1&resize=700%2C400 2x, https:\/\/i0.wp.com\/cepronda.com\/blog\/wp-content\/uploads\/2024\/03\/242924GE052-CARTEL-Nuevas-tendencias-EF.png?fit=1080%2C1080&ssl=1&resize=1050%2C600 3x"},"classes":[]},{"id":8430,"url":"https:\/\/cepronda.com\/blog\/vii-jornadas-provinciales-de-educacion-fisica\/","url_meta":{"origin":3296,"position":1},"title":"VII JORNADAS PROVINCIALES DE EDUCACI\u00d3N F\u00cdSICA. MODELOS PEDAG\u00d3GICOS","author":"V\u00edctor Caballero","date":"1 abril, 2025","format":false,"excerpt":"Se abre el plazo de inscripci\u00f3n para las \"VII JORNADAS PROVINCIALES DE EDUCACI\u00d3N F\u00cdSICA (#EFIMA25): MODELOS PEDAG\u00d3GICOS EN EDUCACI\u00d3N F\u00cdSICA\" Dirigida al profesorado de Educaci\u00f3n F\u00edsica de la provincia de M\u00e1laga. Las fechas de realizaci\u00f3n:\u00a014 y 15 de mayo de 2025 Lugar: CEULAJ de Mollina. Fechas de inscripci\u00f3n: desde el\u2026","rel":"","context":"En \u00abFormaciones\u00bb","block_context":{"text":"Formaciones","link":"https:\/\/cepronda.com\/blog\/category\/formaciones\/"},"img":{"alt_text":"","src":"https:\/\/i0.wp.com\/cepronda.com\/blog\/wp-content\/uploads\/2025\/04\/Captura-de-pantalla-2025-04-01-a-las-12.27.42.png?fit=716%2C1009&ssl=1&resize=350%2C200","width":350,"height":200,"srcset":"https:\/\/i0.wp.com\/cepronda.com\/blog\/wp-content\/uploads\/2025\/04\/Captura-de-pantalla-2025-04-01-a-las-12.27.42.png?fit=716%2C1009&ssl=1&resize=350%2C200 1x, https:\/\/i0.wp.com\/cepronda.com\/blog\/wp-content\/uploads\/2025\/04\/Captura-de-pantalla-2025-04-01-a-las-12.27.42.png?fit=716%2C1009&ssl=1&resize=525%2C300 1.5x, https:\/\/i0.wp.com\/cepronda.com\/blog\/wp-content\/uploads\/2025\/04\/Captura-de-pantalla-2025-04-01-a-las-12.27.42.png?fit=716%2C1009&ssl=1&resize=700%2C400 2x"},"classes":[]},{"id":2560,"url":"https:\/\/cepronda.com\/blog\/parkour-en-el-area-de-educacion-fisica\/","url_meta":{"origin":3296,"position":2},"title":"PARKOUR EN EL \u00c1REA DE EDUCACI\u00d3N F\u00cdSICA","author":"V\u00edctor Caballero","date":"8 enero, 2019","format":false,"excerpt":"Hola de nuevo, En este caso queremos contaros esta actividad dirigida al profesorado de Educaci\u00f3n F\u00edsica, aunque tendr\u00e1 preferencia el profesorado integrante del Grupo de Trabajo \"Innovar en Educaci\u00f3n F\u00edsica 3.0\". Os animamos a participar en la misma, ya que el Parkour supone una herramienta muy interesante a usar en\u2026","rel":"","context":"En \u00abFormaciones\u00bb","block_context":{"text":"Formaciones","link":"https:\/\/cepronda.com\/blog\/category\/formaciones\/"},"img":{"alt_text":"","src":"https:\/\/i0.wp.com\/cepronda.com\/blog\/wp-content\/uploads\/2019\/01\/disintegration-1819860_1920.jpg?fit=1200%2C797&ssl=1&resize=350%2C200","width":350,"height":200,"srcset":"https:\/\/i0.wp.com\/cepronda.com\/blog\/wp-content\/uploads\/2019\/01\/disintegration-1819860_1920.jpg?fit=1200%2C797&ssl=1&resize=350%2C200 1x, https:\/\/i0.wp.com\/cepronda.com\/blog\/wp-content\/uploads\/2019\/01\/disintegration-1819860_1920.jpg?fit=1200%2C797&ssl=1&resize=525%2C300 1.5x, https:\/\/i0.wp.com\/cepronda.com\/blog\/wp-content\/uploads\/2019\/01\/disintegration-1819860_1920.jpg?fit=1200%2C797&ssl=1&resize=700%2C400 2x, https:\/\/i0.wp.com\/cepronda.com\/blog\/wp-content\/uploads\/2019\/01\/disintegration-1819860_1920.jpg?fit=1200%2C797&ssl=1&resize=1050%2C600 3x"},"classes":[]},{"id":4402,"url":"https:\/\/cepronda.com\/blog\/la-educacion-fisica-una-experiencia-positiva-para-tods-el-estilo-actitudinal\/","url_meta":{"origin":3296,"position":3},"title":"LA EDUCACI\u00d3N F\u00cdSICA, UNA EXPERIENCIA POSITIVA PARA TOD@S. EL ESTILO ACTITUDINAL","author":"V\u00edctor Caballero","date":"12 abril, 2021","format":false,"excerpt":"Estimado\/a compa\u00f1ero\/a Te informamos que se ha abierto el plazo de inscripci\u00f3n al Curso \u201cLA EDUCACI\u00d3N F\u00cdSICA, UNA EXPERIENCIA POSITIVA PARA TOD@S. EL ESTILO ACTITUDINAL\u201d, con c\u00f3digo: 212926EF504. Para m\u00e1s informaci\u00f3n e inscripci\u00f3n pincha en el siguiente enlace: https:\/\/www.juntadeandalucia.es\/educacion\/secretariavirtual\/consultaCEP\/actividad\/212926EF504\/ Comienzo del curso: 04\/05\/2021 Lugar de realizaci\u00f3n: Aula Virtual de Formaci\u00f3n\u2026","rel":"","context":"En \u00abFormaciones\u00bb","block_context":{"text":"Formaciones","link":"https:\/\/cepronda.com\/blog\/category\/formaciones\/"},"img":{"alt_text":"","src":"https:\/\/i0.wp.com\/cepronda.com\/blog\/wp-content\/uploads\/2021\/04\/WhatsApp-Image-2021-04-12-at-13.37.32.jpeg?fit=848%2C1200&ssl=1&resize=350%2C200","width":350,"height":200,"srcset":"https:\/\/i0.wp.com\/cepronda.com\/blog\/wp-content\/uploads\/2021\/04\/WhatsApp-Image-2021-04-12-at-13.37.32.jpeg?fit=848%2C1200&ssl=1&resize=350%2C200 1x, https:\/\/i0.wp.com\/cepronda.com\/blog\/wp-content\/uploads\/2021\/04\/WhatsApp-Image-2021-04-12-at-13.37.32.jpeg?fit=848%2C1200&ssl=1&resize=525%2C300 1.5x, https:\/\/i0.wp.com\/cepronda.com\/blog\/wp-content\/uploads\/2021\/04\/WhatsApp-Image-2021-04-12-at-13.37.32.jpeg?fit=848%2C1200&ssl=1&resize=700%2C400 2x"},"classes":[]},{"id":4128,"url":"https:\/\/cepronda.com\/blog\/danzas-urbanas-en-las-aulas-de-educacion-fisica\/","url_meta":{"origin":3296,"position":4},"title":"DANZAS URBANAS EN LAS AULAS DE EDUCACI\u00d3N F\u00cdSICA","author":"V\u00edctor Caballero","date":"22 enero, 2021","format":false,"excerpt":"Muy buenas, compa\u00f1eros y compa\u00f1eras. Se abre el plazo para participar en la actividad formativa dirigida especialmente para docentes de Educaci\u00f3n F\u00edsica:\u00a0 \" DANZAS URBANAS EN LAS AULAS DE EDUCACI\u00d3N F\u00cdSICA\", con Raquel\u00a0 Montiel como ponente. Esperamos que sea de vuestro inter\u00e9s. Un saludo. Fecha actividad:\u00a009\/02\/2021 hasta 16\/02\/2021 Fecha inscripci\u00f3n:\u00a022\/01\/2021\u2026","rel":"","context":"En \u00abFormaciones\u00bb","block_context":{"text":"Formaciones","link":"https:\/\/cepronda.com\/blog\/category\/formaciones\/"},"img":{"alt_text":"","src":"https:\/\/i0.wp.com\/cepronda.com\/blog\/wp-content\/uploads\/2021\/01\/Danza-urbana.jpg?fit=848%2C1200&ssl=1&resize=350%2C200","width":350,"height":200,"srcset":"https:\/\/i0.wp.com\/cepronda.com\/blog\/wp-content\/uploads\/2021\/01\/Danza-urbana.jpg?fit=848%2C1200&ssl=1&resize=350%2C200 1x, https:\/\/i0.wp.com\/cepronda.com\/blog\/wp-content\/uploads\/2021\/01\/Danza-urbana.jpg?fit=848%2C1200&ssl=1&resize=525%2C300 1.5x, https:\/\/i0.wp.com\/cepronda.com\/blog\/wp-content\/uploads\/2021\/01\/Danza-urbana.jpg?fit=848%2C1200&ssl=1&resize=700%2C400 2x"},"classes":[]},{"id":4238,"url":"https:\/\/cepronda.com\/blog\/programacion-didactica-la-evaluacion-en-fp-iv\/","url_meta":{"origin":3296,"position":5},"title":"PROGRAMACI\u00d3N DID\u00c1CTICA: LA EVALUACI\u00d3N EN FP (IV)","author":"Maribel Mu\u00f1oz","date":"4 marzo, 2021","format":false,"excerpt":"Buenas tardes compa\u00f1eras y compa\u00f1eros, Os informamos que est\u00e1 abiero el plazo de inscripci\u00f3n de la formaci\u00f3n PROGRAMACI\u00d3N DID\u00c1CTICA: LA EVALUACI\u00d3N EN FP (IV)\u00a0 211107FP013\u00a0 desde el martes 2 de marzo a las 10:00 hasta el 12\/03\/2021. La inscripci\u00f3n se cerrar\u00e1 cuando se llegue a las 315 solicitudes, aunque sea\u2026","rel":"","context":"En \u00abFormaciones\u00bb","block_context":{"text":"Formaciones","link":"https:\/\/cepronda.com\/blog\/category\/formaciones\/"},"img":{"alt_text":"","src":"https:\/\/i0.wp.com\/cepronda.com\/blog\/wp-content\/uploads\/2020\/09\/Logo-progamas-de-formacion-oficial.jpg?resize=350%2C200","width":350,"height":200},"classes":[]}],"jetpack_sharing_enabled":true,"_links":{"self":[{"href":"https:\/\/cepronda.com\/blog\/wp-json\/wp\/v2\/posts\/3296","targetHints":{"allow":["GET"]}}],"collection":[{"href":"https:\/\/cepronda.com\/blog\/wp-json\/wp\/v2\/posts"}],"about":[{"href":"https:\/\/cepronda.com\/blog\/wp-json\/wp\/v2\/types\/post"}],"author":[{"embeddable":true,"href":"https:\/\/cepronda.com\/blog\/wp-json\/wp\/v2\/users\/3"}],"replies":[{"embeddable":true,"href":"https:\/\/cepronda.com\/blog\/wp-json\/wp\/v2\/comments?post=3296"}],"version-history":[{"count":1,"href":"https:\/\/cepronda.com\/blog\/wp-json\/wp\/v2\/posts\/3296\/revisions"}],"predecessor-version":[{"id":3297,"href":"https:\/\/cepronda.com\/blog\/wp-json\/wp\/v2\/posts\/3296\/revisions\/3297"}],"wp:attachment":[{"href":"https:\/\/cepronda.com\/blog\/wp-json\/wp\/v2\/media?parent=3296"}],"wp:term":[{"taxonomy":"category","embeddable":true,"href":"https:\/\/cepronda.com\/blog\/wp-json\/wp\/v2\/categories?post=3296"},{"taxonomy":"post_tag","embeddable":true,"href":"https:\/\/cepronda.com\/blog\/wp-json\/wp\/v2\/tags?post=3296"}],"curies":[{"name":"wp","href":"https:\/\/api.w.org\/{rel}","templated":true}]}}