{"id":3285,"date":"2020-01-07T12:33:38","date_gmt":"2020-01-07T11:33:38","guid":{"rendered":"http:\/\/cepronda.com\/blog\/?p=3285"},"modified":"2020-01-07T12:33:46","modified_gmt":"2020-01-07T11:33:46","slug":"educacion-afectivo-sexual-en-nuestros-centros-we-love-educacion-sexual-y-coeducacion","status":"publish","type":"post","link":"https:\/\/cepronda.com\/blog\/educacion-afectivo-sexual-en-nuestros-centros-we-love-educacion-sexual-y-coeducacion\/","title":{"rendered":"EDUCACI\u00d3N AFECTIVO SEXUAL EN NUESTROS CENTROS: WE LOVE EDUCACI\u00d3N SEXUAL Y COEDUCACI\u00d3N"},"content":{"rendered":"\n<p class=\"wp-block-paragraph\">Muy buenas de nuevo,<\/p>\n\n\n\n<p class=\"wp-block-paragraph\">Otro de los cursos que abrimos plazo de inscripci\u00f3n es el dedicado a la educaci\u00f3n afectivo sexual en nuestras aulas. para ello contaremos con una ponente que ya tuvimos el a\u00f1o pasado, y con la que aprendimos much\u00edsimo, Maite Heredia de la Asociaci\u00f3n Apoyo Positivo. El curso consistir\u00e1 en una sesi\u00f3n al mes donde trabajaremos distintos aspectos importantes:<\/p>\n\n\n\n<ul class=\"wp-block-list\"><li> 1 WeLove Educaci\u00f3n sexual I (Salud sexual) <\/li><li>2 WeLove Nuevas Masculinidades <\/li><li>3 WeLove Educaci\u00f3n sexual II (Cuerpos y cuerpas) <\/li><li>4 WeLove Amores Sanos (contra Violencia de G\u00e9nero o Terrorismo machista) <\/li><li>5 WeLove Educaci\u00f3n sexual III (Er\u00f3tica y placeres) <\/li><\/ul>\n\n\n\n<p class=\"wp-block-paragraph\">Os dejamos con el <a href=\"https:\/\/www.juntadeandalucia.es\/educacion\/secretariavirtual\/consultaCEP\/actividad\/202924GE026\/\" target=\"_blank\" rel=\"noreferrer noopener\" aria-label=\"enlace a la actividad (abre en una nueva pesta\u00f1a)\">enlace a la actividad<\/a> y os animamos a participar en la misma, ya que es un curso al que le hemos puesto mucho cari\u00f1o.<\/p>\n\n\n\n<figure class=\"wp-block-image size-large\"><a href=\"https:\/\/www.juntadeandalucia.es\/educacion\/secretariavirtual\/consultaCEP\/actividad\/202924GE026\/\" target=\"_blank\" rel=\"noopener noreferrer\"><img loading=\"lazy\" decoding=\"async\" width=\"1920\" height=\"1920\" src=\"https:\/\/i0.wp.com\/cepronda.com\/blog\/wp-content\/uploads\/2020\/01\/equality-2110594_1920.jpg?fit=1024%2C1024\" alt=\"\" class=\"wp-image-3286\" srcset=\"https:\/\/i0.wp.com\/cepronda.com\/blog\/wp-content\/uploads\/2020\/01\/equality-2110594_1920.jpg?w=1920&amp;ssl=1 1920w, https:\/\/i0.wp.com\/cepronda.com\/blog\/wp-content\/uploads\/2020\/01\/equality-2110594_1920.jpg?resize=300%2C300&amp;ssl=1 300w, https:\/\/i0.wp.com\/cepronda.com\/blog\/wp-content\/uploads\/2020\/01\/equality-2110594_1920.jpg?resize=1024%2C1024&amp;ssl=1 1024w, https:\/\/i0.wp.com\/cepronda.com\/blog\/wp-content\/uploads\/2020\/01\/equality-2110594_1920.jpg?resize=150%2C150&amp;ssl=1 150w, https:\/\/i0.wp.com\/cepronda.com\/blog\/wp-content\/uploads\/2020\/01\/equality-2110594_1920.jpg?resize=768%2C768&amp;ssl=1 768w, https:\/\/i0.wp.com\/cepronda.com\/blog\/wp-content\/uploads\/2020\/01\/equality-2110594_1920.jpg?resize=1536%2C1536&amp;ssl=1 1536w, https:\/\/i0.wp.com\/cepronda.com\/blog\/wp-content\/uploads\/2020\/01\/equality-2110594_1920.jpg?resize=50%2C50&amp;ssl=1 50w\" sizes=\"auto, (max-width: 1170px) 100vw, 1170px\" \/><\/a><\/figure>\n","protected":false},"excerpt":{"rendered":"<p>Muy buenas de nuevo, Otro de los cursos que abrimos plazo de inscripci\u00f3n es el dedicado a la educaci\u00f3n afectivo sexual en nuestras aulas. para ello contaremos con una ponente que ya tuvimos el a\u00f1o pasado, y con la que aprendimos much\u00edsimo, Maite Heredia de la Asociaci\u00f3n Apoyo Positivo. El curso consistir\u00e1 en una sesi\u00f3n [&hellip;]<\/p>\n","protected":false},"author":3,"featured_media":3286,"comment_status":"open","ping_status":"open","sticky":false,"template":"","format":"standard","meta":{"_crdt_document":"","advanced_seo_description":"","jetpack_seo_html_title":"","jetpack_seo_noindex":false,"jetpack_post_was_ever_published":false,"_jetpack_newsletter_access":"","_jetpack_dont_email_post_to_subs":false,"_jetpack_newsletter_tier_id":0,"_jetpack_memberships_contains_paywalled_content":false,"_jetpack_memberships_contains_paid_content":false,"footnotes":"","jetpack_publicize_message":"","jetpack_publicize_feature_enabled":true,"jetpack_social_post_already_shared":true,"jetpack_social_options":{"image_generator_settings":{"template":"highway","default_image_id":0,"font":"","enabled":false},"version":2}},"categories":[3],"tags":[171,37],"class_list":{"0":"post-3285","1":"post","2":"type-post","3":"status-publish","4":"format-standard","5":"has-post-thumbnail","7":"category-formaciones","8":"tag-coeducacion","9":"tag-igualdad","10":"czr-hentry"},"jetpack_publicize_connections":[],"jetpack_featured_media_url":"https:\/\/i0.wp.com\/cepronda.com\/blog\/wp-content\/uploads\/2020\/01\/equality-2110594_1920.jpg?fit=1920%2C1920&ssl=1","jetpack_shortlink":"https:\/\/wp.me\/p8M4X7-QZ","jetpack-related-posts":[{"id":3331,"url":"https:\/\/cepronda.com\/blog\/educacion-afectivo-sexual-en-nuestros-centros\/","url_meta":{"origin":3285,"position":0},"title":"Educaci\u00f3n afectivo sexual en nuestros centros","author":"V\u00edctor Caballero","date":"13 enero, 2020","format":false,"excerpt":"\u00a1Hola de nuevo! Volvemos a compartir con todas y todos vosotros este curso de educaci\u00f3n afectivo sexual que creemos puede resultar muy interesante y de gran aplicabilidad en el aula. Se trata de 5 sesiones, una cada mes, y donde trabajremos violencia de g\u00e9nero, nuevas masculinidades, educaci\u00f3n afectivo sexual y\u2026","rel":"","context":"En \u00abFormaciones\u00bb","block_context":{"text":"Formaciones","link":"https:\/\/cepronda.com\/blog\/category\/formaciones\/"},"img":{"alt_text":"","src":"https:\/\/i0.wp.com\/cepronda.com\/blog\/wp-content\/uploads\/2020\/01\/EDUCACI%C3%93N-AFECTIVO-SEXUAL-EN-NUESTROS-CENTROS_-WE-LOVE-EDUCACI%C3%93N-SEXUAL-Y-COEDUCACI%C3%93N.jpg?fit=848%2C1200&ssl=1&resize=350%2C200","width":350,"height":200,"srcset":"https:\/\/i0.wp.com\/cepronda.com\/blog\/wp-content\/uploads\/2020\/01\/EDUCACI%C3%93N-AFECTIVO-SEXUAL-EN-NUESTROS-CENTROS_-WE-LOVE-EDUCACI%C3%93N-SEXUAL-Y-COEDUCACI%C3%93N.jpg?fit=848%2C1200&ssl=1&resize=350%2C200 1x, https:\/\/i0.wp.com\/cepronda.com\/blog\/wp-content\/uploads\/2020\/01\/EDUCACI%C3%93N-AFECTIVO-SEXUAL-EN-NUESTROS-CENTROS_-WE-LOVE-EDUCACI%C3%93N-SEXUAL-Y-COEDUCACI%C3%93N.jpg?fit=848%2C1200&ssl=1&resize=525%2C300 1.5x, https:\/\/i0.wp.com\/cepronda.com\/blog\/wp-content\/uploads\/2020\/01\/EDUCACI%C3%93N-AFECTIVO-SEXUAL-EN-NUESTROS-CENTROS_-WE-LOVE-EDUCACI%C3%93N-SEXUAL-Y-COEDUCACI%C3%93N.jpg?fit=848%2C1200&ssl=1&resize=700%2C400 2x"},"classes":[]},{"id":6109,"url":"https:\/\/cepronda.com\/blog\/la-educacion-afectivo-sexual-en-la-escuela-del-siglo-xxi\/","url_meta":{"origin":3285,"position":1},"title":"LA EDUCACI\u00d3N AFECTIVO-SEXUAL EN LA ESCUELA DEL SIGLO XXI","author":"Mamen Moreno","date":"24 octubre, 2023","format":false,"excerpt":"Os informamos que se encuentra\u00a0abierto el plazo de inscripci\u00f3n para la formaci\u00f3n LA EDUCACI\u00d3N AFECTIVO-SEXUAL EN LA ESCUELA DEL SIGLO XXI\u00a0 (c\u00f3digo 242924GE024) que est\u00e1 compuesta por los siguientes talleres: Taller 1. Estela Moreno Berm\u00fadez.\u00a0 16 de noviembre\u00a0 Taller 2. Mercedes M\u00e1rquez Flores.\u00a0 16\u00a0 y\u00a0 30 de enero Taller 3.\u2026","rel":"","context":"En \u00abFormaciones\u00bb","block_context":{"text":"Formaciones","link":"https:\/\/cepronda.com\/blog\/category\/formaciones\/"},"img":{"alt_text":"","src":"https:\/\/i0.wp.com\/cepronda.com\/blog\/wp-content\/uploads\/2023\/10\/Itinerario-Igualdad.png?fit=848%2C1200&ssl=1&resize=350%2C200","width":350,"height":200,"srcset":"https:\/\/i0.wp.com\/cepronda.com\/blog\/wp-content\/uploads\/2023\/10\/Itinerario-Igualdad.png?fit=848%2C1200&ssl=1&resize=350%2C200 1x, https:\/\/i0.wp.com\/cepronda.com\/blog\/wp-content\/uploads\/2023\/10\/Itinerario-Igualdad.png?fit=848%2C1200&ssl=1&resize=525%2C300 1.5x, https:\/\/i0.wp.com\/cepronda.com\/blog\/wp-content\/uploads\/2023\/10\/Itinerario-Igualdad.png?fit=848%2C1200&ssl=1&resize=700%2C400 2x"},"classes":[]},{"id":7427,"url":"https:\/\/cepronda.com\/blog\/claves-para-la-educacion-sexual-en-el-ambito-educativo\/","url_meta":{"origin":3285,"position":2},"title":"CLAVES PARA LA EDUCACI\u00d3N SEXUAL EN EL \u00c1MBITO EDUCATIVO","author":"Mamen Moreno","date":"2 febrero, 2024","format":false,"excerpt":"CURSO PROVINCIAL A DISTANCIA: CLAVES PARA LA EDUCACI\u00d3N SEXUAL EN EL \u00c1MBITO EDUCATIVO. Nivel I C\u00f3digo: 242922GE059 Curso Provincial a Distancia (AVFP) de 30 horas. Fecha inscripci\u00f3n: 01\/02\/2024 hasta el 15\/02\/2024 Fecha actividad: 07\/03\/2024 hasta 26\/04\/2024. M\u00e1s informaci\u00f3n e inscripci\u00f3n en: https:\/\/bit.ly\/3SFE9yr","rel":"","context":"En \u00abFormaciones\u00bb","block_context":{"text":"Formaciones","link":"https:\/\/cepronda.com\/blog\/category\/formaciones\/"},"img":{"alt_text":"","src":"https:\/\/i0.wp.com\/cepronda.com\/blog\/wp-content\/uploads\/2024\/02\/WhatsApp-Image-2024-02-01-at-08.47.28.jpeg?fit=1080%2C1080&ssl=1&resize=350%2C200","width":350,"height":200,"srcset":"https:\/\/i0.wp.com\/cepronda.com\/blog\/wp-content\/uploads\/2024\/02\/WhatsApp-Image-2024-02-01-at-08.47.28.jpeg?fit=1080%2C1080&ssl=1&resize=350%2C200 1x, https:\/\/i0.wp.com\/cepronda.com\/blog\/wp-content\/uploads\/2024\/02\/WhatsApp-Image-2024-02-01-at-08.47.28.jpeg?fit=1080%2C1080&ssl=1&resize=525%2C300 1.5x, https:\/\/i0.wp.com\/cepronda.com\/blog\/wp-content\/uploads\/2024\/02\/WhatsApp-Image-2024-02-01-at-08.47.28.jpeg?fit=1080%2C1080&ssl=1&resize=700%2C400 2x, https:\/\/i0.wp.com\/cepronda.com\/blog\/wp-content\/uploads\/2024\/02\/WhatsApp-Image-2024-02-01-at-08.47.28.jpeg?fit=1080%2C1080&ssl=1&resize=1050%2C600 3x"},"classes":[]},{"id":2693,"url":"https:\/\/cepronda.com\/blog\/we-love-diversidad-una-actividad-formativa-para-trabajar-la-igualdad-y-la-diversidad\/","url_meta":{"origin":3285,"position":3},"title":"We Love Diversidad, una actividad formativa para trabajar la igualdad y la diversidad","author":"V\u00edctor Caballero","date":"1 abril, 2019","format":false,"excerpt":"Hoy en d\u00eda en muchos centros se comienzan a trabajan temas tan necesarios como la resoluci\u00f3n de conflictos, el control de impulsos o los buenos tratos. Pero todo este trabajo puede quedar incompleto si no se aborda desde la perspectiva de g\u00e9nero y de diversidad. En este taller veremos como\u2026","rel":"","context":"En \u00abFormaciones\u00bb","block_context":{"text":"Formaciones","link":"https:\/\/cepronda.com\/blog\/category\/formaciones\/"},"img":{"alt_text":"","src":"https:\/\/i0.wp.com\/cepronda.com\/blog\/wp-content\/uploads\/2019\/04\/family-2112266_1280.png?fit=1200%2C600&ssl=1&resize=350%2C200","width":350,"height":200,"srcset":"https:\/\/i0.wp.com\/cepronda.com\/blog\/wp-content\/uploads\/2019\/04\/family-2112266_1280.png?fit=1200%2C600&ssl=1&resize=350%2C200 1x, https:\/\/i0.wp.com\/cepronda.com\/blog\/wp-content\/uploads\/2019\/04\/family-2112266_1280.png?fit=1200%2C600&ssl=1&resize=525%2C300 1.5x, https:\/\/i0.wp.com\/cepronda.com\/blog\/wp-content\/uploads\/2019\/04\/family-2112266_1280.png?fit=1200%2C600&ssl=1&resize=700%2C400 2x, https:\/\/i0.wp.com\/cepronda.com\/blog\/wp-content\/uploads\/2019\/04\/family-2112266_1280.png?fit=1200%2C600&ssl=1&resize=1050%2C600 3x"},"classes":[]},{"id":681,"url":"https:\/\/cepronda.com\/blog\/educacion-sexual-y-discapacidad-intelectual\/","url_meta":{"origin":3285,"position":4},"title":"EDUCACI\u00d3N SEXUAL Y DISCAPACIDAD INTELECTUAL","author":"V\u00edctor Caballero","date":"16 febrero, 2017","format":false,"excerpt":"Hola \u00bfqu\u00e9 tal? Para la vuelta de Semana Blanca queremos poner a vuestra disposici\u00f3n un curso de \"Educaci\u00f3n sexual y discapacidad intelectual\".\u00a0Esta actividad va dirigida al profesorado de Educaci\u00f3n Especial y a todo el profesorado en general. Partiendo del principio de que la sexualidad marca claramente nuestra forma de interaccionar\u2026","rel":"","context":"En \u00abFormaciones\u00bb","block_context":{"text":"Formaciones","link":"https:\/\/cepronda.com\/blog\/category\/formaciones\/"},"img":{"alt_text":"","src":"","width":0,"height":0},"classes":[]},{"id":9529,"url":"https:\/\/cepronda.com\/blog\/psicomotricidad-e-inclusion-en-la-etapa-de-educacion-infantil\/","url_meta":{"origin":3285,"position":5},"title":"PSICOMOTRICIDAD E INCLUSI\u00d3N EN LA ETAPA DE EDUCACI\u00d3N INFANTIL","author":"V\u00edctor Caballero","date":"27 abril, 2026","format":false,"excerpt":"\u27a1\ufe0fSe convoca la actividad PSICOMOTRICIDAD E INCLUSI\u00d3N EN LA ETAPA DE EDUCACI\u00d3N INFANTIL con c\u00f3digo 262924GE106 dirigida al profesorado de educaci\u00f3n f\u00edsica y educaci\u00f3n infantil de centros p\u00fablicos y conveniados. \ud83d\udea8 IMPORTANTE leer el detalle de la actividad al completo. \u23f3 PLAZO DE INSCRIPCI\u00d3N: desde el 27 de abril al\u2026","rel":"","context":"En \u00abFormaciones\u00bb","block_context":{"text":"Formaciones","link":"https:\/\/cepronda.com\/blog\/category\/formaciones\/"},"img":{"alt_text":"","src":"https:\/\/i0.wp.com\/cepronda.com\/blog\/wp-content\/uploads\/2026\/04\/262924GE106-Cartel-curso-Psicomotricidad.png?fit=960%2C1200&ssl=1&resize=350%2C200","width":350,"height":200,"srcset":"https:\/\/i0.wp.com\/cepronda.com\/blog\/wp-content\/uploads\/2026\/04\/262924GE106-Cartel-curso-Psicomotricidad.png?fit=960%2C1200&ssl=1&resize=350%2C200 1x, https:\/\/i0.wp.com\/cepronda.com\/blog\/wp-content\/uploads\/2026\/04\/262924GE106-Cartel-curso-Psicomotricidad.png?fit=960%2C1200&ssl=1&resize=525%2C300 1.5x, https:\/\/i0.wp.com\/cepronda.com\/blog\/wp-content\/uploads\/2026\/04\/262924GE106-Cartel-curso-Psicomotricidad.png?fit=960%2C1200&ssl=1&resize=700%2C400 2x"},"classes":[]}],"jetpack_sharing_enabled":true,"_links":{"self":[{"href":"https:\/\/cepronda.com\/blog\/wp-json\/wp\/v2\/posts\/3285","targetHints":{"allow":["GET"]}}],"collection":[{"href":"https:\/\/cepronda.com\/blog\/wp-json\/wp\/v2\/posts"}],"about":[{"href":"https:\/\/cepronda.com\/blog\/wp-json\/wp\/v2\/types\/post"}],"author":[{"embeddable":true,"href":"https:\/\/cepronda.com\/blog\/wp-json\/wp\/v2\/users\/3"}],"replies":[{"embeddable":true,"href":"https:\/\/cepronda.com\/blog\/wp-json\/wp\/v2\/comments?post=3285"}],"version-history":[{"count":1,"href":"https:\/\/cepronda.com\/blog\/wp-json\/wp\/v2\/posts\/3285\/revisions"}],"predecessor-version":[{"id":3287,"href":"https:\/\/cepronda.com\/blog\/wp-json\/wp\/v2\/posts\/3285\/revisions\/3287"}],"wp:featuredmedia":[{"embeddable":true,"href":"https:\/\/cepronda.com\/blog\/wp-json\/wp\/v2\/media\/3286"}],"wp:attachment":[{"href":"https:\/\/cepronda.com\/blog\/wp-json\/wp\/v2\/media?parent=3285"}],"wp:term":[{"taxonomy":"category","embeddable":true,"href":"https:\/\/cepronda.com\/blog\/wp-json\/wp\/v2\/categories?post=3285"},{"taxonomy":"post_tag","embeddable":true,"href":"https:\/\/cepronda.com\/blog\/wp-json\/wp\/v2\/tags?post=3285"}],"curies":[{"name":"wp","href":"https:\/\/api.w.org\/{rel}","templated":true}]}}