{"id":3281,"date":"2020-01-07T11:50:21","date_gmt":"2020-01-07T10:50:21","guid":{"rendered":"http:\/\/cepronda.com\/blog\/?p=3281"},"modified":"2025-04-25T12:07:27","modified_gmt":"2025-04-25T10:07:27","slug":"concurso-ensenamos-a-leer-2019-2020","status":"publish","type":"post","link":"https:\/\/cepronda.com\/blog\/concurso-ensenamos-a-leer-2019-2020\/","title":{"rendered":"Concurso &quot;Ense\u00f1amos a leer&quot; 2019-2020"},"content":{"rendered":"\n<p class=\"wp-block-paragraph\">La Universidad Internacional de Valencia (VIU) y la Fundaci\u00f3n Jos\u00e9 Manuel Lara convocan la segunda edici\u00f3n del certamen \u00abEnse\u00f1amos a leer\u00bb, dirigido a profesionales docentes en Andaluc\u00eda.<\/p>\n\n\n\n<p class=\"wp-block-paragraph\">Este concurso tiene como objetivo \u00bfcontribuir a la divulgaci\u00f3n, fomento, desarrollo, investigaci\u00f3n y protecci\u00f3n del h\u00e1bito de la lectura\u00bf, tal y como se especifica en el Plan Nacional de Fomento de la Lectura puesto en marcha por el Ministerio de Educaci\u00f3n y Formaci\u00f3n Profesional, al que est\u00e1 vinculada la Fundaci\u00f3n.<\/p>\n\n\n\n<p class=\"wp-block-paragraph\">En la segunda edici\u00f3n del certamen se incrementa el n\u00famero de galardones y se premiar\u00e1n cuatro proyectos innovadores en el desarrollo del fomento de la lectura. Los tres primeros se otorgar\u00e1n a los docentes que est\u00e9n en activo en su desarrollo profesional. El cuarto premio estar\u00e1 destinado a categor\u00eda \u00abfuturo docente\u00bb.<\/p>\n\n\n\n<p class=\"wp-block-paragraph\">El plazo de admisi\u00f3n de trabajos se cerrar\u00e1 el&nbsp;<strong>1 de abril de 2020<\/strong>.<\/p>\n\n\n\n<h1 class=\"wp-block-heading\">Enlaces relacionados<\/h1>\n\n\n\n<ul class=\"wp-block-list\"><li><a rel=\"noreferrer noopener\" href=\"http:\/\/www.fundacionjmlara.es\/\" target=\"_blank\">Fundaci\u00f3n Jos\u00e9 Manuel Lara<\/a><\/li><li><a rel=\"noreferrer noopener\" href=\"http:\/\/www.ensenamosaleer.es\/\" target=\"_blank\">Ense\u00f1amos a leer<\/a><\/li><\/ul>\n\n\n\n<h1 class=\"wp-block-heading\">Documentos relacionados<\/h1>\n\n\n\n<ul class=\"wp-block-list\"><li><a rel=\"noreferrer noopener\" href=\"http:\/\/www.juntadeandalucia.es\/educacion\/portals\/delegate\/content\/e8bf3b97-07a7-4e74-bebb-0238441837d6\/BASES%20II%20EDICION%20ENSENAMOS%20A%20LEER%202020\" target=\"_blank\">BASES II EDICION ENSENAMOS A LEER 2020 (PDF \/ 501.33Kb)<\/a><\/li><\/ul>\n","protected":false},"excerpt":{"rendered":"<p>La Universidad Internacional de Valencia (VIU) y la Fundaci\u00f3n Jos\u00e9 Manuel Lara convocan la segunda edici\u00f3n del certamen \u00abEnse\u00f1amos a leer\u00bb, dirigido a profesionales docentes en Andaluc\u00eda. Este concurso tiene como objetivo \u00bfcontribuir a la divulgaci\u00f3n, fomento, desarrollo, investigaci\u00f3n y protecci\u00f3n del h\u00e1bito de la lectura\u00bf, tal y como se especifica en el Plan Nacional [&hellip;]<\/p>\n","protected":false},"author":3,"featured_media":2849,"comment_status":"open","ping_status":"open","sticky":false,"template":"","format":"standard","meta":{"_crdt_document":"","advanced_seo_description":"","jetpack_seo_html_title":"","jetpack_seo_noindex":false,"jetpack_post_was_ever_published":false,"_jetpack_newsletter_access":"","_jetpack_dont_email_post_to_subs":false,"_jetpack_newsletter_tier_id":0,"_jetpack_memberships_contains_paywalled_content":false,"_jetpack_memberships_contains_paid_content":false,"footnotes":"","jetpack_publicize_message":"","jetpack_publicize_feature_enabled":true,"jetpack_social_post_already_shared":true,"jetpack_social_options":{"image_generator_settings":{"template":"highway","default_image_id":0,"font":"","enabled":false},"version":2}},"categories":[5],"tags":[231,180,74],"class_list":{"0":"post-3281","1":"post","2":"type-post","3":"status-publish","4":"format-standard","5":"has-post-thumbnail","7":"category-noticias","8":"tag-certamen","9":"tag-concursos","10":"tag-lectura","11":"czr-hentry"},"jetpack_publicize_connections":[],"jetpack_featured_media_url":"https:\/\/i0.wp.com\/cepronda.com\/blog\/wp-content\/uploads\/2019\/05\/logo-nuevo.jpg?fit=531%2C342&ssl=1","jetpack_shortlink":"https:\/\/wp.me\/p8M4X7-QV","jetpack-related-posts":[{"id":2667,"url":"https:\/\/cepronda.com\/blog\/ii-premios-para-el-reconocimiento-a-centros-publicos-de-andalucia-con-buenas-practicas-docentes-en-bibliotecas-escolares-y-en-el-fomento-de-la-lectura\/","url_meta":{"origin":3281,"position":0},"title":"II Premios para el reconocimiento a centros p\u00fablicos de Andaluc\u00eda con buenas pr\u00e1cticas docentes en Bibliotecas Escolares y en el fomento de la lectura","author":"V\u00edctor Caballero","date":"13 marzo, 2019","format":false,"excerpt":"Muy buenas familia, queremos compartir con todos y todas vosotras la convocatoria de estos premios, ya que sabemos que muchas de las bibliotecas de los centros de nuestra zona est\u00e1n haciendo un gran trabajo, y creemos sinceramente que pod\u00e9is optar a estos premios. Os dejamos con la informaci\u00f3n sobre la\u2026","rel":"","context":"En \u00abNoticias\u00bb","block_context":{"text":"Noticias","link":"https:\/\/cepronda.com\/blog\/category\/noticias\/"},"img":{"alt_text":"","src":"","width":0,"height":0},"classes":[]},{"id":5187,"url":"https:\/\/cepronda.com\/blog\/reunion-informativa-v-premios-bibliotecas-escolares-y-fomento-de-la-lectura\/","url_meta":{"origin":3281,"position":1},"title":"REUNI\u00d3N INFORMATIVA V PREMIOS BIBLIOTECAS ESCOLARES Y FOMENTO DE LA LECTURA.","author":"Maribel Mu\u00f1oz","date":"28 marzo, 2022","format":false,"excerpt":"Buenas tardes compa\u00f1eras y compa\u00f1eros Os informamos que el pr\u00f3ximo 6 de abril de 2022 se va a desarrollar una REUNI\u00d3N INFORMATIVA V PREMIOS BIBLIOTECAS ESCOLARES Y FOMENTO DE LA LECTURA.\u00a0 Est\u00e1 dirigida al profesorado responsable de BE y direcciones de centros de Educaci\u00f3n Infantil de 2\u00ba ciclo, Educaci\u00f3n Primaria\u2026","rel":"","context":"En \u00abNoticias\u00bb","block_context":{"text":"Noticias","link":"https:\/\/cepronda.com\/blog\/category\/noticias\/"},"img":{"alt_text":"","src":"https:\/\/i0.wp.com\/cepronda.com\/blog\/wp-content\/uploads\/2022\/03\/BBEE-cartel-reunion-1.jpg?fit=580%2C820&ssl=1&resize=350%2C200","width":350,"height":200,"srcset":"https:\/\/i0.wp.com\/cepronda.com\/blog\/wp-content\/uploads\/2022\/03\/BBEE-cartel-reunion-1.jpg?fit=580%2C820&ssl=1&resize=350%2C200 1x, https:\/\/i0.wp.com\/cepronda.com\/blog\/wp-content\/uploads\/2022\/03\/BBEE-cartel-reunion-1.jpg?fit=580%2C820&ssl=1&resize=525%2C300 1.5x"},"classes":[]},{"id":5161,"url":"https:\/\/cepronda.com\/blog\/v-premios-bibliotecas-escolares-y-fomento-de-la-lectura-2021-22\/","url_meta":{"origin":3281,"position":2},"title":"V PREMIOS BIBLIOTECAS ESCOLARES Y FOMENTO DE LA LECTURA  2021-22","author":"Maribel Mu\u00f1oz","date":"15 marzo, 2022","format":false,"excerpt":"Buenas tardes compa\u00f1eras y compa\u00f1eros, Os informamos que se ha publicado la\u00a0 Resoluci\u00f3n de 8 de febrero de 2022, de la Direcci\u00f3n General de Formaci\u00f3n del Profesorado e Innovaci\u00f3n Educativa, por la que se convocan los V Premios para el reconocimiento a centros p\u00fablicos de Andaluc\u00eda con buenas pr\u00e1cticas docentes\u2026","rel":"","context":"En \u00abNoticias\u00bb","block_context":{"text":"Noticias","link":"https:\/\/cepronda.com\/blog\/category\/noticias\/"},"img":{"alt_text":"","src":"https:\/\/i0.wp.com\/cepronda.com\/blog\/wp-content\/uploads\/2020\/10\/bibliotecas-escolares.jpg?resize=350%2C200","width":350,"height":200},"classes":[]},{"id":3388,"url":"https:\/\/cepronda.com\/blog\/iii-premios-para-el-reconocimiento-a-centros-publicos-de-andalucia-con-buenas-practicas-docentes-en-bibliotecas-escolares-y-en-el-fomento-de-la-lectura\/","url_meta":{"origin":3281,"position":3},"title":"III Premios para el reconocimiento a centros p\u00fablicos de Andaluc\u00eda con buenas pr\u00e1cticas docentes en bibliotecas escolares y en el fomento de la lectura","author":"V\u00edctor Caballero","date":"4 febrero, 2020","format":false,"excerpt":"Muy buenas, Sabemos que en muchos de nuestros centros la biblioteca es uno de los motores que ayuda a dinamizar la vida escolar, y por lo tanto sabemos que muchas de nuestras bibliotecas sois referentes. Por eso os animamos a participar en esta convocatoria. Pr\u00f3xima publicaci\u00f3n en BOJA. Caracter\u00edsticas de\u2026","rel":"","context":"En \u00abFormaciones\u00bb","block_context":{"text":"Formaciones","link":"https:\/\/cepronda.com\/blog\/category\/formaciones\/"},"img":{"alt_text":"","src":"https:\/\/i0.wp.com\/cepronda.com\/blog\/wp-content\/uploads\/2018\/10\/child-315049_1280.jpg?fit=794%2C1200&ssl=1&resize=350%2C200","width":350,"height":200,"srcset":"https:\/\/i0.wp.com\/cepronda.com\/blog\/wp-content\/uploads\/2018\/10\/child-315049_1280.jpg?fit=794%2C1200&ssl=1&resize=350%2C200 1x, https:\/\/i0.wp.com\/cepronda.com\/blog\/wp-content\/uploads\/2018\/10\/child-315049_1280.jpg?fit=794%2C1200&ssl=1&resize=525%2C300 1.5x, https:\/\/i0.wp.com\/cepronda.com\/blog\/wp-content\/uploads\/2018\/10\/child-315049_1280.jpg?fit=794%2C1200&ssl=1&resize=700%2C400 2x"},"classes":[]},{"id":5768,"url":"https:\/\/cepronda.com\/blog\/convocatoria-de-los-vi-premios-bibliotecas-escolares-y-fomento-de-la-lectura\/","url_meta":{"origin":3281,"position":4},"title":"CONVOCATORIA DE LOS VI PREMIOS  BIBLIOTECAS ESCOLARES Y FOMENTO DE LA LECTURA","author":"Inmaculada Garc\u00eda","date":"9 febrero, 2023","format":false,"excerpt":"Convocatoria Resoluci\u00f3n de 3 de febrero de 2023, de la Direcci\u00f3n General de Tecnolog\u00edas Avanzadas y Transformaci\u00f3n Educativa, por la que se convocan los VI premios para el reconocimiento a centros con buenas pr\u00e1cticas docentes en bibliotecas escolares y en el fomento de la lectura, correspondientes al curso 2022-2023. Premios.\u2026","rel":"","context":"En \u00abNoticias\u00bb","block_context":{"text":"Noticias","link":"https:\/\/cepronda.com\/blog\/category\/noticias\/"},"img":{"alt_text":"","src":"https:\/\/i0.wp.com\/cepronda.com\/blog\/wp-content\/uploads\/2023\/02\/Copia-de-ESTANCIAS-FORMATIVAS-EN-EMPRESAS-PARA-EL-PROFESORADO-DE-FORMACION-PROFESIONAL-2.png?fit=1080%2C1080&ssl=1&resize=350%2C200","width":350,"height":200,"srcset":"https:\/\/i0.wp.com\/cepronda.com\/blog\/wp-content\/uploads\/2023\/02\/Copia-de-ESTANCIAS-FORMATIVAS-EN-EMPRESAS-PARA-EL-PROFESORADO-DE-FORMACION-PROFESIONAL-2.png?fit=1080%2C1080&ssl=1&resize=350%2C200 1x, https:\/\/i0.wp.com\/cepronda.com\/blog\/wp-content\/uploads\/2023\/02\/Copia-de-ESTANCIAS-FORMATIVAS-EN-EMPRESAS-PARA-EL-PROFESORADO-DE-FORMACION-PROFESIONAL-2.png?fit=1080%2C1080&ssl=1&resize=525%2C300 1.5x, https:\/\/i0.wp.com\/cepronda.com\/blog\/wp-content\/uploads\/2023\/02\/Copia-de-ESTANCIAS-FORMATIVAS-EN-EMPRESAS-PARA-EL-PROFESORADO-DE-FORMACION-PROFESIONAL-2.png?fit=1080%2C1080&ssl=1&resize=700%2C400 2x, https:\/\/i0.wp.com\/cepronda.com\/blog\/wp-content\/uploads\/2023\/02\/Copia-de-ESTANCIAS-FORMATIVAS-EN-EMPRESAS-PARA-EL-PROFESORADO-DE-FORMACION-PROFESIONAL-2.png?fit=1080%2C1080&ssl=1&resize=1050%2C600 3x"},"classes":[]},{"id":4157,"url":"https:\/\/cepronda.com\/blog\/iv-premios-para-el-reconocimiento-en-bibliotecas-escolares-y-en-fomento-de-la-lectura\/","url_meta":{"origin":3281,"position":5},"title":"IV PREMIOS PARA EL RECONOCIMIENTO EN BIBLIOTECAS ESCOLARES Y EN FOMENTO DE LA LECTURA","author":"Maribel Mu\u00f1oz","date":"8 febrero, 2021","format":false,"excerpt":"Buenas tardes compa\u00f1eras y compa\u00f1eros, Os informamos que est\u00e1 abierto el plazo\u00a0 de presentaci\u00f3n de las candidaturas a los IV Premios para el reconocimiento a centros p\u00fablicos de Andaluc\u00eda con buenas pr\u00e1cticas docentes en bibliotecas escolares y en el fomento de la lectura, correspondientes al curso 2020-2021. El plazo\u00a0 de\u2026","rel":"","context":"En \u00abNoticias\u00bb","block_context":{"text":"Noticias","link":"https:\/\/cepronda.com\/blog\/category\/noticias\/"},"img":{"alt_text":"","src":"https:\/\/i0.wp.com\/cepronda.com\/blog\/wp-content\/uploads\/2020\/10\/bibliotecas-escolares-300x70.jpg?resize=350%2C200","width":350,"height":200},"classes":[]}],"jetpack_sharing_enabled":true,"_links":{"self":[{"href":"https:\/\/cepronda.com\/blog\/wp-json\/wp\/v2\/posts\/3281","targetHints":{"allow":["GET"]}}],"collection":[{"href":"https:\/\/cepronda.com\/blog\/wp-json\/wp\/v2\/posts"}],"about":[{"href":"https:\/\/cepronda.com\/blog\/wp-json\/wp\/v2\/types\/post"}],"author":[{"embeddable":true,"href":"https:\/\/cepronda.com\/blog\/wp-json\/wp\/v2\/users\/3"}],"replies":[{"embeddable":true,"href":"https:\/\/cepronda.com\/blog\/wp-json\/wp\/v2\/comments?post=3281"}],"version-history":[{"count":1,"href":"https:\/\/cepronda.com\/blog\/wp-json\/wp\/v2\/posts\/3281\/revisions"}],"predecessor-version":[{"id":3282,"href":"https:\/\/cepronda.com\/blog\/wp-json\/wp\/v2\/posts\/3281\/revisions\/3282"}],"wp:featuredmedia":[{"embeddable":true,"href":"https:\/\/cepronda.com\/blog\/wp-json\/wp\/v2\/media\/2849"}],"wp:attachment":[{"href":"https:\/\/cepronda.com\/blog\/wp-json\/wp\/v2\/media?parent=3281"}],"wp:term":[{"taxonomy":"category","embeddable":true,"href":"https:\/\/cepronda.com\/blog\/wp-json\/wp\/v2\/categories?post=3281"},{"taxonomy":"post_tag","embeddable":true,"href":"https:\/\/cepronda.com\/blog\/wp-json\/wp\/v2\/tags?post=3281"}],"curies":[{"name":"wp","href":"https:\/\/api.w.org\/{rel}","templated":true}]}}