{"id":3279,"date":"2020-01-07T11:48:34","date_gmt":"2020-01-07T10:48:34","guid":{"rendered":"http:\/\/cepronda.com\/blog\/?p=3279"},"modified":"2025-04-25T12:07:27","modified_gmt":"2025-04-25T10:07:27","slug":"x-concurso-de-buenas-practicas-educativas-de-la-asociacion-mejora-tu-escuela-publica","status":"publish","type":"post","link":"https:\/\/cepronda.com\/blog\/x-concurso-de-buenas-practicas-educativas-de-la-asociacion-mejora-tu-escuela-publica\/","title":{"rendered":"X concurso de Buenas Pr\u00e1cticas Educativas de la Asociaci\u00f3n &quot;Mejora tu Escuela P\u00fablica&quot;"},"content":{"rendered":"\n<p class=\"wp-block-paragraph\">La Asociaci\u00f3n Mejora tu Escuela P\u00fablica convoca la d\u00e9cima edici\u00f3n de su Concurso Nacional de Buenas Pr\u00e1cticas Educativas, en el que podr\u00e1n participar las experiencias educativas llevadas a cabo durante el curso 2018\/19 y\/o 2019\/2020 en centros p\u00fablicos del Estado Espa\u00f1ol.<\/p>\n\n\n\n<p class=\"wp-block-paragraph\">Podr\u00e1n participar los Profesores a nivel personal o colectivo, Equipos Directivos, de Orientaci\u00f3n, Centros de Formaci\u00f3n del Profesorado y las AMPAS de centros p\u00fablicos. Los estudiantes de M\u00e1ster de Formaci\u00f3n del Profesorado se podr\u00e1n presentar en colaboraci\u00f3n con su tutor de pr\u00e1cticas del centro educativo y \u00e9ste actuar\u00e1 como titular del trabajo presentado.<\/p>\n\n\n\n<p class=\"wp-block-paragraph\">El plazo de inscripci\u00f3n en la web y presentaci\u00f3n de proyectos finaliza el&nbsp;<strong>20 de marzo de 2020<\/strong>.<\/p>\n\n\n\n<p class=\"wp-block-paragraph\">La inscripci\u00f3n en el concurso se realizar\u00e1 cumplimentando el formulario que se encuentra en el siguiente enlace:<\/p>\n\n\n\n<p class=\"wp-block-paragraph\"><a href=\"https:\/\/forms.gle\/qDUWwBvhEFioTQDh9\">Inscripci\u00f3n al X Concurso de BBPP Educativas<\/a><\/p>\n\n\n\n<h1 class=\"wp-block-heading\">Enlace a la convocatoria<\/h1>\n\n\n\n<ul class=\"wp-block-list\"><li><a rel=\"noreferrer noopener\" href=\"http:\/\/www.mejoratuescuelapublica.es\/\" target=\"_blank\">Bases<\/a><\/li><\/ul>\n\n\n\n<p class=\"wp-block-paragraph\"><\/p>\n","protected":false},"excerpt":{"rendered":"<p>La Asociaci\u00f3n Mejora tu Escuela P\u00fablica convoca la d\u00e9cima edici\u00f3n de su Concurso Nacional de Buenas Pr\u00e1cticas Educativas, en el que podr\u00e1n participar las experiencias educativas llevadas a cabo durante el curso 2018\/19 y\/o 2019\/2020 en centros p\u00fablicos del Estado Espa\u00f1ol. Podr\u00e1n participar los Profesores a nivel personal o colectivo, Equipos Directivos, de Orientaci\u00f3n, Centros [&hellip;]<\/p>\n","protected":false},"author":3,"featured_media":2849,"comment_status":"open","ping_status":"open","sticky":false,"template":"","format":"standard","meta":{"_crdt_document":"","advanced_seo_description":"","jetpack_seo_html_title":"","jetpack_seo_noindex":false,"jetpack_post_was_ever_published":false,"_jetpack_newsletter_access":"","_jetpack_dont_email_post_to_subs":false,"_jetpack_newsletter_tier_id":0,"_jetpack_memberships_contains_paywalled_content":false,"_jetpack_memberships_contains_paid_content":false,"footnotes":"","jetpack_publicize_message":"","jetpack_publicize_feature_enabled":true,"jetpack_social_post_already_shared":true,"jetpack_social_options":{"image_generator_settings":{"template":"highway","default_image_id":0,"font":"","enabled":false},"version":2}},"categories":[5],"tags":[231,180],"class_list":{"0":"post-3279","1":"post","2":"type-post","3":"status-publish","4":"format-standard","5":"has-post-thumbnail","7":"category-noticias","8":"tag-certamen","9":"tag-concursos","10":"czr-hentry"},"jetpack_publicize_connections":[],"jetpack_featured_media_url":"https:\/\/i0.wp.com\/cepronda.com\/blog\/wp-content\/uploads\/2019\/05\/logo-nuevo.jpg?fit=531%2C342&ssl=1","jetpack_shortlink":"https:\/\/wp.me\/p8M4X7-QT","jetpack-related-posts":[{"id":125,"url":"https:\/\/cepronda.com\/blog\/inscripcion-vii-concurso-buenas-practicas-educativas\/","url_meta":{"origin":3279,"position":0},"title":"Inscripci\u00f3n VII Concurso Buenas Pr\u00e1cticas Educativas","author":"V\u00edctor Caballero","date":"22 septiembre, 2016","format":false,"excerpt":"Queremos compartir con todo el profesorado este concurso de Buenas Pr\u00e1cticas Educativas. La Asociaci\u00f3n Mejora tu Escuela P\u00fablica convoca la s\u00e9ptima edici\u00f3n de su concurso de Buenas Pr\u00e1cticas Educativas, en el que podr\u00e1n participar las experiencias educativas llevadas a cabo durante el curso 2015\/2016 en centros p\u00fablicos del Estado Espa\u00f1ol.\u2026","rel":"","context":"En \u00abNoticias\u00bb","block_context":{"text":"Noticias","link":"https:\/\/cepronda.com\/blog\/category\/noticias\/"},"img":{"alt_text":"logomep","src":"https:\/\/i0.wp.com\/cepronda.com\/blog\/wp-content\/uploads\/2016\/09\/logoMEP.png?resize=350%2C200","width":350,"height":200},"classes":[]},{"id":2302,"url":"https:\/\/cepronda.com\/blog\/concurso-nacional-de-buenas-practicas\/","url_meta":{"origin":3279,"position":1},"title":"Concurso nacional de Buenas Pr\u00e1cticas","author":"V\u00edctor Caballero","date":"11 septiembre, 2018","format":false,"excerpt":"\u00bfQu\u00e9 tal? Para todos aquellos centros que est\u00e9is interesados en presentar alguna de vuestra buena pr\u00e1ctica sabed que desde el Ministerio de Educaci\u00f3n han convocado un concurso nacional. Os dejamos con el enlace al extracto de las instrucciones, para que as\u00ed lo pod\u00e1is consultar. El plazo es hasta el 30\u2026","rel":"","context":"En \u00abFormaciones\u00bb","block_context":{"text":"Formaciones","link":"https:\/\/cepronda.com\/blog\/category\/formaciones\/"},"img":{"alt_text":"","src":"https:\/\/i0.wp.com\/cepronda.com\/blog\/wp-content\/uploads\/2018\/09\/escudo-mefp-mcd.gif?resize=350%2C200","width":350,"height":200},"classes":[]},{"id":5763,"url":"https:\/\/cepronda.com\/blog\/portal-web-de-experiencias-educativas-de-exito\/","url_meta":{"origin":3279,"position":2},"title":"PORTAL WEB DE EXPERIENCIAS EDUCATIVAS DE \u00c9XITO","author":"Inmaculada Garc\u00eda","date":"9 febrero, 2023","format":false,"excerpt":"Los Centros del Profesorado de la provincia de M\u00e1laga anuncian el lanzamiento de un portal web de Experiencias Educativas de \u00c9xito que se desarrollan en los centros de nuestra provincia. Se puede acceder desde el enlace www.experienciaseducativasmalaga.com Los centros interesados en compartir sus proyectos y buenas pr\u00e1cticas pueden enviar la\u2026","rel":"","context":"En \u00abFormaciones\u00bb","block_context":{"text":"Formaciones","link":"https:\/\/cepronda.com\/blog\/category\/formaciones\/"},"img":{"alt_text":"","src":"https:\/\/i0.wp.com\/cepronda.com\/blog\/wp-content\/uploads\/2023\/02\/portal.png?fit=594%2C395&ssl=1&resize=350%2C200","width":350,"height":200,"srcset":"https:\/\/i0.wp.com\/cepronda.com\/blog\/wp-content\/uploads\/2023\/02\/portal.png?fit=594%2C395&ssl=1&resize=350%2C200 1x, https:\/\/i0.wp.com\/cepronda.com\/blog\/wp-content\/uploads\/2023\/02\/portal.png?fit=594%2C395&ssl=1&resize=525%2C300 1.5x"},"classes":[]},{"id":3794,"url":"https:\/\/cepronda.com\/blog\/iii-premios-para-el-reconocimiento-a-centros-publicos-de-andalucia-con-buenas-practicas-docentes-en-bibliotecas-escolares-y-en-el-fomento-de-la-lectura-2\/","url_meta":{"origin":3279,"position":3},"title":"III Premios para el reconocimiento a centros p\u00fablicos de Andaluc\u00eda con buenas pr\u00e1cticas docentes en Bibliotecas Escolares y en el fomento de la lectura","author":"Inmaculada Garc\u00eda","date":"5 octubre, 2020","format":false,"excerpt":"\u00a0 \u00a0 \u00a0 Enhorabuena a todos los centros que han sido premiados en los III Premios para el reconocimiento a centros p\u00fablicos de Andaluc\u00eda con buenas pr\u00e1cticas docentes en bibliotecas escolares y en el fomento de la lectura correspondientes al curso 2019-2020. (Publicaci\u00f3n del fallo del jurado) \u00a0 \u00a0 \u00a0\u2026","rel":"","context":"En \u00abNoticias\u00bb","block_context":{"text":"Noticias","link":"https:\/\/cepronda.com\/blog\/category\/noticias\/"},"img":{"alt_text":"","src":"https:\/\/i0.wp.com\/cepronda.com\/blog\/wp-content\/uploads\/2020\/03\/premio_bibliotecas_escolares.png?fit=1200%2C678&ssl=1&resize=350%2C200","width":350,"height":200,"srcset":"https:\/\/i0.wp.com\/cepronda.com\/blog\/wp-content\/uploads\/2020\/03\/premio_bibliotecas_escolares.png?fit=1200%2C678&ssl=1&resize=350%2C200 1x, https:\/\/i0.wp.com\/cepronda.com\/blog\/wp-content\/uploads\/2020\/03\/premio_bibliotecas_escolares.png?fit=1200%2C678&ssl=1&resize=525%2C300 1.5x, https:\/\/i0.wp.com\/cepronda.com\/blog\/wp-content\/uploads\/2020\/03\/premio_bibliotecas_escolares.png?fit=1200%2C678&ssl=1&resize=700%2C400 2x, https:\/\/i0.wp.com\/cepronda.com\/blog\/wp-content\/uploads\/2020\/03\/premio_bibliotecas_escolares.png?fit=1200%2C678&ssl=1&resize=1050%2C600 3x"},"classes":[]},{"id":3388,"url":"https:\/\/cepronda.com\/blog\/iii-premios-para-el-reconocimiento-a-centros-publicos-de-andalucia-con-buenas-practicas-docentes-en-bibliotecas-escolares-y-en-el-fomento-de-la-lectura\/","url_meta":{"origin":3279,"position":4},"title":"III Premios para el reconocimiento a centros p\u00fablicos de Andaluc\u00eda con buenas pr\u00e1cticas docentes en bibliotecas escolares y en el fomento de la lectura","author":"V\u00edctor Caballero","date":"4 febrero, 2020","format":false,"excerpt":"Muy buenas, Sabemos que en muchos de nuestros centros la biblioteca es uno de los motores que ayuda a dinamizar la vida escolar, y por lo tanto sabemos que muchas de nuestras bibliotecas sois referentes. Por eso os animamos a participar en esta convocatoria. Pr\u00f3xima publicaci\u00f3n en BOJA. Caracter\u00edsticas de\u2026","rel":"","context":"En \u00abFormaciones\u00bb","block_context":{"text":"Formaciones","link":"https:\/\/cepronda.com\/blog\/category\/formaciones\/"},"img":{"alt_text":"","src":"https:\/\/i0.wp.com\/cepronda.com\/blog\/wp-content\/uploads\/2018\/10\/child-315049_1280.jpg?fit=794%2C1200&ssl=1&resize=350%2C200","width":350,"height":200,"srcset":"https:\/\/i0.wp.com\/cepronda.com\/blog\/wp-content\/uploads\/2018\/10\/child-315049_1280.jpg?fit=794%2C1200&ssl=1&resize=350%2C200 1x, https:\/\/i0.wp.com\/cepronda.com\/blog\/wp-content\/uploads\/2018\/10\/child-315049_1280.jpg?fit=794%2C1200&ssl=1&resize=525%2C300 1.5x, https:\/\/i0.wp.com\/cepronda.com\/blog\/wp-content\/uploads\/2018\/10\/child-315049_1280.jpg?fit=794%2C1200&ssl=1&resize=700%2C400 2x"},"classes":[]},{"id":7196,"url":"https:\/\/cepronda.com\/blog\/competencia-digital-docente-nivel-b2-competencias-profesionales-especificas\/","url_meta":{"origin":3279,"position":5},"title":"COMPETENCIA DIGITAL DOCENTE NIVEL B2. COMPETENCIAS PROFESIONALES ESPEC\u00cdFICAS","author":"Mamen Moreno","date":"6 noviembre, 2023","format":false,"excerpt":"Se abre el plazo de inscripci\u00f3n para la formaci\u00f3n online COMPETENCIA DIGITAL DOCENTE NIVEL B2. COMPETENCIAS PROFESIONALES ESPEC\u00cdFICAS. Dicho curso va destinado a personal docente que en la actualidad no se encuentra desempe\u00f1ando labores educativas directas con el alumnado, tales como: 1\u00ba Direcciones y asesor\u00edas de los Centros del Profesorado.\u2026","rel":"","context":"En \u00abFormaciones\u00bb","block_context":{"text":"Formaciones","link":"https:\/\/cepronda.com\/blog\/category\/formaciones\/"},"img":{"alt_text":"","src":"https:\/\/i0.wp.com\/cepronda.com\/blog\/wp-content\/uploads\/2023\/11\/WhatsApp-Image-2023-11-06-at-10.31.56.jpeg?fit=1200%2C675&ssl=1&resize=350%2C200","width":350,"height":200,"srcset":"https:\/\/i0.wp.com\/cepronda.com\/blog\/wp-content\/uploads\/2023\/11\/WhatsApp-Image-2023-11-06-at-10.31.56.jpeg?fit=1200%2C675&ssl=1&resize=350%2C200 1x, https:\/\/i0.wp.com\/cepronda.com\/blog\/wp-content\/uploads\/2023\/11\/WhatsApp-Image-2023-11-06-at-10.31.56.jpeg?fit=1200%2C675&ssl=1&resize=525%2C300 1.5x, https:\/\/i0.wp.com\/cepronda.com\/blog\/wp-content\/uploads\/2023\/11\/WhatsApp-Image-2023-11-06-at-10.31.56.jpeg?fit=1200%2C675&ssl=1&resize=700%2C400 2x, https:\/\/i0.wp.com\/cepronda.com\/blog\/wp-content\/uploads\/2023\/11\/WhatsApp-Image-2023-11-06-at-10.31.56.jpeg?fit=1200%2C675&ssl=1&resize=1050%2C600 3x"},"classes":[]}],"jetpack_sharing_enabled":true,"_links":{"self":[{"href":"https:\/\/cepronda.com\/blog\/wp-json\/wp\/v2\/posts\/3279","targetHints":{"allow":["GET"]}}],"collection":[{"href":"https:\/\/cepronda.com\/blog\/wp-json\/wp\/v2\/posts"}],"about":[{"href":"https:\/\/cepronda.com\/blog\/wp-json\/wp\/v2\/types\/post"}],"author":[{"embeddable":true,"href":"https:\/\/cepronda.com\/blog\/wp-json\/wp\/v2\/users\/3"}],"replies":[{"embeddable":true,"href":"https:\/\/cepronda.com\/blog\/wp-json\/wp\/v2\/comments?post=3279"}],"version-history":[{"count":1,"href":"https:\/\/cepronda.com\/blog\/wp-json\/wp\/v2\/posts\/3279\/revisions"}],"predecessor-version":[{"id":3280,"href":"https:\/\/cepronda.com\/blog\/wp-json\/wp\/v2\/posts\/3279\/revisions\/3280"}],"wp:featuredmedia":[{"embeddable":true,"href":"https:\/\/cepronda.com\/blog\/wp-json\/wp\/v2\/media\/2849"}],"wp:attachment":[{"href":"https:\/\/cepronda.com\/blog\/wp-json\/wp\/v2\/media?parent=3279"}],"wp:term":[{"taxonomy":"category","embeddable":true,"href":"https:\/\/cepronda.com\/blog\/wp-json\/wp\/v2\/categories?post=3279"},{"taxonomy":"post_tag","embeddable":true,"href":"https:\/\/cepronda.com\/blog\/wp-json\/wp\/v2\/tags?post=3279"}],"curies":[{"name":"wp","href":"https:\/\/api.w.org\/{rel}","templated":true}]}}