{"id":3271,"date":"2019-12-19T09:08:05","date_gmt":"2019-12-19T08:08:05","guid":{"rendered":"http:\/\/cepronda.com\/blog\/?p=3271"},"modified":"2019-12-19T09:08:14","modified_gmt":"2019-12-19T08:08:14","slug":"nuevo-blog-de-la-delegacion-territorial","status":"publish","type":"post","link":"https:\/\/cepronda.com\/blog\/nuevo-blog-de-la-delegacion-territorial\/","title":{"rendered":"Nuevo blog de la Delegaci\u00f3n Territorial"},"content":{"rendered":"\n<p class=\"wp-block-paragraph\">\u00a1Hola! <\/p>\n\n\n\n<p class=\"wp-block-paragraph\">Compartimos con todos y todas vosotras el nuevo blog de la Delegaci\u00f3n Territorial de Educaci\u00f3n y Deporte. Para visitarlo s\u00f3lo ten\u00e9is que <a href=\"https:\/\/blogsaverroes.juntadeandalucia.es\/educandoenmalaga\/\" target=\"_blank\" rel=\"noreferrer noopener\" aria-label=\"seguir este enlace (abre en una nueva pesta\u00f1a)\">seguir este enlace<\/a>.<\/p>\n\n\n\n<div class=\"wp-block-image\"><figure class=\"aligncenter size-large\"><a href=\"https:\/\/blogsaverroes.juntadeandalucia.es\/educandoenmalaga\/\" target=\"_blank\" rel=\"noopener noreferrer\"><img loading=\"lazy\" decoding=\"async\" width=\"1395\" height=\"389\" src=\"https:\/\/i0.wp.com\/cepronda.com\/blog\/wp-content\/uploads\/2019\/12\/blog_dt.png?fit=1024%2C286\" alt=\"\" class=\"wp-image-3272\" srcset=\"https:\/\/i0.wp.com\/cepronda.com\/blog\/wp-content\/uploads\/2019\/12\/blog_dt.png?w=1395&amp;ssl=1 1395w, https:\/\/i0.wp.com\/cepronda.com\/blog\/wp-content\/uploads\/2019\/12\/blog_dt.png?resize=300%2C84&amp;ssl=1 300w, https:\/\/i0.wp.com\/cepronda.com\/blog\/wp-content\/uploads\/2019\/12\/blog_dt.png?resize=1024%2C286&amp;ssl=1 1024w, https:\/\/i0.wp.com\/cepronda.com\/blog\/wp-content\/uploads\/2019\/12\/blog_dt.png?resize=768%2C214&amp;ssl=1 768w\" sizes=\"auto, (max-width: 1170px) 100vw, 1170px\" \/><\/a><\/figure><\/div>\n","protected":false},"excerpt":{"rendered":"<p>\u00a1Hola! Compartimos con todos y todas vosotras el nuevo blog de la Delegaci\u00f3n Territorial de Educaci\u00f3n y Deporte. Para visitarlo s\u00f3lo ten\u00e9is que seguir este enlace.<\/p>\n","protected":false},"author":3,"featured_media":3272,"comment_status":"open","ping_status":"open","sticky":false,"template":"","format":"standard","meta":{"_crdt_document":"","advanced_seo_description":"","jetpack_seo_html_title":"","jetpack_seo_noindex":false,"jetpack_post_was_ever_published":false,"_jetpack_newsletter_access":"","_jetpack_dont_email_post_to_subs":false,"_jetpack_newsletter_tier_id":0,"_jetpack_memberships_contains_paywalled_content":false,"_jetpack_memberships_contains_paid_content":false,"footnotes":"","jetpack_publicize_message":"Nuevo blog de la Delegaci\u00f3n Territorial de Educaci\u00f3n y Deporte de M\u00e1laga","jetpack_publicize_feature_enabled":true,"jetpack_social_post_already_shared":true,"jetpack_social_options":{"image_generator_settings":{"template":"highway","default_image_id":0,"font":"","enabled":false},"version":2}},"categories":[5],"tags":[177],"class_list":{"0":"post-3271","1":"post","2":"type-post","3":"status-publish","4":"format-standard","5":"has-post-thumbnail","7":"category-noticias","8":"tag-delegacion","9":"czr-hentry"},"jetpack_publicize_connections":[],"jetpack_featured_media_url":"https:\/\/i0.wp.com\/cepronda.com\/blog\/wp-content\/uploads\/2019\/12\/blog_dt.png?fit=1395%2C389&ssl=1","jetpack_shortlink":"https:\/\/wp.me\/p8M4X7-QL","jetpack-related-posts":[{"id":3087,"url":"https:\/\/cepronda.com\/blog\/directorio-general-del-servicio-de-ordenacion-educativa\/","url_meta":{"origin":3271,"position":0},"title":"Directorio general del Servicio de Ordenaci\u00f3n Educativa","author":"V\u00edctor Caballero","date":"10 octubre, 2019","format":false,"excerpt":"Muy buenas, adjuntamos una infograf\u00eda informativa sobre el directorio general del servicio de ordenaci\u00f3n educativa de la Delegaci\u00f3n Territorial de Educaci\u00f3n en M\u00e1laga, por si es de vuestro inter\u00e9s y os sirve de ayuda.","rel":"","context":"En \u00abNoticias\u00bb","block_context":{"text":"Noticias","link":"https:\/\/cepronda.com\/blog\/category\/noticias\/"},"img":{"alt_text":"","src":"https:\/\/i0.wp.com\/cepronda.com\/blog\/wp-content\/uploads\/2019\/10\/DIRECTORIO-GENERALSERV.-ORDENACI%C3%93N-EDUCATIVA.png?fit=480%2C1200&ssl=1&resize=350%2C200","width":350,"height":200},"classes":[]},{"id":3489,"url":"https:\/\/cepronda.com\/blog\/informacion-sobre-la-delegacion-provincial-de-educacion-de-malaga\/","url_meta":{"origin":3271,"position":1},"title":"Informaci\u00f3n sobre la delegaci\u00f3n provincial de Educaci\u00f3n de M\u00e1laga","author":"V\u00edctor Caballero","date":"19 marzo, 2020","format":false,"excerpt":"Hola de nuevo familia, Os dejamos con informaci\u00f3n sobre la Delegaci\u00f3n Provincial de Educaci\u00f3n, informaci\u00f3n que pod\u00e9is consultar en las siguientes im\u00e1genes.","rel":"","context":"En \u00abNoticias\u00bb","block_context":{"text":"Noticias","link":"https:\/\/cepronda.com\/blog\/category\/noticias\/"},"img":{"alt_text":"","src":"https:\/\/i0.wp.com\/cepronda.com\/blog\/wp-content\/uploads\/2020\/03\/WhatsApp-Image-2020-03-18-at-19.44.42-2.jpeg?fit=480%2C1200&ssl=1&resize=350%2C200","width":350,"height":200},"classes":[]},{"id":5394,"url":"https:\/\/cepronda.com\/blog\/datos-curso-2021-22-servicio-de-ordenacion-educativa\/","url_meta":{"origin":3271,"position":2},"title":"DATOS CURSO 2021\/22.SERVICIO DE ORDENACI\u00d3N EDUCATIVA","author":"Maribel Mu\u00f1oz","date":"11 julio, 2022","format":false,"excerpt":"Buenos d\u00edas compa\u00f1eras y compa\u00f1eros, Desde el Servicio de Ordenaci\u00f3n Educativa, de la Delegaci\u00f3n Territorial de Educaci\u00f3n y Deporte en M\u00e1laga,\u00a0 os hacemos llegar el siguiente v\u00eddeo con los datos obtenidos durante el curso 2021\/22. Enlace al v\u00eddeo Deseamos que sea de vuestro inter\u00e9s. Un saludo \u00a0 \u00a0 \u00a0","rel":"","context":"En \u00abFormaciones\u00bb","block_context":{"text":"Formaciones","link":"https:\/\/cepronda.com\/blog\/category\/formaciones\/"},"img":{"alt_text":"","src":"https:\/\/i0.wp.com\/cepronda.com\/blog\/wp-content\/uploads\/2020\/03\/S%C2%B0mbolo-gen%C3%87rico-RRSS-redondo-negativo.png?fit=1200%2C1200&ssl=1&resize=350%2C200","width":350,"height":200,"srcset":"https:\/\/i0.wp.com\/cepronda.com\/blog\/wp-content\/uploads\/2020\/03\/S%C2%B0mbolo-gen%C3%87rico-RRSS-redondo-negativo.png?fit=1200%2C1200&ssl=1&resize=350%2C200 1x, https:\/\/i0.wp.com\/cepronda.com\/blog\/wp-content\/uploads\/2020\/03\/S%C2%B0mbolo-gen%C3%87rico-RRSS-redondo-negativo.png?fit=1200%2C1200&ssl=1&resize=525%2C300 1.5x, https:\/\/i0.wp.com\/cepronda.com\/blog\/wp-content\/uploads\/2020\/03\/S%C2%B0mbolo-gen%C3%87rico-RRSS-redondo-negativo.png?fit=1200%2C1200&ssl=1&resize=700%2C400 2x, https:\/\/i0.wp.com\/cepronda.com\/blog\/wp-content\/uploads\/2020\/03\/S%C2%B0mbolo-gen%C3%87rico-RRSS-redondo-negativo.png?fit=1200%2C1200&ssl=1&resize=1050%2C600 3x"},"classes":[]},{"id":1793,"url":"https:\/\/cepronda.com\/blog\/convocatoria-de-puestos-especificos\/","url_meta":{"origin":3271,"position":3},"title":"Convocatoria de puestos espec\u00edficos","author":"V\u00edctor Caballero","date":"14 mayo, 2018","format":false,"excerpt":"Muy buenas a todo el mundo,\u00a0 Comenzamos la semana compartiendo la\u00a0Resoluci\u00f3n de 8 de mayo de 2018 de la Delegaci\u00f3n Territorial de la Consejer\u00eda de Educaci\u00f3n de la Junta de Andaluc\u00eda en Sevilla, por la que se realiza convocatoria para la cobertura, con ocasi\u00f3n de vacante y, en su caso\u2026","rel":"","context":"En \u00abFormaciones\u00bb","block_context":{"text":"Formaciones","link":"https:\/\/cepronda.com\/blog\/category\/formaciones\/"},"img":{"alt_text":"","src":"https:\/\/i0.wp.com\/cepronda.com\/blog\/wp-content\/uploads\/2017\/05\/logo_ja_ce_mejor.jpg?fit=732%2C600&ssl=1&resize=350%2C200","width":350,"height":200,"srcset":"https:\/\/i0.wp.com\/cepronda.com\/blog\/wp-content\/uploads\/2017\/05\/logo_ja_ce_mejor.jpg?fit=732%2C600&ssl=1&resize=350%2C200 1x, https:\/\/i0.wp.com\/cepronda.com\/blog\/wp-content\/uploads\/2017\/05\/logo_ja_ce_mejor.jpg?fit=732%2C600&ssl=1&resize=525%2C300 1.5x, https:\/\/i0.wp.com\/cepronda.com\/blog\/wp-content\/uploads\/2017\/05\/logo_ja_ce_mejor.jpg?fit=732%2C600&ssl=1&resize=700%2C400 2x"},"classes":[]},{"id":4827,"url":"https:\/\/cepronda.com\/blog\/reunion-inicial-responsables-noveles-bibliotecas-escolares-becrea-malaga\/","url_meta":{"origin":3271,"position":4},"title":"REUNI\u00d3N INICIAL. RESPONSABLES NOVELES. BIBLIOTECAS ESCOLARES.BECREA M\u00c1LAGA","author":"Maribel Mu\u00f1oz","date":"26 octubre, 2021","format":false,"excerpt":"Buenas tardes compa\u00f1eras y compa\u00f1eros, Os informamos que el pr\u00f3ximo 3 de noviembre se celebrar\u00e1\u00a0 la REUNI\u00d3N INICIAL DE RESPONSABLES NOVELES\u00a0de Bibliotecas Escolares en horario de 17: 00 a 19:00 horas. La reuni\u00f3n se realizar\u00e1 por videoconferencia\u00a0 en el AVFP, concretamente en la pesta\u00f1a de la Red Profesional \"Sala Virtual\"\u2026","rel":"","context":"En \u00abNoticias\u00bb","block_context":{"text":"Noticias","link":"https:\/\/cepronda.com\/blog\/category\/noticias\/"},"img":{"alt_text":"","src":"https:\/\/i0.wp.com\/cepronda.com\/blog\/wp-content\/uploads\/2021\/10\/Reunion-inicial-BBEE-212x300.jpg?resize=350%2C200","width":350,"height":200},"classes":[]},{"id":1946,"url":"https:\/\/cepronda.com\/blog\/presentacion-de-las-jornadas-el-papel-de-las-tutorias-en-la-atencion-a-la-diversidad\/","url_meta":{"origin":3271,"position":5},"title":"Presentaci\u00f3n de las Jornadas  \u00abEl papel de las tutor\u00edas en la atenci\u00f3n a la diversidad\u00bb","author":"V\u00edctor Caballero","date":"25 mayo, 2018","format":false,"excerpt":"\u00a1Hola de nuevo! Compartimos la presentaci\u00f3n usada por el Equipo de Lecto-escritura de la Delegaci\u00f3n de M\u00e1laga en las jornadas que han tenido lugar estos dos mi\u00e9rcoles pasados, y que consideramos muy interesantes. Desde el CEP queremos dar las gracias a Yolanda Parra y Juan Manuel Fern\u00e1ndez por su profesionalidad\u2026","rel":"","context":"En \u00abFormaciones\u00bb","block_context":{"text":"Formaciones","link":"https:\/\/cepronda.com\/blog\/category\/formaciones\/"},"img":{"alt_text":"","src":"https:\/\/i0.wp.com\/cepronda.com\/blog\/wp-content\/uploads\/2018\/04\/crayon-215873_640.jpg?fit=640%2C480&ssl=1&resize=350%2C200","width":350,"height":200,"srcset":"https:\/\/i0.wp.com\/cepronda.com\/blog\/wp-content\/uploads\/2018\/04\/crayon-215873_640.jpg?fit=640%2C480&ssl=1&resize=350%2C200 1x, https:\/\/i0.wp.com\/cepronda.com\/blog\/wp-content\/uploads\/2018\/04\/crayon-215873_640.jpg?fit=640%2C480&ssl=1&resize=525%2C300 1.5x"},"classes":[]}],"jetpack_sharing_enabled":true,"_links":{"self":[{"href":"https:\/\/cepronda.com\/blog\/wp-json\/wp\/v2\/posts\/3271","targetHints":{"allow":["GET"]}}],"collection":[{"href":"https:\/\/cepronda.com\/blog\/wp-json\/wp\/v2\/posts"}],"about":[{"href":"https:\/\/cepronda.com\/blog\/wp-json\/wp\/v2\/types\/post"}],"author":[{"embeddable":true,"href":"https:\/\/cepronda.com\/blog\/wp-json\/wp\/v2\/users\/3"}],"replies":[{"embeddable":true,"href":"https:\/\/cepronda.com\/blog\/wp-json\/wp\/v2\/comments?post=3271"}],"version-history":[{"count":1,"href":"https:\/\/cepronda.com\/blog\/wp-json\/wp\/v2\/posts\/3271\/revisions"}],"predecessor-version":[{"id":3273,"href":"https:\/\/cepronda.com\/blog\/wp-json\/wp\/v2\/posts\/3271\/revisions\/3273"}],"wp:featuredmedia":[{"embeddable":true,"href":"https:\/\/cepronda.com\/blog\/wp-json\/wp\/v2\/media\/3272"}],"wp:attachment":[{"href":"https:\/\/cepronda.com\/blog\/wp-json\/wp\/v2\/media?parent=3271"}],"wp:term":[{"taxonomy":"category","embeddable":true,"href":"https:\/\/cepronda.com\/blog\/wp-json\/wp\/v2\/categories?post=3271"},{"taxonomy":"post_tag","embeddable":true,"href":"https:\/\/cepronda.com\/blog\/wp-json\/wp\/v2\/tags?post=3271"}],"curies":[{"name":"wp","href":"https:\/\/api.w.org\/{rel}","templated":true}]}}