{"id":3263,"date":"2019-12-16T13:09:19","date_gmt":"2019-12-16T12:09:19","guid":{"rendered":"http:\/\/cepronda.com\/blog\/?p=3263"},"modified":"2019-12-16T13:09:28","modified_gmt":"2019-12-16T12:09:28","slug":"cambio-de-una-fecha-en-el-curso-de-programacion-y-evaluacion-por-competencias-en-educacion-primaria","status":"publish","type":"post","link":"https:\/\/cepronda.com\/blog\/cambio-de-una-fecha-en-el-curso-de-programacion-y-evaluacion-por-competencias-en-educacion-primaria\/","title":{"rendered":"Cambio de una fecha en el curso de PROGRAMACI\u00d3N Y EVALUACI\u00d3N POR COMPETENCIAS EN EDUCACI\u00d3N PRIMARIA"},"content":{"rendered":"\n<p class=\"wp-block-paragraph\">\u00a1Hola de nuevo!<\/p>\n\n\n\n<p class=\"wp-block-paragraph\">Compartimos con todas aquellas personas interesadas en este curso que ha habido un cambio de fechas, que pod\u00e9is ver tanto en la<a href=\"https:\/\/www.juntadeandalucia.es\/educacion\/secretariavirtual\/consultaCEP\/actividad\/202924GE031\/\" target=\"_blank\" rel=\"noreferrer noopener\" aria-label=\" ficha de la actividad (abre en una nueva pesta\u00f1a)\"> ficha de la actividad<\/a> como en el cartel. Perdonad los posibles problemas que os hayamos podido causar. <\/p>\n\n\n\n<figure class=\"wp-block-image size-large\"><a href=\"https:\/\/www.juntadeandalucia.es\/educacion\/secretariavirtual\/consultaCEP\/actividad\/202924GE031\/\" target=\"_blank\" rel=\"noopener noreferrer\"><img loading=\"lazy\" decoding=\"async\" width=\"1447\" height=\"2048\" src=\"https:\/\/i0.wp.com\/cepronda.com\/blog\/wp-content\/uploads\/2019\/12\/Competencias-primaria.jpeg?fit=724%2C1024\" alt=\"\" class=\"wp-image-3264\" srcset=\"https:\/\/i0.wp.com\/cepronda.com\/blog\/wp-content\/uploads\/2019\/12\/Competencias-primaria.jpeg?w=1447&amp;ssl=1 1447w, https:\/\/i0.wp.com\/cepronda.com\/blog\/wp-content\/uploads\/2019\/12\/Competencias-primaria.jpeg?resize=212%2C300&amp;ssl=1 212w, https:\/\/i0.wp.com\/cepronda.com\/blog\/wp-content\/uploads\/2019\/12\/Competencias-primaria.jpeg?resize=724%2C1024&amp;ssl=1 724w, https:\/\/i0.wp.com\/cepronda.com\/blog\/wp-content\/uploads\/2019\/12\/Competencias-primaria.jpeg?resize=768%2C1087&amp;ssl=1 768w, https:\/\/i0.wp.com\/cepronda.com\/blog\/wp-content\/uploads\/2019\/12\/Competencias-primaria.jpeg?resize=1085%2C1536&amp;ssl=1 1085w\" sizes=\"auto, (max-width: 1170px) 100vw, 1170px\" \/><\/a><\/figure>\n","protected":false},"excerpt":{"rendered":"<p>\u00a1Hola de nuevo! Compartimos con todas aquellas personas interesadas en este curso que ha habido un cambio de fechas, que pod\u00e9is ver tanto en la ficha de la actividad como en el cartel. Perdonad los posibles problemas que os hayamos podido causar.<\/p>\n","protected":false},"author":3,"featured_media":3264,"comment_status":"open","ping_status":"open","sticky":false,"template":"","format":"standard","meta":{"_crdt_document":"","advanced_seo_description":"","jetpack_seo_html_title":"","jetpack_seo_noindex":false,"jetpack_post_was_ever_published":false,"_jetpack_newsletter_access":"","_jetpack_dont_email_post_to_subs":false,"_jetpack_newsletter_tier_id":0,"_jetpack_memberships_contains_paywalled_content":false,"_jetpack_memberships_contains_paid_content":false,"footnotes":"","jetpack_publicize_message":"","jetpack_publicize_feature_enabled":true,"jetpack_social_post_already_shared":true,"jetpack_social_options":{"image_generator_settings":{"template":"highway","default_image_id":0,"font":"","enabled":false},"version":2}},"categories":[3],"tags":[80,187],"class_list":{"0":"post-3263","1":"post","2":"type-post","3":"status-publish","4":"format-standard","5":"has-post-thumbnail","7":"category-formaciones","8":"tag-competencias-clave","9":"tag-educacion-primaria","10":"czr-hentry"},"jetpack_publicize_connections":[],"jetpack_featured_media_url":"https:\/\/i0.wp.com\/cepronda.com\/blog\/wp-content\/uploads\/2019\/12\/Competencias-primaria.jpeg?fit=1447%2C2048&ssl=1","jetpack_shortlink":"https:\/\/wp.me\/p8M4X7-QD","jetpack-related-posts":[{"id":3222,"url":"https:\/\/cepronda.com\/blog\/programacion-y-evaluacion-por-competencias-en-educacion-primaria\/","url_meta":{"origin":3263,"position":0},"title":"PROGRAMACI\u00d3N Y EVALUACI\u00d3N POR COMPETENCIAS EN EDUCACI\u00d3N PRIMARIA","author":"V\u00edctor Caballero","date":"2 diciembre, 2019","format":false,"excerpt":"Muy buenas, Comenzamos el mes de diciembre con varias actividades que tienen previsto iniciarse en el mes de enero. en este caso se trata de la actividad \" PROGRAMACI\u00d3N Y EVALUACI\u00d3N POR COMPETENCIAS EN EDUCACI\u00d3N PRIMARIA \" que pretende ser un taller muy pr\u00e1ctico. Los contenidos de las sesiones son:\u2026","rel":"","context":"En \u00abFormaciones\u00bb","block_context":{"text":"Formaciones","link":"https:\/\/cepronda.com\/blog\/category\/formaciones\/"},"img":{"alt_text":"","src":"https:\/\/i0.wp.com\/cepronda.com\/blog\/wp-content\/uploads\/2019\/12\/20200113-Programaci%C3%B3n-y-evaluaci%C3%B3n-competencias-primaria.png?fit=668%2C944&ssl=1&resize=350%2C200","width":350,"height":200,"srcset":"https:\/\/i0.wp.com\/cepronda.com\/blog\/wp-content\/uploads\/2019\/12\/20200113-Programaci%C3%B3n-y-evaluaci%C3%B3n-competencias-primaria.png?fit=668%2C944&ssl=1&resize=350%2C200 1x, https:\/\/i0.wp.com\/cepronda.com\/blog\/wp-content\/uploads\/2019\/12\/20200113-Programaci%C3%B3n-y-evaluaci%C3%B3n-competencias-primaria.png?fit=668%2C944&ssl=1&resize=525%2C300 1.5x"},"classes":[]},{"id":1291,"url":"https:\/\/cepronda.com\/blog\/curso-de-actualizacion-en-frances-para-primaria\/","url_meta":{"origin":3263,"position":1},"title":"Curso de actualizaci\u00f3n en franc\u00e9s para primaria","author":"V\u00edctor Caballero","date":"27 septiembre, 2017","format":false,"excerpt":"Muy buenas, Uno de los cursos que el curso pasado tuvo un magn\u00edfico recorrido fu\u00e9 el curso de \"ACTUALIZACI\u00d3N LING\u00dc\u00cdSTICA Y METODOL\u00d3GICA EN LENGUA FRANCESA PARA EL PROFESORADO DE EDUCACI\u00d3N PRIMARIA\". Pues este curso seguimos con continuaci\u00f3n del mismo, as\u00ed que seguiremos aprendiendo y avanzando en nuestra metodolog\u00eda a la\u2026","rel":"","context":"En \u00abFormaciones\u00bb","block_context":{"text":"Formaciones","link":"https:\/\/cepronda.com\/blog\/category\/formaciones\/"},"img":{"alt_text":"","src":"https:\/\/i0.wp.com\/cepronda.com\/blog\/wp-content\/uploads\/2017\/09\/french-flag-2695008_640.jpg?fit=640%2C426&ssl=1&resize=350%2C200","width":350,"height":200,"srcset":"https:\/\/i0.wp.com\/cepronda.com\/blog\/wp-content\/uploads\/2017\/09\/french-flag-2695008_640.jpg?fit=640%2C426&ssl=1&resize=350%2C200 1x, https:\/\/i0.wp.com\/cepronda.com\/blog\/wp-content\/uploads\/2017\/09\/french-flag-2695008_640.jpg?fit=640%2C426&ssl=1&resize=525%2C300 1.5x"},"classes":[]},{"id":4921,"url":"https:\/\/cepronda.com\/blog\/recursos-digitales-on-line-para-educacion-primaria-nivel-ii-provincial\/","url_meta":{"origin":3263,"position":2},"title":"SE SUSPENDE EL CURSO DE \u00abRECURSOS DIGITALES ON-LINE PARA EDUCACI\u00d3N PRIMARIA. NIVEL II\u00bb (PROVINCIAL)","author":"V\u00edctor Caballero","date":"12 enero, 2022","format":false,"excerpt":"Buenas tardes compa\u00f1eros y compa\u00f1eras. Lamentamos informaros que SUSPENDEMOS el siguiente curso por falta de solicitudes: RECURSOS DIGITALES ON-LINE PARA EDUCACI\u00d3N PRIMARIA. NIVEL II (PROVINCIAL) (222924GE002) Si quieres ver algo en la Ficha en S\u00e9neca pincha en el siguiente enlace Disculpen las molestias. \u00a0","rel":"","context":"En \u00abFormaciones\u00bb","block_context":{"text":"Formaciones","link":"https:\/\/cepronda.com\/blog\/category\/formaciones\/"},"img":{"alt_text":"","src":"https:\/\/i0.wp.com\/cepronda.com\/blog\/wp-content\/uploads\/2021\/12\/Recursos-digitales-Primaria-II.png?fit=848%2C1200&ssl=1&resize=350%2C200","width":350,"height":200,"srcset":"https:\/\/i0.wp.com\/cepronda.com\/blog\/wp-content\/uploads\/2021\/12\/Recursos-digitales-Primaria-II.png?fit=848%2C1200&ssl=1&resize=350%2C200 1x, https:\/\/i0.wp.com\/cepronda.com\/blog\/wp-content\/uploads\/2021\/12\/Recursos-digitales-Primaria-II.png?fit=848%2C1200&ssl=1&resize=525%2C300 1.5x, https:\/\/i0.wp.com\/cepronda.com\/blog\/wp-content\/uploads\/2021\/12\/Recursos-digitales-Primaria-II.png?fit=848%2C1200&ssl=1&resize=700%2C400 2x"},"classes":[]},{"id":7873,"url":"https:\/\/cepronda.com\/blog\/curso-provincial-a-distancia-atencion-al-alumnado-tdah-estrategias-de-intervencion-en-primaria-codigo-252922ge050\/","url_meta":{"origin":3263,"position":3},"title":"CURSO PROVINCIAL A DISTANCIA: ATENCI\u00d3N AL ALUMNADO TDAH: ESTRATEGIAS DE INTERVENCI\u00d3N EN PRIMARIA. C\u00f3digo: 252922GE050.","author":"Inmaculada Garc\u00eda","date":"28 noviembre, 2024","format":false,"excerpt":"Abierto el plazo de solicitudes para el curso provincial a distancia: ATENCI\u00d3N AL ALUMNADO TDAH: ESTRATEGIAS DE INTERVENCI\u00d3N EN PRIMARIA. C\u00f3digo: 252922GE050. Dirigido preferentemente a profesorado de educaci\u00f3n primaria. \u27a1 Curso a distancia de 40 horas, dirigido preferentemente a profesorado de educaci\u00f3n primaria. \u270f Inscripci\u00f3n: 02\/12\/2024 al 15\/12\/2024. Fecha de\u2026","rel":"","context":"En \u00abFormaciones\u00bb","block_context":{"text":"Formaciones","link":"https:\/\/cepronda.com\/blog\/category\/formaciones\/"},"img":{"alt_text":"","src":"https:\/\/i0.wp.com\/cepronda.com\/blog\/wp-content\/uploads\/2024\/11\/WhatsApp-Image-2024-11-28-at-10.46.36.jpeg?fit=1080%2C1080&ssl=1&resize=350%2C200","width":350,"height":200,"srcset":"https:\/\/i0.wp.com\/cepronda.com\/blog\/wp-content\/uploads\/2024\/11\/WhatsApp-Image-2024-11-28-at-10.46.36.jpeg?fit=1080%2C1080&ssl=1&resize=350%2C200 1x, https:\/\/i0.wp.com\/cepronda.com\/blog\/wp-content\/uploads\/2024\/11\/WhatsApp-Image-2024-11-28-at-10.46.36.jpeg?fit=1080%2C1080&ssl=1&resize=525%2C300 1.5x, https:\/\/i0.wp.com\/cepronda.com\/blog\/wp-content\/uploads\/2024\/11\/WhatsApp-Image-2024-11-28-at-10.46.36.jpeg?fit=1080%2C1080&ssl=1&resize=700%2C400 2x, https:\/\/i0.wp.com\/cepronda.com\/blog\/wp-content\/uploads\/2024\/11\/WhatsApp-Image-2024-11-28-at-10.46.36.jpeg?fit=1080%2C1080&ssl=1&resize=1050%2C600 3x"},"classes":[]},{"id":202,"url":"https:\/\/cepronda.com\/blog\/nuevo-curso-no-te-lo-puedes-perder\/","url_meta":{"origin":3263,"position":4},"title":"Nuevo curso&#8230; \u00a1No te lo puedes perder!","author":"V\u00edctor Caballero","date":"10 octubre, 2016","format":false,"excerpt":"Muy buenas, Iniciamos la semana publicitando un curso muy interesante sobre el Aprendizaje basado en proyectos, Flipped Classroom y la Evaluaci\u00f3n de las competencias en Educaci\u00f3n Infantil y Primaria. La fecha de inscripci\u00f3n est\u00e1 abierta hasta el pr\u00f3ximo 17 de octubre, dando comienzo el curso al d\u00eda siguiente. Ser\u00e1n cinco\u2026","rel":"","context":"En \u00abFormaciones\u00bb","block_context":{"text":"Formaciones","link":"https:\/\/cepronda.com\/blog\/category\/formaciones\/"},"img":{"alt_text":"hands-1697898_640","src":"https:\/\/i0.wp.com\/cepronda.com\/blog\/wp-content\/uploads\/2016\/10\/hands-1697898_640-300x200.jpg?resize=350%2C200","width":350,"height":200},"classes":[]},{"id":7890,"url":"https:\/\/cepronda.com\/blog\/competencias-linguisticas-en-educacion-infantil\/","url_meta":{"origin":3263,"position":5},"title":"COMPETENCIAS LING\u00dc\u00cdSTICAS EN EDUCACI\u00d3N INFANTIL","author":"Mamen Moreno","date":"2 diciembre, 2024","format":false,"excerpt":"Abierto el plazo de solicitudes para el curso: COMPETENCIAS LING\u00dc\u00cdSTICAS EN EDUCACI\u00d3N INFANTIL C\u00f3digo: 252922GE251. Ponente: Mar\u00eda del Mar Qu\u00edrell Curso Semipresencial de 25 horas (2 horas por Webex y 23 horas tareas en el AVFP), dirigido al profesorado de educaci\u00f3n infantil. \u00a0Inscripci\u00f3n: 02\/12\/2024 al 09\/01\/2025. Fecha de actividad: 14\/01\/2025\u2026","rel":"","context":"En \u00abFormaciones\u00bb","block_context":{"text":"Formaciones","link":"https:\/\/cepronda.com\/blog\/category\/formaciones\/"},"img":{"alt_text":"","src":"https:\/\/i0.wp.com\/cepronda.com\/blog\/wp-content\/uploads\/2024\/12\/LA-COEDUCACION-ATERRIZA-EN-EL-AULA-1.jpg?fit=1080%2C1080&ssl=1&resize=350%2C200","width":350,"height":200,"srcset":"https:\/\/i0.wp.com\/cepronda.com\/blog\/wp-content\/uploads\/2024\/12\/LA-COEDUCACION-ATERRIZA-EN-EL-AULA-1.jpg?fit=1080%2C1080&ssl=1&resize=350%2C200 1x, https:\/\/i0.wp.com\/cepronda.com\/blog\/wp-content\/uploads\/2024\/12\/LA-COEDUCACION-ATERRIZA-EN-EL-AULA-1.jpg?fit=1080%2C1080&ssl=1&resize=525%2C300 1.5x, https:\/\/i0.wp.com\/cepronda.com\/blog\/wp-content\/uploads\/2024\/12\/LA-COEDUCACION-ATERRIZA-EN-EL-AULA-1.jpg?fit=1080%2C1080&ssl=1&resize=700%2C400 2x, https:\/\/i0.wp.com\/cepronda.com\/blog\/wp-content\/uploads\/2024\/12\/LA-COEDUCACION-ATERRIZA-EN-EL-AULA-1.jpg?fit=1080%2C1080&ssl=1&resize=1050%2C600 3x"},"classes":[]}],"jetpack_sharing_enabled":true,"_links":{"self":[{"href":"https:\/\/cepronda.com\/blog\/wp-json\/wp\/v2\/posts\/3263","targetHints":{"allow":["GET"]}}],"collection":[{"href":"https:\/\/cepronda.com\/blog\/wp-json\/wp\/v2\/posts"}],"about":[{"href":"https:\/\/cepronda.com\/blog\/wp-json\/wp\/v2\/types\/post"}],"author":[{"embeddable":true,"href":"https:\/\/cepronda.com\/blog\/wp-json\/wp\/v2\/users\/3"}],"replies":[{"embeddable":true,"href":"https:\/\/cepronda.com\/blog\/wp-json\/wp\/v2\/comments?post=3263"}],"version-history":[{"count":1,"href":"https:\/\/cepronda.com\/blog\/wp-json\/wp\/v2\/posts\/3263\/revisions"}],"predecessor-version":[{"id":3265,"href":"https:\/\/cepronda.com\/blog\/wp-json\/wp\/v2\/posts\/3263\/revisions\/3265"}],"wp:featuredmedia":[{"embeddable":true,"href":"https:\/\/cepronda.com\/blog\/wp-json\/wp\/v2\/media\/3264"}],"wp:attachment":[{"href":"https:\/\/cepronda.com\/blog\/wp-json\/wp\/v2\/media?parent=3263"}],"wp:term":[{"taxonomy":"category","embeddable":true,"href":"https:\/\/cepronda.com\/blog\/wp-json\/wp\/v2\/categories?post=3263"},{"taxonomy":"post_tag","embeddable":true,"href":"https:\/\/cepronda.com\/blog\/wp-json\/wp\/v2\/tags?post=3263"}],"curies":[{"name":"wp","href":"https:\/\/api.w.org\/{rel}","templated":true}]}}