{"id":3257,"date":"2019-12-16T10:19:47","date_gmt":"2019-12-16T09:19:47","guid":{"rendered":"http:\/\/cepronda.com\/blog\/?p=3257"},"modified":"2019-12-16T10:19:57","modified_gmt":"2019-12-16T09:19:57","slug":"felices-fiestas-3","status":"publish","type":"post","link":"https:\/\/cepronda.com\/blog\/felices-fiestas-3\/","title":{"rendered":"Felices fiestas"},"content":{"rendered":"\n<p class=\"wp-block-paragraph\">Desde el CEP de Ronda queremos desearos unas felices fiestas, donde pod\u00e1is descansar y pasar el mayor tiempo posible con las vuestros seres queridos. Nos vemos en el a\u00f1o 2020.<\/p>\n\n\n\n<div class=\"wp-block-image\"><figure class=\"aligncenter size-large\"><img loading=\"lazy\" decoding=\"async\" width=\"1747\" height=\"1240\" src=\"https:\/\/i0.wp.com\/cepronda.com\/blog\/wp-content\/uploads\/2019\/12\/felicitaci\u00f3n-navidad.jpeg?fit=1024%2C727\" alt=\"\" class=\"wp-image-3258\" srcset=\"https:\/\/i0.wp.com\/cepronda.com\/blog\/wp-content\/uploads\/2019\/12\/felicitaci%C3%B3n-navidad.jpeg?w=1747&amp;ssl=1 1747w, https:\/\/i0.wp.com\/cepronda.com\/blog\/wp-content\/uploads\/2019\/12\/felicitaci%C3%B3n-navidad.jpeg?resize=300%2C213&amp;ssl=1 300w, https:\/\/i0.wp.com\/cepronda.com\/blog\/wp-content\/uploads\/2019\/12\/felicitaci%C3%B3n-navidad.jpeg?resize=1024%2C727&amp;ssl=1 1024w, https:\/\/i0.wp.com\/cepronda.com\/blog\/wp-content\/uploads\/2019\/12\/felicitaci%C3%B3n-navidad.jpeg?resize=768%2C545&amp;ssl=1 768w, https:\/\/i0.wp.com\/cepronda.com\/blog\/wp-content\/uploads\/2019\/12\/felicitaci%C3%B3n-navidad.jpeg?resize=1536%2C1090&amp;ssl=1 1536w\" sizes=\"auto, (max-width: 1170px) 100vw, 1170px\" \/><\/figure><\/div>\n","protected":false},"excerpt":{"rendered":"<p>Desde el CEP de Ronda queremos desearos unas felices fiestas, donde pod\u00e1is descansar y pasar el mayor tiempo posible con las vuestros seres queridos. Nos vemos en el a\u00f1o 2020.<\/p>\n","protected":false},"author":3,"featured_media":3258,"comment_status":"open","ping_status":"open","sticky":false,"template":"","format":"standard","meta":{"_crdt_document":"","advanced_seo_description":"","jetpack_seo_html_title":"","jetpack_seo_noindex":false,"jetpack_post_was_ever_published":false,"_jetpack_newsletter_access":"","_jetpack_dont_email_post_to_subs":false,"_jetpack_newsletter_tier_id":0,"_jetpack_memberships_contains_paywalled_content":false,"_jetpack_memberships_contains_paid_content":false,"footnotes":"","jetpack_publicize_message":"Felices fiestas a todo el profesorado de parte de todo el personal que trabaja en el CEP de Ronda ","jetpack_publicize_feature_enabled":true,"jetpack_social_post_already_shared":true,"jetpack_social_options":{"image_generator_settings":{"template":"highway","default_image_id":0,"font":"","enabled":false},"version":2}},"categories":[5],"tags":[78],"class_list":{"0":"post-3257","1":"post","2":"type-post","3":"status-publish","4":"format-standard","5":"has-post-thumbnail","7":"category-noticias","8":"tag-noticias","9":"czr-hentry"},"jetpack_publicize_connections":[],"jetpack_featured_media_url":"https:\/\/i0.wp.com\/cepronda.com\/blog\/wp-content\/uploads\/2019\/12\/felicitaci%C3%B3n-navidad.jpeg?fit=1747%2C1240&ssl=1","jetpack_shortlink":"https:\/\/wp.me\/p8M4X7-Qx","jetpack-related-posts":[{"id":4058,"url":"https:\/\/cepronda.com\/blog\/el-cep-de-ronda-os-desea-felices-fiestas\/","url_meta":{"origin":3257,"position":0},"title":"EL CEP DE RONDA OS DESEA FELICES FIESTAS","author":"Inmaculada Garc\u00eda","date":"16 diciembre, 2020","format":false,"excerpt":"Hola compa\u00f1eros y compa\u00f1eras. Especialmente en este a\u00f1o tan complicado queremos haceros llegar nuestra muestra de apoyo y agradecimiento a trav\u00e9s de esta felicitaci\u00f3n. Felices Fiestas. HAZ CLIC AQU\u00cd","rel":"","context":"En \u00abNoticias\u00bb","block_context":{"text":"Noticias","link":"https:\/\/cepronda.com\/blog\/category\/noticias\/"},"img":{"alt_text":"","src":"https:\/\/i0.wp.com\/cepronda.com\/blog\/wp-content\/uploads\/2020\/12\/felicitaciondef.png?fit=767%2C1061&ssl=1&resize=350%2C200","width":350,"height":200,"srcset":"https:\/\/i0.wp.com\/cepronda.com\/blog\/wp-content\/uploads\/2020\/12\/felicitaciondef.png?fit=767%2C1061&ssl=1&resize=350%2C200 1x, https:\/\/i0.wp.com\/cepronda.com\/blog\/wp-content\/uploads\/2020\/12\/felicitaciondef.png?fit=767%2C1061&ssl=1&resize=525%2C300 1.5x, https:\/\/i0.wp.com\/cepronda.com\/blog\/wp-content\/uploads\/2020\/12\/felicitaciondef.png?fit=767%2C1061&ssl=1&resize=700%2C400 2x"},"classes":[]},{"id":4907,"url":"https:\/\/cepronda.com\/blog\/felices-fiestas-desde-el-cep-de-ronda\/","url_meta":{"origin":3257,"position":1},"title":"FELICES FIESTAS DESDE EL CEP DE RONDA","author":"Maribel Mu\u00f1oz","date":"21 diciembre, 2021","format":false,"excerpt":"Buenos d\u00edas compa\u00f1eras y compa\u00f1eros, Todo el equipo del CEP de Ronda queremos desearos unas felices fiestas. Nuestro m\u00e1s sincero agradecimiento por vuestro esfuerzo y dedicaci\u00f3n en el d\u00eda a d\u00eda. Hemos elaborado este v\u00eddeo de felicitaci\u00f3n con gran cari\u00f1o para vosotras y vosotros. Esperamos que os guste. FELICES FIESTAS\u2026","rel":"","context":"En \u00abNoticias\u00bb","block_context":{"text":"Noticias","link":"https:\/\/cepronda.com\/blog\/category\/noticias\/"},"img":{"alt_text":"","src":"https:\/\/i0.wp.com\/cepronda.com\/blog\/wp-content\/uploads\/2021\/12\/Felicitacion-cep-ronda.jpg?fit=780%2C442&ssl=1&resize=350%2C200","width":350,"height":200,"srcset":"https:\/\/i0.wp.com\/cepronda.com\/blog\/wp-content\/uploads\/2021\/12\/Felicitacion-cep-ronda.jpg?fit=780%2C442&ssl=1&resize=350%2C200 1x, https:\/\/i0.wp.com\/cepronda.com\/blog\/wp-content\/uploads\/2021\/12\/Felicitacion-cep-ronda.jpg?fit=780%2C442&ssl=1&resize=525%2C300 1.5x, https:\/\/i0.wp.com\/cepronda.com\/blog\/wp-content\/uploads\/2021\/12\/Felicitacion-cep-ronda.jpg?fit=780%2C442&ssl=1&resize=700%2C400 2x"},"classes":[]},{"id":2553,"url":"https:\/\/cepronda.com\/blog\/felices-fiestas-2\/","url_meta":{"origin":3257,"position":2},"title":"Felices fiestas","author":"V\u00edctor Caballero","date":"21 diciembre, 2018","format":false,"excerpt":"\u00a1Hola familia! Con la ilusi\u00f3n de saber que hoy ya nos tomamos nuestro merecid\u00edsimo descanso queremos desearos unas felices fiestas, que pas\u00e9is buenos momentos y sobre todo que desconectemos para volver a conectar en enero. Un fuerte abrazo y nuestros mejores deseos de parte de todo el equipo del CEP\u2026","rel":"","context":"En \u00abNoticias\u00bb","block_context":{"text":"Noticias","link":"https:\/\/cepronda.com\/blog\/category\/noticias\/"},"img":{"alt_text":"","src":"https:\/\/i0.wp.com\/cepronda.com\/blog\/wp-content\/uploads\/2018\/12\/Felicitaci%C3%B3n-navidad-2018.png?fit=1200%2C675&ssl=1&resize=350%2C200","width":350,"height":200,"srcset":"https:\/\/i0.wp.com\/cepronda.com\/blog\/wp-content\/uploads\/2018\/12\/Felicitaci%C3%B3n-navidad-2018.png?fit=1200%2C675&ssl=1&resize=350%2C200 1x, https:\/\/i0.wp.com\/cepronda.com\/blog\/wp-content\/uploads\/2018\/12\/Felicitaci%C3%B3n-navidad-2018.png?fit=1200%2C675&ssl=1&resize=525%2C300 1.5x, https:\/\/i0.wp.com\/cepronda.com\/blog\/wp-content\/uploads\/2018\/12\/Felicitaci%C3%B3n-navidad-2018.png?fit=1200%2C675&ssl=1&resize=700%2C400 2x, https:\/\/i0.wp.com\/cepronda.com\/blog\/wp-content\/uploads\/2018\/12\/Felicitaci%C3%B3n-navidad-2018.png?fit=1200%2C675&ssl=1&resize=1050%2C600 3x"},"classes":[]},{"id":1505,"url":"https:\/\/cepronda.com\/blog\/felices-fiestas\/","url_meta":{"origin":3257,"position":3},"title":"Felices fiestas","author":"V\u00edctor Caballero","date":"21 diciembre, 2017","format":false,"excerpt":"Muy buenas,\u00a0 No queremos olvidarnos de todos y todas vosotras en estos d\u00edas. Deseando sobre todo que descans\u00e9is y que pas\u00e9is unos d\u00edas felices con vuestra gente, recibid nuestros mejores deseos de parte de todo el equipo que formamos el Centro de Profesorado de Ronda.","rel":"","context":"En \u00abNoticias\u00bb","block_context":{"text":"Noticias","link":"https:\/\/cepronda.com\/blog\/category\/noticias\/"},"img":{"alt_text":"","src":"https:\/\/i0.wp.com\/cepronda.com\/blog\/wp-content\/uploads\/2017\/12\/FELIZ-NAVIDAD-CEP-RONDA.png?resize=350%2C200","width":350,"height":200,"srcset":"https:\/\/i0.wp.com\/cepronda.com\/blog\/wp-content\/uploads\/2017\/12\/FELIZ-NAVIDAD-CEP-RONDA.png?resize=350%2C200 1x, https:\/\/i0.wp.com\/cepronda.com\/blog\/wp-content\/uploads\/2017\/12\/FELIZ-NAVIDAD-CEP-RONDA.png?resize=525%2C300 1.5x"},"classes":[]},{"id":3242,"url":"https:\/\/cepronda.com\/blog\/visita-de-belen-en-ronda-con-el-alumnado-entrada-gratuita\/","url_meta":{"origin":3257,"position":4},"title":"VISITA DE BEL\u00c9N EN RONDA CON EL ALUMNADO. (Entrada gratuita)","author":"V\u00edctor Caballero","date":"11 diciembre, 2019","format":false,"excerpt":"Muy buenas, compa\u00f1eros\/as y compa\u00f1eras: Al igual que el curso pasado, os enviamos informaci\u00f3n para visitar un genial\u00a0Bel\u00e9n ubicado en La Barriada Cruz de San Jorge. C\/ Virgen de las Nieves n\u00ba 2 (Ronda)Pod\u00e9is ir con el\u00a0alumnado, es totalmente\u00a0gratuito y muy recomendable\u00a0su visita. Lo \u00fanico que ten\u00e9is que hacer es\u00a0acordar\u2026","rel":"","context":"En \u00abNoticias\u00bb","block_context":{"text":"Noticias","link":"https:\/\/cepronda.com\/blog\/category\/noticias\/"},"img":{"alt_text":"","src":"https:\/\/i0.wp.com\/cepronda.com\/blog\/wp-content\/uploads\/2019\/12\/village-nativity-586796_1920.jpg?fit=1200%2C801&ssl=1&resize=350%2C200","width":350,"height":200,"srcset":"https:\/\/i0.wp.com\/cepronda.com\/blog\/wp-content\/uploads\/2019\/12\/village-nativity-586796_1920.jpg?fit=1200%2C801&ssl=1&resize=350%2C200 1x, https:\/\/i0.wp.com\/cepronda.com\/blog\/wp-content\/uploads\/2019\/12\/village-nativity-586796_1920.jpg?fit=1200%2C801&ssl=1&resize=525%2C300 1.5x, https:\/\/i0.wp.com\/cepronda.com\/blog\/wp-content\/uploads\/2019\/12\/village-nativity-586796_1920.jpg?fit=1200%2C801&ssl=1&resize=700%2C400 2x, https:\/\/i0.wp.com\/cepronda.com\/blog\/wp-content\/uploads\/2019\/12\/village-nativity-586796_1920.jpg?fit=1200%2C801&ssl=1&resize=1050%2C600 3x"},"classes":[]},{"id":2557,"url":"https:\/\/cepronda.com\/blog\/nuevas-metodologias-en-fp-bachillerato-y-secundaria\/","url_meta":{"origin":3257,"position":5},"title":"NUEVAS METODOLOG\u00cdAS EN FP, BACHILLERATO Y SECUNDARIA","author":"V\u00edctor Caballero","date":"8 enero, 2019","format":false,"excerpt":"Muy buenas familia, Antes de nada esperamos que hay\u00e1is pasado unas felices fiestas, y hay\u00e1is disfrutado y descansado en la mayor medida posible. Aqu\u00ed en el CEP estamos arrancando un nuevo e intenso trimestre, y en este caso queremos compartir con todas las personas docentes de Secundaria y Bachillerato esta\u2026","rel":"","context":"En \u00abFormaciones\u00bb","block_context":{"text":"Formaciones","link":"https:\/\/cepronda.com\/blog\/category\/formaciones\/"},"img":{"alt_text":"","src":"https:\/\/i0.wp.com\/cepronda.com\/blog\/wp-content\/uploads\/2019\/01\/technology-1095751_1920.jpg?fit=1200%2C335&ssl=1&resize=350%2C200","width":350,"height":200,"srcset":"https:\/\/i0.wp.com\/cepronda.com\/blog\/wp-content\/uploads\/2019\/01\/technology-1095751_1920.jpg?fit=1200%2C335&ssl=1&resize=350%2C200 1x, https:\/\/i0.wp.com\/cepronda.com\/blog\/wp-content\/uploads\/2019\/01\/technology-1095751_1920.jpg?fit=1200%2C335&ssl=1&resize=525%2C300 1.5x, https:\/\/i0.wp.com\/cepronda.com\/blog\/wp-content\/uploads\/2019\/01\/technology-1095751_1920.jpg?fit=1200%2C335&ssl=1&resize=700%2C400 2x, https:\/\/i0.wp.com\/cepronda.com\/blog\/wp-content\/uploads\/2019\/01\/technology-1095751_1920.jpg?fit=1200%2C335&ssl=1&resize=1050%2C600 3x"},"classes":[]}],"jetpack_sharing_enabled":true,"_links":{"self":[{"href":"https:\/\/cepronda.com\/blog\/wp-json\/wp\/v2\/posts\/3257","targetHints":{"allow":["GET"]}}],"collection":[{"href":"https:\/\/cepronda.com\/blog\/wp-json\/wp\/v2\/posts"}],"about":[{"href":"https:\/\/cepronda.com\/blog\/wp-json\/wp\/v2\/types\/post"}],"author":[{"embeddable":true,"href":"https:\/\/cepronda.com\/blog\/wp-json\/wp\/v2\/users\/3"}],"replies":[{"embeddable":true,"href":"https:\/\/cepronda.com\/blog\/wp-json\/wp\/v2\/comments?post=3257"}],"version-history":[{"count":1,"href":"https:\/\/cepronda.com\/blog\/wp-json\/wp\/v2\/posts\/3257\/revisions"}],"predecessor-version":[{"id":3259,"href":"https:\/\/cepronda.com\/blog\/wp-json\/wp\/v2\/posts\/3257\/revisions\/3259"}],"wp:featuredmedia":[{"embeddable":true,"href":"https:\/\/cepronda.com\/blog\/wp-json\/wp\/v2\/media\/3258"}],"wp:attachment":[{"href":"https:\/\/cepronda.com\/blog\/wp-json\/wp\/v2\/media?parent=3257"}],"wp:term":[{"taxonomy":"category","embeddable":true,"href":"https:\/\/cepronda.com\/blog\/wp-json\/wp\/v2\/categories?post=3257"},{"taxonomy":"post_tag","embeddable":true,"href":"https:\/\/cepronda.com\/blog\/wp-json\/wp\/v2\/tags?post=3257"}],"curies":[{"name":"wp","href":"https:\/\/api.w.org\/{rel}","templated":true}]}}